

{"id":8190,"date":"2022-11-01T08:03:00","date_gmt":"2022-11-01T08:03:00","guid":{"rendered":"\/en\/news\/"},"modified":"2023-03-06T13:36:02","modified_gmt":"2023-03-06T13:36:02","slug":"infecars-gran-canaria-conference-center-is-approaching-the-end-of-the-year-with-an-increase-in-activity","status":"publish","type":"post","link":"\/en\/news\/infecars-gran-canaria-conference-center-is-approaching-the-end-of-the-year-with-an-increase-in-activity","title":{"rendered":"Infecar&#8217;s Gran Canaria Conference Center is approaching the end of the year with an increase in activity"},"content":{"rendered":"<p>The month of October has been full of activity for Infecar&#8217;s Gran Canaria Conference Center, which continues its upward trend and expects to close the year 2022 with very good figures. Thus, October began with the second day of the Gran Canaria SUM Festival, which this year&#8217;s edition featured renowned headliners on the national scene such as Antonio Orozco, Ara Malikian, Kiko Veneno, Izal and Love of Lesbian.<\/p>\n<p>For its part, the Insular Energy Council held Conecta Energ\u00eda 2022 in the Canary Islands Hall of our venue, within the framework of the European Sustainable Energy Week (EUSEW), becoming the first meeting between teachers and students of intermediate and higher vocational training with leading companies in the renewable energy sector.<\/p>\n<p>The same scenario was chosen by the Association of Neuromuscular Diseases of the Canary Islands (Asenecan) to celebrate the charity gala Canarias Life, on the occasion of its 15th anniversary, with the participation of Daniel Calero, Jorge Bola\u00f1os or D\u00e1cil Santana, among others.<\/p>\n<p>In the political section, the Popular Party chose our enclosure to open the traveling convention of the PP of the Canary Islands, with the presence of the party president Alberto N\u00fa\u00f1ez Feij\u00f3o. Likewise, Funcasor also brought to the Palacio de Congresos the Conference on Deafness and emergency situations: present and future, on the occasion of the celebration of its 30th anniversary.<\/p>\n<p>In the Bandama Hall took place the Marine Datathon, an artificial intelligence competition organized by Spegc on the marine sector of Gran Canaria, which concentrated for three days to different teams to work with data from the sector and provide innovative solutions. The British Market Presentation, a professional meeting with the technical team of Gran Canaria Tourism, was held in the same space.<\/p>\n<p>The Coelca Group held the COELCA-UNE Fair, a professional meeting organized by the group to meet with the electricity sector, bringing together manufacturers and suppliers of the main brands it distributes in the Canary Islands.<\/p>\n<p>The show La mota de polvo, by the Orquesta Filarm\u00f3nica de Gran Canaria, offered five sessions at the Sala Canarias, four of them dedicated to schoolchildren and one for families, in a musical tale that continues to thrill 30 years after its premiere.<\/p>\n<p>The month of October was brought to a close by the University Halloween, a party with different musical performances on two stages, which concentrated the youngest audience of the island.<\/p>\n","protected":false},"excerpt":{"rendered":"<p>The month of October has been full of activity for Infecar&#8217;s Gran Canaria Conference Center, which continues its upward trend and expects to close the year 2022 with very good figures. Thus, October began with the second day of the Gran Canaria SUM Festival, which this year&#8217;s edition featured renowned headliners on the national scene [&hellip;]<\/p>\n","protected":false},"author":4,"featured_media":2007,"comment_status":"closed","ping_status":"closed","sticky":false,"template":"","format":"standard","meta":{"_acf_changed":false,"om_disable_all_campaigns":false,"_monsterinsights_skip_tracking":false,"_monsterinsights_sitenote_active":false,"_monsterinsights_sitenote_note":"","_monsterinsights_sitenote_category":0,"_uf_show_specific_survey":0,"_uf_disable_surveys":false,"_joinchat":[],"footnotes":""},"categories":[1],"tags":[82,63,37,98,38,52],"class_list":["post-8190","post","type-post","status-publish","format-standard","has-post-thumbnail","hentry","category-sin-categorizar","tag-conference-center","tag-events","tag-gran-canaria-en","tag-gran-canaria-conference-center","tag-infecar-en","tag-palacio-de-congresos"],"acf":[],"aioseo_notices":[],"yoast_head":"<!-- This site is optimized with the Yoast SEO plugin v26.7 - https:\/\/yoast.com\/wordpress\/plugins\/seo\/ -->\n<title>Infecar&#039;s Gran Canaria Conference Center is approaching the end of the year with an increase in activity - Infecar<\/title>\n<meta name=\"robots\" content=\"index, follow, max-snippet:-1, max-image-preview:large, max-video-preview:-1\" \/>\n<link rel=\"canonical\" href=\"https:\/\/infecar.es\/en\/news\/infecars-gran-canaria-conference-center-is-approaching-the-end-of-the-year-with-an-increase-in-activity\/\" \/>\n<meta property=\"og:locale\" content=\"en_US\" \/>\n<meta property=\"og:type\" content=\"article\" \/>\n<meta property=\"og:title\" content=\"Infecar&#039;s Gran Canaria Conference Center is approaching the end of the year with an increase in activity - Infecar\" \/>\n<meta property=\"og:description\" content=\"The month of October has been full of activity for Infecar&#8217;s Gran Canaria Conference Center, which continues its upward trend and expects to close the year 2022 with very good figures. Thus, October began with the second day of the Gran Canaria SUM Festival, which this year&#8217;s edition featured renowned headliners on the national scene [&hellip;]\" \/>\n<meta property=\"og:url\" content=\"\/en\/news\/infecars-gran-canaria-conference-center-is-approaching-the-end-of-the-year-with-an-increase-in-activity\/\" \/>\n<meta property=\"og:site_name\" content=\"Infecar\" \/>\n<meta property=\"article:published_time\" content=\"2022-11-01T08:03:00+00:00\" \/>\n<meta property=\"article:modified_time\" content=\"2023-03-06T13:36:02+00:00\" \/>\n<meta property=\"og:image\" content=\"https:\/\/infecar.es\/wp-content\/uploads\/2023\/01\/ba7071c0fd7786ec7342034042359ffe-1024x682.jpg\" \/>\n\t<meta property=\"og:image:width\" content=\"1024\" \/>\n\t<meta property=\"og:image:height\" content=\"682\" \/>\n\t<meta property=\"og:image:type\" content=\"image\/jpeg\" \/>\n<meta name=\"author\" content=\"Ana de Le\u00f3n\" \/>\n<meta name=\"twitter:card\" content=\"summary_large_image\" \/>\n<meta name=\"twitter:label1\" content=\"Written by\" \/>\n\t<meta name=\"twitter:data1\" content=\"Ana de Le\u00f3n\" \/>\n\t<meta name=\"twitter:label2\" content=\"Est. reading time\" \/>\n\t<meta name=\"twitter:data2\" content=\"2 minutes\" \/>\n<script type=\"application\/ld+json\" class=\"yoast-schema-graph\">{\"@context\":\"https:\/\/schema.org\",\"@graph\":[{\"@type\":\"Article\",\"@id\":\"https:\/\/infecar.es\/en\/news\/infecars-gran-canaria-conference-center-is-approaching-the-end-of-the-year-with-an-increase-in-activity\/#article\",\"isPartOf\":{\"@id\":\"\/en\/news\/infecars-gran-canaria-conference-center-is-approaching-the-end-of-the-year-with-an-increase-in-activity\/\"},\"author\":{\"name\":\"Ana de Le\u00f3n\",\"@id\":\"https:\/\/infecar.es\/#\/schema\/person\/66fe042ff4fefdd8bf516d36de8db408\"},\"headline\":\"Infecar&#8217;s Gran Canaria Conference Center is approaching the end of the year with an increase in activity\",\"datePublished\":\"2022-11-01T08:03:00+00:00\",\"dateModified\":\"2023-03-06T13:36:02+00:00\",\"mainEntityOfPage\":{\"@id\":\"\/en\/news\/infecars-gran-canaria-conference-center-is-approaching-the-end-of-the-year-with-an-increase-in-activity\/\"},\"wordCount\":414,\"publisher\":{\"@id\":\"https:\/\/infecar.es\/#organization\"},\"image\":{\"@id\":\"https:\/\/infecar.es\/en\/news\/infecars-gran-canaria-conference-center-is-approaching-the-end-of-the-year-with-an-increase-in-activity\/#primaryimage\"},\"thumbnailUrl\":\"https:\/\/infecar.es\/wp-content\/uploads\/2023\/01\/ba7071c0fd7786ec7342034042359ffe.jpg\",\"keywords\":[\"Conference center\",\"Events\",\"Gran Canaria\",\"Gran Canaria Conference Center\",\"Infecar\",\"Palacio de Congresos\"],\"articleSection\":[\"Sin categorizar\"],\"inLanguage\":\"en-US\"},{\"@type\":\"WebPage\",\"@id\":\"\/en\/news\/infecars-gran-canaria-conference-center-is-approaching-the-end-of-the-year-with-an-increase-in-activity\/\",\"url\":\"https:\/\/infecar.es\/en\/news\/infecars-gran-canaria-conference-center-is-approaching-the-end-of-the-year-with-an-increase-in-activity\/\",\"name\":\"Infecar's Gran Canaria Conference Center is approaching the end of the year with an increase in activity - Infecar\",\"isPartOf\":{\"@id\":\"https:\/\/infecar.es\/#website\"},\"primaryImageOfPage\":{\"@id\":\"https:\/\/infecar.es\/en\/news\/infecars-gran-canaria-conference-center-is-approaching-the-end-of-the-year-with-an-increase-in-activity\/#primaryimage\"},\"image\":{\"@id\":\"https:\/\/infecar.es\/en\/news\/infecars-gran-canaria-conference-center-is-approaching-the-end-of-the-year-with-an-increase-in-activity\/#primaryimage\"},\"thumbnailUrl\":\"https:\/\/infecar.es\/wp-content\/uploads\/2023\/01\/ba7071c0fd7786ec7342034042359ffe.jpg\",\"datePublished\":\"2022-11-01T08:03:00+00:00\",\"dateModified\":\"2023-03-06T13:36:02+00:00\",\"breadcrumb\":{\"@id\":\"https:\/\/infecar.es\/en\/news\/infecars-gran-canaria-conference-center-is-approaching-the-end-of-the-year-with-an-increase-in-activity\/#breadcrumb\"},\"inLanguage\":\"en-US\",\"potentialAction\":[{\"@type\":\"ReadAction\",\"target\":[\"https:\/\/infecar.es\/en\/news\/infecars-gran-canaria-conference-center-is-approaching-the-end-of-the-year-with-an-increase-in-activity\/\"]}]},{\"@type\":\"ImageObject\",\"inLanguage\":\"en-US\",\"@id\":\"https:\/\/infecar.es\/en\/news\/infecars-gran-canaria-conference-center-is-approaching-the-end-of-the-year-with-an-increase-in-activity\/#primaryimage\",\"url\":\"https:\/\/infecar.es\/wp-content\/uploads\/2023\/01\/ba7071c0fd7786ec7342034042359ffe.jpg\",\"contentUrl\":\"https:\/\/infecar.es\/wp-content\/uploads\/2023\/01\/ba7071c0fd7786ec7342034042359ffe.jpg\",\"width\":2500,\"height\":1665},{\"@type\":\"BreadcrumbList\",\"@id\":\"https:\/\/infecar.es\/en\/news\/infecars-gran-canaria-conference-center-is-approaching-the-end-of-the-year-with-an-increase-in-activity\/#breadcrumb\",\"itemListElement\":[{\"@type\":\"ListItem\",\"position\":1,\"name\":\"Portada\",\"item\":\"https:\/\/infecar.es\/en\/\"},{\"@type\":\"ListItem\",\"position\":2,\"name\":\"Infecar&#8217;s Gran Canaria Conference Center is approaching the end of the year with an increase in activity\"}]},{\"@type\":\"WebSite\",\"@id\":\"https:\/\/infecar.es\/#website\",\"url\":\"https:\/\/infecar.es\/\",\"name\":\"Infecar\",\"description\":\"Feria de Gran Canaria\",\"publisher\":{\"@id\":\"https:\/\/infecar.es\/#organization\"},\"potentialAction\":[{\"@type\":\"SearchAction\",\"target\":{\"@type\":\"EntryPoint\",\"urlTemplate\":\"https:\/\/infecar.es\/?s={search_term_string}\"},\"query-input\":{\"@type\":\"PropertyValueSpecification\",\"valueRequired\":true,\"valueName\":\"search_term_string\"}}],\"inLanguage\":\"en-US\"},{\"@type\":\"Organization\",\"@id\":\"https:\/\/infecar.es\/#organization\",\"name\":\"Infecar\",\"url\":\"https:\/\/infecar.es\/\",\"logo\":{\"@type\":\"ImageObject\",\"inLanguage\":\"en-US\",\"@id\":\"https:\/\/infecar.es\/#\/schema\/logo\/image\/\",\"url\":\"https:\/\/infecar.es\/wp-content\/uploads\/2023\/02\/logo_black.svg\",\"contentUrl\":\"https:\/\/infecar.es\/wp-content\/uploads\/2023\/02\/logo_black.svg\",\"width\":1,\"height\":1,\"caption\":\"Infecar\"},\"image\":{\"@id\":\"https:\/\/infecar.es\/#\/schema\/logo\/image\/\"}},{\"@type\":\"Person\",\"@id\":\"https:\/\/infecar.es\/#\/schema\/person\/66fe042ff4fefdd8bf516d36de8db408\",\"name\":\"Ana de Le\u00f3n\",\"image\":{\"@type\":\"ImageObject\",\"inLanguage\":\"en-US\",\"@id\":\"https:\/\/infecar.es\/#\/schema\/person\/image\/\",\"url\":\"https:\/\/secure.gravatar.com\/avatar\/adab726764ddc22e7ab996c202cc101fe22732b71f5533aaa3c9550603d8aaf4?s=96&d=mm&r=g\",\"contentUrl\":\"https:\/\/secure.gravatar.com\/avatar\/adab726764ddc22e7ab996c202cc101fe22732b71f5533aaa3c9550603d8aaf4?s=96&d=mm&r=g\",\"caption\":\"Ana de Le\u00f3n\"},\"url\":\"https:\/\/infecar.es\/en\/author\/anadeleon\/\"}]}<\/script>\n<!-- \/ Yoast SEO plugin. -->","yoast_head_json":{"title":"Infecar's Gran Canaria Conference Center is approaching the end of the year with an increase in activity - Infecar","robots":{"index":"index","follow":"follow","max-snippet":"max-snippet:-1","max-image-preview":"max-image-preview:large","max-video-preview":"max-video-preview:-1"},"canonical":"https:\/\/infecar.es\/en\/news\/infecars-gran-canaria-conference-center-is-approaching-the-end-of-the-year-with-an-increase-in-activity\/","og_locale":"en_US","og_type":"article","og_title":"Infecar's Gran Canaria Conference Center is approaching the end of the year with an increase in activity - Infecar","og_description":"The month of October has been full of activity for Infecar&#8217;s Gran Canaria Conference Center, which continues its upward trend and expects to close the year 2022 with very good figures. Thus, October began with the second day of the Gran Canaria SUM Festival, which this year&#8217;s edition featured renowned headliners on the national scene [&hellip;]","og_url":"\/en\/news\/infecars-gran-canaria-conference-center-is-approaching-the-end-of-the-year-with-an-increase-in-activity\/","og_site_name":"Infecar","article_published_time":"2022-11-01T08:03:00+00:00","article_modified_time":"2023-03-06T13:36:02+00:00","og_image":[{"width":1024,"height":682,"url":"https:\/\/infecar.es\/wp-content\/uploads\/2023\/01\/ba7071c0fd7786ec7342034042359ffe-1024x682.jpg","type":"image\/jpeg"}],"author":"Ana de Le\u00f3n","twitter_card":"summary_large_image","twitter_misc":{"Written by":"Ana de Le\u00f3n","Est. reading time":"2 minutes"},"schema":{"@context":"https:\/\/schema.org","@graph":[{"@type":"Article","@id":"https:\/\/infecar.es\/en\/news\/infecars-gran-canaria-conference-center-is-approaching-the-end-of-the-year-with-an-increase-in-activity\/#article","isPartOf":{"@id":"\/en\/news\/infecars-gran-canaria-conference-center-is-approaching-the-end-of-the-year-with-an-increase-in-activity\/"},"author":{"name":"Ana de Le\u00f3n","@id":"https:\/\/infecar.es\/#\/schema\/person\/66fe042ff4fefdd8bf516d36de8db408"},"headline":"Infecar&#8217;s Gran Canaria Conference Center is approaching the end of the year with an increase in activity","datePublished":"2022-11-01T08:03:00+00:00","dateModified":"2023-03-06T13:36:02+00:00","mainEntityOfPage":{"@id":"\/en\/news\/infecars-gran-canaria-conference-center-is-approaching-the-end-of-the-year-with-an-increase-in-activity\/"},"wordCount":414,"publisher":{"@id":"https:\/\/infecar.es\/#organization"},"image":{"@id":"https:\/\/infecar.es\/en\/news\/infecars-gran-canaria-conference-center-is-approaching-the-end-of-the-year-with-an-increase-in-activity\/#primaryimage"},"thumbnailUrl":"https:\/\/infecar.es\/wp-content\/uploads\/2023\/01\/ba7071c0fd7786ec7342034042359ffe.jpg","keywords":["Conference center","Events","Gran Canaria","Gran Canaria Conference Center","Infecar","Palacio de Congresos"],"articleSection":["Sin categorizar"],"inLanguage":"en-US"},{"@type":"WebPage","@id":"\/en\/news\/infecars-gran-canaria-conference-center-is-approaching-the-end-of-the-year-with-an-increase-in-activity\/","url":"https:\/\/infecar.es\/en\/news\/infecars-gran-canaria-conference-center-is-approaching-the-end-of-the-year-with-an-increase-in-activity\/","name":"Infecar's Gran Canaria Conference Center is approaching the end of the year with an increase in activity - Infecar","isPartOf":{"@id":"https:\/\/infecar.es\/#website"},"primaryImageOfPage":{"@id":"https:\/\/infecar.es\/en\/news\/infecars-gran-canaria-conference-center-is-approaching-the-end-of-the-year-with-an-increase-in-activity\/#primaryimage"},"image":{"@id":"https:\/\/infecar.es\/en\/news\/infecars-gran-canaria-conference-center-is-approaching-the-end-of-the-year-with-an-increase-in-activity\/#primaryimage"},"thumbnailUrl":"https:\/\/infecar.es\/wp-content\/uploads\/2023\/01\/ba7071c0fd7786ec7342034042359ffe.jpg","datePublished":"2022-11-01T08:03:00+00:00","dateModified":"2023-03-06T13:36:02+00:00","breadcrumb":{"@id":"https:\/\/infecar.es\/en\/news\/infecars-gran-canaria-conference-center-is-approaching-the-end-of-the-year-with-an-increase-in-activity\/#breadcrumb"},"inLanguage":"en-US","potentialAction":[{"@type":"ReadAction","target":["https:\/\/infecar.es\/en\/news\/infecars-gran-canaria-conference-center-is-approaching-the-end-of-the-year-with-an-increase-in-activity\/"]}]},{"@type":"ImageObject","inLanguage":"en-US","@id":"https:\/\/infecar.es\/en\/news\/infecars-gran-canaria-conference-center-is-approaching-the-end-of-the-year-with-an-increase-in-activity\/#primaryimage","url":"https:\/\/infecar.es\/wp-content\/uploads\/2023\/01\/ba7071c0fd7786ec7342034042359ffe.jpg","contentUrl":"https:\/\/infecar.es\/wp-content\/uploads\/2023\/01\/ba7071c0fd7786ec7342034042359ffe.jpg","width":2500,"height":1665},{"@type":"BreadcrumbList","@id":"https:\/\/infecar.es\/en\/news\/infecars-gran-canaria-conference-center-is-approaching-the-end-of-the-year-with-an-increase-in-activity\/#breadcrumb","itemListElement":[{"@type":"ListItem","position":1,"name":"Portada","item":"https:\/\/infecar.es\/en\/"},{"@type":"ListItem","position":2,"name":"Infecar&#8217;s Gran Canaria Conference Center is approaching the end of the year with an increase in activity"}]},{"@type":"WebSite","@id":"https:\/\/infecar.es\/#website","url":"https:\/\/infecar.es\/","name":"Infecar","description":"Feria de Gran Canaria","publisher":{"@id":"https:\/\/infecar.es\/#organization"},"potentialAction":[{"@type":"SearchAction","target":{"@type":"EntryPoint","urlTemplate":"https:\/\/infecar.es\/?s={search_term_string}"},"query-input":{"@type":"PropertyValueSpecification","valueRequired":true,"valueName":"search_term_string"}}],"inLanguage":"en-US"},{"@type":"Organization","@id":"https:\/\/infecar.es\/#organization","name":"Infecar","url":"https:\/\/infecar.es\/","logo":{"@type":"ImageObject","inLanguage":"en-US","@id":"https:\/\/infecar.es\/#\/schema\/logo\/image\/","url":"https:\/\/infecar.es\/wp-content\/uploads\/2023\/02\/logo_black.svg","contentUrl":"https:\/\/infecar.es\/wp-content\/uploads\/2023\/02\/logo_black.svg","width":1,"height":1,"caption":"Infecar"},"image":{"@id":"https:\/\/infecar.es\/#\/schema\/logo\/image\/"}},{"@type":"Person","@id":"https:\/\/infecar.es\/#\/schema\/person\/66fe042ff4fefdd8bf516d36de8db408","name":"Ana de Le\u00f3n","image":{"@type":"ImageObject","inLanguage":"en-US","@id":"https:\/\/infecar.es\/#\/schema\/person\/image\/","url":"https:\/\/secure.gravatar.com\/avatar\/adab726764ddc22e7ab996c202cc101fe22732b71f5533aaa3c9550603d8aaf4?s=96&d=mm&r=g","contentUrl":"https:\/\/secure.gravatar.com\/avatar\/adab726764ddc22e7ab996c202cc101fe22732b71f5533aaa3c9550603d8aaf4?s=96&d=mm&r=g","caption":"Ana de Le\u00f3n"},"url":"https:\/\/infecar.es\/en\/author\/anadeleon\/"}]}},"_links":{"self":[{"href":"https:\/\/infecar.es\/en\/wp-json\/wp\/v2\/posts\/8190","targetHints":{"allow":["GET"]}}],"collection":[{"href":"https:\/\/infecar.es\/en\/wp-json\/wp\/v2\/posts"}],"about":[{"href":"https:\/\/infecar.es\/en\/wp-json\/wp\/v2\/types\/post"}],"author":[{"embeddable":true,"href":"https:\/\/infecar.es\/en\/wp-json\/wp\/v2\/users\/4"}],"replies":[{"embeddable":true,"href":"https:\/\/infecar.es\/en\/wp-json\/wp\/v2\/comments?post=8190"}],"version-history":[{"count":1,"href":"https:\/\/infecar.es\/en\/wp-json\/wp\/v2\/posts\/8190\/revisions"}],"predecessor-version":[{"id":8191,"href":"https:\/\/infecar.es\/en\/wp-json\/wp\/v2\/posts\/8190\/revisions\/8191"}],"wp:featuredmedia":[{"embeddable":true,"href":"https:\/\/infecar.es\/en\/wp-json\/wp\/v2\/media\/2007"}],"wp:attachment":[{"href":"https:\/\/infecar.es\/en\/wp-json\/wp\/v2\/media?parent=8190"}],"wp:term":[{"taxonomy":"category","embeddable":true,"href":"https:\/\/infecar.es\/en\/wp-json\/wp\/v2\/categories?post=8190"},{"taxonomy":"post_tag","embeddable":true,"href":"https:\/\/infecar.es\/en\/wp-json\/wp\/v2\/tags?post=8190"}],"curies":[{"name":"wp","href":"https:\/\/api.w.org\/{rel}","templated":true}]}}