

{"id":5357,"date":"2019-01-18T12:43:51","date_gmt":"2019-01-18T12:43:51","guid":{"rendered":"https:\/\/infecar.es\/2019\/01\/18\/presentacion-de-la-2-edicion-del-gran-canaria-sum-festival\/"},"modified":"2019-01-18T12:43:51","modified_gmt":"2019-01-18T12:43:51","slug":"presentacion-de-la-2-edicion-del-gran-canaria-sum-festival","status":"publish","type":"post","link":"\/en\/news\/presentacion-de-la-2-edicion-del-gran-canaria-sum-festival","title":{"rendered":"Presentaci\u00f3n de la 2\u00aa Edici\u00f3n del Gran Canaria SUM Festival"},"content":{"rendered":"<div class=\"\" style=\"font-family: Helvetica, Arial, sans-serif; color: #1d2129; font-size: 14px; white-space: pre-wrap; background-color: #ffffff;\" data-block=\"true\" data-editor=\"340vt\" data-offset-key=\"a1m2c-0-0\">\n<div class=\"_1mf _1mj\" style=\"position: relative; direction: ltr; font-family: inherit;\" data-offset-key=\"a1m2c-0-0\"><span style=\"font-family: inherit;\" data-offset-key=\"a1m2c-0-0\">Ayer tuvo lugar en el Hall Canarias la Presentaci\u00f3n de la 2\u00aa Edici\u00f3n del Gran Canaria SUM Festival, donde se dio a conocer el cartel con los grupos invitados.<\/span><\/div>\n<\/div>\n<div class=\"\" style=\"font-family: Helvetica, Arial, sans-serif; color: #1d2129; font-size: 14px; white-space: pre-wrap; background-color: #ffffff;\" data-block=\"true\" data-editor=\"340vt\" data-offset-key=\"90i4d-0-0\">\n<div class=\"_1mf _1mj\" style=\"position: relative; direction: ltr; font-family: inherit;\" data-offset-key=\"90i4d-0-0\"><span style=\"font-family: inherit;\" data-offset-key=\"90i4d-0-0\">La presentaci\u00f3n cont\u00f3 con la participaci\u00f3n de Antonio Morales, Presidente del Cabildo de Gran Canaria, Pedro Quevedo, Concejal de Gobierno del \u00c1rea de Empleo,Turismo, Movilidad, Promoci\u00f3n Econ\u00f3mica y Ciudad de Mar del Ayuntamiento de Las Palmas de Gran Canaria, Juan Fran Senabre, Director del Gran Canaria SUM Festival, Jose \u00c1ngel y Jorge Guirao del grupo Second, Alberto Jimenez y \u00c1lvaro Navarro del grupo Miss Caffeina.<\/span><\/div>\n<\/div>\n<div class=\"\" style=\"font-family: Helvetica, Arial, sans-serif; color: #1d2129; font-size: 14px; white-space: pre-wrap; background-color: #ffffff;\" data-block=\"true\" data-editor=\"340vt\" data-offset-key=\"4i4ed-0-0\">\n<div class=\"_1mf _1mj\" style=\"position: relative; direction: ltr; font-family: inherit;\" data-offset-key=\"4i4ed-0-0\"><span style=\"font-family: inherit;\" data-offset-key=\"4i4ed-0-0\">Para finalizar la presentaci\u00f3n, los componentes de los grupos de m\u00fasica, Second y Miss Caffeina, actuaron en directo para todos los asistentes invitados.<\/span><img decoding=\"async\" src=\"images\/2SUM.jpg\" alt=\"\" \/><\/div>\n<div class=\"_1mf _1mj\" style=\"position: relative; direction: ltr; font-family: inherit;\" data-offset-key=\"4i4ed-0-0\">\u00a0<\/div>\n<div class=\"_1mf _1mj\" style=\"position: relative; direction: ltr; font-family: inherit;\" data-offset-key=\"4i4ed-0-0\"><img decoding=\"async\" src=\"images\/3SUM.jpg\" alt=\"\" \/><\/div>\n<div class=\"_1mf _1mj\" style=\"position: relative; direction: ltr; font-family: inherit;\" data-offset-key=\"4i4ed-0-0\">\u00a0<\/div>\n<div class=\"_1mf _1mj\" style=\"position: relative; direction: ltr; font-family: inherit;\" data-offset-key=\"4i4ed-0-0\"><img decoding=\"async\" src=\"images\/4SUM.jpg\" alt=\"\" \/><\/div>\n<\/div>\n","protected":false},"excerpt":{"rendered":"<p>Ayer tuvo lugar en el Hall Canarias la Presentaci\u00f3n de la 2\u00aa Edici\u00f3n del Gran Canaria SUM Festival, donde se dio a conocer el cartel con los grupos invitados. La presentaci\u00f3n cont\u00f3 con la participaci\u00f3n de Antonio Morales, Presidente del Cabildo de Gran Canaria, Pedro Quevedo, Concejal de Gobierno del \u00c1rea de Empleo,Turismo, Movilidad, Promoci\u00f3n [&hellip;]<\/p>\n","protected":false},"author":1,"featured_media":537,"comment_status":"open","ping_status":"open","sticky":false,"template":"","format":"standard","meta":{"_acf_changed":false,"om_disable_all_campaigns":false,"_monsterinsights_skip_tracking":false,"_monsterinsights_sitenote_active":false,"_monsterinsights_sitenote_note":"","_monsterinsights_sitenote_category":0,"_uf_show_specific_survey":0,"_uf_disable_surveys":false,"_joinchat":[],"footnotes":""},"categories":[1],"tags":[],"class_list":["post-5357","post","type-post","status-publish","format-standard","has-post-thumbnail","hentry","category-sin-categorizar"],"acf":[],"aioseo_notices":[],"yoast_head":"<!-- This site is optimized with the Yoast SEO plugin v26.7 - https:\/\/yoast.com\/wordpress\/plugins\/seo\/ -->\n<title>Presentaci\u00f3n de la 2\u00aa Edici\u00f3n del Gran Canaria SUM Festival - Infecar<\/title>\n<meta name=\"robots\" content=\"index, follow, max-snippet:-1, max-image-preview:large, max-video-preview:-1\" \/>\n<link rel=\"canonical\" href=\"https:\/\/infecar.es\/noticias\/presentacion-de-la-2-edicion-del-gran-canaria-sum-festival\/\" \/>\n<meta property=\"og:locale\" content=\"en_US\" \/>\n<meta property=\"og:type\" content=\"article\" \/>\n<meta property=\"og:title\" content=\"Presentaci\u00f3n de la 2\u00aa Edici\u00f3n del Gran Canaria SUM Festival - Infecar\" \/>\n<meta property=\"og:description\" content=\"Ayer tuvo lugar en el Hall Canarias la Presentaci\u00f3n de la 2\u00aa Edici\u00f3n del Gran Canaria SUM Festival, donde se dio a conocer el cartel con los grupos invitados. La presentaci\u00f3n cont\u00f3 con la participaci\u00f3n de Antonio Morales, Presidente del Cabildo de Gran Canaria, Pedro Quevedo, Concejal de Gobierno del \u00c1rea de Empleo,Turismo, Movilidad, Promoci\u00f3n [&hellip;]\" \/>\n<meta property=\"og:url\" content=\"\/noticias\/presentacion-de-la-2-edicion-del-gran-canaria-sum-festival\/\" \/>\n<meta property=\"og:site_name\" content=\"Infecar\" \/>\n<meta property=\"article:published_time\" content=\"2019-01-18T12:43:51+00:00\" \/>\n<meta property=\"og:image\" content=\"https:\/\/infecar.es\/wp-content\/uploads\/2023\/01\/4b0a3f295543bcdb7e84aacab1169fb5-scaled.jpg\" \/>\n\t<meta property=\"og:image:width\" content=\"2560\" \/>\n\t<meta property=\"og:image:height\" content=\"1920\" \/>\n\t<meta property=\"og:image:type\" content=\"image\/jpeg\" \/>\n<meta name=\"author\" content=\"admin\" \/>\n<meta name=\"twitter:card\" content=\"summary_large_image\" \/>\n<meta name=\"twitter:label1\" content=\"Written by\" \/>\n\t<meta name=\"twitter:data1\" content=\"admin\" \/>\n\t<meta name=\"twitter:label2\" content=\"Est. reading time\" \/>\n\t<meta name=\"twitter:data2\" content=\"1 minute\" \/>\n<script type=\"application\/ld+json\" class=\"yoast-schema-graph\">{\"@context\":\"https:\/\/schema.org\",\"@graph\":[{\"@type\":\"Article\",\"@id\":\"https:\/\/infecar.es\/noticias\/presentacion-de-la-2-edicion-del-gran-canaria-sum-festival\/#article\",\"isPartOf\":{\"@id\":\"\/noticias\/presentacion-de-la-2-edicion-del-gran-canaria-sum-festival\/\"},\"author\":{\"name\":\"admin\",\"@id\":\"https:\/\/infecar.es\/en\/#\/schema\/person\/2411995f63ef29797d62c4fa83b3f3bb\"},\"headline\":\"Presentaci\u00f3n de la 2\u00aa Edici\u00f3n del Gran Canaria SUM Festival\",\"datePublished\":\"2019-01-18T12:43:51+00:00\",\"mainEntityOfPage\":{\"@id\":\"\/noticias\/presentacion-de-la-2-edicion-del-gran-canaria-sum-festival\/\"},\"wordCount\":136,\"commentCount\":0,\"publisher\":{\"@id\":\"https:\/\/infecar.es\/en\/#organization\"},\"image\":{\"@id\":\"https:\/\/infecar.es\/noticias\/presentacion-de-la-2-edicion-del-gran-canaria-sum-festival\/#primaryimage\"},\"thumbnailUrl\":\"https:\/\/infecar.es\/wp-content\/uploads\/2023\/01\/4b0a3f295543bcdb7e84aacab1169fb5-scaled.jpg\",\"articleSection\":[\"Sin categorizar\"],\"inLanguage\":\"en-US\"},{\"@type\":\"WebPage\",\"@id\":\"\/noticias\/presentacion-de-la-2-edicion-del-gran-canaria-sum-festival\/\",\"url\":\"https:\/\/infecar.es\/noticias\/presentacion-de-la-2-edicion-del-gran-canaria-sum-festival\/\",\"name\":\"Presentaci\u00f3n de la 2\u00aa Edici\u00f3n del Gran Canaria SUM Festival - Infecar\",\"isPartOf\":{\"@id\":\"https:\/\/infecar.es\/en\/#website\"},\"primaryImageOfPage\":{\"@id\":\"https:\/\/infecar.es\/noticias\/presentacion-de-la-2-edicion-del-gran-canaria-sum-festival\/#primaryimage\"},\"image\":{\"@id\":\"https:\/\/infecar.es\/noticias\/presentacion-de-la-2-edicion-del-gran-canaria-sum-festival\/#primaryimage\"},\"thumbnailUrl\":\"https:\/\/infecar.es\/wp-content\/uploads\/2023\/01\/4b0a3f295543bcdb7e84aacab1169fb5-scaled.jpg\",\"datePublished\":\"2019-01-18T12:43:51+00:00\",\"breadcrumb\":{\"@id\":\"https:\/\/infecar.es\/noticias\/presentacion-de-la-2-edicion-del-gran-canaria-sum-festival\/#breadcrumb\"},\"inLanguage\":\"en-US\",\"potentialAction\":[{\"@type\":\"ReadAction\",\"target\":[\"https:\/\/infecar.es\/noticias\/presentacion-de-la-2-edicion-del-gran-canaria-sum-festival\/\"]}]},{\"@type\":\"ImageObject\",\"inLanguage\":\"en-US\",\"@id\":\"https:\/\/infecar.es\/noticias\/presentacion-de-la-2-edicion-del-gran-canaria-sum-festival\/#primaryimage\",\"url\":\"https:\/\/infecar.es\/wp-content\/uploads\/2023\/01\/4b0a3f295543bcdb7e84aacab1169fb5-scaled.jpg\",\"contentUrl\":\"https:\/\/infecar.es\/wp-content\/uploads\/2023\/01\/4b0a3f295543bcdb7e84aacab1169fb5-scaled.jpg\",\"width\":2560,\"height\":1920},{\"@type\":\"BreadcrumbList\",\"@id\":\"https:\/\/infecar.es\/noticias\/presentacion-de-la-2-edicion-del-gran-canaria-sum-festival\/#breadcrumb\",\"itemListElement\":[{\"@type\":\"ListItem\",\"position\":1,\"name\":\"Portada\",\"item\":\"https:\/\/infecar.es\/en\/\"},{\"@type\":\"ListItem\",\"position\":2,\"name\":\"Presentaci\u00f3n de la 2\u00aa Edici\u00f3n del Gran Canaria SUM Festival\"}]},{\"@type\":\"WebSite\",\"@id\":\"https:\/\/infecar.es\/en\/#website\",\"url\":\"https:\/\/infecar.es\/en\/\",\"name\":\"Infecar\",\"description\":\"Feria de Gran Canaria\",\"publisher\":{\"@id\":\"https:\/\/infecar.es\/en\/#organization\"},\"potentialAction\":[{\"@type\":\"SearchAction\",\"target\":{\"@type\":\"EntryPoint\",\"urlTemplate\":\"https:\/\/infecar.es\/en\/?s={search_term_string}\"},\"query-input\":{\"@type\":\"PropertyValueSpecification\",\"valueRequired\":true,\"valueName\":\"search_term_string\"}}],\"inLanguage\":\"en-US\"},{\"@type\":\"Organization\",\"@id\":\"https:\/\/infecar.es\/en\/#organization\",\"name\":\"Infecar\",\"url\":\"https:\/\/infecar.es\/en\/\",\"logo\":{\"@type\":\"ImageObject\",\"inLanguage\":\"en-US\",\"@id\":\"https:\/\/infecar.es\/en\/#\/schema\/logo\/image\/\",\"url\":\"https:\/\/infecar.es\/wp-content\/uploads\/2023\/02\/logo_black.svg\",\"contentUrl\":\"https:\/\/infecar.es\/wp-content\/uploads\/2023\/02\/logo_black.svg\",\"width\":1,\"height\":1,\"caption\":\"Infecar\"},\"image\":{\"@id\":\"https:\/\/infecar.es\/en\/#\/schema\/logo\/image\/\"}},{\"@type\":\"Person\",\"@id\":\"https:\/\/infecar.es\/en\/#\/schema\/person\/2411995f63ef29797d62c4fa83b3f3bb\",\"name\":\"admin\",\"image\":{\"@type\":\"ImageObject\",\"inLanguage\":\"en-US\",\"@id\":\"https:\/\/infecar.es\/en\/#\/schema\/person\/image\/\",\"url\":\"https:\/\/secure.gravatar.com\/avatar\/75dbbd3c542520ec06d33839c25bfc19076bf1b9da837dbf8254ae63b9db48ec?s=96&d=mm&r=g\",\"contentUrl\":\"https:\/\/secure.gravatar.com\/avatar\/75dbbd3c542520ec06d33839c25bfc19076bf1b9da837dbf8254ae63b9db48ec?s=96&d=mm&r=g\",\"caption\":\"admin\"},\"sameAs\":[\"http:\/\/infecar.2coders.com\"],\"url\":\"https:\/\/infecar.es\/en\/author\/2coders\/\"}]}<\/script>\n<!-- \/ Yoast SEO plugin. -->","yoast_head_json":{"title":"Presentaci\u00f3n de la 2\u00aa Edici\u00f3n del Gran Canaria SUM Festival - Infecar","robots":{"index":"index","follow":"follow","max-snippet":"max-snippet:-1","max-image-preview":"max-image-preview:large","max-video-preview":"max-video-preview:-1"},"canonical":"https:\/\/infecar.es\/noticias\/presentacion-de-la-2-edicion-del-gran-canaria-sum-festival\/","og_locale":"en_US","og_type":"article","og_title":"Presentaci\u00f3n de la 2\u00aa Edici\u00f3n del Gran Canaria SUM Festival - Infecar","og_description":"Ayer tuvo lugar en el Hall Canarias la Presentaci\u00f3n de la 2\u00aa Edici\u00f3n del Gran Canaria SUM Festival, donde se dio a conocer el cartel con los grupos invitados. La presentaci\u00f3n cont\u00f3 con la participaci\u00f3n de Antonio Morales, Presidente del Cabildo de Gran Canaria, Pedro Quevedo, Concejal de Gobierno del \u00c1rea de Empleo,Turismo, Movilidad, Promoci\u00f3n [&hellip;]","og_url":"\/noticias\/presentacion-de-la-2-edicion-del-gran-canaria-sum-festival\/","og_site_name":"Infecar","article_published_time":"2019-01-18T12:43:51+00:00","og_image":[{"width":2560,"height":1920,"url":"https:\/\/infecar.es\/wp-content\/uploads\/2023\/01\/4b0a3f295543bcdb7e84aacab1169fb5-scaled.jpg","type":"image\/jpeg"}],"author":"admin","twitter_card":"summary_large_image","twitter_misc":{"Written by":"admin","Est. reading time":"1 minute"},"schema":{"@context":"https:\/\/schema.org","@graph":[{"@type":"Article","@id":"https:\/\/infecar.es\/noticias\/presentacion-de-la-2-edicion-del-gran-canaria-sum-festival\/#article","isPartOf":{"@id":"\/noticias\/presentacion-de-la-2-edicion-del-gran-canaria-sum-festival\/"},"author":{"name":"admin","@id":"https:\/\/infecar.es\/en\/#\/schema\/person\/2411995f63ef29797d62c4fa83b3f3bb"},"headline":"Presentaci\u00f3n de la 2\u00aa Edici\u00f3n del Gran Canaria SUM Festival","datePublished":"2019-01-18T12:43:51+00:00","mainEntityOfPage":{"@id":"\/noticias\/presentacion-de-la-2-edicion-del-gran-canaria-sum-festival\/"},"wordCount":136,"commentCount":0,"publisher":{"@id":"https:\/\/infecar.es\/en\/#organization"},"image":{"@id":"https:\/\/infecar.es\/noticias\/presentacion-de-la-2-edicion-del-gran-canaria-sum-festival\/#primaryimage"},"thumbnailUrl":"https:\/\/infecar.es\/wp-content\/uploads\/2023\/01\/4b0a3f295543bcdb7e84aacab1169fb5-scaled.jpg","articleSection":["Sin categorizar"],"inLanguage":"en-US"},{"@type":"WebPage","@id":"\/noticias\/presentacion-de-la-2-edicion-del-gran-canaria-sum-festival\/","url":"https:\/\/infecar.es\/noticias\/presentacion-de-la-2-edicion-del-gran-canaria-sum-festival\/","name":"Presentaci\u00f3n de la 2\u00aa Edici\u00f3n del Gran Canaria SUM Festival - Infecar","isPartOf":{"@id":"https:\/\/infecar.es\/en\/#website"},"primaryImageOfPage":{"@id":"https:\/\/infecar.es\/noticias\/presentacion-de-la-2-edicion-del-gran-canaria-sum-festival\/#primaryimage"},"image":{"@id":"https:\/\/infecar.es\/noticias\/presentacion-de-la-2-edicion-del-gran-canaria-sum-festival\/#primaryimage"},"thumbnailUrl":"https:\/\/infecar.es\/wp-content\/uploads\/2023\/01\/4b0a3f295543bcdb7e84aacab1169fb5-scaled.jpg","datePublished":"2019-01-18T12:43:51+00:00","breadcrumb":{"@id":"https:\/\/infecar.es\/noticias\/presentacion-de-la-2-edicion-del-gran-canaria-sum-festival\/#breadcrumb"},"inLanguage":"en-US","potentialAction":[{"@type":"ReadAction","target":["https:\/\/infecar.es\/noticias\/presentacion-de-la-2-edicion-del-gran-canaria-sum-festival\/"]}]},{"@type":"ImageObject","inLanguage":"en-US","@id":"https:\/\/infecar.es\/noticias\/presentacion-de-la-2-edicion-del-gran-canaria-sum-festival\/#primaryimage","url":"https:\/\/infecar.es\/wp-content\/uploads\/2023\/01\/4b0a3f295543bcdb7e84aacab1169fb5-scaled.jpg","contentUrl":"https:\/\/infecar.es\/wp-content\/uploads\/2023\/01\/4b0a3f295543bcdb7e84aacab1169fb5-scaled.jpg","width":2560,"height":1920},{"@type":"BreadcrumbList","@id":"https:\/\/infecar.es\/noticias\/presentacion-de-la-2-edicion-del-gran-canaria-sum-festival\/#breadcrumb","itemListElement":[{"@type":"ListItem","position":1,"name":"Portada","item":"https:\/\/infecar.es\/en\/"},{"@type":"ListItem","position":2,"name":"Presentaci\u00f3n de la 2\u00aa Edici\u00f3n del Gran Canaria SUM Festival"}]},{"@type":"WebSite","@id":"https:\/\/infecar.es\/en\/#website","url":"https:\/\/infecar.es\/en\/","name":"Infecar","description":"Feria de Gran Canaria","publisher":{"@id":"https:\/\/infecar.es\/en\/#organization"},"potentialAction":[{"@type":"SearchAction","target":{"@type":"EntryPoint","urlTemplate":"https:\/\/infecar.es\/en\/?s={search_term_string}"},"query-input":{"@type":"PropertyValueSpecification","valueRequired":true,"valueName":"search_term_string"}}],"inLanguage":"en-US"},{"@type":"Organization","@id":"https:\/\/infecar.es\/en\/#organization","name":"Infecar","url":"https:\/\/infecar.es\/en\/","logo":{"@type":"ImageObject","inLanguage":"en-US","@id":"https:\/\/infecar.es\/en\/#\/schema\/logo\/image\/","url":"https:\/\/infecar.es\/wp-content\/uploads\/2023\/02\/logo_black.svg","contentUrl":"https:\/\/infecar.es\/wp-content\/uploads\/2023\/02\/logo_black.svg","width":1,"height":1,"caption":"Infecar"},"image":{"@id":"https:\/\/infecar.es\/en\/#\/schema\/logo\/image\/"}},{"@type":"Person","@id":"https:\/\/infecar.es\/en\/#\/schema\/person\/2411995f63ef29797d62c4fa83b3f3bb","name":"admin","image":{"@type":"ImageObject","inLanguage":"en-US","@id":"https:\/\/infecar.es\/en\/#\/schema\/person\/image\/","url":"https:\/\/secure.gravatar.com\/avatar\/75dbbd3c542520ec06d33839c25bfc19076bf1b9da837dbf8254ae63b9db48ec?s=96&d=mm&r=g","contentUrl":"https:\/\/secure.gravatar.com\/avatar\/75dbbd3c542520ec06d33839c25bfc19076bf1b9da837dbf8254ae63b9db48ec?s=96&d=mm&r=g","caption":"admin"},"sameAs":["http:\/\/infecar.2coders.com"],"url":"https:\/\/infecar.es\/en\/author\/2coders\/"}]}},"_links":{"self":[{"href":"https:\/\/infecar.es\/en\/wp-json\/wp\/v2\/posts\/5357","targetHints":{"allow":["GET"]}}],"collection":[{"href":"https:\/\/infecar.es\/en\/wp-json\/wp\/v2\/posts"}],"about":[{"href":"https:\/\/infecar.es\/en\/wp-json\/wp\/v2\/types\/post"}],"author":[{"embeddable":true,"href":"https:\/\/infecar.es\/en\/wp-json\/wp\/v2\/users\/1"}],"replies":[{"embeddable":true,"href":"https:\/\/infecar.es\/en\/wp-json\/wp\/v2\/comments?post=5357"}],"version-history":[{"count":0,"href":"https:\/\/infecar.es\/en\/wp-json\/wp\/v2\/posts\/5357\/revisions"}],"wp:featuredmedia":[{"embeddable":true,"href":"https:\/\/infecar.es\/en\/wp-json\/wp\/v2\/media\/537"}],"wp:attachment":[{"href":"https:\/\/infecar.es\/en\/wp-json\/wp\/v2\/media?parent=5357"}],"wp:term":[{"taxonomy":"category","embeddable":true,"href":"https:\/\/infecar.es\/en\/wp-json\/wp\/v2\/categories?post=5357"},{"taxonomy":"post_tag","embeddable":true,"href":"https:\/\/infecar.es\/en\/wp-json\/wp\/v2\/tags?post=5357"}],"curies":[{"name":"wp","href":"https:\/\/api.w.org\/{rel}","templated":true}]}}