

{"id":5272,"date":"2018-04-29T18:12:11","date_gmt":"2018-04-29T18:12:11","guid":{"rendered":"https:\/\/infecar.es\/2018\/04\/29\/la-segunda-edicion-de-movelec-salon-del-vehiculo-electrico-de-canarias-cierra-con-record-de-asistencia\/"},"modified":"2018-04-29T18:12:11","modified_gmt":"2018-04-29T18:12:11","slug":"la-segunda-edicion-de-movelec-salon-del-vehiculo-electrico-de-canarias-cierra-con-record-de-asistencia","status":"publish","type":"post","link":"\/en\/news\/la-segunda-edicion-de-movelec-salon-del-vehiculo-electrico-de-canarias-cierra-con-record-de-asistencia","title":{"rendered":"La segunda edici\u00f3n de MOVELEC, Sal\u00f3n del Veh\u00edculo El\u00e9ctrico de Canarias, cierra con r\u00e9cord de asistencia"},"content":{"rendered":"<p id=\"_8XC3da5Wd2ylgx\" dir=\"ltr\" style=\"position: relative; margin-top: 0px; margin-bottom: 0px; padding: 0px 0px 0.5em; color: #212121; font-family: Calibri, Arial, sans-serif; font-size: 15px; white-space: pre-wrap;\">MOVELEC, el Sal\u00f3n del Veh\u00edculo El\u00e9ctrico de Canarias, promovido por el Cabildo de Gran Canaria,\u00a0y organizado por la Instituci\u00f3n Ferial de Canarias (INFECAR), ha cerrado las puertas de su segunda edici\u00f3n con r\u00e9cord de asistencia.<\/p>\n<p id=\"_4OAz6DlYmPeR0j\" dir=\"ltr\" style=\"position: relative; margin-top: 0px; margin-bottom: 0px; padding: 0px 0px 0.5em; color: #212121; font-family: Calibri, Arial, sans-serif; font-size: 15px; white-space: pre-wrap;\">Durante este fin de semana han visitado MOVELEC, en el recinto ferial de INFECAR, un gran n\u00famero de personas, cerca del 90% m\u00e1s que en la edici\u00f3n anterior, con el objeto de conocer la oferta de veh\u00edculos 100% el\u00e9ctricos, pudiendo disfrutar adem\u00e1s de un amplio programa de presentaciones, donde se ha abordado la aplicaci\u00f3n del veh\u00edculo el\u00e9ctrico al sector del taxi, el veh\u00edculo el\u00e9ctrico en competiciones, las bater\u00edas, puntos de recarga, novedades del sector y tambi\u00e9n ha habido espacio para la reflexi\u00f3n sobre la importancia del veh\u00edculo el\u00e9ctrico dentro del cambio de modelo energ\u00e9tico.<\/p>\n<p dir=\"ltr\" style=\"position: relative; margin-top: 0px; margin-bottom: 0px; padding: 0px 0px 0.5em; color: #212121; font-family: Calibri, Arial, sans-serif; font-size: 15px; white-space: pre-wrap;\">M\u00e1s informaci\u00f3n:<\/p>\n<div style=\"color: #222222; font-family: arial, sans-serif; font-size: 12.8px;\"><a href=\"https:\/\/sway.com\/Zgm1b2N4oqjvGSMg?ref=Link\" target=\"_blank\" style=\"color: #1155cc;\" data-saferedirecturl=\"https:\/\/www.google.com\/url?hl=es&#038;q=https:\/\/sway.com\/Zgm1b2N4oqjvGSMg?ref%3DLink&#038;source=gmail&#038;ust=1525111646298000&#038;usg=AFQjCNHNz4Ih1_oO1ZPkgmkiTLkTLmq4VQ\" rel=\"noopener\">Noticias INFECAR \u00b7 29 de abril de 2018<\/a><\/div>\n<p>\u00a0<\/p>\n","protected":false},"excerpt":{"rendered":"<p>MOVELEC, el Sal\u00f3n del Veh\u00edculo El\u00e9ctrico de Canarias, promovido por el Cabildo de Gran Canaria,\u00a0y organizado por la Instituci\u00f3n Ferial de Canarias (INFECAR), ha cerrado las puertas de su segunda edici\u00f3n con r\u00e9cord de asistencia. Durante este fin de semana han visitado MOVELEC, en el recinto ferial de INFECAR, un gran n\u00famero de personas, cerca [&hellip;]<\/p>\n","protected":false},"author":1,"featured_media":3907,"comment_status":"open","ping_status":"open","sticky":false,"template":"","format":"standard","meta":{"_acf_changed":false,"om_disable_all_campaigns":false,"_monsterinsights_skip_tracking":false,"_monsterinsights_sitenote_active":false,"_monsterinsights_sitenote_note":"","_monsterinsights_sitenote_category":0,"_uf_show_specific_survey":0,"_uf_disable_surveys":false,"_joinchat":[],"footnotes":""},"categories":[1],"tags":[],"class_list":["post-5272","post","type-post","status-publish","format-standard","has-post-thumbnail","hentry","category-sin-categorizar"],"acf":[],"aioseo_notices":[],"yoast_head":"<!-- This site is optimized with the Yoast SEO plugin v26.7 - https:\/\/yoast.com\/wordpress\/plugins\/seo\/ -->\n<title>La segunda edici\u00f3n de MOVELEC, Sal\u00f3n del Veh\u00edculo El\u00e9ctrico de Canarias, cierra con r\u00e9cord de asistencia - Infecar<\/title>\n<meta name=\"robots\" content=\"index, follow, max-snippet:-1, max-image-preview:large, max-video-preview:-1\" \/>\n<link rel=\"canonical\" href=\"https:\/\/infecar.es\/en\/news\/la-segunda-edicion-de-movelec-salon-del-vehiculo-electrico-de-canarias-cierra-con-record-de-asistencia\/\" \/>\n<meta property=\"og:locale\" content=\"en_US\" \/>\n<meta property=\"og:type\" content=\"article\" \/>\n<meta property=\"og:title\" content=\"La segunda edici\u00f3n de MOVELEC, Sal\u00f3n del Veh\u00edculo El\u00e9ctrico de Canarias, cierra con r\u00e9cord de asistencia - Infecar\" \/>\n<meta property=\"og:description\" content=\"MOVELEC, el Sal\u00f3n del Veh\u00edculo El\u00e9ctrico de Canarias, promovido por el Cabildo de Gran Canaria,\u00a0y organizado por la Instituci\u00f3n Ferial de Canarias (INFECAR), ha cerrado las puertas de su segunda edici\u00f3n con r\u00e9cord de asistencia. Durante este fin de semana han visitado MOVELEC, en el recinto ferial de INFECAR, un gran n\u00famero de personas, cerca [&hellip;]\" \/>\n<meta property=\"og:url\" content=\"\/en\/news\/la-segunda-edicion-de-movelec-salon-del-vehiculo-electrico-de-canarias-cierra-con-record-de-asistencia\/\" \/>\n<meta property=\"og:site_name\" content=\"Infecar\" \/>\n<meta property=\"article:published_time\" content=\"2018-04-29T18:12:11+00:00\" \/>\n<meta property=\"og:image\" content=\"https:\/\/infecar.es\/wp-content\/uploads\/2023\/01\/f269038fa4534045b59925e7d5e023e1.jpg\" \/>\n\t<meta property=\"og:image:width\" content=\"1024\" \/>\n\t<meta property=\"og:image:height\" content=\"683\" \/>\n\t<meta property=\"og:image:type\" content=\"image\/jpeg\" \/>\n<meta name=\"author\" content=\"admin\" \/>\n<meta name=\"twitter:card\" content=\"summary_large_image\" \/>\n<meta name=\"twitter:label1\" content=\"Written by\" \/>\n\t<meta name=\"twitter:data1\" content=\"admin\" \/>\n\t<meta name=\"twitter:label2\" content=\"Est. reading time\" \/>\n\t<meta name=\"twitter:data2\" content=\"1 minute\" \/>\n<script type=\"application\/ld+json\" class=\"yoast-schema-graph\">{\"@context\":\"https:\/\/schema.org\",\"@graph\":[{\"@type\":\"Article\",\"@id\":\"https:\/\/infecar.es\/en\/news\/la-segunda-edicion-de-movelec-salon-del-vehiculo-electrico-de-canarias-cierra-con-record-de-asistencia\/#article\",\"isPartOf\":{\"@id\":\"\/en\/news\/la-segunda-edicion-de-movelec-salon-del-vehiculo-electrico-de-canarias-cierra-con-record-de-asistencia\/\"},\"author\":{\"name\":\"admin\",\"@id\":\"https:\/\/infecar.es\/en\/#\/schema\/person\/2411995f63ef29797d62c4fa83b3f3bb\"},\"headline\":\"La segunda edici\u00f3n de MOVELEC, Sal\u00f3n del Veh\u00edculo El\u00e9ctrico de Canarias, cierra con r\u00e9cord de asistencia\",\"datePublished\":\"2018-04-29T18:12:11+00:00\",\"mainEntityOfPage\":{\"@id\":\"\/en\/news\/la-segunda-edicion-de-movelec-salon-del-vehiculo-electrico-de-canarias-cierra-con-record-de-asistencia\/\"},\"wordCount\":181,\"commentCount\":0,\"publisher\":{\"@id\":\"https:\/\/infecar.es\/en\/#organization\"},\"image\":{\"@id\":\"https:\/\/infecar.es\/en\/news\/la-segunda-edicion-de-movelec-salon-del-vehiculo-electrico-de-canarias-cierra-con-record-de-asistencia\/#primaryimage\"},\"thumbnailUrl\":\"https:\/\/infecar.es\/wp-content\/uploads\/2023\/01\/f269038fa4534045b59925e7d5e023e1.jpg\",\"articleSection\":[\"Sin categorizar\"],\"inLanguage\":\"en-US\"},{\"@type\":\"WebPage\",\"@id\":\"\/en\/news\/la-segunda-edicion-de-movelec-salon-del-vehiculo-electrico-de-canarias-cierra-con-record-de-asistencia\/\",\"url\":\"https:\/\/infecar.es\/en\/news\/la-segunda-edicion-de-movelec-salon-del-vehiculo-electrico-de-canarias-cierra-con-record-de-asistencia\/\",\"name\":\"La segunda edici\u00f3n de MOVELEC, Sal\u00f3n del Veh\u00edculo El\u00e9ctrico de Canarias, cierra con r\u00e9cord de asistencia - Infecar\",\"isPartOf\":{\"@id\":\"https:\/\/infecar.es\/en\/#website\"},\"primaryImageOfPage\":{\"@id\":\"https:\/\/infecar.es\/en\/news\/la-segunda-edicion-de-movelec-salon-del-vehiculo-electrico-de-canarias-cierra-con-record-de-asistencia\/#primaryimage\"},\"image\":{\"@id\":\"https:\/\/infecar.es\/en\/news\/la-segunda-edicion-de-movelec-salon-del-vehiculo-electrico-de-canarias-cierra-con-record-de-asistencia\/#primaryimage\"},\"thumbnailUrl\":\"https:\/\/infecar.es\/wp-content\/uploads\/2023\/01\/f269038fa4534045b59925e7d5e023e1.jpg\",\"datePublished\":\"2018-04-29T18:12:11+00:00\",\"breadcrumb\":{\"@id\":\"https:\/\/infecar.es\/en\/news\/la-segunda-edicion-de-movelec-salon-del-vehiculo-electrico-de-canarias-cierra-con-record-de-asistencia\/#breadcrumb\"},\"inLanguage\":\"en-US\",\"potentialAction\":[{\"@type\":\"ReadAction\",\"target\":[\"https:\/\/infecar.es\/en\/news\/la-segunda-edicion-de-movelec-salon-del-vehiculo-electrico-de-canarias-cierra-con-record-de-asistencia\/\"]}]},{\"@type\":\"ImageObject\",\"inLanguage\":\"en-US\",\"@id\":\"https:\/\/infecar.es\/en\/news\/la-segunda-edicion-de-movelec-salon-del-vehiculo-electrico-de-canarias-cierra-con-record-de-asistencia\/#primaryimage\",\"url\":\"https:\/\/infecar.es\/wp-content\/uploads\/2023\/01\/f269038fa4534045b59925e7d5e023e1.jpg\",\"contentUrl\":\"https:\/\/infecar.es\/wp-content\/uploads\/2023\/01\/f269038fa4534045b59925e7d5e023e1.jpg\",\"width\":1024,\"height\":683},{\"@type\":\"BreadcrumbList\",\"@id\":\"https:\/\/infecar.es\/en\/news\/la-segunda-edicion-de-movelec-salon-del-vehiculo-electrico-de-canarias-cierra-con-record-de-asistencia\/#breadcrumb\",\"itemListElement\":[{\"@type\":\"ListItem\",\"position\":1,\"name\":\"Portada\",\"item\":\"https:\/\/infecar.es\/en\/\"},{\"@type\":\"ListItem\",\"position\":2,\"name\":\"La segunda edici\u00f3n de MOVELEC, Sal\u00f3n del Veh\u00edculo El\u00e9ctrico de Canarias, cierra con r\u00e9cord de asistencia\"}]},{\"@type\":\"WebSite\",\"@id\":\"https:\/\/infecar.es\/en\/#website\",\"url\":\"https:\/\/infecar.es\/en\/\",\"name\":\"Infecar\",\"description\":\"Feria de Gran Canaria\",\"publisher\":{\"@id\":\"https:\/\/infecar.es\/en\/#organization\"},\"potentialAction\":[{\"@type\":\"SearchAction\",\"target\":{\"@type\":\"EntryPoint\",\"urlTemplate\":\"https:\/\/infecar.es\/en\/?s={search_term_string}\"},\"query-input\":{\"@type\":\"PropertyValueSpecification\",\"valueRequired\":true,\"valueName\":\"search_term_string\"}}],\"inLanguage\":\"en-US\"},{\"@type\":\"Organization\",\"@id\":\"https:\/\/infecar.es\/en\/#organization\",\"name\":\"Infecar\",\"url\":\"https:\/\/infecar.es\/en\/\",\"logo\":{\"@type\":\"ImageObject\",\"inLanguage\":\"en-US\",\"@id\":\"https:\/\/infecar.es\/en\/#\/schema\/logo\/image\/\",\"url\":\"https:\/\/infecar.es\/wp-content\/uploads\/2023\/02\/logo_black.svg\",\"contentUrl\":\"https:\/\/infecar.es\/wp-content\/uploads\/2023\/02\/logo_black.svg\",\"width\":1,\"height\":1,\"caption\":\"Infecar\"},\"image\":{\"@id\":\"https:\/\/infecar.es\/en\/#\/schema\/logo\/image\/\"}},{\"@type\":\"Person\",\"@id\":\"https:\/\/infecar.es\/en\/#\/schema\/person\/2411995f63ef29797d62c4fa83b3f3bb\",\"name\":\"admin\",\"image\":{\"@type\":\"ImageObject\",\"inLanguage\":\"en-US\",\"@id\":\"https:\/\/infecar.es\/en\/#\/schema\/person\/image\/\",\"url\":\"https:\/\/secure.gravatar.com\/avatar\/75dbbd3c542520ec06d33839c25bfc19076bf1b9da837dbf8254ae63b9db48ec?s=96&d=mm&r=g\",\"contentUrl\":\"https:\/\/secure.gravatar.com\/avatar\/75dbbd3c542520ec06d33839c25bfc19076bf1b9da837dbf8254ae63b9db48ec?s=96&d=mm&r=g\",\"caption\":\"admin\"},\"sameAs\":[\"http:\/\/infecar.2coders.com\"],\"url\":\"https:\/\/infecar.es\/en\/author\/2coders\/\"}]}<\/script>\n<!-- \/ Yoast SEO plugin. -->","yoast_head_json":{"title":"La segunda edici\u00f3n de MOVELEC, Sal\u00f3n del Veh\u00edculo El\u00e9ctrico de Canarias, cierra con r\u00e9cord de asistencia - Infecar","robots":{"index":"index","follow":"follow","max-snippet":"max-snippet:-1","max-image-preview":"max-image-preview:large","max-video-preview":"max-video-preview:-1"},"canonical":"https:\/\/infecar.es\/en\/news\/la-segunda-edicion-de-movelec-salon-del-vehiculo-electrico-de-canarias-cierra-con-record-de-asistencia\/","og_locale":"en_US","og_type":"article","og_title":"La segunda edici\u00f3n de MOVELEC, Sal\u00f3n del Veh\u00edculo El\u00e9ctrico de Canarias, cierra con r\u00e9cord de asistencia - Infecar","og_description":"MOVELEC, el Sal\u00f3n del Veh\u00edculo El\u00e9ctrico de Canarias, promovido por el Cabildo de Gran Canaria,\u00a0y organizado por la Instituci\u00f3n Ferial de Canarias (INFECAR), ha cerrado las puertas de su segunda edici\u00f3n con r\u00e9cord de asistencia. Durante este fin de semana han visitado MOVELEC, en el recinto ferial de INFECAR, un gran n\u00famero de personas, cerca [&hellip;]","og_url":"\/en\/news\/la-segunda-edicion-de-movelec-salon-del-vehiculo-electrico-de-canarias-cierra-con-record-de-asistencia\/","og_site_name":"Infecar","article_published_time":"2018-04-29T18:12:11+00:00","og_image":[{"width":1024,"height":683,"url":"https:\/\/infecar.es\/wp-content\/uploads\/2023\/01\/f269038fa4534045b59925e7d5e023e1.jpg","type":"image\/jpeg"}],"author":"admin","twitter_card":"summary_large_image","twitter_misc":{"Written by":"admin","Est. reading time":"1 minute"},"schema":{"@context":"https:\/\/schema.org","@graph":[{"@type":"Article","@id":"https:\/\/infecar.es\/en\/news\/la-segunda-edicion-de-movelec-salon-del-vehiculo-electrico-de-canarias-cierra-con-record-de-asistencia\/#article","isPartOf":{"@id":"\/en\/news\/la-segunda-edicion-de-movelec-salon-del-vehiculo-electrico-de-canarias-cierra-con-record-de-asistencia\/"},"author":{"name":"admin","@id":"https:\/\/infecar.es\/en\/#\/schema\/person\/2411995f63ef29797d62c4fa83b3f3bb"},"headline":"La segunda edici\u00f3n de MOVELEC, Sal\u00f3n del Veh\u00edculo El\u00e9ctrico de Canarias, cierra con r\u00e9cord de asistencia","datePublished":"2018-04-29T18:12:11+00:00","mainEntityOfPage":{"@id":"\/en\/news\/la-segunda-edicion-de-movelec-salon-del-vehiculo-electrico-de-canarias-cierra-con-record-de-asistencia\/"},"wordCount":181,"commentCount":0,"publisher":{"@id":"https:\/\/infecar.es\/en\/#organization"},"image":{"@id":"https:\/\/infecar.es\/en\/news\/la-segunda-edicion-de-movelec-salon-del-vehiculo-electrico-de-canarias-cierra-con-record-de-asistencia\/#primaryimage"},"thumbnailUrl":"https:\/\/infecar.es\/wp-content\/uploads\/2023\/01\/f269038fa4534045b59925e7d5e023e1.jpg","articleSection":["Sin categorizar"],"inLanguage":"en-US"},{"@type":"WebPage","@id":"\/en\/news\/la-segunda-edicion-de-movelec-salon-del-vehiculo-electrico-de-canarias-cierra-con-record-de-asistencia\/","url":"https:\/\/infecar.es\/en\/news\/la-segunda-edicion-de-movelec-salon-del-vehiculo-electrico-de-canarias-cierra-con-record-de-asistencia\/","name":"La segunda edici\u00f3n de MOVELEC, Sal\u00f3n del Veh\u00edculo El\u00e9ctrico de Canarias, cierra con r\u00e9cord de asistencia - Infecar","isPartOf":{"@id":"https:\/\/infecar.es\/en\/#website"},"primaryImageOfPage":{"@id":"https:\/\/infecar.es\/en\/news\/la-segunda-edicion-de-movelec-salon-del-vehiculo-electrico-de-canarias-cierra-con-record-de-asistencia\/#primaryimage"},"image":{"@id":"https:\/\/infecar.es\/en\/news\/la-segunda-edicion-de-movelec-salon-del-vehiculo-electrico-de-canarias-cierra-con-record-de-asistencia\/#primaryimage"},"thumbnailUrl":"https:\/\/infecar.es\/wp-content\/uploads\/2023\/01\/f269038fa4534045b59925e7d5e023e1.jpg","datePublished":"2018-04-29T18:12:11+00:00","breadcrumb":{"@id":"https:\/\/infecar.es\/en\/news\/la-segunda-edicion-de-movelec-salon-del-vehiculo-electrico-de-canarias-cierra-con-record-de-asistencia\/#breadcrumb"},"inLanguage":"en-US","potentialAction":[{"@type":"ReadAction","target":["https:\/\/infecar.es\/en\/news\/la-segunda-edicion-de-movelec-salon-del-vehiculo-electrico-de-canarias-cierra-con-record-de-asistencia\/"]}]},{"@type":"ImageObject","inLanguage":"en-US","@id":"https:\/\/infecar.es\/en\/news\/la-segunda-edicion-de-movelec-salon-del-vehiculo-electrico-de-canarias-cierra-con-record-de-asistencia\/#primaryimage","url":"https:\/\/infecar.es\/wp-content\/uploads\/2023\/01\/f269038fa4534045b59925e7d5e023e1.jpg","contentUrl":"https:\/\/infecar.es\/wp-content\/uploads\/2023\/01\/f269038fa4534045b59925e7d5e023e1.jpg","width":1024,"height":683},{"@type":"BreadcrumbList","@id":"https:\/\/infecar.es\/en\/news\/la-segunda-edicion-de-movelec-salon-del-vehiculo-electrico-de-canarias-cierra-con-record-de-asistencia\/#breadcrumb","itemListElement":[{"@type":"ListItem","position":1,"name":"Portada","item":"https:\/\/infecar.es\/en\/"},{"@type":"ListItem","position":2,"name":"La segunda edici\u00f3n de MOVELEC, Sal\u00f3n del Veh\u00edculo El\u00e9ctrico de Canarias, cierra con r\u00e9cord de asistencia"}]},{"@type":"WebSite","@id":"https:\/\/infecar.es\/en\/#website","url":"https:\/\/infecar.es\/en\/","name":"Infecar","description":"Feria de Gran Canaria","publisher":{"@id":"https:\/\/infecar.es\/en\/#organization"},"potentialAction":[{"@type":"SearchAction","target":{"@type":"EntryPoint","urlTemplate":"https:\/\/infecar.es\/en\/?s={search_term_string}"},"query-input":{"@type":"PropertyValueSpecification","valueRequired":true,"valueName":"search_term_string"}}],"inLanguage":"en-US"},{"@type":"Organization","@id":"https:\/\/infecar.es\/en\/#organization","name":"Infecar","url":"https:\/\/infecar.es\/en\/","logo":{"@type":"ImageObject","inLanguage":"en-US","@id":"https:\/\/infecar.es\/en\/#\/schema\/logo\/image\/","url":"https:\/\/infecar.es\/wp-content\/uploads\/2023\/02\/logo_black.svg","contentUrl":"https:\/\/infecar.es\/wp-content\/uploads\/2023\/02\/logo_black.svg","width":1,"height":1,"caption":"Infecar"},"image":{"@id":"https:\/\/infecar.es\/en\/#\/schema\/logo\/image\/"}},{"@type":"Person","@id":"https:\/\/infecar.es\/en\/#\/schema\/person\/2411995f63ef29797d62c4fa83b3f3bb","name":"admin","image":{"@type":"ImageObject","inLanguage":"en-US","@id":"https:\/\/infecar.es\/en\/#\/schema\/person\/image\/","url":"https:\/\/secure.gravatar.com\/avatar\/75dbbd3c542520ec06d33839c25bfc19076bf1b9da837dbf8254ae63b9db48ec?s=96&d=mm&r=g","contentUrl":"https:\/\/secure.gravatar.com\/avatar\/75dbbd3c542520ec06d33839c25bfc19076bf1b9da837dbf8254ae63b9db48ec?s=96&d=mm&r=g","caption":"admin"},"sameAs":["http:\/\/infecar.2coders.com"],"url":"https:\/\/infecar.es\/en\/author\/2coders\/"}]}},"_links":{"self":[{"href":"https:\/\/infecar.es\/en\/wp-json\/wp\/v2\/posts\/5272","targetHints":{"allow":["GET"]}}],"collection":[{"href":"https:\/\/infecar.es\/en\/wp-json\/wp\/v2\/posts"}],"about":[{"href":"https:\/\/infecar.es\/en\/wp-json\/wp\/v2\/types\/post"}],"author":[{"embeddable":true,"href":"https:\/\/infecar.es\/en\/wp-json\/wp\/v2\/users\/1"}],"replies":[{"embeddable":true,"href":"https:\/\/infecar.es\/en\/wp-json\/wp\/v2\/comments?post=5272"}],"version-history":[{"count":0,"href":"https:\/\/infecar.es\/en\/wp-json\/wp\/v2\/posts\/5272\/revisions"}],"wp:featuredmedia":[{"embeddable":true,"href":"https:\/\/infecar.es\/en\/wp-json\/wp\/v2\/media\/3907"}],"wp:attachment":[{"href":"https:\/\/infecar.es\/en\/wp-json\/wp\/v2\/media?parent=5272"}],"wp:term":[{"taxonomy":"category","embeddable":true,"href":"https:\/\/infecar.es\/en\/wp-json\/wp\/v2\/categories?post=5272"},{"taxonomy":"post_tag","embeddable":true,"href":"https:\/\/infecar.es\/en\/wp-json\/wp\/v2\/tags?post=5272"}],"curies":[{"name":"wp","href":"https:\/\/api.w.org\/{rel}","templated":true}]}}