

{"id":5269,"date":"2018-04-28T15:11:16","date_gmt":"2018-04-28T15:11:16","guid":{"rendered":"https:\/\/infecar.es\/2018\/04\/28\/inauguracion-oficial-de-movelec-2-salon-del-vehiculo-electrico-de-canarias\/"},"modified":"2018-04-28T15:11:16","modified_gmt":"2018-04-28T15:11:16","slug":"inauguracion-oficial-de-movelec-2-salon-del-vehiculo-electrico-de-canarias","status":"publish","type":"post","link":"\/en\/news\/inauguracion-oficial-de-movelec-2-salon-del-vehiculo-electrico-de-canarias","title":{"rendered":"Inauguraci\u00f3n Oficial de MOVELEC, 2\u00ba Sal\u00f3n del Veh\u00edculo El\u00e9ctrico de Canarias"},"content":{"rendered":"<p style=\"text-align: justify;\"><span style=\"font-size: 14pt; line-height: 107%; color: #1d2129; background: white;\"><span style=\"font-size: 12pt;\"><\/span><\/span><\/p>\n<p style=\"margin: 1em 0px 2em; font-family: Verdana, Arial, Helvetica, sans-serif; font-size: 12px; text-align: justify;\"><span style=\"color: #000000; font-size: 12pt;\"><span style=\"line-height: 12.84px; background-image: initial; background-position: initial; background-repeat: initial; background-attachment: initial;\">Inauguraci\u00f3n Oficial de\u00a0<\/span><span style=\"line-height: 17.12px;\"><a href=\"https:\/\/www.facebook.com\/hashtag\/movelec?source=feed_text\" style=\"color: #000000; cursor: pointer; text-align: start;\" data-ft=\"{\"tn\":\"*N\",\"type\":104}\"><span class=\"58cl\"><span style=\"unicode-bidi: isolate;\"><span style=\"background-image: initial; background-position: initial; background-repeat: initial; background-attachment: initial;\"><span style=\"unicode-bidi: isolate;\">MOVELEC<\/span><\/span><\/span><\/span><\/a><span style=\"background-image: initial; background-position: initial; background-repeat: initial; background-attachment: initial;\"><span style=\"text-align: start; float: none;\">, 2\u00ba Sal\u00f3n del Veh\u00edculo El\u00e9ctrico de Canarias por parte de Antonio Morales M\u00e9ndez, Presidente del Cabildo de Gran Canaria. En el acto han estado presentes tambi\u00e9n Ra\u00fal Garc\u00eda Brink, Consejero de \u00c1rea de Desarrollo Econ\u00f3mico, Energ\u00eda e I+D+i del Cabildo de Gran Canaria, Jos\u00e9 Ram\u00edrez Hermoso, Concejal delegado del \u00c1rea de Movilidad, Promoci\u00f3n Econ\u00f3mica y Ciudad de Mar del Ayuntamiento de Las Palmas de Gran Canaria y Heriberto D\u00e1vila Ojeda, Director General de Movilidad del Ayuntamiento de Las Palmas de Gran Canaria. <\/span><\/span><\/span><\/span><\/p>\n<p style=\"margin: 1em 0px 2em; font-family: Verdana, Arial, Helvetica, sans-serif; font-size: 12px; text-align: justify;\"><span style=\"color: #000000; font-size: 12pt;\"><span style=\"line-height: 17.12px;\"><span style=\"background-image: initial; background-position: initial; background-repeat: initial; background-attachment: initial;\"><span style=\"text-align: start; float: none;\">MOVELEC, ha contado con el patrocino del Consejo Insular de Energ\u00eda de Gran Canaria, el Ayuntamiento de Las Palmas de Gran Canaria, Sagulpa y Cajasiete. Asimismo, ha contado con la colaboraci\u00f3n de AUVE y Entr\u00e9es.es<\/span><\/span><\/span><\/span><\/p>\n<div><span style=\"color: #000000;\"><span style=\"line-height: 17.12px;\"><span style=\"background-image: initial; background-position: initial; background-repeat: initial; background-attachment: initial;\"><span style=\"text-align: start; float: none;\"><span style=\"font-family: Calibri, Arial, sans-serif; white-space: pre-wrap;\"><span style=\"color: #212121; font-family: Calibri, Arial, sans-serif; font-size: 15px; white-space: pre-wrap;\"><\/span><\/span><\/span><\/span><\/span><\/span><span style=\"color: #000000; font-size: 12pt;\"><span style=\"line-height: 17.12px;\"><span style=\"background-image: initial; background-position: initial; background-repeat: initial; background-attachment: initial;\"><span style=\"text-align: start; float: none;\"><br \/>\u00a0<\/span><\/span><\/span><\/span><\/div>\n<p style=\"margin: 1em 0px 2em; font-family: Verdana, Arial, Helvetica, sans-serif; font-size: 12px; text-align: justify;\">\u00a0<\/p>\n","protected":false},"excerpt":{"rendered":"<p>Inauguraci\u00f3n Oficial de\u00a0MOVELEC, 2\u00ba Sal\u00f3n del Veh\u00edculo El\u00e9ctrico de Canarias por parte de Antonio Morales M\u00e9ndez, Presidente del Cabildo de Gran Canaria. En el acto han estado presentes tambi\u00e9n Ra\u00fal Garc\u00eda Brink, Consejero de \u00c1rea de Desarrollo Econ\u00f3mico, Energ\u00eda e I+D+i del Cabildo de Gran Canaria, Jos\u00e9 Ram\u00edrez Hermoso, Concejal delegado del \u00c1rea de Movilidad, [&hellip;]<\/p>\n","protected":false},"author":1,"featured_media":881,"comment_status":"open","ping_status":"open","sticky":false,"template":"","format":"standard","meta":{"_acf_changed":false,"om_disable_all_campaigns":false,"_monsterinsights_skip_tracking":false,"_monsterinsights_sitenote_active":false,"_monsterinsights_sitenote_note":"","_monsterinsights_sitenote_category":0,"_uf_show_specific_survey":0,"_uf_disable_surveys":false,"_joinchat":[],"footnotes":""},"categories":[1],"tags":[],"class_list":["post-5269","post","type-post","status-publish","format-standard","has-post-thumbnail","hentry","category-sin-categorizar"],"acf":[],"aioseo_notices":[],"yoast_head":"<!-- This site is optimized with the Yoast SEO plugin v26.7 - https:\/\/yoast.com\/wordpress\/plugins\/seo\/ -->\n<title>Inauguraci\u00f3n Oficial de MOVELEC, 2\u00ba Sal\u00f3n del Veh\u00edculo El\u00e9ctrico de Canarias - Infecar<\/title>\n<meta name=\"robots\" content=\"index, follow, max-snippet:-1, max-image-preview:large, max-video-preview:-1\" \/>\n<link rel=\"canonical\" href=\"https:\/\/infecar.es\/en\/news\/inauguracion-oficial-de-movelec-2-salon-del-vehiculo-electrico-de-canarias\/\" \/>\n<meta property=\"og:locale\" content=\"en_US\" \/>\n<meta property=\"og:type\" content=\"article\" \/>\n<meta property=\"og:title\" content=\"Inauguraci\u00f3n Oficial de MOVELEC, 2\u00ba Sal\u00f3n del Veh\u00edculo El\u00e9ctrico de Canarias - Infecar\" \/>\n<meta property=\"og:description\" content=\"Inauguraci\u00f3n Oficial de\u00a0MOVELEC, 2\u00ba Sal\u00f3n del Veh\u00edculo El\u00e9ctrico de Canarias por parte de Antonio Morales M\u00e9ndez, Presidente del Cabildo de Gran Canaria. En el acto han estado presentes tambi\u00e9n Ra\u00fal Garc\u00eda Brink, Consejero de \u00c1rea de Desarrollo Econ\u00f3mico, Energ\u00eda e I+D+i del Cabildo de Gran Canaria, Jos\u00e9 Ram\u00edrez Hermoso, Concejal delegado del \u00c1rea de Movilidad, [&hellip;]\" \/>\n<meta property=\"og:url\" content=\"\/en\/news\/inauguracion-oficial-de-movelec-2-salon-del-vehiculo-electrico-de-canarias\/\" \/>\n<meta property=\"og:site_name\" content=\"Infecar\" \/>\n<meta property=\"article:published_time\" content=\"2018-04-28T15:11:16+00:00\" \/>\n<meta property=\"og:image\" content=\"https:\/\/infecar.es\/wp-content\/uploads\/2023\/01\/64f1bd36159ab528d3f0e600c8367f84-scaled.jpg\" \/>\n\t<meta property=\"og:image:width\" content=\"2560\" \/>\n\t<meta property=\"og:image:height\" content=\"1707\" \/>\n\t<meta property=\"og:image:type\" content=\"image\/jpeg\" \/>\n<meta name=\"author\" content=\"admin\" \/>\n<meta name=\"twitter:card\" content=\"summary_large_image\" \/>\n<meta name=\"twitter:label1\" content=\"Written by\" \/>\n\t<meta name=\"twitter:data1\" content=\"admin\" \/>\n\t<meta name=\"twitter:label2\" content=\"Est. reading time\" \/>\n\t<meta name=\"twitter:data2\" content=\"1 minute\" \/>\n<script type=\"application\/ld+json\" class=\"yoast-schema-graph\">{\"@context\":\"https:\/\/schema.org\",\"@graph\":[{\"@type\":\"Article\",\"@id\":\"https:\/\/infecar.es\/en\/news\/inauguracion-oficial-de-movelec-2-salon-del-vehiculo-electrico-de-canarias\/#article\",\"isPartOf\":{\"@id\":\"\/en\/news\/inauguracion-oficial-de-movelec-2-salon-del-vehiculo-electrico-de-canarias\/\"},\"author\":{\"name\":\"admin\",\"@id\":\"https:\/\/infecar.es\/en\/#\/schema\/person\/2411995f63ef29797d62c4fa83b3f3bb\"},\"headline\":\"Inauguraci\u00f3n Oficial de MOVELEC, 2\u00ba Sal\u00f3n del Veh\u00edculo El\u00e9ctrico de Canarias\",\"datePublished\":\"2018-04-28T15:11:16+00:00\",\"mainEntityOfPage\":{\"@id\":\"\/en\/news\/inauguracion-oficial-de-movelec-2-salon-del-vehiculo-electrico-de-canarias\/\"},\"wordCount\":154,\"commentCount\":0,\"publisher\":{\"@id\":\"https:\/\/infecar.es\/en\/#organization\"},\"image\":{\"@id\":\"https:\/\/infecar.es\/en\/news\/inauguracion-oficial-de-movelec-2-salon-del-vehiculo-electrico-de-canarias\/#primaryimage\"},\"thumbnailUrl\":\"https:\/\/infecar.es\/wp-content\/uploads\/2023\/01\/64f1bd36159ab528d3f0e600c8367f84-scaled.jpg\",\"articleSection\":[\"Sin categorizar\"],\"inLanguage\":\"en-US\"},{\"@type\":\"WebPage\",\"@id\":\"\/en\/news\/inauguracion-oficial-de-movelec-2-salon-del-vehiculo-electrico-de-canarias\/\",\"url\":\"https:\/\/infecar.es\/en\/news\/inauguracion-oficial-de-movelec-2-salon-del-vehiculo-electrico-de-canarias\/\",\"name\":\"Inauguraci\u00f3n Oficial de MOVELEC, 2\u00ba Sal\u00f3n del Veh\u00edculo El\u00e9ctrico de Canarias - Infecar\",\"isPartOf\":{\"@id\":\"https:\/\/infecar.es\/en\/#website\"},\"primaryImageOfPage\":{\"@id\":\"https:\/\/infecar.es\/en\/news\/inauguracion-oficial-de-movelec-2-salon-del-vehiculo-electrico-de-canarias\/#primaryimage\"},\"image\":{\"@id\":\"https:\/\/infecar.es\/en\/news\/inauguracion-oficial-de-movelec-2-salon-del-vehiculo-electrico-de-canarias\/#primaryimage\"},\"thumbnailUrl\":\"https:\/\/infecar.es\/wp-content\/uploads\/2023\/01\/64f1bd36159ab528d3f0e600c8367f84-scaled.jpg\",\"datePublished\":\"2018-04-28T15:11:16+00:00\",\"breadcrumb\":{\"@id\":\"https:\/\/infecar.es\/en\/news\/inauguracion-oficial-de-movelec-2-salon-del-vehiculo-electrico-de-canarias\/#breadcrumb\"},\"inLanguage\":\"en-US\",\"potentialAction\":[{\"@type\":\"ReadAction\",\"target\":[\"https:\/\/infecar.es\/en\/news\/inauguracion-oficial-de-movelec-2-salon-del-vehiculo-electrico-de-canarias\/\"]}]},{\"@type\":\"ImageObject\",\"inLanguage\":\"en-US\",\"@id\":\"https:\/\/infecar.es\/en\/news\/inauguracion-oficial-de-movelec-2-salon-del-vehiculo-electrico-de-canarias\/#primaryimage\",\"url\":\"https:\/\/infecar.es\/wp-content\/uploads\/2023\/01\/64f1bd36159ab528d3f0e600c8367f84-scaled.jpg\",\"contentUrl\":\"https:\/\/infecar.es\/wp-content\/uploads\/2023\/01\/64f1bd36159ab528d3f0e600c8367f84-scaled.jpg\",\"width\":2560,\"height\":1707},{\"@type\":\"BreadcrumbList\",\"@id\":\"https:\/\/infecar.es\/en\/news\/inauguracion-oficial-de-movelec-2-salon-del-vehiculo-electrico-de-canarias\/#breadcrumb\",\"itemListElement\":[{\"@type\":\"ListItem\",\"position\":1,\"name\":\"Portada\",\"item\":\"https:\/\/infecar.es\/en\/\"},{\"@type\":\"ListItem\",\"position\":2,\"name\":\"Inauguraci\u00f3n Oficial de MOVELEC, 2\u00ba Sal\u00f3n del Veh\u00edculo El\u00e9ctrico de Canarias\"}]},{\"@type\":\"WebSite\",\"@id\":\"https:\/\/infecar.es\/en\/#website\",\"url\":\"https:\/\/infecar.es\/en\/\",\"name\":\"Infecar\",\"description\":\"Feria de Gran Canaria\",\"publisher\":{\"@id\":\"https:\/\/infecar.es\/en\/#organization\"},\"potentialAction\":[{\"@type\":\"SearchAction\",\"target\":{\"@type\":\"EntryPoint\",\"urlTemplate\":\"https:\/\/infecar.es\/en\/?s={search_term_string}\"},\"query-input\":{\"@type\":\"PropertyValueSpecification\",\"valueRequired\":true,\"valueName\":\"search_term_string\"}}],\"inLanguage\":\"en-US\"},{\"@type\":\"Organization\",\"@id\":\"https:\/\/infecar.es\/en\/#organization\",\"name\":\"Infecar\",\"url\":\"https:\/\/infecar.es\/en\/\",\"logo\":{\"@type\":\"ImageObject\",\"inLanguage\":\"en-US\",\"@id\":\"https:\/\/infecar.es\/en\/#\/schema\/logo\/image\/\",\"url\":\"https:\/\/infecar.es\/wp-content\/uploads\/2023\/02\/logo_black.svg\",\"contentUrl\":\"https:\/\/infecar.es\/wp-content\/uploads\/2023\/02\/logo_black.svg\",\"width\":1,\"height\":1,\"caption\":\"Infecar\"},\"image\":{\"@id\":\"https:\/\/infecar.es\/en\/#\/schema\/logo\/image\/\"}},{\"@type\":\"Person\",\"@id\":\"https:\/\/infecar.es\/en\/#\/schema\/person\/2411995f63ef29797d62c4fa83b3f3bb\",\"name\":\"admin\",\"image\":{\"@type\":\"ImageObject\",\"inLanguage\":\"en-US\",\"@id\":\"https:\/\/infecar.es\/en\/#\/schema\/person\/image\/\",\"url\":\"https:\/\/secure.gravatar.com\/avatar\/75dbbd3c542520ec06d33839c25bfc19076bf1b9da837dbf8254ae63b9db48ec?s=96&d=mm&r=g\",\"contentUrl\":\"https:\/\/secure.gravatar.com\/avatar\/75dbbd3c542520ec06d33839c25bfc19076bf1b9da837dbf8254ae63b9db48ec?s=96&d=mm&r=g\",\"caption\":\"admin\"},\"sameAs\":[\"http:\/\/infecar.2coders.com\"],\"url\":\"https:\/\/infecar.es\/en\/author\/2coders\/\"}]}<\/script>\n<!-- \/ Yoast SEO plugin. -->","yoast_head_json":{"title":"Inauguraci\u00f3n Oficial de MOVELEC, 2\u00ba Sal\u00f3n del Veh\u00edculo El\u00e9ctrico de Canarias - Infecar","robots":{"index":"index","follow":"follow","max-snippet":"max-snippet:-1","max-image-preview":"max-image-preview:large","max-video-preview":"max-video-preview:-1"},"canonical":"https:\/\/infecar.es\/en\/news\/inauguracion-oficial-de-movelec-2-salon-del-vehiculo-electrico-de-canarias\/","og_locale":"en_US","og_type":"article","og_title":"Inauguraci\u00f3n Oficial de MOVELEC, 2\u00ba Sal\u00f3n del Veh\u00edculo El\u00e9ctrico de Canarias - Infecar","og_description":"Inauguraci\u00f3n Oficial de\u00a0MOVELEC, 2\u00ba Sal\u00f3n del Veh\u00edculo El\u00e9ctrico de Canarias por parte de Antonio Morales M\u00e9ndez, Presidente del Cabildo de Gran Canaria. En el acto han estado presentes tambi\u00e9n Ra\u00fal Garc\u00eda Brink, Consejero de \u00c1rea de Desarrollo Econ\u00f3mico, Energ\u00eda e I+D+i del Cabildo de Gran Canaria, Jos\u00e9 Ram\u00edrez Hermoso, Concejal delegado del \u00c1rea de Movilidad, [&hellip;]","og_url":"\/en\/news\/inauguracion-oficial-de-movelec-2-salon-del-vehiculo-electrico-de-canarias\/","og_site_name":"Infecar","article_published_time":"2018-04-28T15:11:16+00:00","og_image":[{"width":2560,"height":1707,"url":"https:\/\/infecar.es\/wp-content\/uploads\/2023\/01\/64f1bd36159ab528d3f0e600c8367f84-scaled.jpg","type":"image\/jpeg"}],"author":"admin","twitter_card":"summary_large_image","twitter_misc":{"Written by":"admin","Est. reading time":"1 minute"},"schema":{"@context":"https:\/\/schema.org","@graph":[{"@type":"Article","@id":"https:\/\/infecar.es\/en\/news\/inauguracion-oficial-de-movelec-2-salon-del-vehiculo-electrico-de-canarias\/#article","isPartOf":{"@id":"\/en\/news\/inauguracion-oficial-de-movelec-2-salon-del-vehiculo-electrico-de-canarias\/"},"author":{"name":"admin","@id":"https:\/\/infecar.es\/en\/#\/schema\/person\/2411995f63ef29797d62c4fa83b3f3bb"},"headline":"Inauguraci\u00f3n Oficial de MOVELEC, 2\u00ba Sal\u00f3n del Veh\u00edculo El\u00e9ctrico de Canarias","datePublished":"2018-04-28T15:11:16+00:00","mainEntityOfPage":{"@id":"\/en\/news\/inauguracion-oficial-de-movelec-2-salon-del-vehiculo-electrico-de-canarias\/"},"wordCount":154,"commentCount":0,"publisher":{"@id":"https:\/\/infecar.es\/en\/#organization"},"image":{"@id":"https:\/\/infecar.es\/en\/news\/inauguracion-oficial-de-movelec-2-salon-del-vehiculo-electrico-de-canarias\/#primaryimage"},"thumbnailUrl":"https:\/\/infecar.es\/wp-content\/uploads\/2023\/01\/64f1bd36159ab528d3f0e600c8367f84-scaled.jpg","articleSection":["Sin categorizar"],"inLanguage":"en-US"},{"@type":"WebPage","@id":"\/en\/news\/inauguracion-oficial-de-movelec-2-salon-del-vehiculo-electrico-de-canarias\/","url":"https:\/\/infecar.es\/en\/news\/inauguracion-oficial-de-movelec-2-salon-del-vehiculo-electrico-de-canarias\/","name":"Inauguraci\u00f3n Oficial de MOVELEC, 2\u00ba Sal\u00f3n del Veh\u00edculo El\u00e9ctrico de Canarias - Infecar","isPartOf":{"@id":"https:\/\/infecar.es\/en\/#website"},"primaryImageOfPage":{"@id":"https:\/\/infecar.es\/en\/news\/inauguracion-oficial-de-movelec-2-salon-del-vehiculo-electrico-de-canarias\/#primaryimage"},"image":{"@id":"https:\/\/infecar.es\/en\/news\/inauguracion-oficial-de-movelec-2-salon-del-vehiculo-electrico-de-canarias\/#primaryimage"},"thumbnailUrl":"https:\/\/infecar.es\/wp-content\/uploads\/2023\/01\/64f1bd36159ab528d3f0e600c8367f84-scaled.jpg","datePublished":"2018-04-28T15:11:16+00:00","breadcrumb":{"@id":"https:\/\/infecar.es\/en\/news\/inauguracion-oficial-de-movelec-2-salon-del-vehiculo-electrico-de-canarias\/#breadcrumb"},"inLanguage":"en-US","potentialAction":[{"@type":"ReadAction","target":["https:\/\/infecar.es\/en\/news\/inauguracion-oficial-de-movelec-2-salon-del-vehiculo-electrico-de-canarias\/"]}]},{"@type":"ImageObject","inLanguage":"en-US","@id":"https:\/\/infecar.es\/en\/news\/inauguracion-oficial-de-movelec-2-salon-del-vehiculo-electrico-de-canarias\/#primaryimage","url":"https:\/\/infecar.es\/wp-content\/uploads\/2023\/01\/64f1bd36159ab528d3f0e600c8367f84-scaled.jpg","contentUrl":"https:\/\/infecar.es\/wp-content\/uploads\/2023\/01\/64f1bd36159ab528d3f0e600c8367f84-scaled.jpg","width":2560,"height":1707},{"@type":"BreadcrumbList","@id":"https:\/\/infecar.es\/en\/news\/inauguracion-oficial-de-movelec-2-salon-del-vehiculo-electrico-de-canarias\/#breadcrumb","itemListElement":[{"@type":"ListItem","position":1,"name":"Portada","item":"https:\/\/infecar.es\/en\/"},{"@type":"ListItem","position":2,"name":"Inauguraci\u00f3n Oficial de MOVELEC, 2\u00ba Sal\u00f3n del Veh\u00edculo El\u00e9ctrico de Canarias"}]},{"@type":"WebSite","@id":"https:\/\/infecar.es\/en\/#website","url":"https:\/\/infecar.es\/en\/","name":"Infecar","description":"Feria de Gran Canaria","publisher":{"@id":"https:\/\/infecar.es\/en\/#organization"},"potentialAction":[{"@type":"SearchAction","target":{"@type":"EntryPoint","urlTemplate":"https:\/\/infecar.es\/en\/?s={search_term_string}"},"query-input":{"@type":"PropertyValueSpecification","valueRequired":true,"valueName":"search_term_string"}}],"inLanguage":"en-US"},{"@type":"Organization","@id":"https:\/\/infecar.es\/en\/#organization","name":"Infecar","url":"https:\/\/infecar.es\/en\/","logo":{"@type":"ImageObject","inLanguage":"en-US","@id":"https:\/\/infecar.es\/en\/#\/schema\/logo\/image\/","url":"https:\/\/infecar.es\/wp-content\/uploads\/2023\/02\/logo_black.svg","contentUrl":"https:\/\/infecar.es\/wp-content\/uploads\/2023\/02\/logo_black.svg","width":1,"height":1,"caption":"Infecar"},"image":{"@id":"https:\/\/infecar.es\/en\/#\/schema\/logo\/image\/"}},{"@type":"Person","@id":"https:\/\/infecar.es\/en\/#\/schema\/person\/2411995f63ef29797d62c4fa83b3f3bb","name":"admin","image":{"@type":"ImageObject","inLanguage":"en-US","@id":"https:\/\/infecar.es\/en\/#\/schema\/person\/image\/","url":"https:\/\/secure.gravatar.com\/avatar\/75dbbd3c542520ec06d33839c25bfc19076bf1b9da837dbf8254ae63b9db48ec?s=96&d=mm&r=g","contentUrl":"https:\/\/secure.gravatar.com\/avatar\/75dbbd3c542520ec06d33839c25bfc19076bf1b9da837dbf8254ae63b9db48ec?s=96&d=mm&r=g","caption":"admin"},"sameAs":["http:\/\/infecar.2coders.com"],"url":"https:\/\/infecar.es\/en\/author\/2coders\/"}]}},"_links":{"self":[{"href":"https:\/\/infecar.es\/en\/wp-json\/wp\/v2\/posts\/5269","targetHints":{"allow":["GET"]}}],"collection":[{"href":"https:\/\/infecar.es\/en\/wp-json\/wp\/v2\/posts"}],"about":[{"href":"https:\/\/infecar.es\/en\/wp-json\/wp\/v2\/types\/post"}],"author":[{"embeddable":true,"href":"https:\/\/infecar.es\/en\/wp-json\/wp\/v2\/users\/1"}],"replies":[{"embeddable":true,"href":"https:\/\/infecar.es\/en\/wp-json\/wp\/v2\/comments?post=5269"}],"version-history":[{"count":0,"href":"https:\/\/infecar.es\/en\/wp-json\/wp\/v2\/posts\/5269\/revisions"}],"wp:featuredmedia":[{"embeddable":true,"href":"https:\/\/infecar.es\/en\/wp-json\/wp\/v2\/media\/881"}],"wp:attachment":[{"href":"https:\/\/infecar.es\/en\/wp-json\/wp\/v2\/media?parent=5269"}],"wp:term":[{"taxonomy":"category","embeddable":true,"href":"https:\/\/infecar.es\/en\/wp-json\/wp\/v2\/categories?post=5269"},{"taxonomy":"post_tag","embeddable":true,"href":"https:\/\/infecar.es\/en\/wp-json\/wp\/v2\/tags?post=5269"}],"curies":[{"name":"wp","href":"https:\/\/api.w.org\/{rel}","templated":true}]}}