

{"id":5253,"date":"2018-03-19T13:07:28","date_gmt":"2018-03-19T13:07:28","guid":{"rendered":"https:\/\/infecar.es\/2018\/03\/19\/congreso-de-jovenes-lectores-y-escritores-de-canarias\/"},"modified":"2018-03-19T13:07:28","modified_gmt":"2018-03-19T13:07:28","slug":"congreso-de-jovenes-lectores-y-escritores-de-canarias","status":"publish","type":"post","link":"\/en\/news\/congreso-de-jovenes-lectores-y-escritores-de-canarias","title":{"rendered":"Congreso de J\u00f3venes Lectores y Escritores de Canarias"},"content":{"rendered":"<p><span class=\"m_9103964443433977917gmail-body\" style=\"font-family: arial, sans-serif; font-size: 12.8px;\">Se ha celebrado en INFECAR,\u00a0el Congreso de J\u00f3venes Lectores y Escritores de Canarias<\/span><\/p>\n<p><span style=\"font-family: arial, sans-serif; font-size: 12.8px;\">La Consejer\u00eda de Educaci\u00f3n y Universidades organiza durante el presente curso escolar 2017-2018 el\u00a0<\/span><strong style=\"font-family: arial, sans-serif; font-size: 12.8px;\">Congreso de J\u00f3venes Lectores y Escritores de Canarias<\/strong><span style=\"font-family: arial, sans-serif; font-size: 12.8px;\">. Este proyecto persigue afianzar en el alumnado la mejora de la competencia lectora en contextos reales como instrumento b\u00e1sico de desarrollo y madurez, a trav\u00e9s de la lectura en todas sus dimensiones. El proyecto reunir\u00e1 a 4.560 estudiantes de 108 centros educativos de las islas con los autores de las obras que han trabajado durante este curso.<\/span><\/p>\n","protected":false},"excerpt":{"rendered":"<p>Se ha celebrado en INFECAR,\u00a0el Congreso de J\u00f3venes Lectores y Escritores de Canarias La Consejer\u00eda de Educaci\u00f3n y Universidades organiza durante el presente curso escolar 2017-2018 el\u00a0Congreso de J\u00f3venes Lectores y Escritores de Canarias. Este proyecto persigue afianzar en el alumnado la mejora de la competencia lectora en contextos reales como instrumento b\u00e1sico de desarrollo [&hellip;]<\/p>\n","protected":false},"author":1,"featured_media":4221,"comment_status":"open","ping_status":"open","sticky":false,"template":"","format":"standard","meta":{"_acf_changed":false,"om_disable_all_campaigns":false,"_monsterinsights_skip_tracking":false,"_monsterinsights_sitenote_active":false,"_monsterinsights_sitenote_note":"","_monsterinsights_sitenote_category":0,"_uf_show_specific_survey":0,"_uf_disable_surveys":false,"_joinchat":[],"footnotes":""},"categories":[1],"tags":[],"class_list":["post-5253","post","type-post","status-publish","format-standard","has-post-thumbnail","hentry","category-sin-categorizar"],"acf":[],"aioseo_notices":[],"yoast_head":"<!-- This site is optimized with the Yoast SEO plugin v26.7 - https:\/\/yoast.com\/wordpress\/plugins\/seo\/ -->\n<title>Congreso de J\u00f3venes Lectores y Escritores de Canarias - Infecar<\/title>\n<meta name=\"robots\" content=\"index, follow, max-snippet:-1, max-image-preview:large, max-video-preview:-1\" \/>\n<link rel=\"canonical\" href=\"https:\/\/infecar.es\/en\/news\/congreso-de-jovenes-lectores-y-escritores-de-canarias\/\" \/>\n<meta property=\"og:locale\" content=\"en_US\" \/>\n<meta property=\"og:type\" content=\"article\" \/>\n<meta property=\"og:title\" content=\"Congreso de J\u00f3venes Lectores y Escritores de Canarias - Infecar\" \/>\n<meta property=\"og:description\" content=\"Se ha celebrado en INFECAR,\u00a0el Congreso de J\u00f3venes Lectores y Escritores de Canarias La Consejer\u00eda de Educaci\u00f3n y Universidades organiza durante el presente curso escolar 2017-2018 el\u00a0Congreso de J\u00f3venes Lectores y Escritores de Canarias. Este proyecto persigue afianzar en el alumnado la mejora de la competencia lectora en contextos reales como instrumento b\u00e1sico de desarrollo [&hellip;]\" \/>\n<meta property=\"og:url\" content=\"\/en\/news\/congreso-de-jovenes-lectores-y-escritores-de-canarias\/\" \/>\n<meta property=\"og:site_name\" content=\"Infecar\" \/>\n<meta property=\"article:published_time\" content=\"2018-03-19T13:07:28+00:00\" \/>\n<meta property=\"og:image\" content=\"https:\/\/infecar.es\/wp-content\/uploads\/2023\/01\/ef76ec555f88001101e0e225c3aa91e9-scaled.jpg\" \/>\n\t<meta property=\"og:image:width\" content=\"2560\" \/>\n\t<meta property=\"og:image:height\" content=\"1920\" \/>\n\t<meta property=\"og:image:type\" content=\"image\/jpeg\" \/>\n<meta name=\"author\" content=\"admin\" \/>\n<meta name=\"twitter:card\" content=\"summary_large_image\" \/>\n<meta name=\"twitter:label1\" content=\"Written by\" \/>\n\t<meta name=\"twitter:data1\" content=\"admin\" \/>\n<script type=\"application\/ld+json\" class=\"yoast-schema-graph\">{\"@context\":\"https:\/\/schema.org\",\"@graph\":[{\"@type\":\"Article\",\"@id\":\"https:\/\/infecar.es\/en\/news\/congreso-de-jovenes-lectores-y-escritores-de-canarias\/#article\",\"isPartOf\":{\"@id\":\"\/en\/news\/congreso-de-jovenes-lectores-y-escritores-de-canarias\/\"},\"author\":{\"name\":\"admin\",\"@id\":\"https:\/\/infecar.es\/en\/#\/schema\/person\/2411995f63ef29797d62c4fa83b3f3bb\"},\"headline\":\"Congreso de J\u00f3venes Lectores y Escritores de Canarias\",\"datePublished\":\"2018-03-19T13:07:28+00:00\",\"mainEntityOfPage\":{\"@id\":\"\/en\/news\/congreso-de-jovenes-lectores-y-escritores-de-canarias\/\"},\"wordCount\":106,\"commentCount\":0,\"publisher\":{\"@id\":\"https:\/\/infecar.es\/en\/#organization\"},\"image\":{\"@id\":\"https:\/\/infecar.es\/en\/news\/congreso-de-jovenes-lectores-y-escritores-de-canarias\/#primaryimage\"},\"thumbnailUrl\":\"https:\/\/infecar.es\/wp-content\/uploads\/2023\/01\/ef76ec555f88001101e0e225c3aa91e9-scaled.jpg\",\"articleSection\":[\"Sin categorizar\"],\"inLanguage\":\"en-US\"},{\"@type\":\"WebPage\",\"@id\":\"\/en\/news\/congreso-de-jovenes-lectores-y-escritores-de-canarias\/\",\"url\":\"https:\/\/infecar.es\/en\/news\/congreso-de-jovenes-lectores-y-escritores-de-canarias\/\",\"name\":\"Congreso de J\u00f3venes Lectores y Escritores de Canarias - Infecar\",\"isPartOf\":{\"@id\":\"https:\/\/infecar.es\/en\/#website\"},\"primaryImageOfPage\":{\"@id\":\"https:\/\/infecar.es\/en\/news\/congreso-de-jovenes-lectores-y-escritores-de-canarias\/#primaryimage\"},\"image\":{\"@id\":\"https:\/\/infecar.es\/en\/news\/congreso-de-jovenes-lectores-y-escritores-de-canarias\/#primaryimage\"},\"thumbnailUrl\":\"https:\/\/infecar.es\/wp-content\/uploads\/2023\/01\/ef76ec555f88001101e0e225c3aa91e9-scaled.jpg\",\"datePublished\":\"2018-03-19T13:07:28+00:00\",\"breadcrumb\":{\"@id\":\"https:\/\/infecar.es\/en\/news\/congreso-de-jovenes-lectores-y-escritores-de-canarias\/#breadcrumb\"},\"inLanguage\":\"en-US\",\"potentialAction\":[{\"@type\":\"ReadAction\",\"target\":[\"https:\/\/infecar.es\/en\/news\/congreso-de-jovenes-lectores-y-escritores-de-canarias\/\"]}]},{\"@type\":\"ImageObject\",\"inLanguage\":\"en-US\",\"@id\":\"https:\/\/infecar.es\/en\/news\/congreso-de-jovenes-lectores-y-escritores-de-canarias\/#primaryimage\",\"url\":\"https:\/\/infecar.es\/wp-content\/uploads\/2023\/01\/ef76ec555f88001101e0e225c3aa91e9-scaled.jpg\",\"contentUrl\":\"https:\/\/infecar.es\/wp-content\/uploads\/2023\/01\/ef76ec555f88001101e0e225c3aa91e9-scaled.jpg\",\"width\":2560,\"height\":1920},{\"@type\":\"BreadcrumbList\",\"@id\":\"https:\/\/infecar.es\/en\/news\/congreso-de-jovenes-lectores-y-escritores-de-canarias\/#breadcrumb\",\"itemListElement\":[{\"@type\":\"ListItem\",\"position\":1,\"name\":\"Portada\",\"item\":\"https:\/\/infecar.es\/en\/\"},{\"@type\":\"ListItem\",\"position\":2,\"name\":\"Congreso de J\u00f3venes Lectores y Escritores de Canarias\"}]},{\"@type\":\"WebSite\",\"@id\":\"https:\/\/infecar.es\/en\/#website\",\"url\":\"https:\/\/infecar.es\/en\/\",\"name\":\"Infecar\",\"description\":\"Feria de Gran Canaria\",\"publisher\":{\"@id\":\"https:\/\/infecar.es\/en\/#organization\"},\"potentialAction\":[{\"@type\":\"SearchAction\",\"target\":{\"@type\":\"EntryPoint\",\"urlTemplate\":\"https:\/\/infecar.es\/en\/?s={search_term_string}\"},\"query-input\":{\"@type\":\"PropertyValueSpecification\",\"valueRequired\":true,\"valueName\":\"search_term_string\"}}],\"inLanguage\":\"en-US\"},{\"@type\":\"Organization\",\"@id\":\"https:\/\/infecar.es\/en\/#organization\",\"name\":\"Infecar\",\"url\":\"https:\/\/infecar.es\/en\/\",\"logo\":{\"@type\":\"ImageObject\",\"inLanguage\":\"en-US\",\"@id\":\"https:\/\/infecar.es\/en\/#\/schema\/logo\/image\/\",\"url\":\"https:\/\/infecar.es\/wp-content\/uploads\/2023\/02\/logo_black.svg\",\"contentUrl\":\"https:\/\/infecar.es\/wp-content\/uploads\/2023\/02\/logo_black.svg\",\"width\":1,\"height\":1,\"caption\":\"Infecar\"},\"image\":{\"@id\":\"https:\/\/infecar.es\/en\/#\/schema\/logo\/image\/\"}},{\"@type\":\"Person\",\"@id\":\"https:\/\/infecar.es\/en\/#\/schema\/person\/2411995f63ef29797d62c4fa83b3f3bb\",\"name\":\"admin\",\"image\":{\"@type\":\"ImageObject\",\"inLanguage\":\"en-US\",\"@id\":\"https:\/\/infecar.es\/en\/#\/schema\/person\/image\/\",\"url\":\"https:\/\/secure.gravatar.com\/avatar\/75dbbd3c542520ec06d33839c25bfc19076bf1b9da837dbf8254ae63b9db48ec?s=96&d=mm&r=g\",\"contentUrl\":\"https:\/\/secure.gravatar.com\/avatar\/75dbbd3c542520ec06d33839c25bfc19076bf1b9da837dbf8254ae63b9db48ec?s=96&d=mm&r=g\",\"caption\":\"admin\"},\"sameAs\":[\"http:\/\/infecar.2coders.com\"],\"url\":\"https:\/\/infecar.es\/en\/author\/2coders\/\"}]}<\/script>\n<!-- \/ Yoast SEO plugin. -->","yoast_head_json":{"title":"Congreso de J\u00f3venes Lectores y Escritores de Canarias - Infecar","robots":{"index":"index","follow":"follow","max-snippet":"max-snippet:-1","max-image-preview":"max-image-preview:large","max-video-preview":"max-video-preview:-1"},"canonical":"https:\/\/infecar.es\/en\/news\/congreso-de-jovenes-lectores-y-escritores-de-canarias\/","og_locale":"en_US","og_type":"article","og_title":"Congreso de J\u00f3venes Lectores y Escritores de Canarias - Infecar","og_description":"Se ha celebrado en INFECAR,\u00a0el Congreso de J\u00f3venes Lectores y Escritores de Canarias La Consejer\u00eda de Educaci\u00f3n y Universidades organiza durante el presente curso escolar 2017-2018 el\u00a0Congreso de J\u00f3venes Lectores y Escritores de Canarias. Este proyecto persigue afianzar en el alumnado la mejora de la competencia lectora en contextos reales como instrumento b\u00e1sico de desarrollo [&hellip;]","og_url":"\/en\/news\/congreso-de-jovenes-lectores-y-escritores-de-canarias\/","og_site_name":"Infecar","article_published_time":"2018-03-19T13:07:28+00:00","og_image":[{"width":2560,"height":1920,"url":"https:\/\/infecar.es\/wp-content\/uploads\/2023\/01\/ef76ec555f88001101e0e225c3aa91e9-scaled.jpg","type":"image\/jpeg"}],"author":"admin","twitter_card":"summary_large_image","twitter_misc":{"Written by":"admin"},"schema":{"@context":"https:\/\/schema.org","@graph":[{"@type":"Article","@id":"https:\/\/infecar.es\/en\/news\/congreso-de-jovenes-lectores-y-escritores-de-canarias\/#article","isPartOf":{"@id":"\/en\/news\/congreso-de-jovenes-lectores-y-escritores-de-canarias\/"},"author":{"name":"admin","@id":"https:\/\/infecar.es\/en\/#\/schema\/person\/2411995f63ef29797d62c4fa83b3f3bb"},"headline":"Congreso de J\u00f3venes Lectores y Escritores de Canarias","datePublished":"2018-03-19T13:07:28+00:00","mainEntityOfPage":{"@id":"\/en\/news\/congreso-de-jovenes-lectores-y-escritores-de-canarias\/"},"wordCount":106,"commentCount":0,"publisher":{"@id":"https:\/\/infecar.es\/en\/#organization"},"image":{"@id":"https:\/\/infecar.es\/en\/news\/congreso-de-jovenes-lectores-y-escritores-de-canarias\/#primaryimage"},"thumbnailUrl":"https:\/\/infecar.es\/wp-content\/uploads\/2023\/01\/ef76ec555f88001101e0e225c3aa91e9-scaled.jpg","articleSection":["Sin categorizar"],"inLanguage":"en-US"},{"@type":"WebPage","@id":"\/en\/news\/congreso-de-jovenes-lectores-y-escritores-de-canarias\/","url":"https:\/\/infecar.es\/en\/news\/congreso-de-jovenes-lectores-y-escritores-de-canarias\/","name":"Congreso de J\u00f3venes Lectores y Escritores de Canarias - Infecar","isPartOf":{"@id":"https:\/\/infecar.es\/en\/#website"},"primaryImageOfPage":{"@id":"https:\/\/infecar.es\/en\/news\/congreso-de-jovenes-lectores-y-escritores-de-canarias\/#primaryimage"},"image":{"@id":"https:\/\/infecar.es\/en\/news\/congreso-de-jovenes-lectores-y-escritores-de-canarias\/#primaryimage"},"thumbnailUrl":"https:\/\/infecar.es\/wp-content\/uploads\/2023\/01\/ef76ec555f88001101e0e225c3aa91e9-scaled.jpg","datePublished":"2018-03-19T13:07:28+00:00","breadcrumb":{"@id":"https:\/\/infecar.es\/en\/news\/congreso-de-jovenes-lectores-y-escritores-de-canarias\/#breadcrumb"},"inLanguage":"en-US","potentialAction":[{"@type":"ReadAction","target":["https:\/\/infecar.es\/en\/news\/congreso-de-jovenes-lectores-y-escritores-de-canarias\/"]}]},{"@type":"ImageObject","inLanguage":"en-US","@id":"https:\/\/infecar.es\/en\/news\/congreso-de-jovenes-lectores-y-escritores-de-canarias\/#primaryimage","url":"https:\/\/infecar.es\/wp-content\/uploads\/2023\/01\/ef76ec555f88001101e0e225c3aa91e9-scaled.jpg","contentUrl":"https:\/\/infecar.es\/wp-content\/uploads\/2023\/01\/ef76ec555f88001101e0e225c3aa91e9-scaled.jpg","width":2560,"height":1920},{"@type":"BreadcrumbList","@id":"https:\/\/infecar.es\/en\/news\/congreso-de-jovenes-lectores-y-escritores-de-canarias\/#breadcrumb","itemListElement":[{"@type":"ListItem","position":1,"name":"Portada","item":"https:\/\/infecar.es\/en\/"},{"@type":"ListItem","position":2,"name":"Congreso de J\u00f3venes Lectores y Escritores de Canarias"}]},{"@type":"WebSite","@id":"https:\/\/infecar.es\/en\/#website","url":"https:\/\/infecar.es\/en\/","name":"Infecar","description":"Feria de Gran Canaria","publisher":{"@id":"https:\/\/infecar.es\/en\/#organization"},"potentialAction":[{"@type":"SearchAction","target":{"@type":"EntryPoint","urlTemplate":"https:\/\/infecar.es\/en\/?s={search_term_string}"},"query-input":{"@type":"PropertyValueSpecification","valueRequired":true,"valueName":"search_term_string"}}],"inLanguage":"en-US"},{"@type":"Organization","@id":"https:\/\/infecar.es\/en\/#organization","name":"Infecar","url":"https:\/\/infecar.es\/en\/","logo":{"@type":"ImageObject","inLanguage":"en-US","@id":"https:\/\/infecar.es\/en\/#\/schema\/logo\/image\/","url":"https:\/\/infecar.es\/wp-content\/uploads\/2023\/02\/logo_black.svg","contentUrl":"https:\/\/infecar.es\/wp-content\/uploads\/2023\/02\/logo_black.svg","width":1,"height":1,"caption":"Infecar"},"image":{"@id":"https:\/\/infecar.es\/en\/#\/schema\/logo\/image\/"}},{"@type":"Person","@id":"https:\/\/infecar.es\/en\/#\/schema\/person\/2411995f63ef29797d62c4fa83b3f3bb","name":"admin","image":{"@type":"ImageObject","inLanguage":"en-US","@id":"https:\/\/infecar.es\/en\/#\/schema\/person\/image\/","url":"https:\/\/secure.gravatar.com\/avatar\/75dbbd3c542520ec06d33839c25bfc19076bf1b9da837dbf8254ae63b9db48ec?s=96&d=mm&r=g","contentUrl":"https:\/\/secure.gravatar.com\/avatar\/75dbbd3c542520ec06d33839c25bfc19076bf1b9da837dbf8254ae63b9db48ec?s=96&d=mm&r=g","caption":"admin"},"sameAs":["http:\/\/infecar.2coders.com"],"url":"https:\/\/infecar.es\/en\/author\/2coders\/"}]}},"_links":{"self":[{"href":"https:\/\/infecar.es\/en\/wp-json\/wp\/v2\/posts\/5253","targetHints":{"allow":["GET"]}}],"collection":[{"href":"https:\/\/infecar.es\/en\/wp-json\/wp\/v2\/posts"}],"about":[{"href":"https:\/\/infecar.es\/en\/wp-json\/wp\/v2\/types\/post"}],"author":[{"embeddable":true,"href":"https:\/\/infecar.es\/en\/wp-json\/wp\/v2\/users\/1"}],"replies":[{"embeddable":true,"href":"https:\/\/infecar.es\/en\/wp-json\/wp\/v2\/comments?post=5253"}],"version-history":[{"count":0,"href":"https:\/\/infecar.es\/en\/wp-json\/wp\/v2\/posts\/5253\/revisions"}],"wp:featuredmedia":[{"embeddable":true,"href":"https:\/\/infecar.es\/en\/wp-json\/wp\/v2\/media\/4221"}],"wp:attachment":[{"href":"https:\/\/infecar.es\/en\/wp-json\/wp\/v2\/media?parent=5253"}],"wp:term":[{"taxonomy":"category","embeddable":true,"href":"https:\/\/infecar.es\/en\/wp-json\/wp\/v2\/categories?post=5253"},{"taxonomy":"post_tag","embeddable":true,"href":"https:\/\/infecar.es\/en\/wp-json\/wp\/v2\/tags?post=5253"}],"curies":[{"name":"wp","href":"https:\/\/api.w.org\/{rel}","templated":true}]}}