

{"id":5252,"date":"2018-03-13T14:19:17","date_gmt":"2018-03-13T14:19:17","guid":{"rendered":"https:\/\/infecar.es\/2018\/03\/13\/ii-jornada-de-buenas-practicas-de-recursos-humanos-del-cabildo-de-gran-canaria\/"},"modified":"2018-03-13T14:19:17","modified_gmt":"2018-03-13T14:19:17","slug":"ii-jornada-de-buenas-practicas-de-recursos-humanos-del-cabildo-de-gran-canaria","status":"publish","type":"post","link":"\/en\/news\/ii-jornada-de-buenas-practicas-de-recursos-humanos-del-cabildo-de-gran-canaria","title":{"rendered":"II Jornada de Buenas Pr\u00e1cticas de Recursos Humanos del Cabildo de Gran Canaria"},"content":{"rendered":"<p style=\"margin-top: 0px; margin-bottom: 6px; font-family: Helvetica, Arial, sans-serif; color: #1d2129; font-size: 14px;\">En INFECAR se ha realizado la II Jornada de Buenas Pr\u00e1cticas de Recursos Humanos del Cabildo de Gran Canaria organizadas con el\u00a0<a href=\"https:\/\/www.facebook.com\/AyuntamientoLPGC\/?fref=mentions\" class=\"profileLink\" style=\"color: #365899; cursor: pointer; font-family: inherit;\" data-hovercard=\"\/ajax\/hovercard\/page.php?id=716128021770559&#038;extragetparams=%7B%22fref%22%3A%22mentions%22%7D\" data-hovercard-prefer-more-content-show=\"1\">Ayuntamiento de Las Palmas de Gran Canaria<\/a>, la cual ha sido inaugurada por la Consejera de \u00c1rea de RRHH, Organizaci\u00f3n, Educaci\u00f3n y Juventud del Cabildo de Gran Canaria, M\u00b0 Isabel Santana Marrero y el Concejal Delegado de Recursos Humanos, Mario Marcelo Regidor Arenales.<\/p>\n<p style=\"margin-top: 6px; margin-bottom: 0px; display: inline; font-family: Helvetica, Arial, sans-serif; color: #1d2129; font-size: 14px;\">Las jornadas se desarrollar\u00e1n los d\u00edas 13 y 14 de Marzo en la Sala Bandama del Palacio de Congresos Gran Canaria.<\/p>\n","protected":false},"excerpt":{"rendered":"<p>En INFECAR se ha realizado la II Jornada de Buenas Pr\u00e1cticas de Recursos Humanos del Cabildo de Gran Canaria organizadas con el\u00a0Ayuntamiento de Las Palmas de Gran Canaria, la cual ha sido inaugurada por la Consejera de \u00c1rea de RRHH, Organizaci\u00f3n, Educaci\u00f3n y Juventud del Cabildo de Gran Canaria, M\u00b0 Isabel Santana Marrero y el [&hellip;]<\/p>\n","protected":false},"author":1,"featured_media":1600,"comment_status":"open","ping_status":"open","sticky":false,"template":"","format":"standard","meta":{"_acf_changed":false,"om_disable_all_campaigns":false,"_monsterinsights_skip_tracking":false,"_monsterinsights_sitenote_active":false,"_monsterinsights_sitenote_note":"","_monsterinsights_sitenote_category":0,"_uf_show_specific_survey":0,"_uf_disable_surveys":false,"_joinchat":[],"footnotes":""},"categories":[1],"tags":[],"class_list":["post-5252","post","type-post","status-publish","format-standard","has-post-thumbnail","hentry","category-sin-categorizar"],"acf":[],"aioseo_notices":[],"yoast_head":"<!-- This site is optimized with the Yoast SEO plugin v26.7 - https:\/\/yoast.com\/wordpress\/plugins\/seo\/ -->\n<title>II Jornada de Buenas Pr\u00e1cticas de Recursos Humanos del Cabildo de Gran Canaria - Infecar<\/title>\n<meta name=\"robots\" content=\"index, follow, max-snippet:-1, max-image-preview:large, max-video-preview:-1\" \/>\n<link rel=\"canonical\" href=\"https:\/\/infecar.es\/en\/news\/ii-jornada-de-buenas-practicas-de-recursos-humanos-del-cabildo-de-gran-canaria\/\" \/>\n<meta property=\"og:locale\" content=\"en_US\" \/>\n<meta property=\"og:type\" content=\"article\" \/>\n<meta property=\"og:title\" content=\"II Jornada de Buenas Pr\u00e1cticas de Recursos Humanos del Cabildo de Gran Canaria - Infecar\" \/>\n<meta property=\"og:description\" content=\"En INFECAR se ha realizado la II Jornada de Buenas Pr\u00e1cticas de Recursos Humanos del Cabildo de Gran Canaria organizadas con el\u00a0Ayuntamiento de Las Palmas de Gran Canaria, la cual ha sido inaugurada por la Consejera de \u00c1rea de RRHH, Organizaci\u00f3n, Educaci\u00f3n y Juventud del Cabildo de Gran Canaria, M\u00b0 Isabel Santana Marrero y el [&hellip;]\" \/>\n<meta property=\"og:url\" content=\"\/en\/news\/ii-jornada-de-buenas-practicas-de-recursos-humanos-del-cabildo-de-gran-canaria\/\" \/>\n<meta property=\"og:site_name\" content=\"Infecar\" \/>\n<meta property=\"article:published_time\" content=\"2018-03-13T14:19:17+00:00\" \/>\n<meta property=\"og:image\" content=\"https:\/\/infecar.es\/wp-content\/uploads\/2023\/01\/793ea701476d5db2a4fd8cf1e0bf5880.jpg\" \/>\n\t<meta property=\"og:image:width\" content=\"960\" \/>\n\t<meta property=\"og:image:height\" content=\"720\" \/>\n\t<meta property=\"og:image:type\" content=\"image\/jpeg\" \/>\n<meta name=\"author\" content=\"admin\" \/>\n<meta name=\"twitter:card\" content=\"summary_large_image\" \/>\n<meta name=\"twitter:label1\" content=\"Written by\" \/>\n\t<meta name=\"twitter:data1\" content=\"admin\" \/>\n<script type=\"application\/ld+json\" class=\"yoast-schema-graph\">{\"@context\":\"https:\/\/schema.org\",\"@graph\":[{\"@type\":\"Article\",\"@id\":\"https:\/\/infecar.es\/en\/news\/ii-jornada-de-buenas-practicas-de-recursos-humanos-del-cabildo-de-gran-canaria\/#article\",\"isPartOf\":{\"@id\":\"\/en\/news\/ii-jornada-de-buenas-practicas-de-recursos-humanos-del-cabildo-de-gran-canaria\/\"},\"author\":{\"name\":\"admin\",\"@id\":\"https:\/\/infecar.es\/en\/#\/schema\/person\/2411995f63ef29797d62c4fa83b3f3bb\"},\"headline\":\"II Jornada de Buenas Pr\u00e1cticas de Recursos Humanos del Cabildo de Gran Canaria\",\"datePublished\":\"2018-03-13T14:19:17+00:00\",\"mainEntityOfPage\":{\"@id\":\"\/en\/news\/ii-jornada-de-buenas-practicas-de-recursos-humanos-del-cabildo-de-gran-canaria\/\"},\"wordCount\":103,\"commentCount\":0,\"publisher\":{\"@id\":\"https:\/\/infecar.es\/en\/#organization\"},\"image\":{\"@id\":\"https:\/\/infecar.es\/en\/news\/ii-jornada-de-buenas-practicas-de-recursos-humanos-del-cabildo-de-gran-canaria\/#primaryimage\"},\"thumbnailUrl\":\"https:\/\/infecar.es\/wp-content\/uploads\/2023\/01\/793ea701476d5db2a4fd8cf1e0bf5880.jpg\",\"articleSection\":[\"Sin categorizar\"],\"inLanguage\":\"en-US\"},{\"@type\":\"WebPage\",\"@id\":\"\/en\/news\/ii-jornada-de-buenas-practicas-de-recursos-humanos-del-cabildo-de-gran-canaria\/\",\"url\":\"https:\/\/infecar.es\/en\/news\/ii-jornada-de-buenas-practicas-de-recursos-humanos-del-cabildo-de-gran-canaria\/\",\"name\":\"II Jornada de Buenas Pr\u00e1cticas de Recursos Humanos del Cabildo de Gran Canaria - Infecar\",\"isPartOf\":{\"@id\":\"https:\/\/infecar.es\/en\/#website\"},\"primaryImageOfPage\":{\"@id\":\"https:\/\/infecar.es\/en\/news\/ii-jornada-de-buenas-practicas-de-recursos-humanos-del-cabildo-de-gran-canaria\/#primaryimage\"},\"image\":{\"@id\":\"https:\/\/infecar.es\/en\/news\/ii-jornada-de-buenas-practicas-de-recursos-humanos-del-cabildo-de-gran-canaria\/#primaryimage\"},\"thumbnailUrl\":\"https:\/\/infecar.es\/wp-content\/uploads\/2023\/01\/793ea701476d5db2a4fd8cf1e0bf5880.jpg\",\"datePublished\":\"2018-03-13T14:19:17+00:00\",\"breadcrumb\":{\"@id\":\"https:\/\/infecar.es\/en\/news\/ii-jornada-de-buenas-practicas-de-recursos-humanos-del-cabildo-de-gran-canaria\/#breadcrumb\"},\"inLanguage\":\"en-US\",\"potentialAction\":[{\"@type\":\"ReadAction\",\"target\":[\"https:\/\/infecar.es\/en\/news\/ii-jornada-de-buenas-practicas-de-recursos-humanos-del-cabildo-de-gran-canaria\/\"]}]},{\"@type\":\"ImageObject\",\"inLanguage\":\"en-US\",\"@id\":\"https:\/\/infecar.es\/en\/news\/ii-jornada-de-buenas-practicas-de-recursos-humanos-del-cabildo-de-gran-canaria\/#primaryimage\",\"url\":\"https:\/\/infecar.es\/wp-content\/uploads\/2023\/01\/793ea701476d5db2a4fd8cf1e0bf5880.jpg\",\"contentUrl\":\"https:\/\/infecar.es\/wp-content\/uploads\/2023\/01\/793ea701476d5db2a4fd8cf1e0bf5880.jpg\",\"width\":960,\"height\":720},{\"@type\":\"BreadcrumbList\",\"@id\":\"https:\/\/infecar.es\/en\/news\/ii-jornada-de-buenas-practicas-de-recursos-humanos-del-cabildo-de-gran-canaria\/#breadcrumb\",\"itemListElement\":[{\"@type\":\"ListItem\",\"position\":1,\"name\":\"Portada\",\"item\":\"https:\/\/infecar.es\/en\/\"},{\"@type\":\"ListItem\",\"position\":2,\"name\":\"II Jornada de Buenas Pr\u00e1cticas de Recursos Humanos del Cabildo de Gran Canaria\"}]},{\"@type\":\"WebSite\",\"@id\":\"https:\/\/infecar.es\/en\/#website\",\"url\":\"https:\/\/infecar.es\/en\/\",\"name\":\"Infecar\",\"description\":\"Feria de Gran Canaria\",\"publisher\":{\"@id\":\"https:\/\/infecar.es\/en\/#organization\"},\"potentialAction\":[{\"@type\":\"SearchAction\",\"target\":{\"@type\":\"EntryPoint\",\"urlTemplate\":\"https:\/\/infecar.es\/en\/?s={search_term_string}\"},\"query-input\":{\"@type\":\"PropertyValueSpecification\",\"valueRequired\":true,\"valueName\":\"search_term_string\"}}],\"inLanguage\":\"en-US\"},{\"@type\":\"Organization\",\"@id\":\"https:\/\/infecar.es\/en\/#organization\",\"name\":\"Infecar\",\"url\":\"https:\/\/infecar.es\/en\/\",\"logo\":{\"@type\":\"ImageObject\",\"inLanguage\":\"en-US\",\"@id\":\"https:\/\/infecar.es\/en\/#\/schema\/logo\/image\/\",\"url\":\"https:\/\/infecar.es\/wp-content\/uploads\/2023\/02\/logo_black.svg\",\"contentUrl\":\"https:\/\/infecar.es\/wp-content\/uploads\/2023\/02\/logo_black.svg\",\"width\":1,\"height\":1,\"caption\":\"Infecar\"},\"image\":{\"@id\":\"https:\/\/infecar.es\/en\/#\/schema\/logo\/image\/\"}},{\"@type\":\"Person\",\"@id\":\"https:\/\/infecar.es\/en\/#\/schema\/person\/2411995f63ef29797d62c4fa83b3f3bb\",\"name\":\"admin\",\"image\":{\"@type\":\"ImageObject\",\"inLanguage\":\"en-US\",\"@id\":\"https:\/\/infecar.es\/en\/#\/schema\/person\/image\/\",\"url\":\"https:\/\/secure.gravatar.com\/avatar\/75dbbd3c542520ec06d33839c25bfc19076bf1b9da837dbf8254ae63b9db48ec?s=96&d=mm&r=g\",\"contentUrl\":\"https:\/\/secure.gravatar.com\/avatar\/75dbbd3c542520ec06d33839c25bfc19076bf1b9da837dbf8254ae63b9db48ec?s=96&d=mm&r=g\",\"caption\":\"admin\"},\"sameAs\":[\"http:\/\/infecar.2coders.com\"],\"url\":\"https:\/\/infecar.es\/en\/author\/2coders\/\"}]}<\/script>\n<!-- \/ Yoast SEO plugin. -->","yoast_head_json":{"title":"II Jornada de Buenas Pr\u00e1cticas de Recursos Humanos del Cabildo de Gran Canaria - Infecar","robots":{"index":"index","follow":"follow","max-snippet":"max-snippet:-1","max-image-preview":"max-image-preview:large","max-video-preview":"max-video-preview:-1"},"canonical":"https:\/\/infecar.es\/en\/news\/ii-jornada-de-buenas-practicas-de-recursos-humanos-del-cabildo-de-gran-canaria\/","og_locale":"en_US","og_type":"article","og_title":"II Jornada de Buenas Pr\u00e1cticas de Recursos Humanos del Cabildo de Gran Canaria - Infecar","og_description":"En INFECAR se ha realizado la II Jornada de Buenas Pr\u00e1cticas de Recursos Humanos del Cabildo de Gran Canaria organizadas con el\u00a0Ayuntamiento de Las Palmas de Gran Canaria, la cual ha sido inaugurada por la Consejera de \u00c1rea de RRHH, Organizaci\u00f3n, Educaci\u00f3n y Juventud del Cabildo de Gran Canaria, M\u00b0 Isabel Santana Marrero y el [&hellip;]","og_url":"\/en\/news\/ii-jornada-de-buenas-practicas-de-recursos-humanos-del-cabildo-de-gran-canaria\/","og_site_name":"Infecar","article_published_time":"2018-03-13T14:19:17+00:00","og_image":[{"width":960,"height":720,"url":"https:\/\/infecar.es\/wp-content\/uploads\/2023\/01\/793ea701476d5db2a4fd8cf1e0bf5880.jpg","type":"image\/jpeg"}],"author":"admin","twitter_card":"summary_large_image","twitter_misc":{"Written by":"admin"},"schema":{"@context":"https:\/\/schema.org","@graph":[{"@type":"Article","@id":"https:\/\/infecar.es\/en\/news\/ii-jornada-de-buenas-practicas-de-recursos-humanos-del-cabildo-de-gran-canaria\/#article","isPartOf":{"@id":"\/en\/news\/ii-jornada-de-buenas-practicas-de-recursos-humanos-del-cabildo-de-gran-canaria\/"},"author":{"name":"admin","@id":"https:\/\/infecar.es\/en\/#\/schema\/person\/2411995f63ef29797d62c4fa83b3f3bb"},"headline":"II Jornada de Buenas Pr\u00e1cticas de Recursos Humanos del Cabildo de Gran Canaria","datePublished":"2018-03-13T14:19:17+00:00","mainEntityOfPage":{"@id":"\/en\/news\/ii-jornada-de-buenas-practicas-de-recursos-humanos-del-cabildo-de-gran-canaria\/"},"wordCount":103,"commentCount":0,"publisher":{"@id":"https:\/\/infecar.es\/en\/#organization"},"image":{"@id":"https:\/\/infecar.es\/en\/news\/ii-jornada-de-buenas-practicas-de-recursos-humanos-del-cabildo-de-gran-canaria\/#primaryimage"},"thumbnailUrl":"https:\/\/infecar.es\/wp-content\/uploads\/2023\/01\/793ea701476d5db2a4fd8cf1e0bf5880.jpg","articleSection":["Sin categorizar"],"inLanguage":"en-US"},{"@type":"WebPage","@id":"\/en\/news\/ii-jornada-de-buenas-practicas-de-recursos-humanos-del-cabildo-de-gran-canaria\/","url":"https:\/\/infecar.es\/en\/news\/ii-jornada-de-buenas-practicas-de-recursos-humanos-del-cabildo-de-gran-canaria\/","name":"II Jornada de Buenas Pr\u00e1cticas de Recursos Humanos del Cabildo de Gran Canaria - Infecar","isPartOf":{"@id":"https:\/\/infecar.es\/en\/#website"},"primaryImageOfPage":{"@id":"https:\/\/infecar.es\/en\/news\/ii-jornada-de-buenas-practicas-de-recursos-humanos-del-cabildo-de-gran-canaria\/#primaryimage"},"image":{"@id":"https:\/\/infecar.es\/en\/news\/ii-jornada-de-buenas-practicas-de-recursos-humanos-del-cabildo-de-gran-canaria\/#primaryimage"},"thumbnailUrl":"https:\/\/infecar.es\/wp-content\/uploads\/2023\/01\/793ea701476d5db2a4fd8cf1e0bf5880.jpg","datePublished":"2018-03-13T14:19:17+00:00","breadcrumb":{"@id":"https:\/\/infecar.es\/en\/news\/ii-jornada-de-buenas-practicas-de-recursos-humanos-del-cabildo-de-gran-canaria\/#breadcrumb"},"inLanguage":"en-US","potentialAction":[{"@type":"ReadAction","target":["https:\/\/infecar.es\/en\/news\/ii-jornada-de-buenas-practicas-de-recursos-humanos-del-cabildo-de-gran-canaria\/"]}]},{"@type":"ImageObject","inLanguage":"en-US","@id":"https:\/\/infecar.es\/en\/news\/ii-jornada-de-buenas-practicas-de-recursos-humanos-del-cabildo-de-gran-canaria\/#primaryimage","url":"https:\/\/infecar.es\/wp-content\/uploads\/2023\/01\/793ea701476d5db2a4fd8cf1e0bf5880.jpg","contentUrl":"https:\/\/infecar.es\/wp-content\/uploads\/2023\/01\/793ea701476d5db2a4fd8cf1e0bf5880.jpg","width":960,"height":720},{"@type":"BreadcrumbList","@id":"https:\/\/infecar.es\/en\/news\/ii-jornada-de-buenas-practicas-de-recursos-humanos-del-cabildo-de-gran-canaria\/#breadcrumb","itemListElement":[{"@type":"ListItem","position":1,"name":"Portada","item":"https:\/\/infecar.es\/en\/"},{"@type":"ListItem","position":2,"name":"II Jornada de Buenas Pr\u00e1cticas de Recursos Humanos del Cabildo de Gran Canaria"}]},{"@type":"WebSite","@id":"https:\/\/infecar.es\/en\/#website","url":"https:\/\/infecar.es\/en\/","name":"Infecar","description":"Feria de Gran Canaria","publisher":{"@id":"https:\/\/infecar.es\/en\/#organization"},"potentialAction":[{"@type":"SearchAction","target":{"@type":"EntryPoint","urlTemplate":"https:\/\/infecar.es\/en\/?s={search_term_string}"},"query-input":{"@type":"PropertyValueSpecification","valueRequired":true,"valueName":"search_term_string"}}],"inLanguage":"en-US"},{"@type":"Organization","@id":"https:\/\/infecar.es\/en\/#organization","name":"Infecar","url":"https:\/\/infecar.es\/en\/","logo":{"@type":"ImageObject","inLanguage":"en-US","@id":"https:\/\/infecar.es\/en\/#\/schema\/logo\/image\/","url":"https:\/\/infecar.es\/wp-content\/uploads\/2023\/02\/logo_black.svg","contentUrl":"https:\/\/infecar.es\/wp-content\/uploads\/2023\/02\/logo_black.svg","width":1,"height":1,"caption":"Infecar"},"image":{"@id":"https:\/\/infecar.es\/en\/#\/schema\/logo\/image\/"}},{"@type":"Person","@id":"https:\/\/infecar.es\/en\/#\/schema\/person\/2411995f63ef29797d62c4fa83b3f3bb","name":"admin","image":{"@type":"ImageObject","inLanguage":"en-US","@id":"https:\/\/infecar.es\/en\/#\/schema\/person\/image\/","url":"https:\/\/secure.gravatar.com\/avatar\/75dbbd3c542520ec06d33839c25bfc19076bf1b9da837dbf8254ae63b9db48ec?s=96&d=mm&r=g","contentUrl":"https:\/\/secure.gravatar.com\/avatar\/75dbbd3c542520ec06d33839c25bfc19076bf1b9da837dbf8254ae63b9db48ec?s=96&d=mm&r=g","caption":"admin"},"sameAs":["http:\/\/infecar.2coders.com"],"url":"https:\/\/infecar.es\/en\/author\/2coders\/"}]}},"_links":{"self":[{"href":"https:\/\/infecar.es\/en\/wp-json\/wp\/v2\/posts\/5252","targetHints":{"allow":["GET"]}}],"collection":[{"href":"https:\/\/infecar.es\/en\/wp-json\/wp\/v2\/posts"}],"about":[{"href":"https:\/\/infecar.es\/en\/wp-json\/wp\/v2\/types\/post"}],"author":[{"embeddable":true,"href":"https:\/\/infecar.es\/en\/wp-json\/wp\/v2\/users\/1"}],"replies":[{"embeddable":true,"href":"https:\/\/infecar.es\/en\/wp-json\/wp\/v2\/comments?post=5252"}],"version-history":[{"count":0,"href":"https:\/\/infecar.es\/en\/wp-json\/wp\/v2\/posts\/5252\/revisions"}],"wp:featuredmedia":[{"embeddable":true,"href":"https:\/\/infecar.es\/en\/wp-json\/wp\/v2\/media\/1600"}],"wp:attachment":[{"href":"https:\/\/infecar.es\/en\/wp-json\/wp\/v2\/media?parent=5252"}],"wp:term":[{"taxonomy":"category","embeddable":true,"href":"https:\/\/infecar.es\/en\/wp-json\/wp\/v2\/categories?post=5252"},{"taxonomy":"post_tag","embeddable":true,"href":"https:\/\/infecar.es\/en\/wp-json\/wp\/v2\/tags?post=5252"}],"curies":[{"name":"wp","href":"https:\/\/api.w.org\/{rel}","templated":true}]}}