

{"id":5250,"date":"2018-03-09T12:33:00","date_gmt":"2018-03-09T12:33:00","guid":{"rendered":"https:\/\/infecar.es\/2018\/03\/09\/inauguracion-de-la-5-feria-gran-canaria-me-gusta\/"},"modified":"2018-03-09T12:33:00","modified_gmt":"2018-03-09T12:33:00","slug":"inauguracion-de-la-5-feria-gran-canaria-me-gusta","status":"publish","type":"post","link":"\/en\/news\/inauguracion-de-la-5-feria-gran-canaria-me-gusta","title":{"rendered":"Inauguraci\u00f3n de la 5\u00aa Feria Gran Canaria Me Gusta"},"content":{"rendered":"<p id=\"_R6syK0P7VsICfu\" dir=\"ltr\" style=\"position: relative; margin-top: 0px; margin-bottom: 0px; padding: 0px 0px 0.5em; color: #212121; font-family: Calibri, Arial, sans-serif; font-size: 15px; white-space: pre-wrap;\">Hoy ha tenido lugar la inauguraci\u00f3n de la 5\u00aa Feria Gran Canaria Me Gusta, un certamen promovido por el Cabildo de Gran Canaria y organizado por la Instituci\u00f3n Ferial de Canarias (INFECAR), se celebrar\u00e1 desde este viernes hasta el domingo, al tiempo que ofrecer\u00e1 en un mismo espacio, exposici\u00f3n, degustaci\u00f3n y venta de productos locales, ser\u00e1 una muestra de los distintos sectores de Gran Canaria: agricultura, ganader\u00eda y pesca; gastronom\u00eda; industria y artesan\u00eda; cultura y folclore; flores, plantas, paisaje y medio ambiente, deportes; y turismo local y rural. La Feria Gran Canaria Me Gusta tiene como objetivo dar a conocer las diversas caracter\u00edsticas y aspectos de Gran Canaria entre la poblaci\u00f3n de la isla, organiz\u00e1ndose tambi\u00e9n encuentros profesionales para la promoci\u00f3n de los productos locales.<\/p>\n<p id=\"_r9qoQ4cs84svNu\" dir=\"ltr\" style=\"position: relative; margin-top: 0px; margin-bottom: 0px; padding: 0px 0px 0.5em; color: #212121; font-family: Calibri, Arial, sans-serif; font-size: 15px; white-space: pre-wrap;\">Este fin de semana se dar\u00e1n cita en INFECAR m\u00e1s de 100 expositores en tres pabellones feriales, contando con la presencia de numerosos ayuntamientos de la isla: Agaete, Ag\u00fcimes, Arucas, Firgas, G\u00e1ldar,\u00a0 Ingenio, La Aldea de San Nicol\u00e1s, Las Palmas de Gran Canaria, Mog\u00e1n, Moya, Santa Br\u00edgida, Santa Luc\u00eda de Tirajana, Tejeda, Telde, Valleseco y Valsequillo. Adem\u00e1s, se realizar\u00e1n diversas actividades en las zonas exteriores, donde cabe destacar como novedad la instalaci\u00f3n de un terrero donde tendr\u00e1 lugar exhibiciones y competiciones de lucha canaria. En total, 9.000 metros cuadrados, casi un 20% m\u00e1s que en la edici\u00f3n anterior.<\/p>\n","protected":false},"excerpt":{"rendered":"<p>Hoy ha tenido lugar la inauguraci\u00f3n de la 5\u00aa Feria Gran Canaria Me Gusta, un certamen promovido por el Cabildo de Gran Canaria y organizado por la Instituci\u00f3n Ferial de Canarias (INFECAR), se celebrar\u00e1 desde este viernes hasta el domingo, al tiempo que ofrecer\u00e1 en un mismo espacio, exposici\u00f3n, degustaci\u00f3n y venta de productos locales, [&hellip;]<\/p>\n","protected":false},"author":1,"featured_media":621,"comment_status":"open","ping_status":"open","sticky":false,"template":"","format":"standard","meta":{"_acf_changed":false,"om_disable_all_campaigns":false,"_monsterinsights_skip_tracking":false,"_monsterinsights_sitenote_active":false,"_monsterinsights_sitenote_note":"","_monsterinsights_sitenote_category":0,"_uf_show_specific_survey":0,"_uf_disable_surveys":false,"_joinchat":[],"footnotes":""},"categories":[1],"tags":[],"class_list":["post-5250","post","type-post","status-publish","format-standard","has-post-thumbnail","hentry","category-sin-categorizar"],"acf":[],"aioseo_notices":[],"yoast_head":"<!-- This site is optimized with the Yoast SEO plugin v26.7 - https:\/\/yoast.com\/wordpress\/plugins\/seo\/ -->\n<title>Inauguraci\u00f3n de la 5\u00aa Feria Gran Canaria Me Gusta - Infecar<\/title>\n<meta name=\"robots\" content=\"index, follow, max-snippet:-1, max-image-preview:large, max-video-preview:-1\" \/>\n<link rel=\"canonical\" href=\"https:\/\/infecar.es\/en\/news\/inauguracion-de-la-5-feria-gran-canaria-me-gusta\/\" \/>\n<meta property=\"og:locale\" content=\"en_US\" \/>\n<meta property=\"og:type\" content=\"article\" \/>\n<meta property=\"og:title\" content=\"Inauguraci\u00f3n de la 5\u00aa Feria Gran Canaria Me Gusta - Infecar\" \/>\n<meta property=\"og:description\" content=\"Hoy ha tenido lugar la inauguraci\u00f3n de la 5\u00aa Feria Gran Canaria Me Gusta, un certamen promovido por el Cabildo de Gran Canaria y organizado por la Instituci\u00f3n Ferial de Canarias (INFECAR), se celebrar\u00e1 desde este viernes hasta el domingo, al tiempo que ofrecer\u00e1 en un mismo espacio, exposici\u00f3n, degustaci\u00f3n y venta de productos locales, [&hellip;]\" \/>\n<meta property=\"og:url\" content=\"\/en\/news\/inauguracion-de-la-5-feria-gran-canaria-me-gusta\/\" \/>\n<meta property=\"og:site_name\" content=\"Infecar\" \/>\n<meta property=\"article:published_time\" content=\"2018-03-09T12:33:00+00:00\" \/>\n<meta property=\"og:image\" content=\"https:\/\/infecar.es\/wp-content\/uploads\/2023\/01\/6e100b693083fe7b237779ffd809d8b7-scaled.jpg\" \/>\n\t<meta property=\"og:image:width\" content=\"1707\" \/>\n\t<meta property=\"og:image:height\" content=\"2560\" \/>\n\t<meta property=\"og:image:type\" content=\"image\/jpeg\" \/>\n<meta name=\"author\" content=\"admin\" \/>\n<meta name=\"twitter:card\" content=\"summary_large_image\" \/>\n<meta name=\"twitter:label1\" content=\"Written by\" \/>\n\t<meta name=\"twitter:data1\" content=\"admin\" \/>\n\t<meta name=\"twitter:label2\" content=\"Est. reading time\" \/>\n\t<meta name=\"twitter:data2\" content=\"1 minute\" \/>\n<script type=\"application\/ld+json\" class=\"yoast-schema-graph\">{\"@context\":\"https:\/\/schema.org\",\"@graph\":[{\"@type\":\"Article\",\"@id\":\"https:\/\/infecar.es\/en\/news\/inauguracion-de-la-5-feria-gran-canaria-me-gusta\/#article\",\"isPartOf\":{\"@id\":\"\/en\/news\/inauguracion-de-la-5-feria-gran-canaria-me-gusta\/\"},\"author\":{\"name\":\"admin\",\"@id\":\"https:\/\/infecar.es\/en\/#\/schema\/person\/2411995f63ef29797d62c4fa83b3f3bb\"},\"headline\":\"Inauguraci\u00f3n de la 5\u00aa Feria Gran Canaria Me Gusta\",\"datePublished\":\"2018-03-09T12:33:00+00:00\",\"mainEntityOfPage\":{\"@id\":\"\/en\/news\/inauguracion-de-la-5-feria-gran-canaria-me-gusta\/\"},\"wordCount\":253,\"commentCount\":0,\"publisher\":{\"@id\":\"https:\/\/infecar.es\/en\/#organization\"},\"image\":{\"@id\":\"https:\/\/infecar.es\/en\/news\/inauguracion-de-la-5-feria-gran-canaria-me-gusta\/#primaryimage\"},\"thumbnailUrl\":\"https:\/\/infecar.es\/wp-content\/uploads\/2023\/01\/6e100b693083fe7b237779ffd809d8b7-scaled.jpg\",\"articleSection\":[\"Sin categorizar\"],\"inLanguage\":\"en-US\"},{\"@type\":\"WebPage\",\"@id\":\"\/en\/news\/inauguracion-de-la-5-feria-gran-canaria-me-gusta\/\",\"url\":\"https:\/\/infecar.es\/en\/news\/inauguracion-de-la-5-feria-gran-canaria-me-gusta\/\",\"name\":\"Inauguraci\u00f3n de la 5\u00aa Feria Gran Canaria Me Gusta - Infecar\",\"isPartOf\":{\"@id\":\"https:\/\/infecar.es\/en\/#website\"},\"primaryImageOfPage\":{\"@id\":\"https:\/\/infecar.es\/en\/news\/inauguracion-de-la-5-feria-gran-canaria-me-gusta\/#primaryimage\"},\"image\":{\"@id\":\"https:\/\/infecar.es\/en\/news\/inauguracion-de-la-5-feria-gran-canaria-me-gusta\/#primaryimage\"},\"thumbnailUrl\":\"https:\/\/infecar.es\/wp-content\/uploads\/2023\/01\/6e100b693083fe7b237779ffd809d8b7-scaled.jpg\",\"datePublished\":\"2018-03-09T12:33:00+00:00\",\"breadcrumb\":{\"@id\":\"https:\/\/infecar.es\/en\/news\/inauguracion-de-la-5-feria-gran-canaria-me-gusta\/#breadcrumb\"},\"inLanguage\":\"en-US\",\"potentialAction\":[{\"@type\":\"ReadAction\",\"target\":[\"https:\/\/infecar.es\/en\/news\/inauguracion-de-la-5-feria-gran-canaria-me-gusta\/\"]}]},{\"@type\":\"ImageObject\",\"inLanguage\":\"en-US\",\"@id\":\"https:\/\/infecar.es\/en\/news\/inauguracion-de-la-5-feria-gran-canaria-me-gusta\/#primaryimage\",\"url\":\"https:\/\/infecar.es\/wp-content\/uploads\/2023\/01\/6e100b693083fe7b237779ffd809d8b7-scaled.jpg\",\"contentUrl\":\"https:\/\/infecar.es\/wp-content\/uploads\/2023\/01\/6e100b693083fe7b237779ffd809d8b7-scaled.jpg\",\"width\":1707,\"height\":2560},{\"@type\":\"BreadcrumbList\",\"@id\":\"https:\/\/infecar.es\/en\/news\/inauguracion-de-la-5-feria-gran-canaria-me-gusta\/#breadcrumb\",\"itemListElement\":[{\"@type\":\"ListItem\",\"position\":1,\"name\":\"Portada\",\"item\":\"https:\/\/infecar.es\/en\/\"},{\"@type\":\"ListItem\",\"position\":2,\"name\":\"Inauguraci\u00f3n de la 5\u00aa Feria Gran Canaria Me Gusta\"}]},{\"@type\":\"WebSite\",\"@id\":\"https:\/\/infecar.es\/en\/#website\",\"url\":\"https:\/\/infecar.es\/en\/\",\"name\":\"Infecar\",\"description\":\"Feria de Gran Canaria\",\"publisher\":{\"@id\":\"https:\/\/infecar.es\/en\/#organization\"},\"potentialAction\":[{\"@type\":\"SearchAction\",\"target\":{\"@type\":\"EntryPoint\",\"urlTemplate\":\"https:\/\/infecar.es\/en\/?s={search_term_string}\"},\"query-input\":{\"@type\":\"PropertyValueSpecification\",\"valueRequired\":true,\"valueName\":\"search_term_string\"}}],\"inLanguage\":\"en-US\"},{\"@type\":\"Organization\",\"@id\":\"https:\/\/infecar.es\/en\/#organization\",\"name\":\"Infecar\",\"url\":\"https:\/\/infecar.es\/en\/\",\"logo\":{\"@type\":\"ImageObject\",\"inLanguage\":\"en-US\",\"@id\":\"https:\/\/infecar.es\/en\/#\/schema\/logo\/image\/\",\"url\":\"https:\/\/infecar.es\/wp-content\/uploads\/2023\/02\/logo_black.svg\",\"contentUrl\":\"https:\/\/infecar.es\/wp-content\/uploads\/2023\/02\/logo_black.svg\",\"width\":1,\"height\":1,\"caption\":\"Infecar\"},\"image\":{\"@id\":\"https:\/\/infecar.es\/en\/#\/schema\/logo\/image\/\"}},{\"@type\":\"Person\",\"@id\":\"https:\/\/infecar.es\/en\/#\/schema\/person\/2411995f63ef29797d62c4fa83b3f3bb\",\"name\":\"admin\",\"image\":{\"@type\":\"ImageObject\",\"inLanguage\":\"en-US\",\"@id\":\"https:\/\/infecar.es\/en\/#\/schema\/person\/image\/\",\"url\":\"https:\/\/secure.gravatar.com\/avatar\/75dbbd3c542520ec06d33839c25bfc19076bf1b9da837dbf8254ae63b9db48ec?s=96&d=mm&r=g\",\"contentUrl\":\"https:\/\/secure.gravatar.com\/avatar\/75dbbd3c542520ec06d33839c25bfc19076bf1b9da837dbf8254ae63b9db48ec?s=96&d=mm&r=g\",\"caption\":\"admin\"},\"sameAs\":[\"http:\/\/infecar.2coders.com\"],\"url\":\"https:\/\/infecar.es\/en\/author\/2coders\/\"}]}<\/script>\n<!-- \/ Yoast SEO plugin. -->","yoast_head_json":{"title":"Inauguraci\u00f3n de la 5\u00aa Feria Gran Canaria Me Gusta - Infecar","robots":{"index":"index","follow":"follow","max-snippet":"max-snippet:-1","max-image-preview":"max-image-preview:large","max-video-preview":"max-video-preview:-1"},"canonical":"https:\/\/infecar.es\/en\/news\/inauguracion-de-la-5-feria-gran-canaria-me-gusta\/","og_locale":"en_US","og_type":"article","og_title":"Inauguraci\u00f3n de la 5\u00aa Feria Gran Canaria Me Gusta - Infecar","og_description":"Hoy ha tenido lugar la inauguraci\u00f3n de la 5\u00aa Feria Gran Canaria Me Gusta, un certamen promovido por el Cabildo de Gran Canaria y organizado por la Instituci\u00f3n Ferial de Canarias (INFECAR), se celebrar\u00e1 desde este viernes hasta el domingo, al tiempo que ofrecer\u00e1 en un mismo espacio, exposici\u00f3n, degustaci\u00f3n y venta de productos locales, [&hellip;]","og_url":"\/en\/news\/inauguracion-de-la-5-feria-gran-canaria-me-gusta\/","og_site_name":"Infecar","article_published_time":"2018-03-09T12:33:00+00:00","og_image":[{"width":1707,"height":2560,"url":"https:\/\/infecar.es\/wp-content\/uploads\/2023\/01\/6e100b693083fe7b237779ffd809d8b7-scaled.jpg","type":"image\/jpeg"}],"author":"admin","twitter_card":"summary_large_image","twitter_misc":{"Written by":"admin","Est. reading time":"1 minute"},"schema":{"@context":"https:\/\/schema.org","@graph":[{"@type":"Article","@id":"https:\/\/infecar.es\/en\/news\/inauguracion-de-la-5-feria-gran-canaria-me-gusta\/#article","isPartOf":{"@id":"\/en\/news\/inauguracion-de-la-5-feria-gran-canaria-me-gusta\/"},"author":{"name":"admin","@id":"https:\/\/infecar.es\/en\/#\/schema\/person\/2411995f63ef29797d62c4fa83b3f3bb"},"headline":"Inauguraci\u00f3n de la 5\u00aa Feria Gran Canaria Me Gusta","datePublished":"2018-03-09T12:33:00+00:00","mainEntityOfPage":{"@id":"\/en\/news\/inauguracion-de-la-5-feria-gran-canaria-me-gusta\/"},"wordCount":253,"commentCount":0,"publisher":{"@id":"https:\/\/infecar.es\/en\/#organization"},"image":{"@id":"https:\/\/infecar.es\/en\/news\/inauguracion-de-la-5-feria-gran-canaria-me-gusta\/#primaryimage"},"thumbnailUrl":"https:\/\/infecar.es\/wp-content\/uploads\/2023\/01\/6e100b693083fe7b237779ffd809d8b7-scaled.jpg","articleSection":["Sin categorizar"],"inLanguage":"en-US"},{"@type":"WebPage","@id":"\/en\/news\/inauguracion-de-la-5-feria-gran-canaria-me-gusta\/","url":"https:\/\/infecar.es\/en\/news\/inauguracion-de-la-5-feria-gran-canaria-me-gusta\/","name":"Inauguraci\u00f3n de la 5\u00aa Feria Gran Canaria Me Gusta - Infecar","isPartOf":{"@id":"https:\/\/infecar.es\/en\/#website"},"primaryImageOfPage":{"@id":"https:\/\/infecar.es\/en\/news\/inauguracion-de-la-5-feria-gran-canaria-me-gusta\/#primaryimage"},"image":{"@id":"https:\/\/infecar.es\/en\/news\/inauguracion-de-la-5-feria-gran-canaria-me-gusta\/#primaryimage"},"thumbnailUrl":"https:\/\/infecar.es\/wp-content\/uploads\/2023\/01\/6e100b693083fe7b237779ffd809d8b7-scaled.jpg","datePublished":"2018-03-09T12:33:00+00:00","breadcrumb":{"@id":"https:\/\/infecar.es\/en\/news\/inauguracion-de-la-5-feria-gran-canaria-me-gusta\/#breadcrumb"},"inLanguage":"en-US","potentialAction":[{"@type":"ReadAction","target":["https:\/\/infecar.es\/en\/news\/inauguracion-de-la-5-feria-gran-canaria-me-gusta\/"]}]},{"@type":"ImageObject","inLanguage":"en-US","@id":"https:\/\/infecar.es\/en\/news\/inauguracion-de-la-5-feria-gran-canaria-me-gusta\/#primaryimage","url":"https:\/\/infecar.es\/wp-content\/uploads\/2023\/01\/6e100b693083fe7b237779ffd809d8b7-scaled.jpg","contentUrl":"https:\/\/infecar.es\/wp-content\/uploads\/2023\/01\/6e100b693083fe7b237779ffd809d8b7-scaled.jpg","width":1707,"height":2560},{"@type":"BreadcrumbList","@id":"https:\/\/infecar.es\/en\/news\/inauguracion-de-la-5-feria-gran-canaria-me-gusta\/#breadcrumb","itemListElement":[{"@type":"ListItem","position":1,"name":"Portada","item":"https:\/\/infecar.es\/en\/"},{"@type":"ListItem","position":2,"name":"Inauguraci\u00f3n de la 5\u00aa Feria Gran Canaria Me Gusta"}]},{"@type":"WebSite","@id":"https:\/\/infecar.es\/en\/#website","url":"https:\/\/infecar.es\/en\/","name":"Infecar","description":"Feria de Gran Canaria","publisher":{"@id":"https:\/\/infecar.es\/en\/#organization"},"potentialAction":[{"@type":"SearchAction","target":{"@type":"EntryPoint","urlTemplate":"https:\/\/infecar.es\/en\/?s={search_term_string}"},"query-input":{"@type":"PropertyValueSpecification","valueRequired":true,"valueName":"search_term_string"}}],"inLanguage":"en-US"},{"@type":"Organization","@id":"https:\/\/infecar.es\/en\/#organization","name":"Infecar","url":"https:\/\/infecar.es\/en\/","logo":{"@type":"ImageObject","inLanguage":"en-US","@id":"https:\/\/infecar.es\/en\/#\/schema\/logo\/image\/","url":"https:\/\/infecar.es\/wp-content\/uploads\/2023\/02\/logo_black.svg","contentUrl":"https:\/\/infecar.es\/wp-content\/uploads\/2023\/02\/logo_black.svg","width":1,"height":1,"caption":"Infecar"},"image":{"@id":"https:\/\/infecar.es\/en\/#\/schema\/logo\/image\/"}},{"@type":"Person","@id":"https:\/\/infecar.es\/en\/#\/schema\/person\/2411995f63ef29797d62c4fa83b3f3bb","name":"admin","image":{"@type":"ImageObject","inLanguage":"en-US","@id":"https:\/\/infecar.es\/en\/#\/schema\/person\/image\/","url":"https:\/\/secure.gravatar.com\/avatar\/75dbbd3c542520ec06d33839c25bfc19076bf1b9da837dbf8254ae63b9db48ec?s=96&d=mm&r=g","contentUrl":"https:\/\/secure.gravatar.com\/avatar\/75dbbd3c542520ec06d33839c25bfc19076bf1b9da837dbf8254ae63b9db48ec?s=96&d=mm&r=g","caption":"admin"},"sameAs":["http:\/\/infecar.2coders.com"],"url":"https:\/\/infecar.es\/en\/author\/2coders\/"}]}},"_links":{"self":[{"href":"https:\/\/infecar.es\/en\/wp-json\/wp\/v2\/posts\/5250","targetHints":{"allow":["GET"]}}],"collection":[{"href":"https:\/\/infecar.es\/en\/wp-json\/wp\/v2\/posts"}],"about":[{"href":"https:\/\/infecar.es\/en\/wp-json\/wp\/v2\/types\/post"}],"author":[{"embeddable":true,"href":"https:\/\/infecar.es\/en\/wp-json\/wp\/v2\/users\/1"}],"replies":[{"embeddable":true,"href":"https:\/\/infecar.es\/en\/wp-json\/wp\/v2\/comments?post=5250"}],"version-history":[{"count":0,"href":"https:\/\/infecar.es\/en\/wp-json\/wp\/v2\/posts\/5250\/revisions"}],"wp:featuredmedia":[{"embeddable":true,"href":"https:\/\/infecar.es\/en\/wp-json\/wp\/v2\/media\/621"}],"wp:attachment":[{"href":"https:\/\/infecar.es\/en\/wp-json\/wp\/v2\/media?parent=5250"}],"wp:term":[{"taxonomy":"category","embeddable":true,"href":"https:\/\/infecar.es\/en\/wp-json\/wp\/v2\/categories?post=5250"},{"taxonomy":"post_tag","embeddable":true,"href":"https:\/\/infecar.es\/en\/wp-json\/wp\/v2\/tags?post=5250"}],"curies":[{"name":"wp","href":"https:\/\/api.w.org\/{rel}","templated":true}]}}