

{"id":5249,"date":"2018-03-06T13:55:12","date_gmt":"2018-03-06T13:55:12","guid":{"rendered":"https:\/\/infecar.es\/2018\/03\/06\/presentacion-gran-canaria-sum-festival\/"},"modified":"2018-03-06T13:55:12","modified_gmt":"2018-03-06T13:55:12","slug":"presentacion-gran-canaria-sum-festival","status":"publish","type":"post","link":"\/en\/news\/presentacion-gran-canaria-sum-festival","title":{"rendered":"Presentaci\u00f3n Gran Canaria Sum Festival"},"content":{"rendered":"<p style=\"margin: 0px 0px 6px; font-family: Helvetica, Arial, sans-serif; color: #1d2129; font-size: 14px; background-color: #ffffff;\">Presentaci\u00f3n a los medios de comunicaci\u00f3n de la 1\u00aa edici\u00f3n del\u00a0Gran Canaria Sum Festival , que se celebrar\u00e1 el pr\u00f3ximo 29 de septiembre en INFECAR.<\/p>\n<p style=\"margin: 6px 0px; font-family: Helvetica, Arial, sans-serif; color: #1d2129; font-size: 14px; background-color: #ffffff;\">Esta primera edici\u00f3n contar\u00e1 con un cartel variado de artistas de estilos indie, rock y pop, entre los cuales se encuentran Los Elefantes, La Habitaci\u00f3n Roja, Rozalen, Funambulistas, Nancys Rubias, novedades carminha, Izal, Sidonie, y otros muchos que est\u00e1n a\u00fan sin confirmar.<\/p>\n<p style=\"margin: 6px 0px; font-family: Helvetica, Arial, sans-serif; color: #1d2129; font-size: 14px; background-color: #ffffff;\"><img decoding=\"async\" src=\"images\/20180306_130619.jpg\" alt=\"\" \/><\/p>\n<p style=\"margin: 6px 0px; font-family: Helvetica, Arial, sans-serif; color: #1d2129; font-size: 14px; background-color: #ffffff;\">\u00a0<\/p>\n","protected":false},"excerpt":{"rendered":"<p>Presentaci\u00f3n a los medios de comunicaci\u00f3n de la 1\u00aa edici\u00f3n del\u00a0Gran Canaria Sum Festival , que se celebrar\u00e1 el pr\u00f3ximo 29 de septiembre en INFECAR. Esta primera edici\u00f3n contar\u00e1 con un cartel variado de artistas de estilos indie, rock y pop, entre los cuales se encuentran Los Elefantes, La Habitaci\u00f3n Roja, Rozalen, Funambulistas, Nancys Rubias, [&hellip;]<\/p>\n","protected":false},"author":1,"featured_media":461,"comment_status":"open","ping_status":"open","sticky":false,"template":"","format":"standard","meta":{"_acf_changed":false,"om_disable_all_campaigns":false,"_monsterinsights_skip_tracking":false,"_monsterinsights_sitenote_active":false,"_monsterinsights_sitenote_note":"","_monsterinsights_sitenote_category":0,"_uf_show_specific_survey":0,"_uf_disable_surveys":false,"_joinchat":[],"footnotes":""},"categories":[1],"tags":[],"class_list":["post-5249","post","type-post","status-publish","format-standard","has-post-thumbnail","hentry","category-sin-categorizar"],"acf":[],"aioseo_notices":[],"yoast_head":"<!-- This site is optimized with the Yoast SEO plugin v26.7 - https:\/\/yoast.com\/wordpress\/plugins\/seo\/ -->\n<title>Presentaci\u00f3n Gran Canaria Sum Festival - Infecar<\/title>\n<meta name=\"robots\" content=\"index, follow, max-snippet:-1, max-image-preview:large, max-video-preview:-1\" \/>\n<link rel=\"canonical\" href=\"https:\/\/infecar.es\/en\/news\/presentacion-gran-canaria-sum-festival\/\" \/>\n<meta property=\"og:locale\" content=\"en_US\" \/>\n<meta property=\"og:type\" content=\"article\" \/>\n<meta property=\"og:title\" content=\"Presentaci\u00f3n Gran Canaria Sum Festival - Infecar\" \/>\n<meta property=\"og:description\" content=\"Presentaci\u00f3n a los medios de comunicaci\u00f3n de la 1\u00aa edici\u00f3n del\u00a0Gran Canaria Sum Festival , que se celebrar\u00e1 el pr\u00f3ximo 29 de septiembre en INFECAR. Esta primera edici\u00f3n contar\u00e1 con un cartel variado de artistas de estilos indie, rock y pop, entre los cuales se encuentran Los Elefantes, La Habitaci\u00f3n Roja, Rozalen, Funambulistas, Nancys Rubias, [&hellip;]\" \/>\n<meta property=\"og:url\" content=\"\/en\/news\/presentacion-gran-canaria-sum-festival\/\" \/>\n<meta property=\"og:site_name\" content=\"Infecar\" \/>\n<meta property=\"article:published_time\" content=\"2018-03-06T13:55:12+00:00\" \/>\n<meta property=\"og:image\" content=\"https:\/\/infecar.es\/wp-content\/uploads\/2023\/01\/2d8edb28c6792cb00bf850749758d146-600x450.jpg\" \/>\n\t<meta property=\"og:image:width\" content=\"600\" \/>\n\t<meta property=\"og:image:height\" content=\"450\" \/>\n\t<meta property=\"og:image:type\" content=\"image\/jpeg\" \/>\n<meta name=\"author\" content=\"admin\" \/>\n<meta name=\"twitter:card\" content=\"summary_large_image\" \/>\n<meta name=\"twitter:label1\" content=\"Written by\" \/>\n\t<meta name=\"twitter:data1\" content=\"admin\" \/>\n<script type=\"application\/ld+json\" class=\"yoast-schema-graph\">{\"@context\":\"https:\/\/schema.org\",\"@graph\":[{\"@type\":\"Article\",\"@id\":\"https:\/\/infecar.es\/en\/news\/presentacion-gran-canaria-sum-festival\/#article\",\"isPartOf\":{\"@id\":\"\/en\/news\/presentacion-gran-canaria-sum-festival\/\"},\"author\":{\"name\":\"admin\",\"@id\":\"https:\/\/infecar.es\/en\/#\/schema\/person\/2411995f63ef29797d62c4fa83b3f3bb\"},\"headline\":\"Presentaci\u00f3n Gran Canaria Sum Festival\",\"datePublished\":\"2018-03-06T13:55:12+00:00\",\"mainEntityOfPage\":{\"@id\":\"\/en\/news\/presentacion-gran-canaria-sum-festival\/\"},\"wordCount\":79,\"commentCount\":0,\"publisher\":{\"@id\":\"https:\/\/infecar.es\/en\/#organization\"},\"image\":{\"@id\":\"https:\/\/infecar.es\/en\/news\/presentacion-gran-canaria-sum-festival\/#primaryimage\"},\"thumbnailUrl\":\"https:\/\/infecar.es\/wp-content\/uploads\/2023\/01\/2d8edb28c6792cb00bf850749758d146.jpg\",\"articleSection\":[\"Sin categorizar\"],\"inLanguage\":\"en-US\"},{\"@type\":\"WebPage\",\"@id\":\"\/en\/news\/presentacion-gran-canaria-sum-festival\/\",\"url\":\"https:\/\/infecar.es\/en\/news\/presentacion-gran-canaria-sum-festival\/\",\"name\":\"Presentaci\u00f3n Gran Canaria Sum Festival - Infecar\",\"isPartOf\":{\"@id\":\"https:\/\/infecar.es\/en\/#website\"},\"primaryImageOfPage\":{\"@id\":\"https:\/\/infecar.es\/en\/news\/presentacion-gran-canaria-sum-festival\/#primaryimage\"},\"image\":{\"@id\":\"https:\/\/infecar.es\/en\/news\/presentacion-gran-canaria-sum-festival\/#primaryimage\"},\"thumbnailUrl\":\"https:\/\/infecar.es\/wp-content\/uploads\/2023\/01\/2d8edb28c6792cb00bf850749758d146.jpg\",\"datePublished\":\"2018-03-06T13:55:12+00:00\",\"breadcrumb\":{\"@id\":\"https:\/\/infecar.es\/en\/news\/presentacion-gran-canaria-sum-festival\/#breadcrumb\"},\"inLanguage\":\"en-US\",\"potentialAction\":[{\"@type\":\"ReadAction\",\"target\":[\"https:\/\/infecar.es\/en\/news\/presentacion-gran-canaria-sum-festival\/\"]}]},{\"@type\":\"ImageObject\",\"inLanguage\":\"en-US\",\"@id\":\"https:\/\/infecar.es\/en\/news\/presentacion-gran-canaria-sum-festival\/#primaryimage\",\"url\":\"https:\/\/infecar.es\/wp-content\/uploads\/2023\/01\/2d8edb28c6792cb00bf850749758d146.jpg\",\"contentUrl\":\"https:\/\/infecar.es\/wp-content\/uploads\/2023\/01\/2d8edb28c6792cb00bf850749758d146.jpg\",\"width\":2500,\"height\":1875},{\"@type\":\"BreadcrumbList\",\"@id\":\"https:\/\/infecar.es\/en\/news\/presentacion-gran-canaria-sum-festival\/#breadcrumb\",\"itemListElement\":[{\"@type\":\"ListItem\",\"position\":1,\"name\":\"Portada\",\"item\":\"https:\/\/infecar.es\/en\/\"},{\"@type\":\"ListItem\",\"position\":2,\"name\":\"Presentaci\u00f3n Gran Canaria Sum Festival\"}]},{\"@type\":\"WebSite\",\"@id\":\"https:\/\/infecar.es\/en\/#website\",\"url\":\"https:\/\/infecar.es\/en\/\",\"name\":\"Infecar\",\"description\":\"Feria de Gran Canaria\",\"publisher\":{\"@id\":\"https:\/\/infecar.es\/en\/#organization\"},\"potentialAction\":[{\"@type\":\"SearchAction\",\"target\":{\"@type\":\"EntryPoint\",\"urlTemplate\":\"https:\/\/infecar.es\/en\/?s={search_term_string}\"},\"query-input\":{\"@type\":\"PropertyValueSpecification\",\"valueRequired\":true,\"valueName\":\"search_term_string\"}}],\"inLanguage\":\"en-US\"},{\"@type\":\"Organization\",\"@id\":\"https:\/\/infecar.es\/en\/#organization\",\"name\":\"Infecar\",\"url\":\"https:\/\/infecar.es\/en\/\",\"logo\":{\"@type\":\"ImageObject\",\"inLanguage\":\"en-US\",\"@id\":\"https:\/\/infecar.es\/en\/#\/schema\/logo\/image\/\",\"url\":\"https:\/\/infecar.es\/wp-content\/uploads\/2023\/02\/logo_black.svg\",\"contentUrl\":\"https:\/\/infecar.es\/wp-content\/uploads\/2023\/02\/logo_black.svg\",\"width\":1,\"height\":1,\"caption\":\"Infecar\"},\"image\":{\"@id\":\"https:\/\/infecar.es\/en\/#\/schema\/logo\/image\/\"}},{\"@type\":\"Person\",\"@id\":\"https:\/\/infecar.es\/en\/#\/schema\/person\/2411995f63ef29797d62c4fa83b3f3bb\",\"name\":\"admin\",\"image\":{\"@type\":\"ImageObject\",\"inLanguage\":\"en-US\",\"@id\":\"https:\/\/infecar.es\/en\/#\/schema\/person\/image\/\",\"url\":\"https:\/\/secure.gravatar.com\/avatar\/75dbbd3c542520ec06d33839c25bfc19076bf1b9da837dbf8254ae63b9db48ec?s=96&d=mm&r=g\",\"contentUrl\":\"https:\/\/secure.gravatar.com\/avatar\/75dbbd3c542520ec06d33839c25bfc19076bf1b9da837dbf8254ae63b9db48ec?s=96&d=mm&r=g\",\"caption\":\"admin\"},\"sameAs\":[\"http:\/\/infecar.2coders.com\"],\"url\":\"https:\/\/infecar.es\/en\/author\/2coders\/\"}]}<\/script>\n<!-- \/ Yoast SEO plugin. -->","yoast_head_json":{"title":"Presentaci\u00f3n Gran Canaria Sum Festival - Infecar","robots":{"index":"index","follow":"follow","max-snippet":"max-snippet:-1","max-image-preview":"max-image-preview:large","max-video-preview":"max-video-preview:-1"},"canonical":"https:\/\/infecar.es\/en\/news\/presentacion-gran-canaria-sum-festival\/","og_locale":"en_US","og_type":"article","og_title":"Presentaci\u00f3n Gran Canaria Sum Festival - Infecar","og_description":"Presentaci\u00f3n a los medios de comunicaci\u00f3n de la 1\u00aa edici\u00f3n del\u00a0Gran Canaria Sum Festival , que se celebrar\u00e1 el pr\u00f3ximo 29 de septiembre en INFECAR. Esta primera edici\u00f3n contar\u00e1 con un cartel variado de artistas de estilos indie, rock y pop, entre los cuales se encuentran Los Elefantes, La Habitaci\u00f3n Roja, Rozalen, Funambulistas, Nancys Rubias, [&hellip;]","og_url":"\/en\/news\/presentacion-gran-canaria-sum-festival\/","og_site_name":"Infecar","article_published_time":"2018-03-06T13:55:12+00:00","og_image":[{"width":600,"height":450,"url":"https:\/\/infecar.es\/wp-content\/uploads\/2023\/01\/2d8edb28c6792cb00bf850749758d146-600x450.jpg","type":"image\/jpeg"}],"author":"admin","twitter_card":"summary_large_image","twitter_misc":{"Written by":"admin"},"schema":{"@context":"https:\/\/schema.org","@graph":[{"@type":"Article","@id":"https:\/\/infecar.es\/en\/news\/presentacion-gran-canaria-sum-festival\/#article","isPartOf":{"@id":"\/en\/news\/presentacion-gran-canaria-sum-festival\/"},"author":{"name":"admin","@id":"https:\/\/infecar.es\/en\/#\/schema\/person\/2411995f63ef29797d62c4fa83b3f3bb"},"headline":"Presentaci\u00f3n Gran Canaria Sum Festival","datePublished":"2018-03-06T13:55:12+00:00","mainEntityOfPage":{"@id":"\/en\/news\/presentacion-gran-canaria-sum-festival\/"},"wordCount":79,"commentCount":0,"publisher":{"@id":"https:\/\/infecar.es\/en\/#organization"},"image":{"@id":"https:\/\/infecar.es\/en\/news\/presentacion-gran-canaria-sum-festival\/#primaryimage"},"thumbnailUrl":"https:\/\/infecar.es\/wp-content\/uploads\/2023\/01\/2d8edb28c6792cb00bf850749758d146.jpg","articleSection":["Sin categorizar"],"inLanguage":"en-US"},{"@type":"WebPage","@id":"\/en\/news\/presentacion-gran-canaria-sum-festival\/","url":"https:\/\/infecar.es\/en\/news\/presentacion-gran-canaria-sum-festival\/","name":"Presentaci\u00f3n Gran Canaria Sum Festival - Infecar","isPartOf":{"@id":"https:\/\/infecar.es\/en\/#website"},"primaryImageOfPage":{"@id":"https:\/\/infecar.es\/en\/news\/presentacion-gran-canaria-sum-festival\/#primaryimage"},"image":{"@id":"https:\/\/infecar.es\/en\/news\/presentacion-gran-canaria-sum-festival\/#primaryimage"},"thumbnailUrl":"https:\/\/infecar.es\/wp-content\/uploads\/2023\/01\/2d8edb28c6792cb00bf850749758d146.jpg","datePublished":"2018-03-06T13:55:12+00:00","breadcrumb":{"@id":"https:\/\/infecar.es\/en\/news\/presentacion-gran-canaria-sum-festival\/#breadcrumb"},"inLanguage":"en-US","potentialAction":[{"@type":"ReadAction","target":["https:\/\/infecar.es\/en\/news\/presentacion-gran-canaria-sum-festival\/"]}]},{"@type":"ImageObject","inLanguage":"en-US","@id":"https:\/\/infecar.es\/en\/news\/presentacion-gran-canaria-sum-festival\/#primaryimage","url":"https:\/\/infecar.es\/wp-content\/uploads\/2023\/01\/2d8edb28c6792cb00bf850749758d146.jpg","contentUrl":"https:\/\/infecar.es\/wp-content\/uploads\/2023\/01\/2d8edb28c6792cb00bf850749758d146.jpg","width":2500,"height":1875},{"@type":"BreadcrumbList","@id":"https:\/\/infecar.es\/en\/news\/presentacion-gran-canaria-sum-festival\/#breadcrumb","itemListElement":[{"@type":"ListItem","position":1,"name":"Portada","item":"https:\/\/infecar.es\/en\/"},{"@type":"ListItem","position":2,"name":"Presentaci\u00f3n Gran Canaria Sum Festival"}]},{"@type":"WebSite","@id":"https:\/\/infecar.es\/en\/#website","url":"https:\/\/infecar.es\/en\/","name":"Infecar","description":"Feria de Gran Canaria","publisher":{"@id":"https:\/\/infecar.es\/en\/#organization"},"potentialAction":[{"@type":"SearchAction","target":{"@type":"EntryPoint","urlTemplate":"https:\/\/infecar.es\/en\/?s={search_term_string}"},"query-input":{"@type":"PropertyValueSpecification","valueRequired":true,"valueName":"search_term_string"}}],"inLanguage":"en-US"},{"@type":"Organization","@id":"https:\/\/infecar.es\/en\/#organization","name":"Infecar","url":"https:\/\/infecar.es\/en\/","logo":{"@type":"ImageObject","inLanguage":"en-US","@id":"https:\/\/infecar.es\/en\/#\/schema\/logo\/image\/","url":"https:\/\/infecar.es\/wp-content\/uploads\/2023\/02\/logo_black.svg","contentUrl":"https:\/\/infecar.es\/wp-content\/uploads\/2023\/02\/logo_black.svg","width":1,"height":1,"caption":"Infecar"},"image":{"@id":"https:\/\/infecar.es\/en\/#\/schema\/logo\/image\/"}},{"@type":"Person","@id":"https:\/\/infecar.es\/en\/#\/schema\/person\/2411995f63ef29797d62c4fa83b3f3bb","name":"admin","image":{"@type":"ImageObject","inLanguage":"en-US","@id":"https:\/\/infecar.es\/en\/#\/schema\/person\/image\/","url":"https:\/\/secure.gravatar.com\/avatar\/75dbbd3c542520ec06d33839c25bfc19076bf1b9da837dbf8254ae63b9db48ec?s=96&d=mm&r=g","contentUrl":"https:\/\/secure.gravatar.com\/avatar\/75dbbd3c542520ec06d33839c25bfc19076bf1b9da837dbf8254ae63b9db48ec?s=96&d=mm&r=g","caption":"admin"},"sameAs":["http:\/\/infecar.2coders.com"],"url":"https:\/\/infecar.es\/en\/author\/2coders\/"}]}},"_links":{"self":[{"href":"https:\/\/infecar.es\/en\/wp-json\/wp\/v2\/posts\/5249","targetHints":{"allow":["GET"]}}],"collection":[{"href":"https:\/\/infecar.es\/en\/wp-json\/wp\/v2\/posts"}],"about":[{"href":"https:\/\/infecar.es\/en\/wp-json\/wp\/v2\/types\/post"}],"author":[{"embeddable":true,"href":"https:\/\/infecar.es\/en\/wp-json\/wp\/v2\/users\/1"}],"replies":[{"embeddable":true,"href":"https:\/\/infecar.es\/en\/wp-json\/wp\/v2\/comments?post=5249"}],"version-history":[{"count":0,"href":"https:\/\/infecar.es\/en\/wp-json\/wp\/v2\/posts\/5249\/revisions"}],"wp:featuredmedia":[{"embeddable":true,"href":"https:\/\/infecar.es\/en\/wp-json\/wp\/v2\/media\/461"}],"wp:attachment":[{"href":"https:\/\/infecar.es\/en\/wp-json\/wp\/v2\/media?parent=5249"}],"wp:term":[{"taxonomy":"category","embeddable":true,"href":"https:\/\/infecar.es\/en\/wp-json\/wp\/v2\/categories?post=5249"},{"taxonomy":"post_tag","embeddable":true,"href":"https:\/\/infecar.es\/en\/wp-json\/wp\/v2\/tags?post=5249"}],"curies":[{"name":"wp","href":"https:\/\/api.w.org\/{rel}","templated":true}]}}