

{"id":5248,"date":"2018-02-25T09:47:47","date_gmt":"2018-02-25T09:47:47","guid":{"rendered":"https:\/\/infecar.es\/2018\/02\/25\/suspendidas-todas-las-actividades-y-actos-publicos-previstos-para-hoy-domingo-25-de-febrero-de-2018-en-el-recinto-ferial-de-canarias-infecar\/"},"modified":"2018-02-25T09:47:47","modified_gmt":"2018-02-25T09:47:47","slug":"suspendidas-todas-las-actividades-y-actos-publicos-previstos-para-hoy-domingo-25-de-febrero-de-2018-en-el-recinto-ferial-de-canarias-infecar","status":"publish","type":"post","link":"\/en\/news\/suspendidas-todas-las-actividades-y-actos-publicos-previstos-para-hoy-domingo-25-de-febrero-de-2018-en-el-recinto-ferial-de-canarias-infecar","title":{"rendered":"Suspendidas todas las actividades y actos p\u00fablicos previstos para hoy domingo 25 de febrero de 2018 en el Recinto Ferial de Canarias &#8211; INFECAR"},"content":{"rendered":"<p><span style=\"color: #1d2129; font-family: Helvetica, Arial, sans-serif; font-size: 14px;\">Se han suspendido todas las actividades y actos p\u00fablicos previstos para hoy domingo 25 de febrero de 2018 en el Recinto Ferial de Canarias &#8211; INFECAR, dado que el Cabildo de Gran Canaria, en aplicaci\u00f3n de la situaci\u00f3n declarada por el Gobierno de Canarias, ha declarado para la isla de Gran Canaria la situaci\u00f3n de ALERTA M\u00c1XIMA por Fen\u00f3meno Meteorol\u00f3gico Adverso ante la posibilidad de viento, lluvias, tormentas y fen\u00f3menos costeros.<\/span><\/p>\n<p><span style=\"color: #1d2129; font-family: Helvetica, Arial, sans-serif; font-size: 14px;\">En consecuencia, la Feria Inmobiliaria de Gran Canaria no se celebrar\u00e1 hoy en las instalaciones de la Instituci\u00f3n Ferial de Canarias (INFECAR)<\/span><\/p>\n","protected":false},"excerpt":{"rendered":"<p>Se han suspendido todas las actividades y actos p\u00fablicos previstos para hoy domingo 25 de febrero de 2018 en el Recinto Ferial de Canarias &#8211; INFECAR, dado que el Cabildo de Gran Canaria, en aplicaci\u00f3n de la situaci\u00f3n declarada por el Gobierno de Canarias, ha declarado para la isla de Gran Canaria la situaci\u00f3n de [&hellip;]<\/p>\n","protected":false},"author":1,"featured_media":0,"comment_status":"open","ping_status":"open","sticky":false,"template":"","format":"standard","meta":{"_acf_changed":false,"om_disable_all_campaigns":false,"_monsterinsights_skip_tracking":false,"_monsterinsights_sitenote_active":false,"_monsterinsights_sitenote_note":"","_monsterinsights_sitenote_category":0,"_uf_show_specific_survey":0,"_uf_disable_surveys":false,"_joinchat":[],"footnotes":""},"categories":[1],"tags":[],"class_list":["post-5248","post","type-post","status-publish","format-standard","hentry","category-sin-categorizar"],"acf":[],"aioseo_notices":[],"yoast_head":"<!-- This site is optimized with the Yoast SEO plugin v26.7 - https:\/\/yoast.com\/wordpress\/plugins\/seo\/ -->\n<title>Suspendidas todas las actividades y actos p\u00fablicos previstos para hoy domingo 25 de febrero de 2018 en el Recinto Ferial de Canarias - INFECAR - Infecar<\/title>\n<meta name=\"robots\" content=\"index, follow, max-snippet:-1, max-image-preview:large, max-video-preview:-1\" \/>\n<link rel=\"canonical\" href=\"https:\/\/infecar.es\/noticias\/suspendidas-todas-las-actividades-y-actos-publicos-previstos-para-hoy-domingo-25-de-febrero-de-2018-en-el-recinto-ferial-de-canarias-infecar\/\" \/>\n<meta property=\"og:locale\" content=\"en_US\" \/>\n<meta property=\"og:type\" content=\"article\" \/>\n<meta property=\"og:title\" content=\"Suspendidas todas las actividades y actos p\u00fablicos previstos para hoy domingo 25 de febrero de 2018 en el Recinto Ferial de Canarias - INFECAR - Infecar\" \/>\n<meta property=\"og:description\" content=\"Se han suspendido todas las actividades y actos p\u00fablicos previstos para hoy domingo 25 de febrero de 2018 en el Recinto Ferial de Canarias &#8211; INFECAR, dado que el Cabildo de Gran Canaria, en aplicaci\u00f3n de la situaci\u00f3n declarada por el Gobierno de Canarias, ha declarado para la isla de Gran Canaria la situaci\u00f3n de [&hellip;]\" \/>\n<meta property=\"og:url\" content=\"\/noticias\/suspendidas-todas-las-actividades-y-actos-publicos-previstos-para-hoy-domingo-25-de-febrero-de-2018-en-el-recinto-ferial-de-canarias-infecar\/\" \/>\n<meta property=\"og:site_name\" content=\"Infecar\" \/>\n<meta property=\"article:published_time\" content=\"2018-02-25T09:47:47+00:00\" \/>\n<meta name=\"author\" content=\"admin\" \/>\n<meta name=\"twitter:card\" content=\"summary_large_image\" \/>\n<meta name=\"twitter:label1\" content=\"Written by\" \/>\n\t<meta name=\"twitter:data1\" content=\"admin\" \/>\n\t<meta name=\"twitter:label2\" content=\"Est. reading time\" \/>\n\t<meta name=\"twitter:data2\" content=\"1 minute\" \/>\n<script type=\"application\/ld+json\" class=\"yoast-schema-graph\">{\"@context\":\"https:\/\/schema.org\",\"@graph\":[{\"@type\":\"Article\",\"@id\":\"https:\/\/infecar.es\/noticias\/suspendidas-todas-las-actividades-y-actos-publicos-previstos-para-hoy-domingo-25-de-febrero-de-2018-en-el-recinto-ferial-de-canarias-infecar\/#article\",\"isPartOf\":{\"@id\":\"\/noticias\/suspendidas-todas-las-actividades-y-actos-publicos-previstos-para-hoy-domingo-25-de-febrero-de-2018-en-el-recinto-ferial-de-canarias-infecar\/\"},\"author\":{\"name\":\"admin\",\"@id\":\"https:\/\/infecar.es\/en\/#\/schema\/person\/2411995f63ef29797d62c4fa83b3f3bb\"},\"headline\":\"Suspendidas todas las actividades y actos p\u00fablicos previstos para hoy domingo 25 de febrero de 2018 en el Recinto Ferial de Canarias &#8211; INFECAR\",\"datePublished\":\"2018-02-25T09:47:47+00:00\",\"mainEntityOfPage\":{\"@id\":\"\/noticias\/suspendidas-todas-las-actividades-y-actos-publicos-previstos-para-hoy-domingo-25-de-febrero-de-2018-en-el-recinto-ferial-de-canarias-infecar\/\"},\"wordCount\":123,\"commentCount\":0,\"publisher\":{\"@id\":\"https:\/\/infecar.es\/en\/#organization\"},\"articleSection\":[\"Sin categorizar\"],\"inLanguage\":\"en-US\"},{\"@type\":\"WebPage\",\"@id\":\"\/noticias\/suspendidas-todas-las-actividades-y-actos-publicos-previstos-para-hoy-domingo-25-de-febrero-de-2018-en-el-recinto-ferial-de-canarias-infecar\/\",\"url\":\"https:\/\/infecar.es\/noticias\/suspendidas-todas-las-actividades-y-actos-publicos-previstos-para-hoy-domingo-25-de-febrero-de-2018-en-el-recinto-ferial-de-canarias-infecar\/\",\"name\":\"Suspendidas todas las actividades y actos p\u00fablicos previstos para hoy domingo 25 de febrero de 2018 en el Recinto Ferial de Canarias - INFECAR - Infecar\",\"isPartOf\":{\"@id\":\"https:\/\/infecar.es\/en\/#website\"},\"datePublished\":\"2018-02-25T09:47:47+00:00\",\"breadcrumb\":{\"@id\":\"https:\/\/infecar.es\/noticias\/suspendidas-todas-las-actividades-y-actos-publicos-previstos-para-hoy-domingo-25-de-febrero-de-2018-en-el-recinto-ferial-de-canarias-infecar\/#breadcrumb\"},\"inLanguage\":\"en-US\",\"potentialAction\":[{\"@type\":\"ReadAction\",\"target\":[\"https:\/\/infecar.es\/noticias\/suspendidas-todas-las-actividades-y-actos-publicos-previstos-para-hoy-domingo-25-de-febrero-de-2018-en-el-recinto-ferial-de-canarias-infecar\/\"]}]},{\"@type\":\"BreadcrumbList\",\"@id\":\"https:\/\/infecar.es\/noticias\/suspendidas-todas-las-actividades-y-actos-publicos-previstos-para-hoy-domingo-25-de-febrero-de-2018-en-el-recinto-ferial-de-canarias-infecar\/#breadcrumb\",\"itemListElement\":[{\"@type\":\"ListItem\",\"position\":1,\"name\":\"Portada\",\"item\":\"https:\/\/infecar.es\/en\/\"},{\"@type\":\"ListItem\",\"position\":2,\"name\":\"Suspendidas todas las actividades y actos p\u00fablicos previstos para hoy domingo 25 de febrero de 2018 en el Recinto Ferial de Canarias &#8211; INFECAR\"}]},{\"@type\":\"WebSite\",\"@id\":\"https:\/\/infecar.es\/en\/#website\",\"url\":\"https:\/\/infecar.es\/en\/\",\"name\":\"Infecar\",\"description\":\"Feria de Gran Canaria\",\"publisher\":{\"@id\":\"https:\/\/infecar.es\/en\/#organization\"},\"potentialAction\":[{\"@type\":\"SearchAction\",\"target\":{\"@type\":\"EntryPoint\",\"urlTemplate\":\"https:\/\/infecar.es\/en\/?s={search_term_string}\"},\"query-input\":{\"@type\":\"PropertyValueSpecification\",\"valueRequired\":true,\"valueName\":\"search_term_string\"}}],\"inLanguage\":\"en-US\"},{\"@type\":\"Organization\",\"@id\":\"https:\/\/infecar.es\/en\/#organization\",\"name\":\"Infecar\",\"url\":\"https:\/\/infecar.es\/en\/\",\"logo\":{\"@type\":\"ImageObject\",\"inLanguage\":\"en-US\",\"@id\":\"https:\/\/infecar.es\/en\/#\/schema\/logo\/image\/\",\"url\":\"https:\/\/infecar.es\/wp-content\/uploads\/2023\/02\/logo_black.svg\",\"contentUrl\":\"https:\/\/infecar.es\/wp-content\/uploads\/2023\/02\/logo_black.svg\",\"width\":1,\"height\":1,\"caption\":\"Infecar\"},\"image\":{\"@id\":\"https:\/\/infecar.es\/en\/#\/schema\/logo\/image\/\"}},{\"@type\":\"Person\",\"@id\":\"https:\/\/infecar.es\/en\/#\/schema\/person\/2411995f63ef29797d62c4fa83b3f3bb\",\"name\":\"admin\",\"image\":{\"@type\":\"ImageObject\",\"inLanguage\":\"en-US\",\"@id\":\"https:\/\/infecar.es\/en\/#\/schema\/person\/image\/\",\"url\":\"https:\/\/secure.gravatar.com\/avatar\/75dbbd3c542520ec06d33839c25bfc19076bf1b9da837dbf8254ae63b9db48ec?s=96&d=mm&r=g\",\"contentUrl\":\"https:\/\/secure.gravatar.com\/avatar\/75dbbd3c542520ec06d33839c25bfc19076bf1b9da837dbf8254ae63b9db48ec?s=96&d=mm&r=g\",\"caption\":\"admin\"},\"sameAs\":[\"http:\/\/infecar.2coders.com\"],\"url\":\"https:\/\/infecar.es\/en\/author\/2coders\/\"}]}<\/script>\n<!-- \/ Yoast SEO plugin. -->","yoast_head_json":{"title":"Suspendidas todas las actividades y actos p\u00fablicos previstos para hoy domingo 25 de febrero de 2018 en el Recinto Ferial de Canarias - INFECAR - Infecar","robots":{"index":"index","follow":"follow","max-snippet":"max-snippet:-1","max-image-preview":"max-image-preview:large","max-video-preview":"max-video-preview:-1"},"canonical":"https:\/\/infecar.es\/noticias\/suspendidas-todas-las-actividades-y-actos-publicos-previstos-para-hoy-domingo-25-de-febrero-de-2018-en-el-recinto-ferial-de-canarias-infecar\/","og_locale":"en_US","og_type":"article","og_title":"Suspendidas todas las actividades y actos p\u00fablicos previstos para hoy domingo 25 de febrero de 2018 en el Recinto Ferial de Canarias - INFECAR - Infecar","og_description":"Se han suspendido todas las actividades y actos p\u00fablicos previstos para hoy domingo 25 de febrero de 2018 en el Recinto Ferial de Canarias &#8211; INFECAR, dado que el Cabildo de Gran Canaria, en aplicaci\u00f3n de la situaci\u00f3n declarada por el Gobierno de Canarias, ha declarado para la isla de Gran Canaria la situaci\u00f3n de [&hellip;]","og_url":"\/noticias\/suspendidas-todas-las-actividades-y-actos-publicos-previstos-para-hoy-domingo-25-de-febrero-de-2018-en-el-recinto-ferial-de-canarias-infecar\/","og_site_name":"Infecar","article_published_time":"2018-02-25T09:47:47+00:00","author":"admin","twitter_card":"summary_large_image","twitter_misc":{"Written by":"admin","Est. reading time":"1 minute"},"schema":{"@context":"https:\/\/schema.org","@graph":[{"@type":"Article","@id":"https:\/\/infecar.es\/noticias\/suspendidas-todas-las-actividades-y-actos-publicos-previstos-para-hoy-domingo-25-de-febrero-de-2018-en-el-recinto-ferial-de-canarias-infecar\/#article","isPartOf":{"@id":"\/noticias\/suspendidas-todas-las-actividades-y-actos-publicos-previstos-para-hoy-domingo-25-de-febrero-de-2018-en-el-recinto-ferial-de-canarias-infecar\/"},"author":{"name":"admin","@id":"https:\/\/infecar.es\/en\/#\/schema\/person\/2411995f63ef29797d62c4fa83b3f3bb"},"headline":"Suspendidas todas las actividades y actos p\u00fablicos previstos para hoy domingo 25 de febrero de 2018 en el Recinto Ferial de Canarias &#8211; INFECAR","datePublished":"2018-02-25T09:47:47+00:00","mainEntityOfPage":{"@id":"\/noticias\/suspendidas-todas-las-actividades-y-actos-publicos-previstos-para-hoy-domingo-25-de-febrero-de-2018-en-el-recinto-ferial-de-canarias-infecar\/"},"wordCount":123,"commentCount":0,"publisher":{"@id":"https:\/\/infecar.es\/en\/#organization"},"articleSection":["Sin categorizar"],"inLanguage":"en-US"},{"@type":"WebPage","@id":"\/noticias\/suspendidas-todas-las-actividades-y-actos-publicos-previstos-para-hoy-domingo-25-de-febrero-de-2018-en-el-recinto-ferial-de-canarias-infecar\/","url":"https:\/\/infecar.es\/noticias\/suspendidas-todas-las-actividades-y-actos-publicos-previstos-para-hoy-domingo-25-de-febrero-de-2018-en-el-recinto-ferial-de-canarias-infecar\/","name":"Suspendidas todas las actividades y actos p\u00fablicos previstos para hoy domingo 25 de febrero de 2018 en el Recinto Ferial de Canarias - INFECAR - Infecar","isPartOf":{"@id":"https:\/\/infecar.es\/en\/#website"},"datePublished":"2018-02-25T09:47:47+00:00","breadcrumb":{"@id":"https:\/\/infecar.es\/noticias\/suspendidas-todas-las-actividades-y-actos-publicos-previstos-para-hoy-domingo-25-de-febrero-de-2018-en-el-recinto-ferial-de-canarias-infecar\/#breadcrumb"},"inLanguage":"en-US","potentialAction":[{"@type":"ReadAction","target":["https:\/\/infecar.es\/noticias\/suspendidas-todas-las-actividades-y-actos-publicos-previstos-para-hoy-domingo-25-de-febrero-de-2018-en-el-recinto-ferial-de-canarias-infecar\/"]}]},{"@type":"BreadcrumbList","@id":"https:\/\/infecar.es\/noticias\/suspendidas-todas-las-actividades-y-actos-publicos-previstos-para-hoy-domingo-25-de-febrero-de-2018-en-el-recinto-ferial-de-canarias-infecar\/#breadcrumb","itemListElement":[{"@type":"ListItem","position":1,"name":"Portada","item":"https:\/\/infecar.es\/en\/"},{"@type":"ListItem","position":2,"name":"Suspendidas todas las actividades y actos p\u00fablicos previstos para hoy domingo 25 de febrero de 2018 en el Recinto Ferial de Canarias &#8211; INFECAR"}]},{"@type":"WebSite","@id":"https:\/\/infecar.es\/en\/#website","url":"https:\/\/infecar.es\/en\/","name":"Infecar","description":"Feria de Gran Canaria","publisher":{"@id":"https:\/\/infecar.es\/en\/#organization"},"potentialAction":[{"@type":"SearchAction","target":{"@type":"EntryPoint","urlTemplate":"https:\/\/infecar.es\/en\/?s={search_term_string}"},"query-input":{"@type":"PropertyValueSpecification","valueRequired":true,"valueName":"search_term_string"}}],"inLanguage":"en-US"},{"@type":"Organization","@id":"https:\/\/infecar.es\/en\/#organization","name":"Infecar","url":"https:\/\/infecar.es\/en\/","logo":{"@type":"ImageObject","inLanguage":"en-US","@id":"https:\/\/infecar.es\/en\/#\/schema\/logo\/image\/","url":"https:\/\/infecar.es\/wp-content\/uploads\/2023\/02\/logo_black.svg","contentUrl":"https:\/\/infecar.es\/wp-content\/uploads\/2023\/02\/logo_black.svg","width":1,"height":1,"caption":"Infecar"},"image":{"@id":"https:\/\/infecar.es\/en\/#\/schema\/logo\/image\/"}},{"@type":"Person","@id":"https:\/\/infecar.es\/en\/#\/schema\/person\/2411995f63ef29797d62c4fa83b3f3bb","name":"admin","image":{"@type":"ImageObject","inLanguage":"en-US","@id":"https:\/\/infecar.es\/en\/#\/schema\/person\/image\/","url":"https:\/\/secure.gravatar.com\/avatar\/75dbbd3c542520ec06d33839c25bfc19076bf1b9da837dbf8254ae63b9db48ec?s=96&d=mm&r=g","contentUrl":"https:\/\/secure.gravatar.com\/avatar\/75dbbd3c542520ec06d33839c25bfc19076bf1b9da837dbf8254ae63b9db48ec?s=96&d=mm&r=g","caption":"admin"},"sameAs":["http:\/\/infecar.2coders.com"],"url":"https:\/\/infecar.es\/en\/author\/2coders\/"}]}},"_links":{"self":[{"href":"https:\/\/infecar.es\/en\/wp-json\/wp\/v2\/posts\/5248","targetHints":{"allow":["GET"]}}],"collection":[{"href":"https:\/\/infecar.es\/en\/wp-json\/wp\/v2\/posts"}],"about":[{"href":"https:\/\/infecar.es\/en\/wp-json\/wp\/v2\/types\/post"}],"author":[{"embeddable":true,"href":"https:\/\/infecar.es\/en\/wp-json\/wp\/v2\/users\/1"}],"replies":[{"embeddable":true,"href":"https:\/\/infecar.es\/en\/wp-json\/wp\/v2\/comments?post=5248"}],"version-history":[{"count":0,"href":"https:\/\/infecar.es\/en\/wp-json\/wp\/v2\/posts\/5248\/revisions"}],"wp:attachment":[{"href":"https:\/\/infecar.es\/en\/wp-json\/wp\/v2\/media?parent=5248"}],"wp:term":[{"taxonomy":"category","embeddable":true,"href":"https:\/\/infecar.es\/en\/wp-json\/wp\/v2\/categories?post=5248"},{"taxonomy":"post_tag","embeddable":true,"href":"https:\/\/infecar.es\/en\/wp-json\/wp\/v2\/tags?post=5248"}],"curies":[{"name":"wp","href":"https:\/\/api.w.org\/{rel}","templated":true}]}}