

{"id":5242,"date":"2018-01-19T09:17:00","date_gmt":"2018-01-19T09:17:00","guid":{"rendered":"https:\/\/infecar.es\/2018\/01\/19\/xabier-basanez-director-general-del-bec-reelegido-presidente-de-la-asociacion-de-ferias-espanolas\/"},"modified":"2018-01-19T09:17:00","modified_gmt":"2018-01-19T09:17:00","slug":"xabier-basanez-director-general-del-bec-reelegido-presidente-de-la-asociacion-de-ferias-espanolas","status":"publish","type":"post","link":"\/en\/news\/xabier-basanez-director-general-del-bec-reelegido-presidente-de-la-asociacion-de-ferias-espanolas","title":{"rendered":"Xabier Basa\u00f1ez, Director General del BEC, reelegido presidente de la Asociaci\u00f3n de Ferias Espa\u00f1olas"},"content":{"rendered":"<p style=\"margin-bottom: 12pt; text-align: center; line-height: normal;\"><strong><span style=\"font-size: 14pt; color: #c00000;\">Xabier Basa\u00f1ez, Director General del BEC, reelegido presidente de la Asociaci\u00f3n de Ferias Espa\u00f1olas<\/span><\/strong><\/p>\n<p style=\"margin-bottom: 8.35pt; text-align: justify; line-height: normal;\">Coincidiendo con la celebraci\u00f3n de la Feria Internacional de Turismo (FITU) en Madrid, se celebr\u00f3 la Asamblea General de la <strong>Asociaci\u00f3n de Ferias Espa\u00f1olas, AFE<\/strong>, con elecciones a la presidencia, que han supuesto la reelecci\u00f3n, por unanimidad, de Xabier Basa\u00f1ez, a su vez director general del BEC -Bilbao Exhibition Centre-, para conducir y representar a la asociaci\u00f3n los dos pr\u00f3ximos a\u00f1os, as\u00ed como la reelecci\u00f3n de Manuel Mora Lourido como miembro de la Junta Directiva de AFE.<\/p>\n<p style=\"margin-bottom: 8.35pt; text-align: justify; line-height: normal;\">En la reuni\u00f3n, al margen de las elecciones, se han analizado las actividades y eventos m\u00e1s relevantes de 2017, as\u00ed como el cierre contable, y se ha aprobado el presupuesto de ingresos y gastos para el ejercicio econ\u00f3mico que comienza, el cual registra un incremento sustancial respecto al del ejercicio precedente, debido al mayor n\u00famero de acciones previstas.<\/p>\n<p style=\"margin-bottom: 8.35pt; text-align: justify; line-height: normal;\">La valoraci\u00f3n del a\u00f1o ha sido muy positiva, significando un punto de inflexi\u00f3n, que comenz\u00f3 con un cambio en la figura de la secretar\u00eda general en febrero, para continuar con la presentaci\u00f3n de par\u00e1metros de signo creciente en las ferias auditadas correspondientes a 2016, un exitoso congreso del sector en Gran Canaria o la adhesi\u00f3n de tres nuevos socios, que refuerzan la representatividad de la entidad, por mencionar tan solo algunos hechos significativos.<\/p>\n<p style=\"margin-bottom: 8.35pt; text-align: justify; line-height: normal;\">La reelecci\u00f3n de Basa\u00f1ez como presidente conlleva asimismo el nombramiento de los miembros de la Junta Directiva, que significa la continuidad de la mayor parte de directivos que ya han formado parte de la misma durante el \u00faltimo mandato, con la incorporaci\u00f3n de Manuel G\u00f3mez Parejo, director general de la Instituci\u00f3n Ferial de Extremadura, FEVAL y del relevo en el cargo de Tesorero que ser\u00e1 ocupado por Rogelio Cuair\u00e1n, director general de la Feria de Zaragoza. Las entidades feriales con representaci\u00f3n en la Junta son las de: Barcelona, Bilbao, Don Benito, Elche, Gij\u00f3n, Las Palmas, Madrid, M\u00e1laga, Torre Pacheco, Valencia, Valladolid y Zaragoza.<\/p>\n<p style=\"margin-bottom: 8.35pt; text-align: justify; line-height: normal;\">El nombramiento tambi\u00e9n supone el respaldo de los miembros asociados a la gesti\u00f3n llevada a cabo y a los planes de futuro trazados por las diferentes comisiones de trabajo (Formaci\u00f3n, Estudios y Estad\u00edsticas, Comunicaci\u00f3n y Marketing, y Recursos Humanos, Calidad y Prevenci\u00f3n), que son elementos clave para la marcha de la AFE.<\/p>\n<p style=\"margin-bottom: 8.35pt; text-align: justify; line-height: normal;\">En palabras de Xabier Basa\u00f1ez, \u201c<em>se presentan buenos tiempos para la actividad ferial en Espa\u00f1a en su conjunto, a tenor de los resultados observados en los \u00faltimos ejercicios y de las previsiones optimistas que siguen constatando los eventos programados para los pr\u00f3ximos meses<\/em>. <em>Las ferias comerciales contin\u00faan siendo herramientas de marketing muy relevantes para las empresas\u201d.<\/em><\/p>\n<p style=\"margin-bottom: 8.35pt; text-align: justify; line-height: normal;\">Durante los \u00faltimos minutos de la Asamblea General, se rindi\u00f3 un homenaje a Juan Carlos G\u00f3mez, exsecretario general de la Feria de Madrid, en reconocimiento a su dedicaci\u00f3n a la asociaci\u00f3n y al sector durante m\u00e1s de tres d\u00e9cadas. Tras la reuni\u00f3n, los asistentes celebraron un almuerzo de trabajo en las instalaciones de IFEMA, que actu\u00f3 como magn\u00edfico anfitri\u00f3n, como ya viene siendo tradicional en estas fechas, por la mencionada celebraci\u00f3n de FITUR.<\/p>\n<p style=\"margin-bottom: 8.35pt; text-align: justify; line-height: normal;\">La <strong>Asociaci\u00f3n de Ferias Espa\u00f1olas<\/strong>, fundada en 1964, agrupa actualmente a 23 miembros (incluyendo 3 empresas proveedoras de la industria ferial como socios colaboradores), que representan m\u00e1s del 90% de la actividad del sector en t\u00e9rminos de facturaci\u00f3n, la cual supone m\u00e1s de 3.500 millones de euros de riqueza inducida conjunta anual en las ciudades en las que operan. Est\u00e1 previsto que este a\u00f1o se sume a la AFE alguna organizaci\u00f3n ferial m\u00e1s. En 2018 tendr\u00e1n lugar m\u00e1s de 500 eventos organizados por los socios de la AFE, de los cuales la mayor parte son ferias comerciales. Espa\u00f1a es uno de los principales pa\u00edses de Europa en materia de ferias, junto con Alemania, Italia, Francia y el Reino Unido.\u00a0<\/p>\n","protected":false},"excerpt":{"rendered":"<p>Xabier Basa\u00f1ez, Director General del BEC, reelegido presidente de la Asociaci\u00f3n de Ferias Espa\u00f1olas Coincidiendo con la celebraci\u00f3n de la Feria Internacional de Turismo (FITU) en Madrid, se celebr\u00f3 la Asamblea General de la Asociaci\u00f3n de Ferias Espa\u00f1olas, AFE, con elecciones a la presidencia, que han supuesto la reelecci\u00f3n, por unanimidad, de Xabier Basa\u00f1ez, a [&hellip;]<\/p>\n","protected":false},"author":1,"featured_media":1585,"comment_status":"open","ping_status":"open","sticky":false,"template":"","format":"standard","meta":{"_acf_changed":false,"om_disable_all_campaigns":false,"_monsterinsights_skip_tracking":false,"_monsterinsights_sitenote_active":false,"_monsterinsights_sitenote_note":"","_monsterinsights_sitenote_category":0,"_uf_show_specific_survey":0,"_uf_disable_surveys":false,"_joinchat":[],"footnotes":""},"categories":[1],"tags":[],"class_list":["post-5242","post","type-post","status-publish","format-standard","has-post-thumbnail","hentry","category-sin-categorizar"],"acf":[],"aioseo_notices":[],"yoast_head":"<!-- This site is optimized with the Yoast SEO plugin v26.7 - https:\/\/yoast.com\/wordpress\/plugins\/seo\/ -->\n<title>Xabier Basa\u00f1ez, Director General del BEC, reelegido presidente de la Asociaci\u00f3n de Ferias Espa\u00f1olas - Infecar<\/title>\n<meta name=\"robots\" content=\"index, follow, max-snippet:-1, max-image-preview:large, max-video-preview:-1\" \/>\n<link rel=\"canonical\" href=\"https:\/\/infecar.es\/en\/news\/xabier-basanez-director-general-del-bec-reelegido-presidente-de-la-asociacion-de-ferias-espanolas\/\" \/>\n<meta property=\"og:locale\" content=\"en_US\" \/>\n<meta property=\"og:type\" content=\"article\" \/>\n<meta property=\"og:title\" content=\"Xabier Basa\u00f1ez, Director General del BEC, reelegido presidente de la Asociaci\u00f3n de Ferias Espa\u00f1olas - Infecar\" \/>\n<meta property=\"og:description\" content=\"Xabier Basa\u00f1ez, Director General del BEC, reelegido presidente de la Asociaci\u00f3n de Ferias Espa\u00f1olas Coincidiendo con la celebraci\u00f3n de la Feria Internacional de Turismo (FITU) en Madrid, se celebr\u00f3 la Asamblea General de la Asociaci\u00f3n de Ferias Espa\u00f1olas, AFE, con elecciones a la presidencia, que han supuesto la reelecci\u00f3n, por unanimidad, de Xabier Basa\u00f1ez, a [&hellip;]\" \/>\n<meta property=\"og:url\" content=\"\/en\/news\/xabier-basanez-director-general-del-bec-reelegido-presidente-de-la-asociacion-de-ferias-espanolas\/\" \/>\n<meta property=\"og:site_name\" content=\"Infecar\" \/>\n<meta property=\"article:published_time\" content=\"2018-01-19T09:17:00+00:00\" \/>\n<meta property=\"og:image\" content=\"https:\/\/infecar.es\/wp-content\/uploads\/2023\/01\/0776cd174c6a8feb115a5ad1770aa06a.jpg\" \/>\n\t<meta property=\"og:image:width\" content=\"631\" \/>\n\t<meta property=\"og:image:height\" content=\"950\" \/>\n\t<meta property=\"og:image:type\" content=\"image\/jpeg\" \/>\n<meta name=\"author\" content=\"admin\" \/>\n<meta name=\"twitter:card\" content=\"summary_large_image\" \/>\n<meta name=\"twitter:label1\" content=\"Written by\" \/>\n\t<meta name=\"twitter:data1\" content=\"admin\" \/>\n\t<meta name=\"twitter:label2\" content=\"Est. reading time\" \/>\n\t<meta name=\"twitter:data2\" content=\"3 minutes\" \/>\n<script type=\"application\/ld+json\" class=\"yoast-schema-graph\">{\"@context\":\"https:\/\/schema.org\",\"@graph\":[{\"@type\":\"Article\",\"@id\":\"https:\/\/infecar.es\/en\/news\/xabier-basanez-director-general-del-bec-reelegido-presidente-de-la-asociacion-de-ferias-espanolas\/#article\",\"isPartOf\":{\"@id\":\"\/en\/news\/xabier-basanez-director-general-del-bec-reelegido-presidente-de-la-asociacion-de-ferias-espanolas\/\"},\"author\":{\"name\":\"admin\",\"@id\":\"https:\/\/infecar.es\/en\/#\/schema\/person\/2411995f63ef29797d62c4fa83b3f3bb\"},\"headline\":\"Xabier Basa\u00f1ez, Director General del BEC, reelegido presidente de la Asociaci\u00f3n de Ferias Espa\u00f1olas\",\"datePublished\":\"2018-01-19T09:17:00+00:00\",\"mainEntityOfPage\":{\"@id\":\"\/en\/news\/xabier-basanez-director-general-del-bec-reelegido-presidente-de-la-asociacion-de-ferias-espanolas\/\"},\"wordCount\":697,\"commentCount\":0,\"publisher\":{\"@id\":\"https:\/\/infecar.es\/en\/#organization\"},\"image\":{\"@id\":\"https:\/\/infecar.es\/en\/news\/xabier-basanez-director-general-del-bec-reelegido-presidente-de-la-asociacion-de-ferias-espanolas\/#primaryimage\"},\"thumbnailUrl\":\"https:\/\/infecar.es\/wp-content\/uploads\/2023\/01\/0776cd174c6a8feb115a5ad1770aa06a.jpg\",\"articleSection\":[\"Sin categorizar\"],\"inLanguage\":\"en-US\"},{\"@type\":\"WebPage\",\"@id\":\"\/en\/news\/xabier-basanez-director-general-del-bec-reelegido-presidente-de-la-asociacion-de-ferias-espanolas\/\",\"url\":\"https:\/\/infecar.es\/en\/news\/xabier-basanez-director-general-del-bec-reelegido-presidente-de-la-asociacion-de-ferias-espanolas\/\",\"name\":\"Xabier Basa\u00f1ez, Director General del BEC, reelegido presidente de la Asociaci\u00f3n de Ferias Espa\u00f1olas - Infecar\",\"isPartOf\":{\"@id\":\"https:\/\/infecar.es\/en\/#website\"},\"primaryImageOfPage\":{\"@id\":\"https:\/\/infecar.es\/en\/news\/xabier-basanez-director-general-del-bec-reelegido-presidente-de-la-asociacion-de-ferias-espanolas\/#primaryimage\"},\"image\":{\"@id\":\"https:\/\/infecar.es\/en\/news\/xabier-basanez-director-general-del-bec-reelegido-presidente-de-la-asociacion-de-ferias-espanolas\/#primaryimage\"},\"thumbnailUrl\":\"https:\/\/infecar.es\/wp-content\/uploads\/2023\/01\/0776cd174c6a8feb115a5ad1770aa06a.jpg\",\"datePublished\":\"2018-01-19T09:17:00+00:00\",\"breadcrumb\":{\"@id\":\"https:\/\/infecar.es\/en\/news\/xabier-basanez-director-general-del-bec-reelegido-presidente-de-la-asociacion-de-ferias-espanolas\/#breadcrumb\"},\"inLanguage\":\"en-US\",\"potentialAction\":[{\"@type\":\"ReadAction\",\"target\":[\"https:\/\/infecar.es\/en\/news\/xabier-basanez-director-general-del-bec-reelegido-presidente-de-la-asociacion-de-ferias-espanolas\/\"]}]},{\"@type\":\"ImageObject\",\"inLanguage\":\"en-US\",\"@id\":\"https:\/\/infecar.es\/en\/news\/xabier-basanez-director-general-del-bec-reelegido-presidente-de-la-asociacion-de-ferias-espanolas\/#primaryimage\",\"url\":\"https:\/\/infecar.es\/wp-content\/uploads\/2023\/01\/0776cd174c6a8feb115a5ad1770aa06a.jpg\",\"contentUrl\":\"https:\/\/infecar.es\/wp-content\/uploads\/2023\/01\/0776cd174c6a8feb115a5ad1770aa06a.jpg\",\"width\":631,\"height\":950},{\"@type\":\"BreadcrumbList\",\"@id\":\"https:\/\/infecar.es\/en\/news\/xabier-basanez-director-general-del-bec-reelegido-presidente-de-la-asociacion-de-ferias-espanolas\/#breadcrumb\",\"itemListElement\":[{\"@type\":\"ListItem\",\"position\":1,\"name\":\"Portada\",\"item\":\"https:\/\/infecar.es\/en\/\"},{\"@type\":\"ListItem\",\"position\":2,\"name\":\"Xabier Basa\u00f1ez, Director General del BEC, reelegido presidente de la Asociaci\u00f3n de Ferias Espa\u00f1olas\"}]},{\"@type\":\"WebSite\",\"@id\":\"https:\/\/infecar.es\/en\/#website\",\"url\":\"https:\/\/infecar.es\/en\/\",\"name\":\"Infecar\",\"description\":\"Feria de Gran Canaria\",\"publisher\":{\"@id\":\"https:\/\/infecar.es\/en\/#organization\"},\"potentialAction\":[{\"@type\":\"SearchAction\",\"target\":{\"@type\":\"EntryPoint\",\"urlTemplate\":\"https:\/\/infecar.es\/en\/?s={search_term_string}\"},\"query-input\":{\"@type\":\"PropertyValueSpecification\",\"valueRequired\":true,\"valueName\":\"search_term_string\"}}],\"inLanguage\":\"en-US\"},{\"@type\":\"Organization\",\"@id\":\"https:\/\/infecar.es\/en\/#organization\",\"name\":\"Infecar\",\"url\":\"https:\/\/infecar.es\/en\/\",\"logo\":{\"@type\":\"ImageObject\",\"inLanguage\":\"en-US\",\"@id\":\"https:\/\/infecar.es\/en\/#\/schema\/logo\/image\/\",\"url\":\"https:\/\/infecar.es\/wp-content\/uploads\/2023\/02\/logo_black.svg\",\"contentUrl\":\"https:\/\/infecar.es\/wp-content\/uploads\/2023\/02\/logo_black.svg\",\"width\":1,\"height\":1,\"caption\":\"Infecar\"},\"image\":{\"@id\":\"https:\/\/infecar.es\/en\/#\/schema\/logo\/image\/\"}},{\"@type\":\"Person\",\"@id\":\"https:\/\/infecar.es\/en\/#\/schema\/person\/2411995f63ef29797d62c4fa83b3f3bb\",\"name\":\"admin\",\"image\":{\"@type\":\"ImageObject\",\"inLanguage\":\"en-US\",\"@id\":\"https:\/\/infecar.es\/en\/#\/schema\/person\/image\/\",\"url\":\"https:\/\/secure.gravatar.com\/avatar\/75dbbd3c542520ec06d33839c25bfc19076bf1b9da837dbf8254ae63b9db48ec?s=96&d=mm&r=g\",\"contentUrl\":\"https:\/\/secure.gravatar.com\/avatar\/75dbbd3c542520ec06d33839c25bfc19076bf1b9da837dbf8254ae63b9db48ec?s=96&d=mm&r=g\",\"caption\":\"admin\"},\"sameAs\":[\"http:\/\/infecar.2coders.com\"],\"url\":\"https:\/\/infecar.es\/en\/author\/2coders\/\"}]}<\/script>\n<!-- \/ Yoast SEO plugin. -->","yoast_head_json":{"title":"Xabier Basa\u00f1ez, Director General del BEC, reelegido presidente de la Asociaci\u00f3n de Ferias Espa\u00f1olas - Infecar","robots":{"index":"index","follow":"follow","max-snippet":"max-snippet:-1","max-image-preview":"max-image-preview:large","max-video-preview":"max-video-preview:-1"},"canonical":"https:\/\/infecar.es\/en\/news\/xabier-basanez-director-general-del-bec-reelegido-presidente-de-la-asociacion-de-ferias-espanolas\/","og_locale":"en_US","og_type":"article","og_title":"Xabier Basa\u00f1ez, Director General del BEC, reelegido presidente de la Asociaci\u00f3n de Ferias Espa\u00f1olas - Infecar","og_description":"Xabier Basa\u00f1ez, Director General del BEC, reelegido presidente de la Asociaci\u00f3n de Ferias Espa\u00f1olas Coincidiendo con la celebraci\u00f3n de la Feria Internacional de Turismo (FITU) en Madrid, se celebr\u00f3 la Asamblea General de la Asociaci\u00f3n de Ferias Espa\u00f1olas, AFE, con elecciones a la presidencia, que han supuesto la reelecci\u00f3n, por unanimidad, de Xabier Basa\u00f1ez, a [&hellip;]","og_url":"\/en\/news\/xabier-basanez-director-general-del-bec-reelegido-presidente-de-la-asociacion-de-ferias-espanolas\/","og_site_name":"Infecar","article_published_time":"2018-01-19T09:17:00+00:00","og_image":[{"width":631,"height":950,"url":"https:\/\/infecar.es\/wp-content\/uploads\/2023\/01\/0776cd174c6a8feb115a5ad1770aa06a.jpg","type":"image\/jpeg"}],"author":"admin","twitter_card":"summary_large_image","twitter_misc":{"Written by":"admin","Est. reading time":"3 minutes"},"schema":{"@context":"https:\/\/schema.org","@graph":[{"@type":"Article","@id":"https:\/\/infecar.es\/en\/news\/xabier-basanez-director-general-del-bec-reelegido-presidente-de-la-asociacion-de-ferias-espanolas\/#article","isPartOf":{"@id":"\/en\/news\/xabier-basanez-director-general-del-bec-reelegido-presidente-de-la-asociacion-de-ferias-espanolas\/"},"author":{"name":"admin","@id":"https:\/\/infecar.es\/en\/#\/schema\/person\/2411995f63ef29797d62c4fa83b3f3bb"},"headline":"Xabier Basa\u00f1ez, Director General del BEC, reelegido presidente de la Asociaci\u00f3n de Ferias Espa\u00f1olas","datePublished":"2018-01-19T09:17:00+00:00","mainEntityOfPage":{"@id":"\/en\/news\/xabier-basanez-director-general-del-bec-reelegido-presidente-de-la-asociacion-de-ferias-espanolas\/"},"wordCount":697,"commentCount":0,"publisher":{"@id":"https:\/\/infecar.es\/en\/#organization"},"image":{"@id":"https:\/\/infecar.es\/en\/news\/xabier-basanez-director-general-del-bec-reelegido-presidente-de-la-asociacion-de-ferias-espanolas\/#primaryimage"},"thumbnailUrl":"https:\/\/infecar.es\/wp-content\/uploads\/2023\/01\/0776cd174c6a8feb115a5ad1770aa06a.jpg","articleSection":["Sin categorizar"],"inLanguage":"en-US"},{"@type":"WebPage","@id":"\/en\/news\/xabier-basanez-director-general-del-bec-reelegido-presidente-de-la-asociacion-de-ferias-espanolas\/","url":"https:\/\/infecar.es\/en\/news\/xabier-basanez-director-general-del-bec-reelegido-presidente-de-la-asociacion-de-ferias-espanolas\/","name":"Xabier Basa\u00f1ez, Director General del BEC, reelegido presidente de la Asociaci\u00f3n de Ferias Espa\u00f1olas - Infecar","isPartOf":{"@id":"https:\/\/infecar.es\/en\/#website"},"primaryImageOfPage":{"@id":"https:\/\/infecar.es\/en\/news\/xabier-basanez-director-general-del-bec-reelegido-presidente-de-la-asociacion-de-ferias-espanolas\/#primaryimage"},"image":{"@id":"https:\/\/infecar.es\/en\/news\/xabier-basanez-director-general-del-bec-reelegido-presidente-de-la-asociacion-de-ferias-espanolas\/#primaryimage"},"thumbnailUrl":"https:\/\/infecar.es\/wp-content\/uploads\/2023\/01\/0776cd174c6a8feb115a5ad1770aa06a.jpg","datePublished":"2018-01-19T09:17:00+00:00","breadcrumb":{"@id":"https:\/\/infecar.es\/en\/news\/xabier-basanez-director-general-del-bec-reelegido-presidente-de-la-asociacion-de-ferias-espanolas\/#breadcrumb"},"inLanguage":"en-US","potentialAction":[{"@type":"ReadAction","target":["https:\/\/infecar.es\/en\/news\/xabier-basanez-director-general-del-bec-reelegido-presidente-de-la-asociacion-de-ferias-espanolas\/"]}]},{"@type":"ImageObject","inLanguage":"en-US","@id":"https:\/\/infecar.es\/en\/news\/xabier-basanez-director-general-del-bec-reelegido-presidente-de-la-asociacion-de-ferias-espanolas\/#primaryimage","url":"https:\/\/infecar.es\/wp-content\/uploads\/2023\/01\/0776cd174c6a8feb115a5ad1770aa06a.jpg","contentUrl":"https:\/\/infecar.es\/wp-content\/uploads\/2023\/01\/0776cd174c6a8feb115a5ad1770aa06a.jpg","width":631,"height":950},{"@type":"BreadcrumbList","@id":"https:\/\/infecar.es\/en\/news\/xabier-basanez-director-general-del-bec-reelegido-presidente-de-la-asociacion-de-ferias-espanolas\/#breadcrumb","itemListElement":[{"@type":"ListItem","position":1,"name":"Portada","item":"https:\/\/infecar.es\/en\/"},{"@type":"ListItem","position":2,"name":"Xabier Basa\u00f1ez, Director General del BEC, reelegido presidente de la Asociaci\u00f3n de Ferias Espa\u00f1olas"}]},{"@type":"WebSite","@id":"https:\/\/infecar.es\/en\/#website","url":"https:\/\/infecar.es\/en\/","name":"Infecar","description":"Feria de Gran Canaria","publisher":{"@id":"https:\/\/infecar.es\/en\/#organization"},"potentialAction":[{"@type":"SearchAction","target":{"@type":"EntryPoint","urlTemplate":"https:\/\/infecar.es\/en\/?s={search_term_string}"},"query-input":{"@type":"PropertyValueSpecification","valueRequired":true,"valueName":"search_term_string"}}],"inLanguage":"en-US"},{"@type":"Organization","@id":"https:\/\/infecar.es\/en\/#organization","name":"Infecar","url":"https:\/\/infecar.es\/en\/","logo":{"@type":"ImageObject","inLanguage":"en-US","@id":"https:\/\/infecar.es\/en\/#\/schema\/logo\/image\/","url":"https:\/\/infecar.es\/wp-content\/uploads\/2023\/02\/logo_black.svg","contentUrl":"https:\/\/infecar.es\/wp-content\/uploads\/2023\/02\/logo_black.svg","width":1,"height":1,"caption":"Infecar"},"image":{"@id":"https:\/\/infecar.es\/en\/#\/schema\/logo\/image\/"}},{"@type":"Person","@id":"https:\/\/infecar.es\/en\/#\/schema\/person\/2411995f63ef29797d62c4fa83b3f3bb","name":"admin","image":{"@type":"ImageObject","inLanguage":"en-US","@id":"https:\/\/infecar.es\/en\/#\/schema\/person\/image\/","url":"https:\/\/secure.gravatar.com\/avatar\/75dbbd3c542520ec06d33839c25bfc19076bf1b9da837dbf8254ae63b9db48ec?s=96&d=mm&r=g","contentUrl":"https:\/\/secure.gravatar.com\/avatar\/75dbbd3c542520ec06d33839c25bfc19076bf1b9da837dbf8254ae63b9db48ec?s=96&d=mm&r=g","caption":"admin"},"sameAs":["http:\/\/infecar.2coders.com"],"url":"https:\/\/infecar.es\/en\/author\/2coders\/"}]}},"_links":{"self":[{"href":"https:\/\/infecar.es\/en\/wp-json\/wp\/v2\/posts\/5242","targetHints":{"allow":["GET"]}}],"collection":[{"href":"https:\/\/infecar.es\/en\/wp-json\/wp\/v2\/posts"}],"about":[{"href":"https:\/\/infecar.es\/en\/wp-json\/wp\/v2\/types\/post"}],"author":[{"embeddable":true,"href":"https:\/\/infecar.es\/en\/wp-json\/wp\/v2\/users\/1"}],"replies":[{"embeddable":true,"href":"https:\/\/infecar.es\/en\/wp-json\/wp\/v2\/comments?post=5242"}],"version-history":[{"count":0,"href":"https:\/\/infecar.es\/en\/wp-json\/wp\/v2\/posts\/5242\/revisions"}],"wp:featuredmedia":[{"embeddable":true,"href":"https:\/\/infecar.es\/en\/wp-json\/wp\/v2\/media\/1585"}],"wp:attachment":[{"href":"https:\/\/infecar.es\/en\/wp-json\/wp\/v2\/media?parent=5242"}],"wp:term":[{"taxonomy":"category","embeddable":true,"href":"https:\/\/infecar.es\/en\/wp-json\/wp\/v2\/categories?post=5242"},{"taxonomy":"post_tag","embeddable":true,"href":"https:\/\/infecar.es\/en\/wp-json\/wp\/v2\/tags?post=5242"}],"curies":[{"name":"wp","href":"https:\/\/api.w.org\/{rel}","templated":true}]}}