

{"id":5240,"date":"2018-03-02T08:00:00","date_gmt":"2018-03-02T08:00:00","guid":{"rendered":"https:\/\/infecar.es\/2018\/03\/02\/jornadas-de-educacion-infantil-santillana\/"},"modified":"2018-03-02T08:00:00","modified_gmt":"2018-03-02T08:00:00","slug":"jornadas-de-educacion-infantil-santillana","status":"publish","type":"post","link":"\/en\/news\/jornadas-de-educacion-infantil-santillana","title":{"rendered":"Jornadas de Educaci\u00f3n Infantil Santillana"},"content":{"rendered":"<div class=\"_5pbx userContent _3576\" style=\"font-size: 14px; line-height: 1.38; margin-top: 6px; font-family: Helvetica, Arial, sans-serif; color: #1d2129; background-color: #ffffff;\" data-ft=\"{\"tn\":\"K\"}\">\n<p style=\"margin: 0px; display: inline; font-family: inherit;\">Ayer se celebr\u00f3 en la Sala Bandama del Palacio de Congresos Gran Canaria, las Jornadas de Educaci\u00f3n Infantil Santillana con una gran afluencia y participaci\u00f3n.<\/p>\n<p style=\"margin: 0px; display: inline; font-family: inherit;\">\u00a0<\/p>\n<p style=\"margin: 0px; display: inline; font-family: inherit;\">\u00a0<\/p>\n<p style=\"margin: 0px; display: inline; font-family: inherit;\">\u00a0<\/p>\n<p style=\"margin: 0px; display: inline; font-family: inherit;\">\u00a0<\/p>\n<p style=\"margin: 0px; display: inline; font-family: inherit;\">\u00a0<\/p>\n<p style=\"margin: 0px; display: inline; font-family: inherit;\"><img decoding=\"async\" src=\"images\/santillana2.jpg\" alt=\"\" \/><\/p>\n<p style=\"margin: 0px; display: inline; font-family: inherit;\">\u00a0<\/p>\n<p style=\"margin: 0px; display: inline; font-family: inherit;\">\u00a0<\/p>\n<p style=\"margin: 0px; display: inline; font-family: inherit;\"><img decoding=\"async\" src=\"images\/santillana3.jpg\" alt=\"\" \/><\/p>\n<\/div>\n<div class=\"_3x-2\" style=\"font-family: Helvetica, Arial, sans-serif; color: #1d2129; font-size: 12px; background-color: #ffffff;\" data-ft=\"{\"tn\":\"H\"}\">\u00a0<\/div>\n","protected":false},"excerpt":{"rendered":"<p>Ayer se celebr\u00f3 en la Sala Bandama del Palacio de Congresos Gran Canaria, las Jornadas de Educaci\u00f3n Infantil Santillana con una gran afluencia y participaci\u00f3n. \u00a0 \u00a0 \u00a0 \u00a0 \u00a0 \u00a0 \u00a0 \u00a0<\/p>\n","protected":false},"author":1,"featured_media":1956,"comment_status":"open","ping_status":"open","sticky":false,"template":"","format":"standard","meta":{"_acf_changed":false,"om_disable_all_campaigns":false,"_monsterinsights_skip_tracking":false,"_monsterinsights_sitenote_active":false,"_monsterinsights_sitenote_note":"","_monsterinsights_sitenote_category":0,"_uf_show_specific_survey":0,"_uf_disable_surveys":false,"_joinchat":[],"footnotes":""},"categories":[1],"tags":[],"class_list":["post-5240","post","type-post","status-publish","format-standard","has-post-thumbnail","hentry","category-sin-categorizar"],"acf":[],"aioseo_notices":[],"yoast_head":"<!-- This site is optimized with the Yoast SEO plugin v26.7 - https:\/\/yoast.com\/wordpress\/plugins\/seo\/ -->\n<title>Jornadas de Educaci\u00f3n Infantil Santillana - Infecar<\/title>\n<meta name=\"robots\" content=\"index, follow, max-snippet:-1, max-image-preview:large, max-video-preview:-1\" \/>\n<link rel=\"canonical\" href=\"https:\/\/infecar.es\/en\/news\/jornadas-de-educacion-infantil-santillana\/\" \/>\n<meta property=\"og:locale\" content=\"en_US\" \/>\n<meta property=\"og:type\" content=\"article\" \/>\n<meta property=\"og:title\" content=\"Jornadas de Educaci\u00f3n Infantil Santillana - Infecar\" \/>\n<meta property=\"og:description\" content=\"Ayer se celebr\u00f3 en la Sala Bandama del Palacio de Congresos Gran Canaria, las Jornadas de Educaci\u00f3n Infantil Santillana con una gran afluencia y participaci\u00f3n. \u00a0 \u00a0 \u00a0 \u00a0 \u00a0 \u00a0 \u00a0 \u00a0\" \/>\n<meta property=\"og:url\" content=\"\/en\/news\/jornadas-de-educacion-infantil-santillana\/\" \/>\n<meta property=\"og:site_name\" content=\"Infecar\" \/>\n<meta property=\"article:published_time\" content=\"2018-03-02T08:00:00+00:00\" \/>\n<meta property=\"og:image\" content=\"https:\/\/infecar.es\/wp-content\/uploads\/2023\/01\/afb2f0b609b92600310905cf1a1820fe.jpg\" \/>\n\t<meta property=\"og:image:width\" content=\"720\" \/>\n\t<meta property=\"og:image:height\" content=\"960\" \/>\n\t<meta property=\"og:image:type\" content=\"image\/jpeg\" \/>\n<meta name=\"author\" content=\"admin\" \/>\n<meta name=\"twitter:card\" content=\"summary_large_image\" \/>\n<meta name=\"twitter:label1\" content=\"Written by\" \/>\n\t<meta name=\"twitter:data1\" content=\"admin\" \/>\n<script type=\"application\/ld+json\" class=\"yoast-schema-graph\">{\"@context\":\"https:\/\/schema.org\",\"@graph\":[{\"@type\":\"Article\",\"@id\":\"https:\/\/infecar.es\/en\/news\/jornadas-de-educacion-infantil-santillana\/#article\",\"isPartOf\":{\"@id\":\"\/en\/news\/jornadas-de-educacion-infantil-santillana\/\"},\"author\":{\"name\":\"admin\",\"@id\":\"https:\/\/infecar.es\/en\/#\/schema\/person\/2411995f63ef29797d62c4fa83b3f3bb\"},\"headline\":\"Jornadas de Educaci\u00f3n Infantil Santillana\",\"datePublished\":\"2018-03-02T08:00:00+00:00\",\"mainEntityOfPage\":{\"@id\":\"\/en\/news\/jornadas-de-educacion-infantil-santillana\/\"},\"wordCount\":33,\"commentCount\":0,\"publisher\":{\"@id\":\"https:\/\/infecar.es\/en\/#organization\"},\"image\":{\"@id\":\"https:\/\/infecar.es\/en\/news\/jornadas-de-educacion-infantil-santillana\/#primaryimage\"},\"thumbnailUrl\":\"https:\/\/infecar.es\/wp-content\/uploads\/2023\/01\/afb2f0b609b92600310905cf1a1820fe.jpg\",\"articleSection\":[\"Sin categorizar\"],\"inLanguage\":\"en-US\"},{\"@type\":\"WebPage\",\"@id\":\"\/en\/news\/jornadas-de-educacion-infantil-santillana\/\",\"url\":\"https:\/\/infecar.es\/en\/news\/jornadas-de-educacion-infantil-santillana\/\",\"name\":\"Jornadas de Educaci\u00f3n Infantil Santillana - Infecar\",\"isPartOf\":{\"@id\":\"https:\/\/infecar.es\/en\/#website\"},\"primaryImageOfPage\":{\"@id\":\"https:\/\/infecar.es\/en\/news\/jornadas-de-educacion-infantil-santillana\/#primaryimage\"},\"image\":{\"@id\":\"https:\/\/infecar.es\/en\/news\/jornadas-de-educacion-infantil-santillana\/#primaryimage\"},\"thumbnailUrl\":\"https:\/\/infecar.es\/wp-content\/uploads\/2023\/01\/afb2f0b609b92600310905cf1a1820fe.jpg\",\"datePublished\":\"2018-03-02T08:00:00+00:00\",\"breadcrumb\":{\"@id\":\"https:\/\/infecar.es\/en\/news\/jornadas-de-educacion-infantil-santillana\/#breadcrumb\"},\"inLanguage\":\"en-US\",\"potentialAction\":[{\"@type\":\"ReadAction\",\"target\":[\"https:\/\/infecar.es\/en\/news\/jornadas-de-educacion-infantil-santillana\/\"]}]},{\"@type\":\"ImageObject\",\"inLanguage\":\"en-US\",\"@id\":\"https:\/\/infecar.es\/en\/news\/jornadas-de-educacion-infantil-santillana\/#primaryimage\",\"url\":\"https:\/\/infecar.es\/wp-content\/uploads\/2023\/01\/afb2f0b609b92600310905cf1a1820fe.jpg\",\"contentUrl\":\"https:\/\/infecar.es\/wp-content\/uploads\/2023\/01\/afb2f0b609b92600310905cf1a1820fe.jpg\",\"width\":720,\"height\":960},{\"@type\":\"BreadcrumbList\",\"@id\":\"https:\/\/infecar.es\/en\/news\/jornadas-de-educacion-infantil-santillana\/#breadcrumb\",\"itemListElement\":[{\"@type\":\"ListItem\",\"position\":1,\"name\":\"Portada\",\"item\":\"https:\/\/infecar.es\/en\/\"},{\"@type\":\"ListItem\",\"position\":2,\"name\":\"Jornadas de Educaci\u00f3n Infantil Santillana\"}]},{\"@type\":\"WebSite\",\"@id\":\"https:\/\/infecar.es\/en\/#website\",\"url\":\"https:\/\/infecar.es\/en\/\",\"name\":\"Infecar\",\"description\":\"Feria de Gran Canaria\",\"publisher\":{\"@id\":\"https:\/\/infecar.es\/en\/#organization\"},\"potentialAction\":[{\"@type\":\"SearchAction\",\"target\":{\"@type\":\"EntryPoint\",\"urlTemplate\":\"https:\/\/infecar.es\/en\/?s={search_term_string}\"},\"query-input\":{\"@type\":\"PropertyValueSpecification\",\"valueRequired\":true,\"valueName\":\"search_term_string\"}}],\"inLanguage\":\"en-US\"},{\"@type\":\"Organization\",\"@id\":\"https:\/\/infecar.es\/en\/#organization\",\"name\":\"Infecar\",\"url\":\"https:\/\/infecar.es\/en\/\",\"logo\":{\"@type\":\"ImageObject\",\"inLanguage\":\"en-US\",\"@id\":\"https:\/\/infecar.es\/en\/#\/schema\/logo\/image\/\",\"url\":\"https:\/\/infecar.es\/wp-content\/uploads\/2023\/02\/logo_black.svg\",\"contentUrl\":\"https:\/\/infecar.es\/wp-content\/uploads\/2023\/02\/logo_black.svg\",\"width\":1,\"height\":1,\"caption\":\"Infecar\"},\"image\":{\"@id\":\"https:\/\/infecar.es\/en\/#\/schema\/logo\/image\/\"}},{\"@type\":\"Person\",\"@id\":\"https:\/\/infecar.es\/en\/#\/schema\/person\/2411995f63ef29797d62c4fa83b3f3bb\",\"name\":\"admin\",\"image\":{\"@type\":\"ImageObject\",\"inLanguage\":\"en-US\",\"@id\":\"https:\/\/infecar.es\/en\/#\/schema\/person\/image\/\",\"url\":\"https:\/\/secure.gravatar.com\/avatar\/75dbbd3c542520ec06d33839c25bfc19076bf1b9da837dbf8254ae63b9db48ec?s=96&d=mm&r=g\",\"contentUrl\":\"https:\/\/secure.gravatar.com\/avatar\/75dbbd3c542520ec06d33839c25bfc19076bf1b9da837dbf8254ae63b9db48ec?s=96&d=mm&r=g\",\"caption\":\"admin\"},\"sameAs\":[\"http:\/\/infecar.2coders.com\"],\"url\":\"https:\/\/infecar.es\/en\/author\/2coders\/\"}]}<\/script>\n<!-- \/ Yoast SEO plugin. -->","yoast_head_json":{"title":"Jornadas de Educaci\u00f3n Infantil Santillana - Infecar","robots":{"index":"index","follow":"follow","max-snippet":"max-snippet:-1","max-image-preview":"max-image-preview:large","max-video-preview":"max-video-preview:-1"},"canonical":"https:\/\/infecar.es\/en\/news\/jornadas-de-educacion-infantil-santillana\/","og_locale":"en_US","og_type":"article","og_title":"Jornadas de Educaci\u00f3n Infantil Santillana - Infecar","og_description":"Ayer se celebr\u00f3 en la Sala Bandama del Palacio de Congresos Gran Canaria, las Jornadas de Educaci\u00f3n Infantil Santillana con una gran afluencia y participaci\u00f3n. \u00a0 \u00a0 \u00a0 \u00a0 \u00a0 \u00a0 \u00a0 \u00a0","og_url":"\/en\/news\/jornadas-de-educacion-infantil-santillana\/","og_site_name":"Infecar","article_published_time":"2018-03-02T08:00:00+00:00","og_image":[{"width":720,"height":960,"url":"https:\/\/infecar.es\/wp-content\/uploads\/2023\/01\/afb2f0b609b92600310905cf1a1820fe.jpg","type":"image\/jpeg"}],"author":"admin","twitter_card":"summary_large_image","twitter_misc":{"Written by":"admin"},"schema":{"@context":"https:\/\/schema.org","@graph":[{"@type":"Article","@id":"https:\/\/infecar.es\/en\/news\/jornadas-de-educacion-infantil-santillana\/#article","isPartOf":{"@id":"\/en\/news\/jornadas-de-educacion-infantil-santillana\/"},"author":{"name":"admin","@id":"https:\/\/infecar.es\/en\/#\/schema\/person\/2411995f63ef29797d62c4fa83b3f3bb"},"headline":"Jornadas de Educaci\u00f3n Infantil Santillana","datePublished":"2018-03-02T08:00:00+00:00","mainEntityOfPage":{"@id":"\/en\/news\/jornadas-de-educacion-infantil-santillana\/"},"wordCount":33,"commentCount":0,"publisher":{"@id":"https:\/\/infecar.es\/en\/#organization"},"image":{"@id":"https:\/\/infecar.es\/en\/news\/jornadas-de-educacion-infantil-santillana\/#primaryimage"},"thumbnailUrl":"https:\/\/infecar.es\/wp-content\/uploads\/2023\/01\/afb2f0b609b92600310905cf1a1820fe.jpg","articleSection":["Sin categorizar"],"inLanguage":"en-US"},{"@type":"WebPage","@id":"\/en\/news\/jornadas-de-educacion-infantil-santillana\/","url":"https:\/\/infecar.es\/en\/news\/jornadas-de-educacion-infantil-santillana\/","name":"Jornadas de Educaci\u00f3n Infantil Santillana - Infecar","isPartOf":{"@id":"https:\/\/infecar.es\/en\/#website"},"primaryImageOfPage":{"@id":"https:\/\/infecar.es\/en\/news\/jornadas-de-educacion-infantil-santillana\/#primaryimage"},"image":{"@id":"https:\/\/infecar.es\/en\/news\/jornadas-de-educacion-infantil-santillana\/#primaryimage"},"thumbnailUrl":"https:\/\/infecar.es\/wp-content\/uploads\/2023\/01\/afb2f0b609b92600310905cf1a1820fe.jpg","datePublished":"2018-03-02T08:00:00+00:00","breadcrumb":{"@id":"https:\/\/infecar.es\/en\/news\/jornadas-de-educacion-infantil-santillana\/#breadcrumb"},"inLanguage":"en-US","potentialAction":[{"@type":"ReadAction","target":["https:\/\/infecar.es\/en\/news\/jornadas-de-educacion-infantil-santillana\/"]}]},{"@type":"ImageObject","inLanguage":"en-US","@id":"https:\/\/infecar.es\/en\/news\/jornadas-de-educacion-infantil-santillana\/#primaryimage","url":"https:\/\/infecar.es\/wp-content\/uploads\/2023\/01\/afb2f0b609b92600310905cf1a1820fe.jpg","contentUrl":"https:\/\/infecar.es\/wp-content\/uploads\/2023\/01\/afb2f0b609b92600310905cf1a1820fe.jpg","width":720,"height":960},{"@type":"BreadcrumbList","@id":"https:\/\/infecar.es\/en\/news\/jornadas-de-educacion-infantil-santillana\/#breadcrumb","itemListElement":[{"@type":"ListItem","position":1,"name":"Portada","item":"https:\/\/infecar.es\/en\/"},{"@type":"ListItem","position":2,"name":"Jornadas de Educaci\u00f3n Infantil Santillana"}]},{"@type":"WebSite","@id":"https:\/\/infecar.es\/en\/#website","url":"https:\/\/infecar.es\/en\/","name":"Infecar","description":"Feria de Gran Canaria","publisher":{"@id":"https:\/\/infecar.es\/en\/#organization"},"potentialAction":[{"@type":"SearchAction","target":{"@type":"EntryPoint","urlTemplate":"https:\/\/infecar.es\/en\/?s={search_term_string}"},"query-input":{"@type":"PropertyValueSpecification","valueRequired":true,"valueName":"search_term_string"}}],"inLanguage":"en-US"},{"@type":"Organization","@id":"https:\/\/infecar.es\/en\/#organization","name":"Infecar","url":"https:\/\/infecar.es\/en\/","logo":{"@type":"ImageObject","inLanguage":"en-US","@id":"https:\/\/infecar.es\/en\/#\/schema\/logo\/image\/","url":"https:\/\/infecar.es\/wp-content\/uploads\/2023\/02\/logo_black.svg","contentUrl":"https:\/\/infecar.es\/wp-content\/uploads\/2023\/02\/logo_black.svg","width":1,"height":1,"caption":"Infecar"},"image":{"@id":"https:\/\/infecar.es\/en\/#\/schema\/logo\/image\/"}},{"@type":"Person","@id":"https:\/\/infecar.es\/en\/#\/schema\/person\/2411995f63ef29797d62c4fa83b3f3bb","name":"admin","image":{"@type":"ImageObject","inLanguage":"en-US","@id":"https:\/\/infecar.es\/en\/#\/schema\/person\/image\/","url":"https:\/\/secure.gravatar.com\/avatar\/75dbbd3c542520ec06d33839c25bfc19076bf1b9da837dbf8254ae63b9db48ec?s=96&d=mm&r=g","contentUrl":"https:\/\/secure.gravatar.com\/avatar\/75dbbd3c542520ec06d33839c25bfc19076bf1b9da837dbf8254ae63b9db48ec?s=96&d=mm&r=g","caption":"admin"},"sameAs":["http:\/\/infecar.2coders.com"],"url":"https:\/\/infecar.es\/en\/author\/2coders\/"}]}},"_links":{"self":[{"href":"https:\/\/infecar.es\/en\/wp-json\/wp\/v2\/posts\/5240","targetHints":{"allow":["GET"]}}],"collection":[{"href":"https:\/\/infecar.es\/en\/wp-json\/wp\/v2\/posts"}],"about":[{"href":"https:\/\/infecar.es\/en\/wp-json\/wp\/v2\/types\/post"}],"author":[{"embeddable":true,"href":"https:\/\/infecar.es\/en\/wp-json\/wp\/v2\/users\/1"}],"replies":[{"embeddable":true,"href":"https:\/\/infecar.es\/en\/wp-json\/wp\/v2\/comments?post=5240"}],"version-history":[{"count":0,"href":"https:\/\/infecar.es\/en\/wp-json\/wp\/v2\/posts\/5240\/revisions"}],"wp:featuredmedia":[{"embeddable":true,"href":"https:\/\/infecar.es\/en\/wp-json\/wp\/v2\/media\/1956"}],"wp:attachment":[{"href":"https:\/\/infecar.es\/en\/wp-json\/wp\/v2\/media?parent=5240"}],"wp:term":[{"taxonomy":"category","embeddable":true,"href":"https:\/\/infecar.es\/en\/wp-json\/wp\/v2\/categories?post=5240"},{"taxonomy":"post_tag","embeddable":true,"href":"https:\/\/infecar.es\/en\/wp-json\/wp\/v2\/tags?post=5240"}],"curies":[{"name":"wp","href":"https:\/\/api.w.org\/{rel}","templated":true}]}}