

{"id":5236,"date":"2018-01-12T15:02:13","date_gmt":"2018-01-12T15:02:13","guid":{"rendered":"https:\/\/infecar.es\/2018\/01\/12\/reunion-del-comite-organizador-de-la-feria-gran-canaria-me-gusta\/"},"modified":"2018-01-12T15:02:13","modified_gmt":"2018-01-12T15:02:13","slug":"reunion-del-comite-organizador-de-la-feria-gran-canaria-me-gusta","status":"publish","type":"post","link":"\/en\/news\/reunion-del-comite-organizador-de-la-feria-gran-canaria-me-gusta","title":{"rendered":"Reuni\u00f3n del Comit\u00e9 Organizador de la Feria Gran Canaria Me Gusta"},"content":{"rendered":"<p id=\"_s8q2BpCv96qNJm\" class=\"\" dir=\"ltr\" style=\"position: relative; margin-top: 0px; margin-bottom: 0px; padding: 0px 0px 0.5em; color: #212121; font-family: Calibri, Arial, sans-serif; font-size: 15px; white-space: pre-wrap;\">Hoy se ha celebrado en INFECAR la segunda reuni\u00f3n del comit\u00e9 organizador de la Feria Gran Canaria Me Gusta, que tendr\u00e1 lugar del 9 al 11 de marzo de este a\u00f1o, bajo la presidencia de Ra\u00fal Garc\u00eda Brink, Consejero de Desarrollo Econ\u00f3mico, Energ\u00eda e I+D+i del Cabildo de Gran Canaria y Presidente del Comit\u00e9 Ejecutivo de INFECAR, con la presencia de representantes de administraciones p\u00fablicas y diversas organizaciones relacionadas con los sectores que estar\u00e1n presentes en la Feria.<\/p>\n<p id=\"_7uRUTg6UBVzWtX\" class=\"\" dir=\"ltr\" style=\"position: relative; margin-top: 0px; margin-bottom: 0px; padding: 0px 0px 0.5em; color: #212121; font-family: Calibri, Arial, sans-serif; font-size: 15px; white-space: pre-wrap;\">Dichos sectores de esta feria son: agricultura, ganader\u00eda y pesca; gastronom\u00eda; industria y artesan\u00eda; cultura y folclore; flores y plantas, paisaje y medio ambiente; deportes; turismo local y rural<\/p>\n<p id=\"_6WNCvrUtNqOokM\" class=\"\" dir=\"ltr\" style=\"position: relative; margin-top: 0px; margin-bottom: 0px; padding: 0px 0px 0.5em; color: #212121; font-family: Calibri, Arial, sans-serif; font-size: 15px; white-space: pre-wrap;\">Durante la reuni\u00f3n se ha informado de los espacios en los que tendr\u00e1 lugar la Feria y las actividades que se desarrollaran en el marco de la misma.<\/p>\n<p id=\"_g0k0Yo4jeW2rB2\" class=\"\" dir=\"ltr\" style=\"position: relative; margin-top: 0px; margin-bottom: 0px; padding: 0px 0px 0.5em; color: #212121; font-family: Calibri, Arial, sans-serif; font-size: 15px; white-space: pre-wrap;\">La Feria Gran Canaria Me Gusta tiene como objetivo dar a conocer las diversas caracter\u00edsticas y aspectos de Gran Canaria entre la poblaci\u00f3n de la isla, organiz\u00e1ndose tambi\u00e9n encuentros profesionales para la promoci\u00f3n de los productos locales.<\/p>\n<p style=\"line-height: normal; margin-top: 0pt; margin-right: 0in; margin-bottom: 0pt; text-indent: 0in; direction: ltr; unicode-bidi: embed;\"><span style=\"font-size: 18pt; font-family: Calibri; color: #4e422c;\"><\/span><\/p>\n","protected":false},"excerpt":{"rendered":"<p>Hoy se ha celebrado en INFECAR la segunda reuni\u00f3n del comit\u00e9 organizador de la Feria Gran Canaria Me Gusta, que tendr\u00e1 lugar del 9 al 11 de marzo de este a\u00f1o, bajo la presidencia de Ra\u00fal Garc\u00eda Brink, Consejero de Desarrollo Econ\u00f3mico, Energ\u00eda e I+D+i del Cabildo de Gran Canaria y Presidente del Comit\u00e9 Ejecutivo [&hellip;]<\/p>\n","protected":false},"author":1,"featured_media":2767,"comment_status":"open","ping_status":"open","sticky":false,"template":"","format":"standard","meta":{"_acf_changed":false,"om_disable_all_campaigns":false,"_monsterinsights_skip_tracking":false,"_monsterinsights_sitenote_active":false,"_monsterinsights_sitenote_note":"","_monsterinsights_sitenote_category":0,"_uf_show_specific_survey":0,"_uf_disable_surveys":false,"_joinchat":[],"footnotes":""},"categories":[1],"tags":[],"class_list":["post-5236","post","type-post","status-publish","format-standard","has-post-thumbnail","hentry","category-sin-categorizar"],"acf":[],"aioseo_notices":[],"yoast_head":"<!-- This site is optimized with the Yoast SEO plugin v26.7 - https:\/\/yoast.com\/wordpress\/plugins\/seo\/ -->\n<title>Reuni\u00f3n del Comit\u00e9 Organizador de la Feria Gran Canaria Me Gusta - Infecar<\/title>\n<meta name=\"robots\" content=\"index, follow, max-snippet:-1, max-image-preview:large, max-video-preview:-1\" \/>\n<link rel=\"canonical\" href=\"https:\/\/infecar.es\/en\/news\/reunion-del-comite-organizador-de-la-feria-gran-canaria-me-gusta\/\" \/>\n<meta property=\"og:locale\" content=\"en_US\" \/>\n<meta property=\"og:type\" content=\"article\" \/>\n<meta property=\"og:title\" content=\"Reuni\u00f3n del Comit\u00e9 Organizador de la Feria Gran Canaria Me Gusta - Infecar\" \/>\n<meta property=\"og:description\" content=\"Hoy se ha celebrado en INFECAR la segunda reuni\u00f3n del comit\u00e9 organizador de la Feria Gran Canaria Me Gusta, que tendr\u00e1 lugar del 9 al 11 de marzo de este a\u00f1o, bajo la presidencia de Ra\u00fal Garc\u00eda Brink, Consejero de Desarrollo Econ\u00f3mico, Energ\u00eda e I+D+i del Cabildo de Gran Canaria y Presidente del Comit\u00e9 Ejecutivo [&hellip;]\" \/>\n<meta property=\"og:url\" content=\"\/en\/news\/reunion-del-comite-organizador-de-la-feria-gran-canaria-me-gusta\/\" \/>\n<meta property=\"og:site_name\" content=\"Infecar\" \/>\n<meta property=\"article:published_time\" content=\"2018-01-12T15:02:13+00:00\" \/>\n<meta property=\"og:image\" content=\"https:\/\/infecar.es\/wp-content\/uploads\/2023\/01\/d37b40f764b14a89e2058a44f05a96b6-scaled.jpg\" \/>\n\t<meta property=\"og:image:width\" content=\"2560\" \/>\n\t<meta property=\"og:image:height\" content=\"1920\" \/>\n\t<meta property=\"og:image:type\" content=\"image\/jpeg\" \/>\n<meta name=\"author\" content=\"admin\" \/>\n<meta name=\"twitter:card\" content=\"summary_large_image\" \/>\n<meta name=\"twitter:label1\" content=\"Written by\" \/>\n\t<meta name=\"twitter:data1\" content=\"admin\" \/>\n\t<meta name=\"twitter:label2\" content=\"Est. reading time\" \/>\n\t<meta name=\"twitter:data2\" content=\"1 minute\" \/>\n<script type=\"application\/ld+json\" class=\"yoast-schema-graph\">{\"@context\":\"https:\/\/schema.org\",\"@graph\":[{\"@type\":\"Article\",\"@id\":\"https:\/\/infecar.es\/en\/news\/reunion-del-comite-organizador-de-la-feria-gran-canaria-me-gusta\/#article\",\"isPartOf\":{\"@id\":\"\/en\/news\/reunion-del-comite-organizador-de-la-feria-gran-canaria-me-gusta\/\"},\"author\":{\"name\":\"admin\",\"@id\":\"https:\/\/infecar.es\/en\/#\/schema\/person\/2411995f63ef29797d62c4fa83b3f3bb\"},\"headline\":\"Reuni\u00f3n del Comit\u00e9 Organizador de la Feria Gran Canaria Me Gusta\",\"datePublished\":\"2018-01-12T15:02:13+00:00\",\"mainEntityOfPage\":{\"@id\":\"\/en\/news\/reunion-del-comite-organizador-de-la-feria-gran-canaria-me-gusta\/\"},\"wordCount\":201,\"commentCount\":0,\"publisher\":{\"@id\":\"https:\/\/infecar.es\/en\/#organization\"},\"image\":{\"@id\":\"https:\/\/infecar.es\/en\/news\/reunion-del-comite-organizador-de-la-feria-gran-canaria-me-gusta\/#primaryimage\"},\"thumbnailUrl\":\"https:\/\/infecar.es\/wp-content\/uploads\/2023\/01\/d37b40f764b14a89e2058a44f05a96b6-scaled.jpg\",\"articleSection\":[\"Sin categorizar\"],\"inLanguage\":\"en-US\"},{\"@type\":\"WebPage\",\"@id\":\"\/en\/news\/reunion-del-comite-organizador-de-la-feria-gran-canaria-me-gusta\/\",\"url\":\"https:\/\/infecar.es\/en\/news\/reunion-del-comite-organizador-de-la-feria-gran-canaria-me-gusta\/\",\"name\":\"Reuni\u00f3n del Comit\u00e9 Organizador de la Feria Gran Canaria Me Gusta - Infecar\",\"isPartOf\":{\"@id\":\"https:\/\/infecar.es\/en\/#website\"},\"primaryImageOfPage\":{\"@id\":\"https:\/\/infecar.es\/en\/news\/reunion-del-comite-organizador-de-la-feria-gran-canaria-me-gusta\/#primaryimage\"},\"image\":{\"@id\":\"https:\/\/infecar.es\/en\/news\/reunion-del-comite-organizador-de-la-feria-gran-canaria-me-gusta\/#primaryimage\"},\"thumbnailUrl\":\"https:\/\/infecar.es\/wp-content\/uploads\/2023\/01\/d37b40f764b14a89e2058a44f05a96b6-scaled.jpg\",\"datePublished\":\"2018-01-12T15:02:13+00:00\",\"breadcrumb\":{\"@id\":\"https:\/\/infecar.es\/en\/news\/reunion-del-comite-organizador-de-la-feria-gran-canaria-me-gusta\/#breadcrumb\"},\"inLanguage\":\"en-US\",\"potentialAction\":[{\"@type\":\"ReadAction\",\"target\":[\"https:\/\/infecar.es\/en\/news\/reunion-del-comite-organizador-de-la-feria-gran-canaria-me-gusta\/\"]}]},{\"@type\":\"ImageObject\",\"inLanguage\":\"en-US\",\"@id\":\"https:\/\/infecar.es\/en\/news\/reunion-del-comite-organizador-de-la-feria-gran-canaria-me-gusta\/#primaryimage\",\"url\":\"https:\/\/infecar.es\/wp-content\/uploads\/2023\/01\/d37b40f764b14a89e2058a44f05a96b6-scaled.jpg\",\"contentUrl\":\"https:\/\/infecar.es\/wp-content\/uploads\/2023\/01\/d37b40f764b14a89e2058a44f05a96b6-scaled.jpg\",\"width\":2560,\"height\":1920},{\"@type\":\"BreadcrumbList\",\"@id\":\"https:\/\/infecar.es\/en\/news\/reunion-del-comite-organizador-de-la-feria-gran-canaria-me-gusta\/#breadcrumb\",\"itemListElement\":[{\"@type\":\"ListItem\",\"position\":1,\"name\":\"Portada\",\"item\":\"https:\/\/infecar.es\/en\/\"},{\"@type\":\"ListItem\",\"position\":2,\"name\":\"Reuni\u00f3n del Comit\u00e9 Organizador de la Feria Gran Canaria Me Gusta\"}]},{\"@type\":\"WebSite\",\"@id\":\"https:\/\/infecar.es\/en\/#website\",\"url\":\"https:\/\/infecar.es\/en\/\",\"name\":\"Infecar\",\"description\":\"Feria de Gran Canaria\",\"publisher\":{\"@id\":\"https:\/\/infecar.es\/en\/#organization\"},\"potentialAction\":[{\"@type\":\"SearchAction\",\"target\":{\"@type\":\"EntryPoint\",\"urlTemplate\":\"https:\/\/infecar.es\/en\/?s={search_term_string}\"},\"query-input\":{\"@type\":\"PropertyValueSpecification\",\"valueRequired\":true,\"valueName\":\"search_term_string\"}}],\"inLanguage\":\"en-US\"},{\"@type\":\"Organization\",\"@id\":\"https:\/\/infecar.es\/en\/#organization\",\"name\":\"Infecar\",\"url\":\"https:\/\/infecar.es\/en\/\",\"logo\":{\"@type\":\"ImageObject\",\"inLanguage\":\"en-US\",\"@id\":\"https:\/\/infecar.es\/en\/#\/schema\/logo\/image\/\",\"url\":\"https:\/\/infecar.es\/wp-content\/uploads\/2023\/02\/logo_black.svg\",\"contentUrl\":\"https:\/\/infecar.es\/wp-content\/uploads\/2023\/02\/logo_black.svg\",\"width\":1,\"height\":1,\"caption\":\"Infecar\"},\"image\":{\"@id\":\"https:\/\/infecar.es\/en\/#\/schema\/logo\/image\/\"}},{\"@type\":\"Person\",\"@id\":\"https:\/\/infecar.es\/en\/#\/schema\/person\/2411995f63ef29797d62c4fa83b3f3bb\",\"name\":\"admin\",\"image\":{\"@type\":\"ImageObject\",\"inLanguage\":\"en-US\",\"@id\":\"https:\/\/infecar.es\/en\/#\/schema\/person\/image\/\",\"url\":\"https:\/\/secure.gravatar.com\/avatar\/75dbbd3c542520ec06d33839c25bfc19076bf1b9da837dbf8254ae63b9db48ec?s=96&d=mm&r=g\",\"contentUrl\":\"https:\/\/secure.gravatar.com\/avatar\/75dbbd3c542520ec06d33839c25bfc19076bf1b9da837dbf8254ae63b9db48ec?s=96&d=mm&r=g\",\"caption\":\"admin\"},\"sameAs\":[\"http:\/\/infecar.2coders.com\"],\"url\":\"https:\/\/infecar.es\/en\/author\/2coders\/\"}]}<\/script>\n<!-- \/ Yoast SEO plugin. -->","yoast_head_json":{"title":"Reuni\u00f3n del Comit\u00e9 Organizador de la Feria Gran Canaria Me Gusta - Infecar","robots":{"index":"index","follow":"follow","max-snippet":"max-snippet:-1","max-image-preview":"max-image-preview:large","max-video-preview":"max-video-preview:-1"},"canonical":"https:\/\/infecar.es\/en\/news\/reunion-del-comite-organizador-de-la-feria-gran-canaria-me-gusta\/","og_locale":"en_US","og_type":"article","og_title":"Reuni\u00f3n del Comit\u00e9 Organizador de la Feria Gran Canaria Me Gusta - Infecar","og_description":"Hoy se ha celebrado en INFECAR la segunda reuni\u00f3n del comit\u00e9 organizador de la Feria Gran Canaria Me Gusta, que tendr\u00e1 lugar del 9 al 11 de marzo de este a\u00f1o, bajo la presidencia de Ra\u00fal Garc\u00eda Brink, Consejero de Desarrollo Econ\u00f3mico, Energ\u00eda e I+D+i del Cabildo de Gran Canaria y Presidente del Comit\u00e9 Ejecutivo [&hellip;]","og_url":"\/en\/news\/reunion-del-comite-organizador-de-la-feria-gran-canaria-me-gusta\/","og_site_name":"Infecar","article_published_time":"2018-01-12T15:02:13+00:00","og_image":[{"width":2560,"height":1920,"url":"https:\/\/infecar.es\/wp-content\/uploads\/2023\/01\/d37b40f764b14a89e2058a44f05a96b6-scaled.jpg","type":"image\/jpeg"}],"author":"admin","twitter_card":"summary_large_image","twitter_misc":{"Written by":"admin","Est. reading time":"1 minute"},"schema":{"@context":"https:\/\/schema.org","@graph":[{"@type":"Article","@id":"https:\/\/infecar.es\/en\/news\/reunion-del-comite-organizador-de-la-feria-gran-canaria-me-gusta\/#article","isPartOf":{"@id":"\/en\/news\/reunion-del-comite-organizador-de-la-feria-gran-canaria-me-gusta\/"},"author":{"name":"admin","@id":"https:\/\/infecar.es\/en\/#\/schema\/person\/2411995f63ef29797d62c4fa83b3f3bb"},"headline":"Reuni\u00f3n del Comit\u00e9 Organizador de la Feria Gran Canaria Me Gusta","datePublished":"2018-01-12T15:02:13+00:00","mainEntityOfPage":{"@id":"\/en\/news\/reunion-del-comite-organizador-de-la-feria-gran-canaria-me-gusta\/"},"wordCount":201,"commentCount":0,"publisher":{"@id":"https:\/\/infecar.es\/en\/#organization"},"image":{"@id":"https:\/\/infecar.es\/en\/news\/reunion-del-comite-organizador-de-la-feria-gran-canaria-me-gusta\/#primaryimage"},"thumbnailUrl":"https:\/\/infecar.es\/wp-content\/uploads\/2023\/01\/d37b40f764b14a89e2058a44f05a96b6-scaled.jpg","articleSection":["Sin categorizar"],"inLanguage":"en-US"},{"@type":"WebPage","@id":"\/en\/news\/reunion-del-comite-organizador-de-la-feria-gran-canaria-me-gusta\/","url":"https:\/\/infecar.es\/en\/news\/reunion-del-comite-organizador-de-la-feria-gran-canaria-me-gusta\/","name":"Reuni\u00f3n del Comit\u00e9 Organizador de la Feria Gran Canaria Me Gusta - Infecar","isPartOf":{"@id":"https:\/\/infecar.es\/en\/#website"},"primaryImageOfPage":{"@id":"https:\/\/infecar.es\/en\/news\/reunion-del-comite-organizador-de-la-feria-gran-canaria-me-gusta\/#primaryimage"},"image":{"@id":"https:\/\/infecar.es\/en\/news\/reunion-del-comite-organizador-de-la-feria-gran-canaria-me-gusta\/#primaryimage"},"thumbnailUrl":"https:\/\/infecar.es\/wp-content\/uploads\/2023\/01\/d37b40f764b14a89e2058a44f05a96b6-scaled.jpg","datePublished":"2018-01-12T15:02:13+00:00","breadcrumb":{"@id":"https:\/\/infecar.es\/en\/news\/reunion-del-comite-organizador-de-la-feria-gran-canaria-me-gusta\/#breadcrumb"},"inLanguage":"en-US","potentialAction":[{"@type":"ReadAction","target":["https:\/\/infecar.es\/en\/news\/reunion-del-comite-organizador-de-la-feria-gran-canaria-me-gusta\/"]}]},{"@type":"ImageObject","inLanguage":"en-US","@id":"https:\/\/infecar.es\/en\/news\/reunion-del-comite-organizador-de-la-feria-gran-canaria-me-gusta\/#primaryimage","url":"https:\/\/infecar.es\/wp-content\/uploads\/2023\/01\/d37b40f764b14a89e2058a44f05a96b6-scaled.jpg","contentUrl":"https:\/\/infecar.es\/wp-content\/uploads\/2023\/01\/d37b40f764b14a89e2058a44f05a96b6-scaled.jpg","width":2560,"height":1920},{"@type":"BreadcrumbList","@id":"https:\/\/infecar.es\/en\/news\/reunion-del-comite-organizador-de-la-feria-gran-canaria-me-gusta\/#breadcrumb","itemListElement":[{"@type":"ListItem","position":1,"name":"Portada","item":"https:\/\/infecar.es\/en\/"},{"@type":"ListItem","position":2,"name":"Reuni\u00f3n del Comit\u00e9 Organizador de la Feria Gran Canaria Me Gusta"}]},{"@type":"WebSite","@id":"https:\/\/infecar.es\/en\/#website","url":"https:\/\/infecar.es\/en\/","name":"Infecar","description":"Feria de Gran Canaria","publisher":{"@id":"https:\/\/infecar.es\/en\/#organization"},"potentialAction":[{"@type":"SearchAction","target":{"@type":"EntryPoint","urlTemplate":"https:\/\/infecar.es\/en\/?s={search_term_string}"},"query-input":{"@type":"PropertyValueSpecification","valueRequired":true,"valueName":"search_term_string"}}],"inLanguage":"en-US"},{"@type":"Organization","@id":"https:\/\/infecar.es\/en\/#organization","name":"Infecar","url":"https:\/\/infecar.es\/en\/","logo":{"@type":"ImageObject","inLanguage":"en-US","@id":"https:\/\/infecar.es\/en\/#\/schema\/logo\/image\/","url":"https:\/\/infecar.es\/wp-content\/uploads\/2023\/02\/logo_black.svg","contentUrl":"https:\/\/infecar.es\/wp-content\/uploads\/2023\/02\/logo_black.svg","width":1,"height":1,"caption":"Infecar"},"image":{"@id":"https:\/\/infecar.es\/en\/#\/schema\/logo\/image\/"}},{"@type":"Person","@id":"https:\/\/infecar.es\/en\/#\/schema\/person\/2411995f63ef29797d62c4fa83b3f3bb","name":"admin","image":{"@type":"ImageObject","inLanguage":"en-US","@id":"https:\/\/infecar.es\/en\/#\/schema\/person\/image\/","url":"https:\/\/secure.gravatar.com\/avatar\/75dbbd3c542520ec06d33839c25bfc19076bf1b9da837dbf8254ae63b9db48ec?s=96&d=mm&r=g","contentUrl":"https:\/\/secure.gravatar.com\/avatar\/75dbbd3c542520ec06d33839c25bfc19076bf1b9da837dbf8254ae63b9db48ec?s=96&d=mm&r=g","caption":"admin"},"sameAs":["http:\/\/infecar.2coders.com"],"url":"https:\/\/infecar.es\/en\/author\/2coders\/"}]}},"_links":{"self":[{"href":"https:\/\/infecar.es\/en\/wp-json\/wp\/v2\/posts\/5236","targetHints":{"allow":["GET"]}}],"collection":[{"href":"https:\/\/infecar.es\/en\/wp-json\/wp\/v2\/posts"}],"about":[{"href":"https:\/\/infecar.es\/en\/wp-json\/wp\/v2\/types\/post"}],"author":[{"embeddable":true,"href":"https:\/\/infecar.es\/en\/wp-json\/wp\/v2\/users\/1"}],"replies":[{"embeddable":true,"href":"https:\/\/infecar.es\/en\/wp-json\/wp\/v2\/comments?post=5236"}],"version-history":[{"count":0,"href":"https:\/\/infecar.es\/en\/wp-json\/wp\/v2\/posts\/5236\/revisions"}],"wp:featuredmedia":[{"embeddable":true,"href":"https:\/\/infecar.es\/en\/wp-json\/wp\/v2\/media\/2767"}],"wp:attachment":[{"href":"https:\/\/infecar.es\/en\/wp-json\/wp\/v2\/media?parent=5236"}],"wp:term":[{"taxonomy":"category","embeddable":true,"href":"https:\/\/infecar.es\/en\/wp-json\/wp\/v2\/categories?post=5236"},{"taxonomy":"post_tag","embeddable":true,"href":"https:\/\/infecar.es\/en\/wp-json\/wp\/v2\/tags?post=5236"}],"curies":[{"name":"wp","href":"https:\/\/api.w.org\/{rel}","templated":true}]}}