

{"id":5235,"date":"2018-01-04T21:44:56","date_gmt":"2018-01-04T21:44:56","guid":{"rendered":"https:\/\/infecar.es\/2018\/01\/04\/planeta-gran-canaria-19-festival-de-la-infancia-promovida-por-el-cabildo-de-gran-canaria-se-despide-hasta-el-proximo-diciembre-con-mas-de-35-000-visitantes-un-incremento-en-torno-al-34-respecto-de-la\/"},"modified":"2018-01-04T21:44:56","modified_gmt":"2018-01-04T21:44:56","slug":"planeta-gran-canaria-19-festival-de-la-infancia-promovida-por-el-cabildo-de-gran-canaria-se-despide-hasta-el-proximo-diciembre-con-mas-de-35-000-visitantes-un-incremento-en-torno-al-34-respecto-de-la","status":"publish","type":"post","link":"\/en\/news\/planeta-gran-canaria-19-festival-de-la-infancia-promovida-por-el-cabildo-de-gran-canaria-se-despide-hasta-el-proximo-diciembre-con-mas-de-35-000-visitantes-un-incremento-en-torno-al-34-respecto-de-la","title":{"rendered":"Planeta Gran Canaria, 19\u00ba Festival de la Infancia, se despide con m\u00e1s de 35.000 visitantes, un incremento en torno al 34% respecto de la edici\u00f3n anterior"},"content":{"rendered":"<ul id=\"_Ba1DNt7UYIV03M\" dir=\"ltr\" style=\"position: relative; margin-left: 1px; color: #212121; font-family: Calibri, Arial, sans-serif; font-size: 15px; white-space: pre-wrap;\">\n<li id=\"_a9OQEGCJGzOAGs\" dir=\"ltr\" style=\"padding-bottom: 0.25em; text-align: left;\"><strong>Hoy Planeta Gran Canaria, 19\u00ba Festival de la Infancia, promovida por el Cabildo de Gran Canaria, se despide hasta el pr\u00f3ximo diciembre con m\u00e1s de 35.000 visitantes, un incremento en torno al 34% respecto de la edici\u00f3n anterior<\/strong><\/li>\n<\/ul>\n<p id=\"_i5z71XCalb4R95\" dir=\"ltr\" style=\"position: relative; margin-top: 0px; margin-bottom: 0px; padding: 0px 0px 0.5em; color: #212121; font-family: Calibri, Arial, sans-serif; font-size: 15px; white-space: pre-wrap;\">Desde el 26 de diciembre de 2017 hasta hoy, 4 de enero de 2018, Planeta Gran Canaria, Festival de la Infancia, <strong>promovida por el Cabildo de Gran Canaria<\/strong> y organizada por la Instituci\u00f3n Ferial de Canarias (INFECAR), ha recibido <strong>m\u00e1s de 35.000 visitantes<\/strong>, que han podido disfrutar de una gran variedad de actividades, donde destac\u00f3 la pista de patinaje ecol\u00f3gica de hielo sint\u00e9tico o el cine infantil, con una proyecci\u00f3n diaria de dibujos animados. Adem\u00e1s, hubo otras actividades como pequelandia, hinchables, teatro, cancionero isle\u00f1o, talleres de manualidades, t\u00edteres, maquillaje facial, zona de videojuegos, talleres de rob\u00f3tica, taller de hama, taller de realidad virtual, taller de e-sports, taller de huertos , urbanos, taller de elaboraci\u00f3n de galletas, minecraft, deportes o circuito de bicicletas.<\/p>\n<p id=\"_KX1XgtFGquwvZz\" dir=\"ltr\" style=\"position: relative; margin-top: 0px; margin-bottom: 0px; padding: 0px 0px 0.5em; color: #212121; font-family: Calibri, Arial, sans-serif; font-size: 15px; white-space: pre-wrap;\">Asimismo, en Planeta Gran Canaria se cont\u00f3 con la participaci\u00f3n del Banco de Alimentos de Las Palmas, cuyos voluntarios pudieron ser testigos de la solidaridad de los visitantes al Festival de la Infancia, que aportaban un kilo de alimentos destinado a las familias m\u00e1s desfavorecidas, habi\u00e9ndose recogido en total unos 5.000 kilos de alimentos.<\/p>\n<p id=\"_HNUpXma5U9KyxB\" dir=\"ltr\" style=\"position: relative; margin-top: 0px; margin-bottom: 0px; padding: 0px 0px 0.5em; color: #212121; font-family: Calibri, Arial, sans-serif; font-size: 15px; white-space: pre-wrap;\">La pr\u00f3xima edici\u00f3n de Planeta Gran Canaria, Festival de la Infancia, tendr\u00e1 lugar del 26 de diciembre de 2018 al 4 de enero de 2019.<\/p>\n<p dir=\"ltr\" style=\"position: relative; margin-top: 0px; margin-bottom: 0px; padding: 0px 0px 0.5em; color: #212121; font-family: Calibri, Arial, sans-serif; font-size: 15px; white-space: pre-wrap;\">\u00a0<\/p>\n<p dir=\"ltr\" style=\"position: relative; margin-top: 0px; margin-bottom: 0px; padding: 0px 0px 0.5em; color: #212121; font-family: Calibri, Arial, sans-serif; font-size: 15px; white-space: pre-wrap;\"><a href=\"https:\/\/sway.com\/20cxb2xqvEw2TQne?ref=Link\">M\u00e1s informaci\u00f3n<\/a><\/p>\n<p dir=\"ltr\" style=\"position: relative; margin-top: 0px; margin-bottom: 0px; padding: 0px 0px 0.5em; color: #212121; font-family: Calibri, Arial, sans-serif; font-size: 15px; white-space: pre-wrap;\">\u00a0<\/p>\n<p dir=\"ltr\" style=\"position: relative; margin-top: 0px; margin-bottom: 0px; padding: 0px 0px 0.5em; color: #212121; font-family: Calibri, Arial, sans-serif; font-size: 15px; white-space: pre-wrap;\">\u00a0<\/p>\n","protected":false},"excerpt":{"rendered":"<p>Hoy Planeta Gran Canaria, 19\u00ba Festival de la Infancia, promovida por el Cabildo de Gran Canaria, se despide hasta el pr\u00f3ximo diciembre con m\u00e1s de 35.000 visitantes, un incremento en torno al 34% respecto de la edici\u00f3n anterior Desde el 26 de diciembre de 2017 hasta hoy, 4 de enero de 2018, Planeta Gran Canaria, [&hellip;]<\/p>\n","protected":false},"author":1,"featured_media":1681,"comment_status":"open","ping_status":"open","sticky":false,"template":"","format":"standard","meta":{"_acf_changed":false,"om_disable_all_campaigns":false,"_monsterinsights_skip_tracking":false,"_monsterinsights_sitenote_active":false,"_monsterinsights_sitenote_note":"","_monsterinsights_sitenote_category":0,"_uf_show_specific_survey":0,"_uf_disable_surveys":false,"_joinchat":[],"footnotes":""},"categories":[1],"tags":[],"class_list":["post-5235","post","type-post","status-publish","format-standard","has-post-thumbnail","hentry","category-sin-categorizar"],"acf":[],"aioseo_notices":[],"yoast_head":"<!-- This site is optimized with the Yoast SEO plugin v26.7 - https:\/\/yoast.com\/wordpress\/plugins\/seo\/ -->\n<title>Planeta Gran Canaria, 19\u00ba Festival de la Infancia, se despide con m\u00e1s de 35.000 visitantes, un incremento en torno al 34% respecto de la edici\u00f3n anterior - Infecar<\/title>\n<meta name=\"robots\" content=\"index, follow, max-snippet:-1, max-image-preview:large, max-video-preview:-1\" \/>\n<link rel=\"canonical\" href=\"https:\/\/infecar.es\/en\/news\/planeta-gran-canaria-19-festival-de-la-infancia-promovida-por-el-cabildo-de-gran-canaria-se-despide-hasta-el-proximo-diciembre-con-mas-de-35-000-visitantes-un-incremento-en-torno-al-34-respecto-de-la\/\" \/>\n<meta property=\"og:locale\" content=\"en_US\" \/>\n<meta property=\"og:type\" content=\"article\" \/>\n<meta property=\"og:title\" content=\"Planeta Gran Canaria, 19\u00ba Festival de la Infancia, se despide con m\u00e1s de 35.000 visitantes, un incremento en torno al 34% respecto de la edici\u00f3n anterior - Infecar\" \/>\n<meta property=\"og:description\" content=\"Hoy Planeta Gran Canaria, 19\u00ba Festival de la Infancia, promovida por el Cabildo de Gran Canaria, se despide hasta el pr\u00f3ximo diciembre con m\u00e1s de 35.000 visitantes, un incremento en torno al 34% respecto de la edici\u00f3n anterior Desde el 26 de diciembre de 2017 hasta hoy, 4 de enero de 2018, Planeta Gran Canaria, [&hellip;]\" \/>\n<meta property=\"og:url\" content=\"\/en\/news\/planeta-gran-canaria-19-festival-de-la-infancia-promovida-por-el-cabildo-de-gran-canaria-se-despide-hasta-el-proximo-diciembre-con-mas-de-35-000-visitantes-un-incremento-en-torno-al-34-respecto-de-la\/\" \/>\n<meta property=\"og:site_name\" content=\"Infecar\" \/>\n<meta property=\"article:published_time\" content=\"2018-01-04T21:44:56+00:00\" \/>\n<meta property=\"og:image\" content=\"https:\/\/infecar.es\/wp-content\/uploads\/2023\/01\/949f13c1df30a468b76afab5b994011b.jpg\" \/>\n\t<meta property=\"og:image:width\" content=\"900\" \/>\n\t<meta property=\"og:image:height\" content=\"600\" \/>\n\t<meta property=\"og:image:type\" content=\"image\/jpeg\" \/>\n<meta name=\"author\" content=\"admin\" \/>\n<meta name=\"twitter:card\" content=\"summary_large_image\" \/>\n<meta name=\"twitter:label1\" content=\"Written by\" \/>\n\t<meta name=\"twitter:data1\" content=\"admin\" \/>\n\t<meta name=\"twitter:label2\" content=\"Est. reading time\" \/>\n\t<meta name=\"twitter:data2\" content=\"1 minute\" \/>\n<script type=\"application\/ld+json\" class=\"yoast-schema-graph\">{\"@context\":\"https:\/\/schema.org\",\"@graph\":[{\"@type\":\"Article\",\"@id\":\"https:\/\/infecar.es\/en\/news\/planeta-gran-canaria-19-festival-de-la-infancia-promovida-por-el-cabildo-de-gran-canaria-se-despide-hasta-el-proximo-diciembre-con-mas-de-35-000-visitantes-un-incremento-en-torno-al-34-respecto-de-la\/#article\",\"isPartOf\":{\"@id\":\"\/en\/news\/planeta-gran-canaria-19-festival-de-la-infancia-promovida-por-el-cabildo-de-gran-canaria-se-despide-hasta-el-proximo-diciembre-con-mas-de-35-000-visitantes-un-incremento-en-torno-al-34-respecto-de-la\/\"},\"author\":{\"name\":\"admin\",\"@id\":\"https:\/\/infecar.es\/en\/#\/schema\/person\/2411995f63ef29797d62c4fa83b3f3bb\"},\"headline\":\"Planeta Gran Canaria, 19\u00ba Festival de la Infancia, se despide con m\u00e1s de 35.000 visitantes, un incremento en torno al 34% respecto de la edici\u00f3n anterior\",\"datePublished\":\"2018-01-04T21:44:56+00:00\",\"mainEntityOfPage\":{\"@id\":\"\/en\/news\/planeta-gran-canaria-19-festival-de-la-infancia-promovida-por-el-cabildo-de-gran-canaria-se-despide-hasta-el-proximo-diciembre-con-mas-de-35-000-visitantes-un-incremento-en-torno-al-34-respecto-de-la\/\"},\"wordCount\":272,\"commentCount\":0,\"publisher\":{\"@id\":\"https:\/\/infecar.es\/en\/#organization\"},\"image\":{\"@id\":\"https:\/\/infecar.es\/en\/news\/planeta-gran-canaria-19-festival-de-la-infancia-promovida-por-el-cabildo-de-gran-canaria-se-despide-hasta-el-proximo-diciembre-con-mas-de-35-000-visitantes-un-incremento-en-torno-al-34-respecto-de-la\/#primaryimage\"},\"thumbnailUrl\":\"https:\/\/infecar.es\/wp-content\/uploads\/2023\/01\/949f13c1df30a468b76afab5b994011b.jpg\",\"articleSection\":[\"Sin categorizar\"],\"inLanguage\":\"en-US\"},{\"@type\":\"WebPage\",\"@id\":\"\/en\/news\/planeta-gran-canaria-19-festival-de-la-infancia-promovida-por-el-cabildo-de-gran-canaria-se-despide-hasta-el-proximo-diciembre-con-mas-de-35-000-visitantes-un-incremento-en-torno-al-34-respecto-de-la\/\",\"url\":\"https:\/\/infecar.es\/en\/news\/planeta-gran-canaria-19-festival-de-la-infancia-promovida-por-el-cabildo-de-gran-canaria-se-despide-hasta-el-proximo-diciembre-con-mas-de-35-000-visitantes-un-incremento-en-torno-al-34-respecto-de-la\/\",\"name\":\"Planeta Gran Canaria, 19\u00ba Festival de la Infancia, se despide con m\u00e1s de 35.000 visitantes, un incremento en torno al 34% respecto de la edici\u00f3n anterior - Infecar\",\"isPartOf\":{\"@id\":\"https:\/\/infecar.es\/en\/#website\"},\"primaryImageOfPage\":{\"@id\":\"https:\/\/infecar.es\/en\/news\/planeta-gran-canaria-19-festival-de-la-infancia-promovida-por-el-cabildo-de-gran-canaria-se-despide-hasta-el-proximo-diciembre-con-mas-de-35-000-visitantes-un-incremento-en-torno-al-34-respecto-de-la\/#primaryimage\"},\"image\":{\"@id\":\"https:\/\/infecar.es\/en\/news\/planeta-gran-canaria-19-festival-de-la-infancia-promovida-por-el-cabildo-de-gran-canaria-se-despide-hasta-el-proximo-diciembre-con-mas-de-35-000-visitantes-un-incremento-en-torno-al-34-respecto-de-la\/#primaryimage\"},\"thumbnailUrl\":\"https:\/\/infecar.es\/wp-content\/uploads\/2023\/01\/949f13c1df30a468b76afab5b994011b.jpg\",\"datePublished\":\"2018-01-04T21:44:56+00:00\",\"breadcrumb\":{\"@id\":\"https:\/\/infecar.es\/en\/news\/planeta-gran-canaria-19-festival-de-la-infancia-promovida-por-el-cabildo-de-gran-canaria-se-despide-hasta-el-proximo-diciembre-con-mas-de-35-000-visitantes-un-incremento-en-torno-al-34-respecto-de-la\/#breadcrumb\"},\"inLanguage\":\"en-US\",\"potentialAction\":[{\"@type\":\"ReadAction\",\"target\":[\"https:\/\/infecar.es\/en\/news\/planeta-gran-canaria-19-festival-de-la-infancia-promovida-por-el-cabildo-de-gran-canaria-se-despide-hasta-el-proximo-diciembre-con-mas-de-35-000-visitantes-un-incremento-en-torno-al-34-respecto-de-la\/\"]}]},{\"@type\":\"ImageObject\",\"inLanguage\":\"en-US\",\"@id\":\"https:\/\/infecar.es\/en\/news\/planeta-gran-canaria-19-festival-de-la-infancia-promovida-por-el-cabildo-de-gran-canaria-se-despide-hasta-el-proximo-diciembre-con-mas-de-35-000-visitantes-un-incremento-en-torno-al-34-respecto-de-la\/#primaryimage\",\"url\":\"https:\/\/infecar.es\/wp-content\/uploads\/2023\/01\/949f13c1df30a468b76afab5b994011b.jpg\",\"contentUrl\":\"https:\/\/infecar.es\/wp-content\/uploads\/2023\/01\/949f13c1df30a468b76afab5b994011b.jpg\",\"width\":900,\"height\":600},{\"@type\":\"BreadcrumbList\",\"@id\":\"https:\/\/infecar.es\/en\/news\/planeta-gran-canaria-19-festival-de-la-infancia-promovida-por-el-cabildo-de-gran-canaria-se-despide-hasta-el-proximo-diciembre-con-mas-de-35-000-visitantes-un-incremento-en-torno-al-34-respecto-de-la\/#breadcrumb\",\"itemListElement\":[{\"@type\":\"ListItem\",\"position\":1,\"name\":\"Portada\",\"item\":\"https:\/\/infecar.es\/en\/\"},{\"@type\":\"ListItem\",\"position\":2,\"name\":\"Planeta Gran Canaria, 19\u00ba Festival de la Infancia, se despide con m\u00e1s de 35.000 visitantes, un incremento en torno al 34% respecto de la edici\u00f3n anterior\"}]},{\"@type\":\"WebSite\",\"@id\":\"https:\/\/infecar.es\/en\/#website\",\"url\":\"https:\/\/infecar.es\/en\/\",\"name\":\"Infecar\",\"description\":\"Feria de Gran Canaria\",\"publisher\":{\"@id\":\"https:\/\/infecar.es\/en\/#organization\"},\"potentialAction\":[{\"@type\":\"SearchAction\",\"target\":{\"@type\":\"EntryPoint\",\"urlTemplate\":\"https:\/\/infecar.es\/en\/?s={search_term_string}\"},\"query-input\":{\"@type\":\"PropertyValueSpecification\",\"valueRequired\":true,\"valueName\":\"search_term_string\"}}],\"inLanguage\":\"en-US\"},{\"@type\":\"Organization\",\"@id\":\"https:\/\/infecar.es\/en\/#organization\",\"name\":\"Infecar\",\"url\":\"https:\/\/infecar.es\/en\/\",\"logo\":{\"@type\":\"ImageObject\",\"inLanguage\":\"en-US\",\"@id\":\"https:\/\/infecar.es\/en\/#\/schema\/logo\/image\/\",\"url\":\"https:\/\/infecar.es\/wp-content\/uploads\/2023\/02\/logo_black.svg\",\"contentUrl\":\"https:\/\/infecar.es\/wp-content\/uploads\/2023\/02\/logo_black.svg\",\"width\":1,\"height\":1,\"caption\":\"Infecar\"},\"image\":{\"@id\":\"https:\/\/infecar.es\/en\/#\/schema\/logo\/image\/\"}},{\"@type\":\"Person\",\"@id\":\"https:\/\/infecar.es\/en\/#\/schema\/person\/2411995f63ef29797d62c4fa83b3f3bb\",\"name\":\"admin\",\"image\":{\"@type\":\"ImageObject\",\"inLanguage\":\"en-US\",\"@id\":\"https:\/\/infecar.es\/en\/#\/schema\/person\/image\/\",\"url\":\"https:\/\/secure.gravatar.com\/avatar\/75dbbd3c542520ec06d33839c25bfc19076bf1b9da837dbf8254ae63b9db48ec?s=96&d=mm&r=g\",\"contentUrl\":\"https:\/\/secure.gravatar.com\/avatar\/75dbbd3c542520ec06d33839c25bfc19076bf1b9da837dbf8254ae63b9db48ec?s=96&d=mm&r=g\",\"caption\":\"admin\"},\"sameAs\":[\"http:\/\/infecar.2coders.com\"],\"url\":\"https:\/\/infecar.es\/en\/author\/2coders\/\"}]}<\/script>\n<!-- \/ Yoast SEO plugin. -->","yoast_head_json":{"title":"Planeta Gran Canaria, 19\u00ba Festival de la Infancia, se despide con m\u00e1s de 35.000 visitantes, un incremento en torno al 34% respecto de la edici\u00f3n anterior - Infecar","robots":{"index":"index","follow":"follow","max-snippet":"max-snippet:-1","max-image-preview":"max-image-preview:large","max-video-preview":"max-video-preview:-1"},"canonical":"https:\/\/infecar.es\/en\/news\/planeta-gran-canaria-19-festival-de-la-infancia-promovida-por-el-cabildo-de-gran-canaria-se-despide-hasta-el-proximo-diciembre-con-mas-de-35-000-visitantes-un-incremento-en-torno-al-34-respecto-de-la\/","og_locale":"en_US","og_type":"article","og_title":"Planeta Gran Canaria, 19\u00ba Festival de la Infancia, se despide con m\u00e1s de 35.000 visitantes, un incremento en torno al 34% respecto de la edici\u00f3n anterior - Infecar","og_description":"Hoy Planeta Gran Canaria, 19\u00ba Festival de la Infancia, promovida por el Cabildo de Gran Canaria, se despide hasta el pr\u00f3ximo diciembre con m\u00e1s de 35.000 visitantes, un incremento en torno al 34% respecto de la edici\u00f3n anterior Desde el 26 de diciembre de 2017 hasta hoy, 4 de enero de 2018, Planeta Gran Canaria, [&hellip;]","og_url":"\/en\/news\/planeta-gran-canaria-19-festival-de-la-infancia-promovida-por-el-cabildo-de-gran-canaria-se-despide-hasta-el-proximo-diciembre-con-mas-de-35-000-visitantes-un-incremento-en-torno-al-34-respecto-de-la\/","og_site_name":"Infecar","article_published_time":"2018-01-04T21:44:56+00:00","og_image":[{"width":900,"height":600,"url":"https:\/\/infecar.es\/wp-content\/uploads\/2023\/01\/949f13c1df30a468b76afab5b994011b.jpg","type":"image\/jpeg"}],"author":"admin","twitter_card":"summary_large_image","twitter_misc":{"Written by":"admin","Est. reading time":"1 minute"},"schema":{"@context":"https:\/\/schema.org","@graph":[{"@type":"Article","@id":"https:\/\/infecar.es\/en\/news\/planeta-gran-canaria-19-festival-de-la-infancia-promovida-por-el-cabildo-de-gran-canaria-se-despide-hasta-el-proximo-diciembre-con-mas-de-35-000-visitantes-un-incremento-en-torno-al-34-respecto-de-la\/#article","isPartOf":{"@id":"\/en\/news\/planeta-gran-canaria-19-festival-de-la-infancia-promovida-por-el-cabildo-de-gran-canaria-se-despide-hasta-el-proximo-diciembre-con-mas-de-35-000-visitantes-un-incremento-en-torno-al-34-respecto-de-la\/"},"author":{"name":"admin","@id":"https:\/\/infecar.es\/en\/#\/schema\/person\/2411995f63ef29797d62c4fa83b3f3bb"},"headline":"Planeta Gran Canaria, 19\u00ba Festival de la Infancia, se despide con m\u00e1s de 35.000 visitantes, un incremento en torno al 34% respecto de la edici\u00f3n anterior","datePublished":"2018-01-04T21:44:56+00:00","mainEntityOfPage":{"@id":"\/en\/news\/planeta-gran-canaria-19-festival-de-la-infancia-promovida-por-el-cabildo-de-gran-canaria-se-despide-hasta-el-proximo-diciembre-con-mas-de-35-000-visitantes-un-incremento-en-torno-al-34-respecto-de-la\/"},"wordCount":272,"commentCount":0,"publisher":{"@id":"https:\/\/infecar.es\/en\/#organization"},"image":{"@id":"https:\/\/infecar.es\/en\/news\/planeta-gran-canaria-19-festival-de-la-infancia-promovida-por-el-cabildo-de-gran-canaria-se-despide-hasta-el-proximo-diciembre-con-mas-de-35-000-visitantes-un-incremento-en-torno-al-34-respecto-de-la\/#primaryimage"},"thumbnailUrl":"https:\/\/infecar.es\/wp-content\/uploads\/2023\/01\/949f13c1df30a468b76afab5b994011b.jpg","articleSection":["Sin categorizar"],"inLanguage":"en-US"},{"@type":"WebPage","@id":"\/en\/news\/planeta-gran-canaria-19-festival-de-la-infancia-promovida-por-el-cabildo-de-gran-canaria-se-despide-hasta-el-proximo-diciembre-con-mas-de-35-000-visitantes-un-incremento-en-torno-al-34-respecto-de-la\/","url":"https:\/\/infecar.es\/en\/news\/planeta-gran-canaria-19-festival-de-la-infancia-promovida-por-el-cabildo-de-gran-canaria-se-despide-hasta-el-proximo-diciembre-con-mas-de-35-000-visitantes-un-incremento-en-torno-al-34-respecto-de-la\/","name":"Planeta Gran Canaria, 19\u00ba Festival de la Infancia, se despide con m\u00e1s de 35.000 visitantes, un incremento en torno al 34% respecto de la edici\u00f3n anterior - Infecar","isPartOf":{"@id":"https:\/\/infecar.es\/en\/#website"},"primaryImageOfPage":{"@id":"https:\/\/infecar.es\/en\/news\/planeta-gran-canaria-19-festival-de-la-infancia-promovida-por-el-cabildo-de-gran-canaria-se-despide-hasta-el-proximo-diciembre-con-mas-de-35-000-visitantes-un-incremento-en-torno-al-34-respecto-de-la\/#primaryimage"},"image":{"@id":"https:\/\/infecar.es\/en\/news\/planeta-gran-canaria-19-festival-de-la-infancia-promovida-por-el-cabildo-de-gran-canaria-se-despide-hasta-el-proximo-diciembre-con-mas-de-35-000-visitantes-un-incremento-en-torno-al-34-respecto-de-la\/#primaryimage"},"thumbnailUrl":"https:\/\/infecar.es\/wp-content\/uploads\/2023\/01\/949f13c1df30a468b76afab5b994011b.jpg","datePublished":"2018-01-04T21:44:56+00:00","breadcrumb":{"@id":"https:\/\/infecar.es\/en\/news\/planeta-gran-canaria-19-festival-de-la-infancia-promovida-por-el-cabildo-de-gran-canaria-se-despide-hasta-el-proximo-diciembre-con-mas-de-35-000-visitantes-un-incremento-en-torno-al-34-respecto-de-la\/#breadcrumb"},"inLanguage":"en-US","potentialAction":[{"@type":"ReadAction","target":["https:\/\/infecar.es\/en\/news\/planeta-gran-canaria-19-festival-de-la-infancia-promovida-por-el-cabildo-de-gran-canaria-se-despide-hasta-el-proximo-diciembre-con-mas-de-35-000-visitantes-un-incremento-en-torno-al-34-respecto-de-la\/"]}]},{"@type":"ImageObject","inLanguage":"en-US","@id":"https:\/\/infecar.es\/en\/news\/planeta-gran-canaria-19-festival-de-la-infancia-promovida-por-el-cabildo-de-gran-canaria-se-despide-hasta-el-proximo-diciembre-con-mas-de-35-000-visitantes-un-incremento-en-torno-al-34-respecto-de-la\/#primaryimage","url":"https:\/\/infecar.es\/wp-content\/uploads\/2023\/01\/949f13c1df30a468b76afab5b994011b.jpg","contentUrl":"https:\/\/infecar.es\/wp-content\/uploads\/2023\/01\/949f13c1df30a468b76afab5b994011b.jpg","width":900,"height":600},{"@type":"BreadcrumbList","@id":"https:\/\/infecar.es\/en\/news\/planeta-gran-canaria-19-festival-de-la-infancia-promovida-por-el-cabildo-de-gran-canaria-se-despide-hasta-el-proximo-diciembre-con-mas-de-35-000-visitantes-un-incremento-en-torno-al-34-respecto-de-la\/#breadcrumb","itemListElement":[{"@type":"ListItem","position":1,"name":"Portada","item":"https:\/\/infecar.es\/en\/"},{"@type":"ListItem","position":2,"name":"Planeta Gran Canaria, 19\u00ba Festival de la Infancia, se despide con m\u00e1s de 35.000 visitantes, un incremento en torno al 34% respecto de la edici\u00f3n anterior"}]},{"@type":"WebSite","@id":"https:\/\/infecar.es\/en\/#website","url":"https:\/\/infecar.es\/en\/","name":"Infecar","description":"Feria de Gran Canaria","publisher":{"@id":"https:\/\/infecar.es\/en\/#organization"},"potentialAction":[{"@type":"SearchAction","target":{"@type":"EntryPoint","urlTemplate":"https:\/\/infecar.es\/en\/?s={search_term_string}"},"query-input":{"@type":"PropertyValueSpecification","valueRequired":true,"valueName":"search_term_string"}}],"inLanguage":"en-US"},{"@type":"Organization","@id":"https:\/\/infecar.es\/en\/#organization","name":"Infecar","url":"https:\/\/infecar.es\/en\/","logo":{"@type":"ImageObject","inLanguage":"en-US","@id":"https:\/\/infecar.es\/en\/#\/schema\/logo\/image\/","url":"https:\/\/infecar.es\/wp-content\/uploads\/2023\/02\/logo_black.svg","contentUrl":"https:\/\/infecar.es\/wp-content\/uploads\/2023\/02\/logo_black.svg","width":1,"height":1,"caption":"Infecar"},"image":{"@id":"https:\/\/infecar.es\/en\/#\/schema\/logo\/image\/"}},{"@type":"Person","@id":"https:\/\/infecar.es\/en\/#\/schema\/person\/2411995f63ef29797d62c4fa83b3f3bb","name":"admin","image":{"@type":"ImageObject","inLanguage":"en-US","@id":"https:\/\/infecar.es\/en\/#\/schema\/person\/image\/","url":"https:\/\/secure.gravatar.com\/avatar\/75dbbd3c542520ec06d33839c25bfc19076bf1b9da837dbf8254ae63b9db48ec?s=96&d=mm&r=g","contentUrl":"https:\/\/secure.gravatar.com\/avatar\/75dbbd3c542520ec06d33839c25bfc19076bf1b9da837dbf8254ae63b9db48ec?s=96&d=mm&r=g","caption":"admin"},"sameAs":["http:\/\/infecar.2coders.com"],"url":"https:\/\/infecar.es\/en\/author\/2coders\/"}]}},"_links":{"self":[{"href":"https:\/\/infecar.es\/en\/wp-json\/wp\/v2\/posts\/5235","targetHints":{"allow":["GET"]}}],"collection":[{"href":"https:\/\/infecar.es\/en\/wp-json\/wp\/v2\/posts"}],"about":[{"href":"https:\/\/infecar.es\/en\/wp-json\/wp\/v2\/types\/post"}],"author":[{"embeddable":true,"href":"https:\/\/infecar.es\/en\/wp-json\/wp\/v2\/users\/1"}],"replies":[{"embeddable":true,"href":"https:\/\/infecar.es\/en\/wp-json\/wp\/v2\/comments?post=5235"}],"version-history":[{"count":0,"href":"https:\/\/infecar.es\/en\/wp-json\/wp\/v2\/posts\/5235\/revisions"}],"wp:featuredmedia":[{"embeddable":true,"href":"https:\/\/infecar.es\/en\/wp-json\/wp\/v2\/media\/1681"}],"wp:attachment":[{"href":"https:\/\/infecar.es\/en\/wp-json\/wp\/v2\/media?parent=5235"}],"wp:term":[{"taxonomy":"category","embeddable":true,"href":"https:\/\/infecar.es\/en\/wp-json\/wp\/v2\/categories?post=5235"},{"taxonomy":"post_tag","embeddable":true,"href":"https:\/\/infecar.es\/en\/wp-json\/wp\/v2\/tags?post=5235"}],"curies":[{"name":"wp","href":"https:\/\/api.w.org\/{rel}","templated":true}]}}