

{"id":5232,"date":"2017-12-21T14:25:36","date_gmt":"2017-12-21T14:25:36","guid":{"rendered":"https:\/\/infecar.es\/2017\/12\/21\/presentacion-de-planeta-gran-canaria-19-festival-de-la-infancia\/"},"modified":"2017-12-21T14:25:36","modified_gmt":"2017-12-21T14:25:36","slug":"presentacion-de-planeta-gran-canaria-19-festival-de-la-infancia","status":"publish","type":"post","link":"\/en\/news\/presentacion-de-planeta-gran-canaria-19-festival-de-la-infancia","title":{"rendered":"Presentaci\u00f3n de Planeta Gran Canaria, 19\u00ba Festival de la Infancia"},"content":{"rendered":"<p id=\"_hCRyEQBWsgMiZ0\" dir=\"ltr\" style=\"position: relative; margin-top: 0px; margin-bottom: 0px; padding: 0px 0px 0.5em; color: #212121; font-family: Calibri, Arial, sans-serif; font-size: 15px; white-space: pre-wrap;\">Hoy ha tenido lugar la presentaci\u00f3n de Planeta Gran Canaria, 19\u00ba Festival de la Infancia, por parte del presidente del Cabildo y del Consejo Directivo de INFECAR, Antonio Morales. En el acto estuvo acompa\u00f1ado por el Consejero de Desarrollo Econ\u00f3mico del Cabildo y presidente del Comit\u00e9 Ejecutivo de INFECAR, Ra\u00fal Garc\u00eda Brink, as\u00ed como por el director general de la instituci\u00f3n ferial, Manuel Mora Lourido. A la presentaci\u00f3n asisti\u00f3 una representaci\u00f3n de los escolares del CEIP Jos\u00e9 P\u00e9rez y P\u00e9rez del barrio de la Feria del Atl\u00e1ntico, quienes hace dos a\u00f1os eligieron el nombre de la mascota de Planeta Gran Canaria, Granfi, y hoy presentaron un panel con sus dibujos sobre Planeta Gran Canaria.<\/p>\n<p id=\"_rKMHdDSvQdvhN1\" dir=\"ltr\" style=\"position: relative; margin-top: 0px; margin-bottom: 0px; padding: 0px 0px 0.5em; color: #212121; font-family: Calibri, Arial, sans-serif; font-size: 15px; white-space: pre-wrap;\"><strong><em>Planeta Gran Canaria, Festival de la Infancia,<\/em><\/strong> un espacio de ocio educativo en familia, que este a\u00f1o celebra su 19\u00aa edici\u00f3n, donde han participado escolares del CEIP Jos\u00e9 P\u00e9rez y P\u00e9rez,<\/p>\n<p id=\"_GTcQuAw5rwu5BU\" dir=\"ltr\" style=\"position: relative; margin-top: 0px; margin-bottom: 0px; padding: 0px 0px 0.5em; color: #212121; font-family: Calibri, Arial, sans-serif; font-size: 15px; white-space: pre-wrap;\">Este festival, est\u00e1 orientado a ni\u00f1os menores de 12 a\u00f1os, cuenta con una amplia programaci\u00f3n, donde todas y cada una de las actividades est\u00e1n preparadas para que los <strong>peque\u00f1os<\/strong> se conviertan en los <strong>protagonistas <\/strong>del evento.<\/p>\n<p id=\"_KMjqmBRDlOqFhh\" dir=\"ltr\" style=\"position: relative; margin-top: 0px; margin-bottom: 0px; padding: 0px 0px 0.5em; color: #212121; font-family: Calibri, Arial, sans-serif; font-size: 15px; white-space: pre-wrap;\"><strong><em>Planeta Gran Canaria, 19\u00ba Festival de la Infancia <\/em><\/strong>es un evento promovido por el Cabildo de Gran Canaria y organizado por INFECAR. Tendr\u00e1 lugar del 26 de diciembre de 2017 al 4 de enero de 2018 en el recinto ferial de INFECAR. Su horario ser\u00e1 de 10:00 a 20:30 horas, salvo el d\u00eda 1 de enero que abrir\u00e1 sus puertas desde las 16:30 hasta las 20:30 horas y el d\u00eda 31 de diciembre estar\u00e1 cerrado.<\/p>\n<p dir=\"ltr\" style=\"position: relative; margin-top: 0px; margin-bottom: 0px; padding: 0px 0px 0.5em; color: #212121; font-family: Calibri, Arial, sans-serif; font-size: 15px; white-space: pre-wrap;\">\u00a0<\/p>\n<p dir=\"ltr\" style=\"position: relative; margin-top: 0px; margin-bottom: 0px; padding: 0px 0px 0.5em; color: #212121; font-family: Calibri, Arial, sans-serif; font-size: 15px; white-space: pre-wrap;\"><a href=\"https:\/\/sway.com\/vDjXrzpHH4EAkSpU?ref=Link\">M\u00e1s informaci\u00f3n<\/a><\/p>\n","protected":false},"excerpt":{"rendered":"<p>Hoy ha tenido lugar la presentaci\u00f3n de Planeta Gran Canaria, 19\u00ba Festival de la Infancia, por parte del presidente del Cabildo y del Consejo Directivo de INFECAR, Antonio Morales. En el acto estuvo acompa\u00f1ado por el Consejero de Desarrollo Econ\u00f3mico del Cabildo y presidente del Comit\u00e9 Ejecutivo de INFECAR, Ra\u00fal Garc\u00eda Brink, as\u00ed como por [&hellip;]<\/p>\n","protected":false},"author":1,"featured_media":605,"comment_status":"open","ping_status":"open","sticky":false,"template":"","format":"standard","meta":{"_acf_changed":false,"om_disable_all_campaigns":false,"_monsterinsights_skip_tracking":false,"_monsterinsights_sitenote_active":false,"_monsterinsights_sitenote_note":"","_monsterinsights_sitenote_category":0,"_uf_show_specific_survey":0,"_uf_disable_surveys":false,"_joinchat":[],"footnotes":""},"categories":[1],"tags":[],"class_list":["post-5232","post","type-post","status-publish","format-standard","has-post-thumbnail","hentry","category-sin-categorizar"],"acf":[],"aioseo_notices":[],"yoast_head":"<!-- This site is optimized with the Yoast SEO plugin v26.7 - https:\/\/yoast.com\/wordpress\/plugins\/seo\/ -->\n<title>Presentaci\u00f3n de Planeta Gran Canaria, 19\u00ba Festival de la Infancia - Infecar<\/title>\n<meta name=\"robots\" content=\"index, follow, max-snippet:-1, max-image-preview:large, max-video-preview:-1\" \/>\n<link rel=\"canonical\" href=\"https:\/\/infecar.es\/en\/news\/presentacion-de-planeta-gran-canaria-19-festival-de-la-infancia\/\" \/>\n<meta property=\"og:locale\" content=\"en_US\" \/>\n<meta property=\"og:type\" content=\"article\" \/>\n<meta property=\"og:title\" content=\"Presentaci\u00f3n de Planeta Gran Canaria, 19\u00ba Festival de la Infancia - Infecar\" \/>\n<meta property=\"og:description\" content=\"Hoy ha tenido lugar la presentaci\u00f3n de Planeta Gran Canaria, 19\u00ba Festival de la Infancia, por parte del presidente del Cabildo y del Consejo Directivo de INFECAR, Antonio Morales. En el acto estuvo acompa\u00f1ado por el Consejero de Desarrollo Econ\u00f3mico del Cabildo y presidente del Comit\u00e9 Ejecutivo de INFECAR, Ra\u00fal Garc\u00eda Brink, as\u00ed como por [&hellip;]\" \/>\n<meta property=\"og:url\" content=\"\/en\/news\/presentacion-de-planeta-gran-canaria-19-festival-de-la-infancia\/\" \/>\n<meta property=\"og:site_name\" content=\"Infecar\" \/>\n<meta property=\"article:published_time\" content=\"2017-12-21T14:25:36+00:00\" \/>\n<meta property=\"og:image\" content=\"https:\/\/infecar.es\/wp-content\/uploads\/2023\/01\/6d00c12bde6a8ef539621cd606ac11ea-scaled.jpg\" \/>\n\t<meta property=\"og:image:width\" content=\"2560\" \/>\n\t<meta property=\"og:image:height\" content=\"1707\" \/>\n\t<meta property=\"og:image:type\" content=\"image\/jpeg\" \/>\n<meta name=\"author\" content=\"admin\" \/>\n<meta name=\"twitter:card\" content=\"summary_large_image\" \/>\n<meta name=\"twitter:label1\" content=\"Written by\" \/>\n\t<meta name=\"twitter:data1\" content=\"admin\" \/>\n\t<meta name=\"twitter:label2\" content=\"Est. reading time\" \/>\n\t<meta name=\"twitter:data2\" content=\"1 minute\" \/>\n<script type=\"application\/ld+json\" class=\"yoast-schema-graph\">{\"@context\":\"https:\/\/schema.org\",\"@graph\":[{\"@type\":\"Article\",\"@id\":\"https:\/\/infecar.es\/en\/news\/presentacion-de-planeta-gran-canaria-19-festival-de-la-infancia\/#article\",\"isPartOf\":{\"@id\":\"\/en\/news\/presentacion-de-planeta-gran-canaria-19-festival-de-la-infancia\/\"},\"author\":{\"name\":\"admin\",\"@id\":\"https:\/\/infecar.es\/en\/#\/schema\/person\/2411995f63ef29797d62c4fa83b3f3bb\"},\"headline\":\"Presentaci\u00f3n de Planeta Gran Canaria, 19\u00ba Festival de la Infancia\",\"datePublished\":\"2017-12-21T14:25:36+00:00\",\"mainEntityOfPage\":{\"@id\":\"\/en\/news\/presentacion-de-planeta-gran-canaria-19-festival-de-la-infancia\/\"},\"wordCount\":279,\"commentCount\":0,\"publisher\":{\"@id\":\"https:\/\/infecar.es\/en\/#organization\"},\"image\":{\"@id\":\"https:\/\/infecar.es\/en\/news\/presentacion-de-planeta-gran-canaria-19-festival-de-la-infancia\/#primaryimage\"},\"thumbnailUrl\":\"https:\/\/infecar.es\/wp-content\/uploads\/2023\/01\/6d00c12bde6a8ef539621cd606ac11ea-scaled.jpg\",\"articleSection\":[\"Sin categorizar\"],\"inLanguage\":\"en-US\"},{\"@type\":\"WebPage\",\"@id\":\"\/en\/news\/presentacion-de-planeta-gran-canaria-19-festival-de-la-infancia\/\",\"url\":\"https:\/\/infecar.es\/en\/news\/presentacion-de-planeta-gran-canaria-19-festival-de-la-infancia\/\",\"name\":\"Presentaci\u00f3n de Planeta Gran Canaria, 19\u00ba Festival de la Infancia - Infecar\",\"isPartOf\":{\"@id\":\"https:\/\/infecar.es\/en\/#website\"},\"primaryImageOfPage\":{\"@id\":\"https:\/\/infecar.es\/en\/news\/presentacion-de-planeta-gran-canaria-19-festival-de-la-infancia\/#primaryimage\"},\"image\":{\"@id\":\"https:\/\/infecar.es\/en\/news\/presentacion-de-planeta-gran-canaria-19-festival-de-la-infancia\/#primaryimage\"},\"thumbnailUrl\":\"https:\/\/infecar.es\/wp-content\/uploads\/2023\/01\/6d00c12bde6a8ef539621cd606ac11ea-scaled.jpg\",\"datePublished\":\"2017-12-21T14:25:36+00:00\",\"breadcrumb\":{\"@id\":\"https:\/\/infecar.es\/en\/news\/presentacion-de-planeta-gran-canaria-19-festival-de-la-infancia\/#breadcrumb\"},\"inLanguage\":\"en-US\",\"potentialAction\":[{\"@type\":\"ReadAction\",\"target\":[\"https:\/\/infecar.es\/en\/news\/presentacion-de-planeta-gran-canaria-19-festival-de-la-infancia\/\"]}]},{\"@type\":\"ImageObject\",\"inLanguage\":\"en-US\",\"@id\":\"https:\/\/infecar.es\/en\/news\/presentacion-de-planeta-gran-canaria-19-festival-de-la-infancia\/#primaryimage\",\"url\":\"https:\/\/infecar.es\/wp-content\/uploads\/2023\/01\/6d00c12bde6a8ef539621cd606ac11ea-scaled.jpg\",\"contentUrl\":\"https:\/\/infecar.es\/wp-content\/uploads\/2023\/01\/6d00c12bde6a8ef539621cd606ac11ea-scaled.jpg\",\"width\":2560,\"height\":1707},{\"@type\":\"BreadcrumbList\",\"@id\":\"https:\/\/infecar.es\/en\/news\/presentacion-de-planeta-gran-canaria-19-festival-de-la-infancia\/#breadcrumb\",\"itemListElement\":[{\"@type\":\"ListItem\",\"position\":1,\"name\":\"Portada\",\"item\":\"https:\/\/infecar.es\/en\/\"},{\"@type\":\"ListItem\",\"position\":2,\"name\":\"Presentaci\u00f3n de Planeta Gran Canaria, 19\u00ba Festival de la Infancia\"}]},{\"@type\":\"WebSite\",\"@id\":\"https:\/\/infecar.es\/en\/#website\",\"url\":\"https:\/\/infecar.es\/en\/\",\"name\":\"Infecar\",\"description\":\"Feria de Gran Canaria\",\"publisher\":{\"@id\":\"https:\/\/infecar.es\/en\/#organization\"},\"potentialAction\":[{\"@type\":\"SearchAction\",\"target\":{\"@type\":\"EntryPoint\",\"urlTemplate\":\"https:\/\/infecar.es\/en\/?s={search_term_string}\"},\"query-input\":{\"@type\":\"PropertyValueSpecification\",\"valueRequired\":true,\"valueName\":\"search_term_string\"}}],\"inLanguage\":\"en-US\"},{\"@type\":\"Organization\",\"@id\":\"https:\/\/infecar.es\/en\/#organization\",\"name\":\"Infecar\",\"url\":\"https:\/\/infecar.es\/en\/\",\"logo\":{\"@type\":\"ImageObject\",\"inLanguage\":\"en-US\",\"@id\":\"https:\/\/infecar.es\/en\/#\/schema\/logo\/image\/\",\"url\":\"https:\/\/infecar.es\/wp-content\/uploads\/2023\/02\/logo_black.svg\",\"contentUrl\":\"https:\/\/infecar.es\/wp-content\/uploads\/2023\/02\/logo_black.svg\",\"width\":1,\"height\":1,\"caption\":\"Infecar\"},\"image\":{\"@id\":\"https:\/\/infecar.es\/en\/#\/schema\/logo\/image\/\"}},{\"@type\":\"Person\",\"@id\":\"https:\/\/infecar.es\/en\/#\/schema\/person\/2411995f63ef29797d62c4fa83b3f3bb\",\"name\":\"admin\",\"image\":{\"@type\":\"ImageObject\",\"inLanguage\":\"en-US\",\"@id\":\"https:\/\/infecar.es\/en\/#\/schema\/person\/image\/\",\"url\":\"https:\/\/secure.gravatar.com\/avatar\/75dbbd3c542520ec06d33839c25bfc19076bf1b9da837dbf8254ae63b9db48ec?s=96&d=mm&r=g\",\"contentUrl\":\"https:\/\/secure.gravatar.com\/avatar\/75dbbd3c542520ec06d33839c25bfc19076bf1b9da837dbf8254ae63b9db48ec?s=96&d=mm&r=g\",\"caption\":\"admin\"},\"sameAs\":[\"http:\/\/infecar.2coders.com\"],\"url\":\"https:\/\/infecar.es\/en\/author\/2coders\/\"}]}<\/script>\n<!-- \/ Yoast SEO plugin. -->","yoast_head_json":{"title":"Presentaci\u00f3n de Planeta Gran Canaria, 19\u00ba Festival de la Infancia - Infecar","robots":{"index":"index","follow":"follow","max-snippet":"max-snippet:-1","max-image-preview":"max-image-preview:large","max-video-preview":"max-video-preview:-1"},"canonical":"https:\/\/infecar.es\/en\/news\/presentacion-de-planeta-gran-canaria-19-festival-de-la-infancia\/","og_locale":"en_US","og_type":"article","og_title":"Presentaci\u00f3n de Planeta Gran Canaria, 19\u00ba Festival de la Infancia - Infecar","og_description":"Hoy ha tenido lugar la presentaci\u00f3n de Planeta Gran Canaria, 19\u00ba Festival de la Infancia, por parte del presidente del Cabildo y del Consejo Directivo de INFECAR, Antonio Morales. En el acto estuvo acompa\u00f1ado por el Consejero de Desarrollo Econ\u00f3mico del Cabildo y presidente del Comit\u00e9 Ejecutivo de INFECAR, Ra\u00fal Garc\u00eda Brink, as\u00ed como por [&hellip;]","og_url":"\/en\/news\/presentacion-de-planeta-gran-canaria-19-festival-de-la-infancia\/","og_site_name":"Infecar","article_published_time":"2017-12-21T14:25:36+00:00","og_image":[{"width":2560,"height":1707,"url":"https:\/\/infecar.es\/wp-content\/uploads\/2023\/01\/6d00c12bde6a8ef539621cd606ac11ea-scaled.jpg","type":"image\/jpeg"}],"author":"admin","twitter_card":"summary_large_image","twitter_misc":{"Written by":"admin","Est. reading time":"1 minute"},"schema":{"@context":"https:\/\/schema.org","@graph":[{"@type":"Article","@id":"https:\/\/infecar.es\/en\/news\/presentacion-de-planeta-gran-canaria-19-festival-de-la-infancia\/#article","isPartOf":{"@id":"\/en\/news\/presentacion-de-planeta-gran-canaria-19-festival-de-la-infancia\/"},"author":{"name":"admin","@id":"https:\/\/infecar.es\/en\/#\/schema\/person\/2411995f63ef29797d62c4fa83b3f3bb"},"headline":"Presentaci\u00f3n de Planeta Gran Canaria, 19\u00ba Festival de la Infancia","datePublished":"2017-12-21T14:25:36+00:00","mainEntityOfPage":{"@id":"\/en\/news\/presentacion-de-planeta-gran-canaria-19-festival-de-la-infancia\/"},"wordCount":279,"commentCount":0,"publisher":{"@id":"https:\/\/infecar.es\/en\/#organization"},"image":{"@id":"https:\/\/infecar.es\/en\/news\/presentacion-de-planeta-gran-canaria-19-festival-de-la-infancia\/#primaryimage"},"thumbnailUrl":"https:\/\/infecar.es\/wp-content\/uploads\/2023\/01\/6d00c12bde6a8ef539621cd606ac11ea-scaled.jpg","articleSection":["Sin categorizar"],"inLanguage":"en-US"},{"@type":"WebPage","@id":"\/en\/news\/presentacion-de-planeta-gran-canaria-19-festival-de-la-infancia\/","url":"https:\/\/infecar.es\/en\/news\/presentacion-de-planeta-gran-canaria-19-festival-de-la-infancia\/","name":"Presentaci\u00f3n de Planeta Gran Canaria, 19\u00ba Festival de la Infancia - Infecar","isPartOf":{"@id":"https:\/\/infecar.es\/en\/#website"},"primaryImageOfPage":{"@id":"https:\/\/infecar.es\/en\/news\/presentacion-de-planeta-gran-canaria-19-festival-de-la-infancia\/#primaryimage"},"image":{"@id":"https:\/\/infecar.es\/en\/news\/presentacion-de-planeta-gran-canaria-19-festival-de-la-infancia\/#primaryimage"},"thumbnailUrl":"https:\/\/infecar.es\/wp-content\/uploads\/2023\/01\/6d00c12bde6a8ef539621cd606ac11ea-scaled.jpg","datePublished":"2017-12-21T14:25:36+00:00","breadcrumb":{"@id":"https:\/\/infecar.es\/en\/news\/presentacion-de-planeta-gran-canaria-19-festival-de-la-infancia\/#breadcrumb"},"inLanguage":"en-US","potentialAction":[{"@type":"ReadAction","target":["https:\/\/infecar.es\/en\/news\/presentacion-de-planeta-gran-canaria-19-festival-de-la-infancia\/"]}]},{"@type":"ImageObject","inLanguage":"en-US","@id":"https:\/\/infecar.es\/en\/news\/presentacion-de-planeta-gran-canaria-19-festival-de-la-infancia\/#primaryimage","url":"https:\/\/infecar.es\/wp-content\/uploads\/2023\/01\/6d00c12bde6a8ef539621cd606ac11ea-scaled.jpg","contentUrl":"https:\/\/infecar.es\/wp-content\/uploads\/2023\/01\/6d00c12bde6a8ef539621cd606ac11ea-scaled.jpg","width":2560,"height":1707},{"@type":"BreadcrumbList","@id":"https:\/\/infecar.es\/en\/news\/presentacion-de-planeta-gran-canaria-19-festival-de-la-infancia\/#breadcrumb","itemListElement":[{"@type":"ListItem","position":1,"name":"Portada","item":"https:\/\/infecar.es\/en\/"},{"@type":"ListItem","position":2,"name":"Presentaci\u00f3n de Planeta Gran Canaria, 19\u00ba Festival de la Infancia"}]},{"@type":"WebSite","@id":"https:\/\/infecar.es\/en\/#website","url":"https:\/\/infecar.es\/en\/","name":"Infecar","description":"Feria de Gran Canaria","publisher":{"@id":"https:\/\/infecar.es\/en\/#organization"},"potentialAction":[{"@type":"SearchAction","target":{"@type":"EntryPoint","urlTemplate":"https:\/\/infecar.es\/en\/?s={search_term_string}"},"query-input":{"@type":"PropertyValueSpecification","valueRequired":true,"valueName":"search_term_string"}}],"inLanguage":"en-US"},{"@type":"Organization","@id":"https:\/\/infecar.es\/en\/#organization","name":"Infecar","url":"https:\/\/infecar.es\/en\/","logo":{"@type":"ImageObject","inLanguage":"en-US","@id":"https:\/\/infecar.es\/en\/#\/schema\/logo\/image\/","url":"https:\/\/infecar.es\/wp-content\/uploads\/2023\/02\/logo_black.svg","contentUrl":"https:\/\/infecar.es\/wp-content\/uploads\/2023\/02\/logo_black.svg","width":1,"height":1,"caption":"Infecar"},"image":{"@id":"https:\/\/infecar.es\/en\/#\/schema\/logo\/image\/"}},{"@type":"Person","@id":"https:\/\/infecar.es\/en\/#\/schema\/person\/2411995f63ef29797d62c4fa83b3f3bb","name":"admin","image":{"@type":"ImageObject","inLanguage":"en-US","@id":"https:\/\/infecar.es\/en\/#\/schema\/person\/image\/","url":"https:\/\/secure.gravatar.com\/avatar\/75dbbd3c542520ec06d33839c25bfc19076bf1b9da837dbf8254ae63b9db48ec?s=96&d=mm&r=g","contentUrl":"https:\/\/secure.gravatar.com\/avatar\/75dbbd3c542520ec06d33839c25bfc19076bf1b9da837dbf8254ae63b9db48ec?s=96&d=mm&r=g","caption":"admin"},"sameAs":["http:\/\/infecar.2coders.com"],"url":"https:\/\/infecar.es\/en\/author\/2coders\/"}]}},"_links":{"self":[{"href":"https:\/\/infecar.es\/en\/wp-json\/wp\/v2\/posts\/5232","targetHints":{"allow":["GET"]}}],"collection":[{"href":"https:\/\/infecar.es\/en\/wp-json\/wp\/v2\/posts"}],"about":[{"href":"https:\/\/infecar.es\/en\/wp-json\/wp\/v2\/types\/post"}],"author":[{"embeddable":true,"href":"https:\/\/infecar.es\/en\/wp-json\/wp\/v2\/users\/1"}],"replies":[{"embeddable":true,"href":"https:\/\/infecar.es\/en\/wp-json\/wp\/v2\/comments?post=5232"}],"version-history":[{"count":0,"href":"https:\/\/infecar.es\/en\/wp-json\/wp\/v2\/posts\/5232\/revisions"}],"wp:featuredmedia":[{"embeddable":true,"href":"https:\/\/infecar.es\/en\/wp-json\/wp\/v2\/media\/605"}],"wp:attachment":[{"href":"https:\/\/infecar.es\/en\/wp-json\/wp\/v2\/media?parent=5232"}],"wp:term":[{"taxonomy":"category","embeddable":true,"href":"https:\/\/infecar.es\/en\/wp-json\/wp\/v2\/categories?post=5232"},{"taxonomy":"post_tag","embeddable":true,"href":"https:\/\/infecar.es\/en\/wp-json\/wp\/v2\/tags?post=5232"}],"curies":[{"name":"wp","href":"https:\/\/api.w.org\/{rel}","templated":true}]}}