

{"id":5231,"date":"2017-12-15T14:10:47","date_gmt":"2017-12-15T14:10:47","guid":{"rendered":"https:\/\/infecar.es\/2017\/12\/15\/calendario-ferial-de-infecar-2018\/"},"modified":"2017-12-15T14:10:47","modified_gmt":"2017-12-15T14:10:47","slug":"calendario-ferial-de-infecar-2018","status":"publish","type":"post","link":"\/en\/news\/calendario-ferial-de-infecar-2018","title":{"rendered":"Calendario Ferial de INFECAR 2018"},"content":{"rendered":"<p id=\"_VBoWqwBc3MkAFY\" dir=\"ltr\" style=\"position: relative; margin-top: 0px; margin-bottom: 0px; padding: 0px 0px 0.5em; color: #212121; font-family: Calibri, Arial, sans-serif; font-size: 15px; white-space: pre-wrap;\">El Consejo Directivo de la Instituci\u00f3n Ferial de Canarias (INFECAR) se ha reunido hoy, bajo la presidencia de Antonio Morales, presidente del Cabildo de Gran Canaria. Previamente se hab\u00eda reunido tambi\u00e9n el Comit\u00e9 Directivo de INFECAR, presidido por Ra\u00fal Garc\u00eda Brink, consejero de Desarrollo Econ\u00f3mico del Cabildo de Gran Canaria.<\/p>\n<p id=\"_1Kmx0rSQ1w1a0m\" dir=\"ltr\" style=\"position: relative; margin-top: 0px; margin-bottom: 0px; padding: 0px 0px 0.5em; color: #212121; font-family: Calibri, Arial, sans-serif; font-size: 15px; white-space: pre-wrap;\">Entre los temas aprobados por el Consejo Directivo se encuentra el calendario de actividades y los presupuestos para 2018.<\/p>\n<p id=\"_QpMao5faOmCq4x\" dir=\"ltr\" style=\"position: relative; margin-top: 0px; margin-bottom: 0px; padding: 0px 0px 0.5em; color: #212121; font-family: Calibri, Arial, sans-serif; font-size: 15px; white-space: pre-wrap;\">El calendario de las ferias organizadas por INFECAR en el pr\u00f3ximo a\u00f1o ser\u00e1 el siguiente:<\/p>\n<p id=\"_VlWlV3mvs7prUn\" dir=\"ltr\" style=\"position: relative; margin-top: 0px; margin-bottom: 0px; padding: 0px 0px 0.5em; color: #212121; font-family: Calibri, Arial, sans-serif; font-size: 15px; white-space: pre-wrap;\"><strong>5\u00aa Feria Gran Canaria Me Gusta<\/strong>, del 9 al 11 de marzo<\/p>\n<p id=\"_4TZL8oNmTDrvHY\" dir=\"ltr\" style=\"position: relative; margin-top: 0px; margin-bottom: 0px; padding: 0px 0px 0.5em; color: #212121; font-family: Calibri, Arial, sans-serif; font-size: 15px; white-space: pre-wrap;\"><strong>Zona Backstage<\/strong>, del 12 al 14 de abril<\/p>\n<p id=\"_ajXCTR0bjOiPJ7\" dir=\"ltr\" style=\"position: relative; margin-top: 0px; margin-bottom: 0px; padding: 0px 0px 0.5em; color: #212121; font-family: Calibri, Arial, sans-serif; font-size: 15px; white-space: pre-wrap;\"><strong>2\u00aa Movelec, Sal\u00f3n del Veh\u00edculo El\u00e9ctrico de Canarias<\/strong>, del 27 y 28 de abril<\/p>\n<p id=\"_Xvb6hLK5FvcZuY\" dir=\"ltr\" style=\"position: relative; margin-top: 0px; margin-bottom: 0px; padding: 0px 0px 0.5em; color: #212121; font-family: Calibri, Arial, sans-serif; font-size: 15px; white-space: pre-wrap;\"><strong>3\u00aa ExpoBienestar Canarias<\/strong>, 27 y 28 de abril<\/p>\n<p id=\"_aZmrkFVntdOE0S\" dir=\"ltr\" style=\"position: relative; margin-top: 0px; margin-bottom: 0px; padding: 0px 0px 0.5em; color: #212121; font-family: Calibri, Arial, sans-serif; font-size: 15px; white-space: pre-wrap;\"><strong>8\u00aa Fimar, Feria Internacional del Mar<\/strong>, del 18 al 20 de mayo<\/p>\n<p id=\"_8QYYWLJRJ7LsUd\" dir=\"ltr\" style=\"position: relative; margin-top: 0px; margin-bottom: 0px; padding: 0px 0px 0.5em; color: #212121; font-family: Calibri, Arial, sans-serif; font-size: 15px; white-space: pre-wrap;\"><strong>19\u00aa Fisaldo, Feria de los Saldos y las Oportunidades<\/strong>, del 6 al 10 de junio<\/p>\n<p id=\"_UQH9DXopYeg3Eb\" dir=\"ltr\" style=\"position: relative; margin-top: 0px; margin-bottom: 0px; padding: 0px 0px 0.5em; color: #212121; font-family: Calibri, Arial, sans-serif; font-size: 15px; white-space: pre-wrap;\"><strong>12\u00aa Feria Internacional Canagua&#038;energ\u00eda<\/strong>, del 4 al 6 de octubre<\/p>\n<p id=\"_vIZi2MXCYo6eY0\" dir=\"ltr\" style=\"position: relative; margin-top: 0px; margin-bottom: 0px; padding: 0px 0px 0.5em; color: #212121; font-family: Calibri, Arial, sans-serif; font-size: 15px; white-space: pre-wrap;\"><strong>Feria del animal dom\u00e9stico<\/strong>, 1 y 2 de diciembre (provisional)<\/p>\n<p id=\"_wS3Lb6iIK88U32\" dir=\"ltr\" style=\"position: relative; margin-top: 0px; margin-bottom: 0px; padding: 0px 0px 0.5em; color: #212121; font-family: Calibri, Arial, sans-serif; font-size: 15px; white-space: pre-wrap;\"><strong>Planeta Gran Canaria, 20\u00aa Festival de la Infancia<\/strong>, del 26 de diciembre al 4 de enero<\/p>\n<p id=\"_qAPazTBBFNWkLa\" dir=\"ltr\" style=\"position: relative; margin-top: 0px; margin-bottom: 0px; padding: 0px 0px 0.5em; color: #212121; font-family: Calibri, Arial, sans-serif; font-size: 15px; white-space: pre-wrap;\">Asimismo, el Consejo Directivo aprob\u00f3 la realizaci\u00f3n de la pr\u00f3xima edici\u00f3n de la<strong> Feria Internacional del Atl\u00e1ntico <\/strong>en el primer trimestre de 2019.<\/p>\n","protected":false},"excerpt":{"rendered":"<p>El Consejo Directivo de la Instituci\u00f3n Ferial de Canarias (INFECAR) se ha reunido hoy, bajo la presidencia de Antonio Morales, presidente del Cabildo de Gran Canaria. Previamente se hab\u00eda reunido tambi\u00e9n el Comit\u00e9 Directivo de INFECAR, presidido por Ra\u00fal Garc\u00eda Brink, consejero de Desarrollo Econ\u00f3mico del Cabildo de Gran Canaria. Entre los temas aprobados por [&hellip;]<\/p>\n","protected":false},"author":1,"featured_media":755,"comment_status":"open","ping_status":"open","sticky":false,"template":"","format":"standard","meta":{"_acf_changed":false,"om_disable_all_campaigns":false,"_monsterinsights_skip_tracking":false,"_monsterinsights_sitenote_active":false,"_monsterinsights_sitenote_note":"","_monsterinsights_sitenote_category":0,"_uf_show_specific_survey":0,"_uf_disable_surveys":false,"_joinchat":[],"footnotes":""},"categories":[1],"tags":[],"class_list":["post-5231","post","type-post","status-publish","format-standard","has-post-thumbnail","hentry","category-sin-categorizar"],"acf":[],"aioseo_notices":[],"yoast_head":"<!-- This site is optimized with the Yoast SEO plugin v26.7 - https:\/\/yoast.com\/wordpress\/plugins\/seo\/ -->\n<title>Calendario Ferial de INFECAR 2018 - Infecar<\/title>\n<meta name=\"robots\" content=\"index, follow, max-snippet:-1, max-image-preview:large, max-video-preview:-1\" \/>\n<link rel=\"canonical\" href=\"https:\/\/infecar.es\/noticias\/calendario-ferial-de-infecar-2018\/\" \/>\n<meta property=\"og:locale\" content=\"en_US\" \/>\n<meta property=\"og:type\" content=\"article\" \/>\n<meta property=\"og:title\" content=\"Calendario Ferial de INFECAR 2018 - Infecar\" \/>\n<meta property=\"og:description\" content=\"El Consejo Directivo de la Instituci\u00f3n Ferial de Canarias (INFECAR) se ha reunido hoy, bajo la presidencia de Antonio Morales, presidente del Cabildo de Gran Canaria. Previamente se hab\u00eda reunido tambi\u00e9n el Comit\u00e9 Directivo de INFECAR, presidido por Ra\u00fal Garc\u00eda Brink, consejero de Desarrollo Econ\u00f3mico del Cabildo de Gran Canaria. Entre los temas aprobados por [&hellip;]\" \/>\n<meta property=\"og:url\" content=\"\/noticias\/calendario-ferial-de-infecar-2018\/\" \/>\n<meta property=\"og:site_name\" content=\"Infecar\" \/>\n<meta property=\"article:published_time\" content=\"2017-12-15T14:10:47+00:00\" \/>\n<meta property=\"og:image\" content=\"https:\/\/infecar.es\/wp-content\/uploads\/2023\/01\/9fadb6d3e28e2be47da4c87e012c5962.jpg\" \/>\n\t<meta property=\"og:image:width\" content=\"320\" \/>\n\t<meta property=\"og:image:height\" content=\"114\" \/>\n\t<meta property=\"og:image:type\" content=\"image\/jpeg\" \/>\n<meta name=\"author\" content=\"admin\" \/>\n<meta name=\"twitter:card\" content=\"summary_large_image\" \/>\n<meta name=\"twitter:label1\" content=\"Written by\" \/>\n\t<meta name=\"twitter:data1\" content=\"admin\" \/>\n\t<meta name=\"twitter:label2\" content=\"Est. reading time\" \/>\n\t<meta name=\"twitter:data2\" content=\"1 minute\" \/>\n<script type=\"application\/ld+json\" class=\"yoast-schema-graph\">{\"@context\":\"https:\/\/schema.org\",\"@graph\":[{\"@type\":\"Article\",\"@id\":\"https:\/\/infecar.es\/noticias\/calendario-ferial-de-infecar-2018\/#article\",\"isPartOf\":{\"@id\":\"\/noticias\/calendario-ferial-de-infecar-2018\/\"},\"author\":{\"name\":\"admin\",\"@id\":\"https:\/\/infecar.es\/en\/#\/schema\/person\/2411995f63ef29797d62c4fa83b3f3bb\"},\"headline\":\"Calendario Ferial de INFECAR 2018\",\"datePublished\":\"2017-12-15T14:10:47+00:00\",\"mainEntityOfPage\":{\"@id\":\"\/noticias\/calendario-ferial-de-infecar-2018\/\"},\"wordCount\":207,\"commentCount\":0,\"publisher\":{\"@id\":\"https:\/\/infecar.es\/en\/#organization\"},\"image\":{\"@id\":\"https:\/\/infecar.es\/noticias\/calendario-ferial-de-infecar-2018\/#primaryimage\"},\"thumbnailUrl\":\"https:\/\/infecar.es\/wp-content\/uploads\/2023\/01\/9fadb6d3e28e2be47da4c87e012c5962.jpg\",\"articleSection\":[\"Sin categorizar\"],\"inLanguage\":\"en-US\"},{\"@type\":\"WebPage\",\"@id\":\"\/noticias\/calendario-ferial-de-infecar-2018\/\",\"url\":\"https:\/\/infecar.es\/noticias\/calendario-ferial-de-infecar-2018\/\",\"name\":\"Calendario Ferial de INFECAR 2018 - Infecar\",\"isPartOf\":{\"@id\":\"https:\/\/infecar.es\/en\/#website\"},\"primaryImageOfPage\":{\"@id\":\"https:\/\/infecar.es\/noticias\/calendario-ferial-de-infecar-2018\/#primaryimage\"},\"image\":{\"@id\":\"https:\/\/infecar.es\/noticias\/calendario-ferial-de-infecar-2018\/#primaryimage\"},\"thumbnailUrl\":\"https:\/\/infecar.es\/wp-content\/uploads\/2023\/01\/9fadb6d3e28e2be47da4c87e012c5962.jpg\",\"datePublished\":\"2017-12-15T14:10:47+00:00\",\"breadcrumb\":{\"@id\":\"https:\/\/infecar.es\/noticias\/calendario-ferial-de-infecar-2018\/#breadcrumb\"},\"inLanguage\":\"en-US\",\"potentialAction\":[{\"@type\":\"ReadAction\",\"target\":[\"https:\/\/infecar.es\/noticias\/calendario-ferial-de-infecar-2018\/\"]}]},{\"@type\":\"ImageObject\",\"inLanguage\":\"en-US\",\"@id\":\"https:\/\/infecar.es\/noticias\/calendario-ferial-de-infecar-2018\/#primaryimage\",\"url\":\"https:\/\/infecar.es\/wp-content\/uploads\/2023\/01\/9fadb6d3e28e2be47da4c87e012c5962.jpg\",\"contentUrl\":\"https:\/\/infecar.es\/wp-content\/uploads\/2023\/01\/9fadb6d3e28e2be47da4c87e012c5962.jpg\",\"width\":320,\"height\":114},{\"@type\":\"BreadcrumbList\",\"@id\":\"https:\/\/infecar.es\/noticias\/calendario-ferial-de-infecar-2018\/#breadcrumb\",\"itemListElement\":[{\"@type\":\"ListItem\",\"position\":1,\"name\":\"Portada\",\"item\":\"https:\/\/infecar.es\/en\/\"},{\"@type\":\"ListItem\",\"position\":2,\"name\":\"Calendario Ferial de INFECAR 2018\"}]},{\"@type\":\"WebSite\",\"@id\":\"https:\/\/infecar.es\/en\/#website\",\"url\":\"https:\/\/infecar.es\/en\/\",\"name\":\"Infecar\",\"description\":\"Feria de Gran Canaria\",\"publisher\":{\"@id\":\"https:\/\/infecar.es\/en\/#organization\"},\"potentialAction\":[{\"@type\":\"SearchAction\",\"target\":{\"@type\":\"EntryPoint\",\"urlTemplate\":\"https:\/\/infecar.es\/en\/?s={search_term_string}\"},\"query-input\":{\"@type\":\"PropertyValueSpecification\",\"valueRequired\":true,\"valueName\":\"search_term_string\"}}],\"inLanguage\":\"en-US\"},{\"@type\":\"Organization\",\"@id\":\"https:\/\/infecar.es\/en\/#organization\",\"name\":\"Infecar\",\"url\":\"https:\/\/infecar.es\/en\/\",\"logo\":{\"@type\":\"ImageObject\",\"inLanguage\":\"en-US\",\"@id\":\"https:\/\/infecar.es\/en\/#\/schema\/logo\/image\/\",\"url\":\"https:\/\/infecar.es\/wp-content\/uploads\/2023\/02\/logo_black.svg\",\"contentUrl\":\"https:\/\/infecar.es\/wp-content\/uploads\/2023\/02\/logo_black.svg\",\"width\":1,\"height\":1,\"caption\":\"Infecar\"},\"image\":{\"@id\":\"https:\/\/infecar.es\/en\/#\/schema\/logo\/image\/\"}},{\"@type\":\"Person\",\"@id\":\"https:\/\/infecar.es\/en\/#\/schema\/person\/2411995f63ef29797d62c4fa83b3f3bb\",\"name\":\"admin\",\"image\":{\"@type\":\"ImageObject\",\"inLanguage\":\"en-US\",\"@id\":\"https:\/\/infecar.es\/en\/#\/schema\/person\/image\/\",\"url\":\"https:\/\/secure.gravatar.com\/avatar\/75dbbd3c542520ec06d33839c25bfc19076bf1b9da837dbf8254ae63b9db48ec?s=96&d=mm&r=g\",\"contentUrl\":\"https:\/\/secure.gravatar.com\/avatar\/75dbbd3c542520ec06d33839c25bfc19076bf1b9da837dbf8254ae63b9db48ec?s=96&d=mm&r=g\",\"caption\":\"admin\"},\"sameAs\":[\"http:\/\/infecar.2coders.com\"],\"url\":\"https:\/\/infecar.es\/en\/author\/2coders\/\"}]}<\/script>\n<!-- \/ Yoast SEO plugin. -->","yoast_head_json":{"title":"Calendario Ferial de INFECAR 2018 - Infecar","robots":{"index":"index","follow":"follow","max-snippet":"max-snippet:-1","max-image-preview":"max-image-preview:large","max-video-preview":"max-video-preview:-1"},"canonical":"https:\/\/infecar.es\/noticias\/calendario-ferial-de-infecar-2018\/","og_locale":"en_US","og_type":"article","og_title":"Calendario Ferial de INFECAR 2018 - Infecar","og_description":"El Consejo Directivo de la Instituci\u00f3n Ferial de Canarias (INFECAR) se ha reunido hoy, bajo la presidencia de Antonio Morales, presidente del Cabildo de Gran Canaria. Previamente se hab\u00eda reunido tambi\u00e9n el Comit\u00e9 Directivo de INFECAR, presidido por Ra\u00fal Garc\u00eda Brink, consejero de Desarrollo Econ\u00f3mico del Cabildo de Gran Canaria. Entre los temas aprobados por [&hellip;]","og_url":"\/noticias\/calendario-ferial-de-infecar-2018\/","og_site_name":"Infecar","article_published_time":"2017-12-15T14:10:47+00:00","og_image":[{"width":320,"height":114,"url":"https:\/\/infecar.es\/wp-content\/uploads\/2023\/01\/9fadb6d3e28e2be47da4c87e012c5962.jpg","type":"image\/jpeg"}],"author":"admin","twitter_card":"summary_large_image","twitter_misc":{"Written by":"admin","Est. reading time":"1 minute"},"schema":{"@context":"https:\/\/schema.org","@graph":[{"@type":"Article","@id":"https:\/\/infecar.es\/noticias\/calendario-ferial-de-infecar-2018\/#article","isPartOf":{"@id":"\/noticias\/calendario-ferial-de-infecar-2018\/"},"author":{"name":"admin","@id":"https:\/\/infecar.es\/en\/#\/schema\/person\/2411995f63ef29797d62c4fa83b3f3bb"},"headline":"Calendario Ferial de INFECAR 2018","datePublished":"2017-12-15T14:10:47+00:00","mainEntityOfPage":{"@id":"\/noticias\/calendario-ferial-de-infecar-2018\/"},"wordCount":207,"commentCount":0,"publisher":{"@id":"https:\/\/infecar.es\/en\/#organization"},"image":{"@id":"https:\/\/infecar.es\/noticias\/calendario-ferial-de-infecar-2018\/#primaryimage"},"thumbnailUrl":"https:\/\/infecar.es\/wp-content\/uploads\/2023\/01\/9fadb6d3e28e2be47da4c87e012c5962.jpg","articleSection":["Sin categorizar"],"inLanguage":"en-US"},{"@type":"WebPage","@id":"\/noticias\/calendario-ferial-de-infecar-2018\/","url":"https:\/\/infecar.es\/noticias\/calendario-ferial-de-infecar-2018\/","name":"Calendario Ferial de INFECAR 2018 - Infecar","isPartOf":{"@id":"https:\/\/infecar.es\/en\/#website"},"primaryImageOfPage":{"@id":"https:\/\/infecar.es\/noticias\/calendario-ferial-de-infecar-2018\/#primaryimage"},"image":{"@id":"https:\/\/infecar.es\/noticias\/calendario-ferial-de-infecar-2018\/#primaryimage"},"thumbnailUrl":"https:\/\/infecar.es\/wp-content\/uploads\/2023\/01\/9fadb6d3e28e2be47da4c87e012c5962.jpg","datePublished":"2017-12-15T14:10:47+00:00","breadcrumb":{"@id":"https:\/\/infecar.es\/noticias\/calendario-ferial-de-infecar-2018\/#breadcrumb"},"inLanguage":"en-US","potentialAction":[{"@type":"ReadAction","target":["https:\/\/infecar.es\/noticias\/calendario-ferial-de-infecar-2018\/"]}]},{"@type":"ImageObject","inLanguage":"en-US","@id":"https:\/\/infecar.es\/noticias\/calendario-ferial-de-infecar-2018\/#primaryimage","url":"https:\/\/infecar.es\/wp-content\/uploads\/2023\/01\/9fadb6d3e28e2be47da4c87e012c5962.jpg","contentUrl":"https:\/\/infecar.es\/wp-content\/uploads\/2023\/01\/9fadb6d3e28e2be47da4c87e012c5962.jpg","width":320,"height":114},{"@type":"BreadcrumbList","@id":"https:\/\/infecar.es\/noticias\/calendario-ferial-de-infecar-2018\/#breadcrumb","itemListElement":[{"@type":"ListItem","position":1,"name":"Portada","item":"https:\/\/infecar.es\/en\/"},{"@type":"ListItem","position":2,"name":"Calendario Ferial de INFECAR 2018"}]},{"@type":"WebSite","@id":"https:\/\/infecar.es\/en\/#website","url":"https:\/\/infecar.es\/en\/","name":"Infecar","description":"Feria de Gran Canaria","publisher":{"@id":"https:\/\/infecar.es\/en\/#organization"},"potentialAction":[{"@type":"SearchAction","target":{"@type":"EntryPoint","urlTemplate":"https:\/\/infecar.es\/en\/?s={search_term_string}"},"query-input":{"@type":"PropertyValueSpecification","valueRequired":true,"valueName":"search_term_string"}}],"inLanguage":"en-US"},{"@type":"Organization","@id":"https:\/\/infecar.es\/en\/#organization","name":"Infecar","url":"https:\/\/infecar.es\/en\/","logo":{"@type":"ImageObject","inLanguage":"en-US","@id":"https:\/\/infecar.es\/en\/#\/schema\/logo\/image\/","url":"https:\/\/infecar.es\/wp-content\/uploads\/2023\/02\/logo_black.svg","contentUrl":"https:\/\/infecar.es\/wp-content\/uploads\/2023\/02\/logo_black.svg","width":1,"height":1,"caption":"Infecar"},"image":{"@id":"https:\/\/infecar.es\/en\/#\/schema\/logo\/image\/"}},{"@type":"Person","@id":"https:\/\/infecar.es\/en\/#\/schema\/person\/2411995f63ef29797d62c4fa83b3f3bb","name":"admin","image":{"@type":"ImageObject","inLanguage":"en-US","@id":"https:\/\/infecar.es\/en\/#\/schema\/person\/image\/","url":"https:\/\/secure.gravatar.com\/avatar\/75dbbd3c542520ec06d33839c25bfc19076bf1b9da837dbf8254ae63b9db48ec?s=96&d=mm&r=g","contentUrl":"https:\/\/secure.gravatar.com\/avatar\/75dbbd3c542520ec06d33839c25bfc19076bf1b9da837dbf8254ae63b9db48ec?s=96&d=mm&r=g","caption":"admin"},"sameAs":["http:\/\/infecar.2coders.com"],"url":"https:\/\/infecar.es\/en\/author\/2coders\/"}]}},"_links":{"self":[{"href":"https:\/\/infecar.es\/en\/wp-json\/wp\/v2\/posts\/5231","targetHints":{"allow":["GET"]}}],"collection":[{"href":"https:\/\/infecar.es\/en\/wp-json\/wp\/v2\/posts"}],"about":[{"href":"https:\/\/infecar.es\/en\/wp-json\/wp\/v2\/types\/post"}],"author":[{"embeddable":true,"href":"https:\/\/infecar.es\/en\/wp-json\/wp\/v2\/users\/1"}],"replies":[{"embeddable":true,"href":"https:\/\/infecar.es\/en\/wp-json\/wp\/v2\/comments?post=5231"}],"version-history":[{"count":0,"href":"https:\/\/infecar.es\/en\/wp-json\/wp\/v2\/posts\/5231\/revisions"}],"wp:featuredmedia":[{"embeddable":true,"href":"https:\/\/infecar.es\/en\/wp-json\/wp\/v2\/media\/755"}],"wp:attachment":[{"href":"https:\/\/infecar.es\/en\/wp-json\/wp\/v2\/media?parent=5231"}],"wp:term":[{"taxonomy":"category","embeddable":true,"href":"https:\/\/infecar.es\/en\/wp-json\/wp\/v2\/categories?post=5231"},{"taxonomy":"post_tag","embeddable":true,"href":"https:\/\/infecar.es\/en\/wp-json\/wp\/v2\/tags?post=5231"}],"curies":[{"name":"wp","href":"https:\/\/api.w.org\/{rel}","templated":true}]}}