

{"id":5229,"date":"2017-11-26T18:17:41","date_gmt":"2017-11-26T18:17:41","guid":{"rendered":"https:\/\/infecar.es\/2017\/11\/26\/finaliza-la-41-feria-internacional-del-atlantico\/"},"modified":"2017-11-26T18:17:41","modified_gmt":"2017-11-26T18:17:41","slug":"finaliza-la-41-feria-internacional-del-atlantico","status":"publish","type":"post","link":"\/en\/news\/finaliza-la-41-feria-internacional-del-atlantico","title":{"rendered":"Finaliza la 41\u00aa Feria Internacional del Atl\u00e1ntico"},"content":{"rendered":"<p><strong style=\"color: #505050; font-family: 'Calibri Light', Calibri, Arial, sans-serif; font-size: 28px; white-space: pre-wrap;\">Finaliza la 41\u00aa Feria Internacional del Atl\u00e1ntico, consolid\u00e1ndose como certamen de referencia en Canarias para la industria tur\u00edstica<\/strong><\/p>\n<p>\u00a0<\/p>\n<p id=\"_U5dhbo2fAombDQ\" dir=\"ltr\" style=\"position: relative; margin-top: 0px; margin-bottom: 0px; padding: 0px 0px 0.5em; color: #212121; font-family: Calibri, Arial, sans-serif; font-size: 15px; white-space: pre-wrap;\">Esta tarde ha finalizado la 41\u00aa edici\u00f3n de la <strong>Feria Internacional del Atl\u00e1ntico<\/strong>, promovida por el <strong>Cabildo de Gran Canaria<\/strong> y organizada por la <strong>Instituci\u00f3n Ferial de Canarias (INFECAR)<\/strong>, que concert\u00f3 a m\u00e1s de sesenta expositores y unos mil quinientos profesionales, aparte del p\u00fablico general, en torno al certamen de referencia de productos, servicios e inversiones para el sector tur\u00edstico de Canarias, con una especial atenci\u00f3n a la internacionalizaci\u00f3n de la empresa tur\u00edstica con conferencias, reuniones de negocio y visitas por parte de representantes de pa\u00edses extranjeros.<\/p>\n<p id=\"_WQDOPoWN3Zqx87\" dir=\"ltr\" style=\"position: relative; margin-top: 0px; margin-bottom: 0px; padding: 0px 0px 0.5em; color: #212121; font-family: Calibri, Arial, sans-serif; font-size: 15px; white-space: pre-wrap;\">El jueves 23 de noviembre qued\u00f3 inaugurada por el Presidente del Cabildo Insular de Gran Canaria y del Consejo Directivo de INFECAR,<strong> Antonio Morales M\u00e9ndez<\/strong>, la 41\u00aa edici\u00f3n de la Feria Internacional del Atl\u00e1ntico. El presidente insular, que estuvo acompa\u00f1ado por el Consejero de Desarrollo Econ\u00f3mico, Energ\u00eda e I+D+i del Cabildo de Gran Canaria y Presidente del Comit\u00e9 Ejecutivo de INFECAR, <strong>Ra\u00fal Garc\u00eda Brink<\/strong>, resalt\u00f3 la trayectoria de m\u00e1s de un siglo de \u00e9xitos tur\u00edsticos que avalan la celebraci\u00f3n de una feria que muestre al mundo la experiencia y profesionalidad de Gran Canaria y de las Islas Canarias en el sector tur\u00edstico mundial. Asimismo, intervino el Consejero de Cultura, Turismo y Deportes del Gobierno de Canarias, <strong>Isaac Castellano San Gin\u00e9s<\/strong>, quien destac\u00f3 la importancia para Canarias de este evento destinado al sector econ\u00f3mico m\u00e1s importante de las islas, en una feria que ha logrado el reconocimiento del Gobierno de Canarias al declararla <strong>Feria Oficial de Canarias,<\/strong> la \u00fanica en este sector, as\u00ed como la certificaci\u00f3n de The Global Association of the Exhibition Industry como <strong>UFI International Approved Event<\/strong>.<\/p>\n<p id=\"_7Q6nr8GNNfc4MF\" dir=\"ltr\" style=\"position: relative; margin-top: 0px; margin-bottom: 0px; padding: 0px 0px 0.5em; color: #212121; font-family: Calibri, Arial, sans-serif; font-size: 15px; white-space: pre-wrap;\">Durante el mismo jueves se dio comienzo a interesantes conferencias y presentaciones, como la de la <strong>World Cetacean Alliance<\/strong>, sobre el avistamiento de cet\u00e1ceos, o el seminario <em>\u00bfPor qu\u00e9 unos directivos triunfan y otros fracasan?<\/em>, impartido por el profesor <strong>Dom\u00e8nec Biosca<\/strong>, quien profundiz\u00f3 en las claves y conductas que deben tener los l\u00edderes del 2020.<\/p>\n<p id=\"_s54ldJu7S5f5I3\" dir=\"ltr\" style=\"position: relative; margin-top: 0px; margin-bottom: 0px; padding: 0px 0px 0.5em; color: #212121; font-family: Calibri, Arial, sans-serif; font-size: 15px; white-space: pre-wrap;\">El viernes se celebraron diversos foros para abordar los proyectos de desarrollo e innovaci\u00f3n tur\u00edstica con la celebraci\u00f3n de la asamblea general del <strong>Cluster Turismo Innova Gran Canaria<\/strong>, la presentaci\u00f3n del <strong>Cluster Conescan<\/strong>, de empresas de productos y servicios para el sector tur\u00edstico, el debate sobre la Ley del Suelo de Canarias y su incidencia en el sector tur\u00edstico con participaci\u00f3n de expertos del <strong>Colegio de Arquitectos de Gran Canaria<\/strong> y el <strong>Colegio de Abogados de Las Palmas<\/strong>, as\u00ed como la presidenta de la <strong>Asociaci\u00f3n de Empresarios, Constructores y Promotores de Las Palmas<\/strong>. Por la tarde, adem\u00e1s de las presentaciones y demostraciones, tuvo lugar el encuentro <strong><em>Canarias Comunica, Foro Canario de la Comunicaci\u00f3n<\/em><\/strong> en el que se abordaron las claves de la pr\u00f3xima revoluci\u00f3n tur\u00edstica por el experto <strong>Fernando Gallardo, <\/strong>tras lo cual se celebr\u00f3 un debate con otros especialistas del sector de la promoci\u00f3n, alojativo, transportes y oferta complementaria. Los empresarios y profesionales de turismo asistieron asimismo a la presentaci\u00f3n de <em>oportunidades de negocio en mercados emergentes<\/em> donde representantes de Costa de Marfil, Marruecos y Cabo Verde presentaron sus proyectos tur\u00edsticos. Adem\u00e1s, en el <strong>Centro Demostrador de Tecnolog\u00edas de la Informaci\u00f3n y Comunicaci\u00f3n Tur\u00edstica<\/strong> continuaron las presentaciones de programas y plataformas tecnol\u00f3gicas, as\u00ed como conferencias, entre las que figur\u00f3 la titulada<em> Transformaci\u00f3n digital en los destinos y empresas tur\u00edsticas<\/em>, realizada por del Presidente de <strong>SEGITTUR <\/strong>(Sociedad Estatal para la Gesti\u00f3n de la Innovaci\u00f3n y las Tecnolog\u00edas Tur\u00edsticas),<strong> Fernando de Pablo Mart\u00edn.<\/strong><\/p>\n<p id=\"_QHN6tL1GpacFJ0\" dir=\"ltr\" style=\"position: relative; margin-top: 0px; margin-bottom: 0px; padding: 0px 0px 0.5em; color: #212121; font-family: Calibri, Arial, sans-serif; font-size: 15px; white-space: pre-wrap;\">Durante la tercera jornada, celebrada el s\u00e1bado, las puertas de la feria se abrieron al p\u00fablico general, ya que los dos primeros d\u00edas fueron s\u00f3lo para visitantes profesionales. En dicha jornada tuvieron lugar diferentes actividades programadas, como la conferencia del <strong>director de Escoex &#8211; Universidad del Atl\u00e1ntico Medio, Iv\u00e1n Santana<\/strong>, que vers\u00f3 sobre Modelos de negocio: Valor vs Dinero. Asimismo, Luis Garc\u00eda Mart\u00edn, Director Gerente de TBN, trat\u00f3 sobre T\u00e9cnicas de mantenimiento predictivo y ensayos no destructivos para el sector tur\u00edstico. Se celebraron igualmente otras conferencias o demostraciones gastron\u00f3micas como la dedicada al <em>Pescado Azul de las Islas Canarias: recurso pesquero, tur\u00edstico e industrial<\/em>, a cargo de<strong> Jos\u00e9 Antonio Gonz\u00e1lez P\u00e9rez, i<\/strong>nvestigador asociado de la Universidad de Las Palmas de Gran Canaria. A continuaci\u00f3n, el p\u00fablico pudo disfrutar de diferentes shows de cocina en vivo, entre los que destac\u00f3 la demostraci\u00f3n a cargo del chef <strong>Enrique Caballero, <\/strong>copropietario del restaurante 2 Latitudes, quien elabor\u00f3 diferentes propuestas gastron\u00f3micas con pescados azules de la isla.<\/p>\n<p dir=\"ltr\" style=\"position: relative; margin-top: 0px; margin-bottom: 0px; padding: 0px 0px 0.5em; color: #212121; font-family: Calibri, Arial, sans-serif; font-size: 15px; white-space: pre-wrap;\">\u00a0<\/p>\n<p dir=\"ltr\" style=\"position: relative; margin-top: 0px; margin-bottom: 0px; padding: 0px 0px 0.5em; color: #212121; font-family: Calibri, Arial, sans-serif; font-size: 15px; white-space: pre-wrap;\"><a href=\"https:\/\/sway.com\/NZt0uMDHA3El8Yat?ref=Link\">M\u00e1s informaci\u00f3n<\/a><\/p>\n","protected":false},"excerpt":{"rendered":"<p>Finaliza la 41\u00aa Feria Internacional del Atl\u00e1ntico, consolid\u00e1ndose como certamen de referencia en Canarias para la industria tur\u00edstica \u00a0 Esta tarde ha finalizado la 41\u00aa edici\u00f3n de la Feria Internacional del Atl\u00e1ntico, promovida por el Cabildo de Gran Canaria y organizada por la Instituci\u00f3n Ferial de Canarias (INFECAR), que concert\u00f3 a m\u00e1s de sesenta expositores [&hellip;]<\/p>\n","protected":false},"author":1,"featured_media":1575,"comment_status":"open","ping_status":"open","sticky":false,"template":"","format":"standard","meta":{"_acf_changed":false,"om_disable_all_campaigns":false,"_monsterinsights_skip_tracking":false,"_monsterinsights_sitenote_active":false,"_monsterinsights_sitenote_note":"","_monsterinsights_sitenote_category":0,"_uf_show_specific_survey":0,"_uf_disable_surveys":false,"_joinchat":[],"footnotes":""},"categories":[1],"tags":[],"class_list":["post-5229","post","type-post","status-publish","format-standard","has-post-thumbnail","hentry","category-sin-categorizar"],"acf":[],"aioseo_notices":[],"yoast_head":"<!-- This site is optimized with the Yoast SEO plugin v26.7 - https:\/\/yoast.com\/wordpress\/plugins\/seo\/ -->\n<title>Finaliza la 41\u00aa Feria Internacional del Atl\u00e1ntico - Infecar<\/title>\n<meta name=\"robots\" content=\"index, follow, max-snippet:-1, max-image-preview:large, max-video-preview:-1\" \/>\n<link rel=\"canonical\" href=\"https:\/\/infecar.es\/en\/news\/finaliza-la-41-feria-internacional-del-atlantico\/\" \/>\n<meta property=\"og:locale\" content=\"en_US\" \/>\n<meta property=\"og:type\" content=\"article\" \/>\n<meta property=\"og:title\" content=\"Finaliza la 41\u00aa Feria Internacional del Atl\u00e1ntico - Infecar\" \/>\n<meta property=\"og:description\" content=\"Finaliza la 41\u00aa Feria Internacional del Atl\u00e1ntico, consolid\u00e1ndose como certamen de referencia en Canarias para la industria tur\u00edstica \u00a0 Esta tarde ha finalizado la 41\u00aa edici\u00f3n de la Feria Internacional del Atl\u00e1ntico, promovida por el Cabildo de Gran Canaria y organizada por la Instituci\u00f3n Ferial de Canarias (INFECAR), que concert\u00f3 a m\u00e1s de sesenta expositores [&hellip;]\" \/>\n<meta property=\"og:url\" content=\"\/en\/news\/finaliza-la-41-feria-internacional-del-atlantico\/\" \/>\n<meta property=\"og:site_name\" content=\"Infecar\" \/>\n<meta property=\"article:published_time\" content=\"2017-11-26T18:17:41+00:00\" \/>\n<meta property=\"og:image\" content=\"https:\/\/infecar.es\/wp-content\/uploads\/2023\/01\/738d4cfca208fd24c93e01c555c7f6b6.jpg\" \/>\n\t<meta property=\"og:image:width\" content=\"1200\" \/>\n\t<meta property=\"og:image:height\" content=\"800\" \/>\n\t<meta property=\"og:image:type\" content=\"image\/jpeg\" \/>\n<meta name=\"author\" content=\"admin\" \/>\n<meta name=\"twitter:card\" content=\"summary_large_image\" \/>\n<meta name=\"twitter:label1\" content=\"Written by\" \/>\n\t<meta name=\"twitter:data1\" content=\"admin\" \/>\n\t<meta name=\"twitter:label2\" content=\"Est. reading time\" \/>\n\t<meta name=\"twitter:data2\" content=\"4 minutes\" \/>\n<script type=\"application\/ld+json\" class=\"yoast-schema-graph\">{\"@context\":\"https:\/\/schema.org\",\"@graph\":[{\"@type\":\"Article\",\"@id\":\"https:\/\/infecar.es\/en\/news\/finaliza-la-41-feria-internacional-del-atlantico\/#article\",\"isPartOf\":{\"@id\":\"\/en\/news\/finaliza-la-41-feria-internacional-del-atlantico\/\"},\"author\":{\"name\":\"admin\",\"@id\":\"https:\/\/infecar.es\/en\/#\/schema\/person\/2411995f63ef29797d62c4fa83b3f3bb\"},\"headline\":\"Finaliza la 41\u00aa Feria Internacional del Atl\u00e1ntico\",\"datePublished\":\"2017-11-26T18:17:41+00:00\",\"mainEntityOfPage\":{\"@id\":\"\/en\/news\/finaliza-la-41-feria-internacional-del-atlantico\/\"},\"wordCount\":829,\"commentCount\":0,\"publisher\":{\"@id\":\"https:\/\/infecar.es\/en\/#organization\"},\"image\":{\"@id\":\"https:\/\/infecar.es\/en\/news\/finaliza-la-41-feria-internacional-del-atlantico\/#primaryimage\"},\"thumbnailUrl\":\"https:\/\/infecar.es\/wp-content\/uploads\/2023\/01\/738d4cfca208fd24c93e01c555c7f6b6.jpg\",\"articleSection\":[\"Sin categorizar\"],\"inLanguage\":\"en-US\"},{\"@type\":\"WebPage\",\"@id\":\"\/en\/news\/finaliza-la-41-feria-internacional-del-atlantico\/\",\"url\":\"https:\/\/infecar.es\/en\/news\/finaliza-la-41-feria-internacional-del-atlantico\/\",\"name\":\"Finaliza la 41\u00aa Feria Internacional del Atl\u00e1ntico - Infecar\",\"isPartOf\":{\"@id\":\"https:\/\/infecar.es\/en\/#website\"},\"primaryImageOfPage\":{\"@id\":\"https:\/\/infecar.es\/en\/news\/finaliza-la-41-feria-internacional-del-atlantico\/#primaryimage\"},\"image\":{\"@id\":\"https:\/\/infecar.es\/en\/news\/finaliza-la-41-feria-internacional-del-atlantico\/#primaryimage\"},\"thumbnailUrl\":\"https:\/\/infecar.es\/wp-content\/uploads\/2023\/01\/738d4cfca208fd24c93e01c555c7f6b6.jpg\",\"datePublished\":\"2017-11-26T18:17:41+00:00\",\"breadcrumb\":{\"@id\":\"https:\/\/infecar.es\/en\/news\/finaliza-la-41-feria-internacional-del-atlantico\/#breadcrumb\"},\"inLanguage\":\"en-US\",\"potentialAction\":[{\"@type\":\"ReadAction\",\"target\":[\"https:\/\/infecar.es\/en\/news\/finaliza-la-41-feria-internacional-del-atlantico\/\"]}]},{\"@type\":\"ImageObject\",\"inLanguage\":\"en-US\",\"@id\":\"https:\/\/infecar.es\/en\/news\/finaliza-la-41-feria-internacional-del-atlantico\/#primaryimage\",\"url\":\"https:\/\/infecar.es\/wp-content\/uploads\/2023\/01\/738d4cfca208fd24c93e01c555c7f6b6.jpg\",\"contentUrl\":\"https:\/\/infecar.es\/wp-content\/uploads\/2023\/01\/738d4cfca208fd24c93e01c555c7f6b6.jpg\",\"width\":1200,\"height\":800},{\"@type\":\"BreadcrumbList\",\"@id\":\"https:\/\/infecar.es\/en\/news\/finaliza-la-41-feria-internacional-del-atlantico\/#breadcrumb\",\"itemListElement\":[{\"@type\":\"ListItem\",\"position\":1,\"name\":\"Portada\",\"item\":\"https:\/\/infecar.es\/en\/\"},{\"@type\":\"ListItem\",\"position\":2,\"name\":\"Finaliza la 41\u00aa Feria Internacional del Atl\u00e1ntico\"}]},{\"@type\":\"WebSite\",\"@id\":\"https:\/\/infecar.es\/en\/#website\",\"url\":\"https:\/\/infecar.es\/en\/\",\"name\":\"Infecar\",\"description\":\"Feria de Gran Canaria\",\"publisher\":{\"@id\":\"https:\/\/infecar.es\/en\/#organization\"},\"potentialAction\":[{\"@type\":\"SearchAction\",\"target\":{\"@type\":\"EntryPoint\",\"urlTemplate\":\"https:\/\/infecar.es\/en\/?s={search_term_string}\"},\"query-input\":{\"@type\":\"PropertyValueSpecification\",\"valueRequired\":true,\"valueName\":\"search_term_string\"}}],\"inLanguage\":\"en-US\"},{\"@type\":\"Organization\",\"@id\":\"https:\/\/infecar.es\/en\/#organization\",\"name\":\"Infecar\",\"url\":\"https:\/\/infecar.es\/en\/\",\"logo\":{\"@type\":\"ImageObject\",\"inLanguage\":\"en-US\",\"@id\":\"https:\/\/infecar.es\/en\/#\/schema\/logo\/image\/\",\"url\":\"https:\/\/infecar.es\/wp-content\/uploads\/2023\/02\/logo_black.svg\",\"contentUrl\":\"https:\/\/infecar.es\/wp-content\/uploads\/2023\/02\/logo_black.svg\",\"width\":1,\"height\":1,\"caption\":\"Infecar\"},\"image\":{\"@id\":\"https:\/\/infecar.es\/en\/#\/schema\/logo\/image\/\"}},{\"@type\":\"Person\",\"@id\":\"https:\/\/infecar.es\/en\/#\/schema\/person\/2411995f63ef29797d62c4fa83b3f3bb\",\"name\":\"admin\",\"image\":{\"@type\":\"ImageObject\",\"inLanguage\":\"en-US\",\"@id\":\"https:\/\/infecar.es\/en\/#\/schema\/person\/image\/\",\"url\":\"https:\/\/secure.gravatar.com\/avatar\/75dbbd3c542520ec06d33839c25bfc19076bf1b9da837dbf8254ae63b9db48ec?s=96&d=mm&r=g\",\"contentUrl\":\"https:\/\/secure.gravatar.com\/avatar\/75dbbd3c542520ec06d33839c25bfc19076bf1b9da837dbf8254ae63b9db48ec?s=96&d=mm&r=g\",\"caption\":\"admin\"},\"sameAs\":[\"http:\/\/infecar.2coders.com\"],\"url\":\"https:\/\/infecar.es\/en\/author\/2coders\/\"}]}<\/script>\n<!-- \/ Yoast SEO plugin. -->","yoast_head_json":{"title":"Finaliza la 41\u00aa Feria Internacional del Atl\u00e1ntico - Infecar","robots":{"index":"index","follow":"follow","max-snippet":"max-snippet:-1","max-image-preview":"max-image-preview:large","max-video-preview":"max-video-preview:-1"},"canonical":"https:\/\/infecar.es\/en\/news\/finaliza-la-41-feria-internacional-del-atlantico\/","og_locale":"en_US","og_type":"article","og_title":"Finaliza la 41\u00aa Feria Internacional del Atl\u00e1ntico - Infecar","og_description":"Finaliza la 41\u00aa Feria Internacional del Atl\u00e1ntico, consolid\u00e1ndose como certamen de referencia en Canarias para la industria tur\u00edstica \u00a0 Esta tarde ha finalizado la 41\u00aa edici\u00f3n de la Feria Internacional del Atl\u00e1ntico, promovida por el Cabildo de Gran Canaria y organizada por la Instituci\u00f3n Ferial de Canarias (INFECAR), que concert\u00f3 a m\u00e1s de sesenta expositores [&hellip;]","og_url":"\/en\/news\/finaliza-la-41-feria-internacional-del-atlantico\/","og_site_name":"Infecar","article_published_time":"2017-11-26T18:17:41+00:00","og_image":[{"width":1200,"height":800,"url":"https:\/\/infecar.es\/wp-content\/uploads\/2023\/01\/738d4cfca208fd24c93e01c555c7f6b6.jpg","type":"image\/jpeg"}],"author":"admin","twitter_card":"summary_large_image","twitter_misc":{"Written by":"admin","Est. reading time":"4 minutes"},"schema":{"@context":"https:\/\/schema.org","@graph":[{"@type":"Article","@id":"https:\/\/infecar.es\/en\/news\/finaliza-la-41-feria-internacional-del-atlantico\/#article","isPartOf":{"@id":"\/en\/news\/finaliza-la-41-feria-internacional-del-atlantico\/"},"author":{"name":"admin","@id":"https:\/\/infecar.es\/en\/#\/schema\/person\/2411995f63ef29797d62c4fa83b3f3bb"},"headline":"Finaliza la 41\u00aa Feria Internacional del Atl\u00e1ntico","datePublished":"2017-11-26T18:17:41+00:00","mainEntityOfPage":{"@id":"\/en\/news\/finaliza-la-41-feria-internacional-del-atlantico\/"},"wordCount":829,"commentCount":0,"publisher":{"@id":"https:\/\/infecar.es\/en\/#organization"},"image":{"@id":"https:\/\/infecar.es\/en\/news\/finaliza-la-41-feria-internacional-del-atlantico\/#primaryimage"},"thumbnailUrl":"https:\/\/infecar.es\/wp-content\/uploads\/2023\/01\/738d4cfca208fd24c93e01c555c7f6b6.jpg","articleSection":["Sin categorizar"],"inLanguage":"en-US"},{"@type":"WebPage","@id":"\/en\/news\/finaliza-la-41-feria-internacional-del-atlantico\/","url":"https:\/\/infecar.es\/en\/news\/finaliza-la-41-feria-internacional-del-atlantico\/","name":"Finaliza la 41\u00aa Feria Internacional del Atl\u00e1ntico - Infecar","isPartOf":{"@id":"https:\/\/infecar.es\/en\/#website"},"primaryImageOfPage":{"@id":"https:\/\/infecar.es\/en\/news\/finaliza-la-41-feria-internacional-del-atlantico\/#primaryimage"},"image":{"@id":"https:\/\/infecar.es\/en\/news\/finaliza-la-41-feria-internacional-del-atlantico\/#primaryimage"},"thumbnailUrl":"https:\/\/infecar.es\/wp-content\/uploads\/2023\/01\/738d4cfca208fd24c93e01c555c7f6b6.jpg","datePublished":"2017-11-26T18:17:41+00:00","breadcrumb":{"@id":"https:\/\/infecar.es\/en\/news\/finaliza-la-41-feria-internacional-del-atlantico\/#breadcrumb"},"inLanguage":"en-US","potentialAction":[{"@type":"ReadAction","target":["https:\/\/infecar.es\/en\/news\/finaliza-la-41-feria-internacional-del-atlantico\/"]}]},{"@type":"ImageObject","inLanguage":"en-US","@id":"https:\/\/infecar.es\/en\/news\/finaliza-la-41-feria-internacional-del-atlantico\/#primaryimage","url":"https:\/\/infecar.es\/wp-content\/uploads\/2023\/01\/738d4cfca208fd24c93e01c555c7f6b6.jpg","contentUrl":"https:\/\/infecar.es\/wp-content\/uploads\/2023\/01\/738d4cfca208fd24c93e01c555c7f6b6.jpg","width":1200,"height":800},{"@type":"BreadcrumbList","@id":"https:\/\/infecar.es\/en\/news\/finaliza-la-41-feria-internacional-del-atlantico\/#breadcrumb","itemListElement":[{"@type":"ListItem","position":1,"name":"Portada","item":"https:\/\/infecar.es\/en\/"},{"@type":"ListItem","position":2,"name":"Finaliza la 41\u00aa Feria Internacional del Atl\u00e1ntico"}]},{"@type":"WebSite","@id":"https:\/\/infecar.es\/en\/#website","url":"https:\/\/infecar.es\/en\/","name":"Infecar","description":"Feria de Gran Canaria","publisher":{"@id":"https:\/\/infecar.es\/en\/#organization"},"potentialAction":[{"@type":"SearchAction","target":{"@type":"EntryPoint","urlTemplate":"https:\/\/infecar.es\/en\/?s={search_term_string}"},"query-input":{"@type":"PropertyValueSpecification","valueRequired":true,"valueName":"search_term_string"}}],"inLanguage":"en-US"},{"@type":"Organization","@id":"https:\/\/infecar.es\/en\/#organization","name":"Infecar","url":"https:\/\/infecar.es\/en\/","logo":{"@type":"ImageObject","inLanguage":"en-US","@id":"https:\/\/infecar.es\/en\/#\/schema\/logo\/image\/","url":"https:\/\/infecar.es\/wp-content\/uploads\/2023\/02\/logo_black.svg","contentUrl":"https:\/\/infecar.es\/wp-content\/uploads\/2023\/02\/logo_black.svg","width":1,"height":1,"caption":"Infecar"},"image":{"@id":"https:\/\/infecar.es\/en\/#\/schema\/logo\/image\/"}},{"@type":"Person","@id":"https:\/\/infecar.es\/en\/#\/schema\/person\/2411995f63ef29797d62c4fa83b3f3bb","name":"admin","image":{"@type":"ImageObject","inLanguage":"en-US","@id":"https:\/\/infecar.es\/en\/#\/schema\/person\/image\/","url":"https:\/\/secure.gravatar.com\/avatar\/75dbbd3c542520ec06d33839c25bfc19076bf1b9da837dbf8254ae63b9db48ec?s=96&d=mm&r=g","contentUrl":"https:\/\/secure.gravatar.com\/avatar\/75dbbd3c542520ec06d33839c25bfc19076bf1b9da837dbf8254ae63b9db48ec?s=96&d=mm&r=g","caption":"admin"},"sameAs":["http:\/\/infecar.2coders.com"],"url":"https:\/\/infecar.es\/en\/author\/2coders\/"}]}},"_links":{"self":[{"href":"https:\/\/infecar.es\/en\/wp-json\/wp\/v2\/posts\/5229","targetHints":{"allow":["GET"]}}],"collection":[{"href":"https:\/\/infecar.es\/en\/wp-json\/wp\/v2\/posts"}],"about":[{"href":"https:\/\/infecar.es\/en\/wp-json\/wp\/v2\/types\/post"}],"author":[{"embeddable":true,"href":"https:\/\/infecar.es\/en\/wp-json\/wp\/v2\/users\/1"}],"replies":[{"embeddable":true,"href":"https:\/\/infecar.es\/en\/wp-json\/wp\/v2\/comments?post=5229"}],"version-history":[{"count":0,"href":"https:\/\/infecar.es\/en\/wp-json\/wp\/v2\/posts\/5229\/revisions"}],"wp:featuredmedia":[{"embeddable":true,"href":"https:\/\/infecar.es\/en\/wp-json\/wp\/v2\/media\/1575"}],"wp:attachment":[{"href":"https:\/\/infecar.es\/en\/wp-json\/wp\/v2\/media?parent=5229"}],"wp:term":[{"taxonomy":"category","embeddable":true,"href":"https:\/\/infecar.es\/en\/wp-json\/wp\/v2\/categories?post=5229"},{"taxonomy":"post_tag","embeddable":true,"href":"https:\/\/infecar.es\/en\/wp-json\/wp\/v2\/tags?post=5229"}],"curies":[{"name":"wp","href":"https:\/\/api.w.org\/{rel}","templated":true}]}}