

{"id":5228,"date":"2017-11-24T19:02:17","date_gmt":"2017-11-24T19:02:17","guid":{"rendered":"https:\/\/infecar.es\/2017\/11\/24\/segunda-jornada-de-la-41-feria-internacional-del-atlantico\/"},"modified":"2017-11-24T19:02:17","modified_gmt":"2017-11-24T19:02:17","slug":"segunda-jornada-de-la-41-feria-internacional-del-atlantico","status":"publish","type":"post","link":"\/en\/news\/segunda-jornada-de-la-41-feria-internacional-del-atlantico","title":{"rendered":"Segunda jornada de la 41\u00aa Feria Internacional del Atl\u00e1ntico"},"content":{"rendered":"<p><span style=\"color: #212121; font-family: Calibri, Arial, sans-serif; font-size: 15px; white-space: pre-wrap;\">La segunda jornada de la 41\u00aa edici\u00f3n de la Feria Internacional del Atl\u00e1ntico, celebrada en INFECAR, reuni\u00f3 diversos foros para abordar los proyectos de desarrollo e innovaci\u00f3n tur\u00edstica con la celebraci\u00f3n de la asamblea del Cluster Innova, la presentaci\u00f3n del Cluster Conescan, de empresas de servicios al sector tur\u00edstico, el debate de la Ley del Suelo de Canarias y su incidencia en el sector tur\u00edstico, y el encuentro Canarias Comunica, foro canario de la comunicaci\u00f3n en el que se abordaron las claves de la pr\u00f3xima revoluci\u00f3n tur\u00edstica por el experto Fernando Gallardo. Los empresarios y profesionales de turismo celebraron encuentros con representantes de Costa de Marfil, Marruecos, Cabo Verde y Gambia en las jornadas sobre oportunidades de negocio en mercados emergentes. Adem\u00e1s, en el Centro Demostrador de Tecnolog\u00edas de la Informaci\u00f3n y Comunicaci\u00f3n Tur\u00edstica se desarrollaron 17 presentaciones. <\/span><\/p>\n<p><a href=\"https:\/\/sway.com\/BIUMv6snAcP8n9A6?ref=Link\">M\u00e1s informaci\u00f3n<\/a><\/p>\n<p>\u00a0<\/p>\n","protected":false},"excerpt":{"rendered":"<p>La segunda jornada de la 41\u00aa edici\u00f3n de la Feria Internacional del Atl\u00e1ntico, celebrada en INFECAR, reuni\u00f3 diversos foros para abordar los proyectos de desarrollo e innovaci\u00f3n tur\u00edstica con la celebraci\u00f3n de la asamblea del Cluster Innova, la presentaci\u00f3n del Cluster Conescan, de empresas de servicios al sector tur\u00edstico, el debate de la Ley del [&hellip;]<\/p>\n","protected":false},"author":1,"featured_media":1189,"comment_status":"open","ping_status":"open","sticky":false,"template":"","format":"standard","meta":{"_acf_changed":false,"om_disable_all_campaigns":false,"_monsterinsights_skip_tracking":false,"_monsterinsights_sitenote_active":false,"_monsterinsights_sitenote_note":"","_monsterinsights_sitenote_category":0,"_uf_show_specific_survey":0,"_uf_disable_surveys":false,"_joinchat":[],"footnotes":""},"categories":[1],"tags":[],"class_list":["post-5228","post","type-post","status-publish","format-standard","has-post-thumbnail","hentry","category-sin-categorizar"],"acf":[],"aioseo_notices":[],"yoast_head":"<!-- This site is optimized with the Yoast SEO plugin v26.7 - https:\/\/yoast.com\/wordpress\/plugins\/seo\/ -->\n<title>Segunda jornada de la 41\u00aa Feria Internacional del Atl\u00e1ntico - Infecar<\/title>\n<meta name=\"robots\" content=\"index, follow, max-snippet:-1, max-image-preview:large, max-video-preview:-1\" \/>\n<link rel=\"canonical\" href=\"https:\/\/infecar.es\/en\/news\/segunda-jornada-de-la-41-feria-internacional-del-atlantico\/\" \/>\n<meta property=\"og:locale\" content=\"en_US\" \/>\n<meta property=\"og:type\" content=\"article\" \/>\n<meta property=\"og:title\" content=\"Segunda jornada de la 41\u00aa Feria Internacional del Atl\u00e1ntico - Infecar\" \/>\n<meta property=\"og:description\" content=\"La segunda jornada de la 41\u00aa edici\u00f3n de la Feria Internacional del Atl\u00e1ntico, celebrada en INFECAR, reuni\u00f3 diversos foros para abordar los proyectos de desarrollo e innovaci\u00f3n tur\u00edstica con la celebraci\u00f3n de la asamblea del Cluster Innova, la presentaci\u00f3n del Cluster Conescan, de empresas de servicios al sector tur\u00edstico, el debate de la Ley del [&hellip;]\" \/>\n<meta property=\"og:url\" content=\"\/en\/news\/segunda-jornada-de-la-41-feria-internacional-del-atlantico\/\" \/>\n<meta property=\"og:site_name\" content=\"Infecar\" \/>\n<meta property=\"article:published_time\" content=\"2017-11-24T19:02:17+00:00\" \/>\n<meta property=\"og:image\" content=\"https:\/\/infecar.es\/wp-content\/uploads\/2023\/01\/97d1d3d17841d6d3353ed857f6573ac4.jpg\" \/>\n\t<meta property=\"og:image:width\" content=\"1200\" \/>\n\t<meta property=\"og:image:height\" content=\"800\" \/>\n\t<meta property=\"og:image:type\" content=\"image\/jpeg\" \/>\n<meta name=\"author\" content=\"admin\" \/>\n<meta name=\"twitter:card\" content=\"summary_large_image\" \/>\n<meta name=\"twitter:label1\" content=\"Written by\" \/>\n\t<meta name=\"twitter:data1\" content=\"admin\" \/>\n\t<meta name=\"twitter:label2\" content=\"Est. reading time\" \/>\n\t<meta name=\"twitter:data2\" content=\"1 minute\" \/>\n<script type=\"application\/ld+json\" class=\"yoast-schema-graph\">{\"@context\":\"https:\/\/schema.org\",\"@graph\":[{\"@type\":\"Article\",\"@id\":\"https:\/\/infecar.es\/en\/news\/segunda-jornada-de-la-41-feria-internacional-del-atlantico\/#article\",\"isPartOf\":{\"@id\":\"\/en\/news\/segunda-jornada-de-la-41-feria-internacional-del-atlantico\/\"},\"author\":{\"name\":\"admin\",\"@id\":\"https:\/\/infecar.es\/en\/#\/schema\/person\/2411995f63ef29797d62c4fa83b3f3bb\"},\"headline\":\"Segunda jornada de la 41\u00aa Feria Internacional del Atl\u00e1ntico\",\"datePublished\":\"2017-11-24T19:02:17+00:00\",\"mainEntityOfPage\":{\"@id\":\"\/en\/news\/segunda-jornada-de-la-41-feria-internacional-del-atlantico\/\"},\"wordCount\":166,\"commentCount\":0,\"publisher\":{\"@id\":\"https:\/\/infecar.es\/en\/#organization\"},\"image\":{\"@id\":\"https:\/\/infecar.es\/en\/news\/segunda-jornada-de-la-41-feria-internacional-del-atlantico\/#primaryimage\"},\"thumbnailUrl\":\"https:\/\/infecar.es\/wp-content\/uploads\/2023\/01\/97d1d3d17841d6d3353ed857f6573ac4.jpg\",\"articleSection\":[\"Sin categorizar\"],\"inLanguage\":\"en-US\"},{\"@type\":\"WebPage\",\"@id\":\"\/en\/news\/segunda-jornada-de-la-41-feria-internacional-del-atlantico\/\",\"url\":\"https:\/\/infecar.es\/en\/news\/segunda-jornada-de-la-41-feria-internacional-del-atlantico\/\",\"name\":\"Segunda jornada de la 41\u00aa Feria Internacional del Atl\u00e1ntico - Infecar\",\"isPartOf\":{\"@id\":\"https:\/\/infecar.es\/en\/#website\"},\"primaryImageOfPage\":{\"@id\":\"https:\/\/infecar.es\/en\/news\/segunda-jornada-de-la-41-feria-internacional-del-atlantico\/#primaryimage\"},\"image\":{\"@id\":\"https:\/\/infecar.es\/en\/news\/segunda-jornada-de-la-41-feria-internacional-del-atlantico\/#primaryimage\"},\"thumbnailUrl\":\"https:\/\/infecar.es\/wp-content\/uploads\/2023\/01\/97d1d3d17841d6d3353ed857f6573ac4.jpg\",\"datePublished\":\"2017-11-24T19:02:17+00:00\",\"breadcrumb\":{\"@id\":\"https:\/\/infecar.es\/en\/news\/segunda-jornada-de-la-41-feria-internacional-del-atlantico\/#breadcrumb\"},\"inLanguage\":\"en-US\",\"potentialAction\":[{\"@type\":\"ReadAction\",\"target\":[\"https:\/\/infecar.es\/en\/news\/segunda-jornada-de-la-41-feria-internacional-del-atlantico\/\"]}]},{\"@type\":\"ImageObject\",\"inLanguage\":\"en-US\",\"@id\":\"https:\/\/infecar.es\/en\/news\/segunda-jornada-de-la-41-feria-internacional-del-atlantico\/#primaryimage\",\"url\":\"https:\/\/infecar.es\/wp-content\/uploads\/2023\/01\/97d1d3d17841d6d3353ed857f6573ac4.jpg\",\"contentUrl\":\"https:\/\/infecar.es\/wp-content\/uploads\/2023\/01\/97d1d3d17841d6d3353ed857f6573ac4.jpg\",\"width\":1200,\"height\":800},{\"@type\":\"BreadcrumbList\",\"@id\":\"https:\/\/infecar.es\/en\/news\/segunda-jornada-de-la-41-feria-internacional-del-atlantico\/#breadcrumb\",\"itemListElement\":[{\"@type\":\"ListItem\",\"position\":1,\"name\":\"Portada\",\"item\":\"https:\/\/infecar.es\/en\/\"},{\"@type\":\"ListItem\",\"position\":2,\"name\":\"Segunda jornada de la 41\u00aa Feria Internacional del Atl\u00e1ntico\"}]},{\"@type\":\"WebSite\",\"@id\":\"https:\/\/infecar.es\/en\/#website\",\"url\":\"https:\/\/infecar.es\/en\/\",\"name\":\"Infecar\",\"description\":\"Feria de Gran Canaria\",\"publisher\":{\"@id\":\"https:\/\/infecar.es\/en\/#organization\"},\"potentialAction\":[{\"@type\":\"SearchAction\",\"target\":{\"@type\":\"EntryPoint\",\"urlTemplate\":\"https:\/\/infecar.es\/en\/?s={search_term_string}\"},\"query-input\":{\"@type\":\"PropertyValueSpecification\",\"valueRequired\":true,\"valueName\":\"search_term_string\"}}],\"inLanguage\":\"en-US\"},{\"@type\":\"Organization\",\"@id\":\"https:\/\/infecar.es\/en\/#organization\",\"name\":\"Infecar\",\"url\":\"https:\/\/infecar.es\/en\/\",\"logo\":{\"@type\":\"ImageObject\",\"inLanguage\":\"en-US\",\"@id\":\"https:\/\/infecar.es\/en\/#\/schema\/logo\/image\/\",\"url\":\"https:\/\/infecar.es\/wp-content\/uploads\/2023\/02\/logo_black.svg\",\"contentUrl\":\"https:\/\/infecar.es\/wp-content\/uploads\/2023\/02\/logo_black.svg\",\"width\":1,\"height\":1,\"caption\":\"Infecar\"},\"image\":{\"@id\":\"https:\/\/infecar.es\/en\/#\/schema\/logo\/image\/\"}},{\"@type\":\"Person\",\"@id\":\"https:\/\/infecar.es\/en\/#\/schema\/person\/2411995f63ef29797d62c4fa83b3f3bb\",\"name\":\"admin\",\"image\":{\"@type\":\"ImageObject\",\"inLanguage\":\"en-US\",\"@id\":\"https:\/\/infecar.es\/en\/#\/schema\/person\/image\/\",\"url\":\"https:\/\/secure.gravatar.com\/avatar\/75dbbd3c542520ec06d33839c25bfc19076bf1b9da837dbf8254ae63b9db48ec?s=96&d=mm&r=g\",\"contentUrl\":\"https:\/\/secure.gravatar.com\/avatar\/75dbbd3c542520ec06d33839c25bfc19076bf1b9da837dbf8254ae63b9db48ec?s=96&d=mm&r=g\",\"caption\":\"admin\"},\"sameAs\":[\"http:\/\/infecar.2coders.com\"],\"url\":\"https:\/\/infecar.es\/en\/author\/2coders\/\"}]}<\/script>\n<!-- \/ Yoast SEO plugin. -->","yoast_head_json":{"title":"Segunda jornada de la 41\u00aa Feria Internacional del Atl\u00e1ntico - Infecar","robots":{"index":"index","follow":"follow","max-snippet":"max-snippet:-1","max-image-preview":"max-image-preview:large","max-video-preview":"max-video-preview:-1"},"canonical":"https:\/\/infecar.es\/en\/news\/segunda-jornada-de-la-41-feria-internacional-del-atlantico\/","og_locale":"en_US","og_type":"article","og_title":"Segunda jornada de la 41\u00aa Feria Internacional del Atl\u00e1ntico - Infecar","og_description":"La segunda jornada de la 41\u00aa edici\u00f3n de la Feria Internacional del Atl\u00e1ntico, celebrada en INFECAR, reuni\u00f3 diversos foros para abordar los proyectos de desarrollo e innovaci\u00f3n tur\u00edstica con la celebraci\u00f3n de la asamblea del Cluster Innova, la presentaci\u00f3n del Cluster Conescan, de empresas de servicios al sector tur\u00edstico, el debate de la Ley del [&hellip;]","og_url":"\/en\/news\/segunda-jornada-de-la-41-feria-internacional-del-atlantico\/","og_site_name":"Infecar","article_published_time":"2017-11-24T19:02:17+00:00","og_image":[{"width":1200,"height":800,"url":"https:\/\/infecar.es\/wp-content\/uploads\/2023\/01\/97d1d3d17841d6d3353ed857f6573ac4.jpg","type":"image\/jpeg"}],"author":"admin","twitter_card":"summary_large_image","twitter_misc":{"Written by":"admin","Est. reading time":"1 minute"},"schema":{"@context":"https:\/\/schema.org","@graph":[{"@type":"Article","@id":"https:\/\/infecar.es\/en\/news\/segunda-jornada-de-la-41-feria-internacional-del-atlantico\/#article","isPartOf":{"@id":"\/en\/news\/segunda-jornada-de-la-41-feria-internacional-del-atlantico\/"},"author":{"name":"admin","@id":"https:\/\/infecar.es\/en\/#\/schema\/person\/2411995f63ef29797d62c4fa83b3f3bb"},"headline":"Segunda jornada de la 41\u00aa Feria Internacional del Atl\u00e1ntico","datePublished":"2017-11-24T19:02:17+00:00","mainEntityOfPage":{"@id":"\/en\/news\/segunda-jornada-de-la-41-feria-internacional-del-atlantico\/"},"wordCount":166,"commentCount":0,"publisher":{"@id":"https:\/\/infecar.es\/en\/#organization"},"image":{"@id":"https:\/\/infecar.es\/en\/news\/segunda-jornada-de-la-41-feria-internacional-del-atlantico\/#primaryimage"},"thumbnailUrl":"https:\/\/infecar.es\/wp-content\/uploads\/2023\/01\/97d1d3d17841d6d3353ed857f6573ac4.jpg","articleSection":["Sin categorizar"],"inLanguage":"en-US"},{"@type":"WebPage","@id":"\/en\/news\/segunda-jornada-de-la-41-feria-internacional-del-atlantico\/","url":"https:\/\/infecar.es\/en\/news\/segunda-jornada-de-la-41-feria-internacional-del-atlantico\/","name":"Segunda jornada de la 41\u00aa Feria Internacional del Atl\u00e1ntico - Infecar","isPartOf":{"@id":"https:\/\/infecar.es\/en\/#website"},"primaryImageOfPage":{"@id":"https:\/\/infecar.es\/en\/news\/segunda-jornada-de-la-41-feria-internacional-del-atlantico\/#primaryimage"},"image":{"@id":"https:\/\/infecar.es\/en\/news\/segunda-jornada-de-la-41-feria-internacional-del-atlantico\/#primaryimage"},"thumbnailUrl":"https:\/\/infecar.es\/wp-content\/uploads\/2023\/01\/97d1d3d17841d6d3353ed857f6573ac4.jpg","datePublished":"2017-11-24T19:02:17+00:00","breadcrumb":{"@id":"https:\/\/infecar.es\/en\/news\/segunda-jornada-de-la-41-feria-internacional-del-atlantico\/#breadcrumb"},"inLanguage":"en-US","potentialAction":[{"@type":"ReadAction","target":["https:\/\/infecar.es\/en\/news\/segunda-jornada-de-la-41-feria-internacional-del-atlantico\/"]}]},{"@type":"ImageObject","inLanguage":"en-US","@id":"https:\/\/infecar.es\/en\/news\/segunda-jornada-de-la-41-feria-internacional-del-atlantico\/#primaryimage","url":"https:\/\/infecar.es\/wp-content\/uploads\/2023\/01\/97d1d3d17841d6d3353ed857f6573ac4.jpg","contentUrl":"https:\/\/infecar.es\/wp-content\/uploads\/2023\/01\/97d1d3d17841d6d3353ed857f6573ac4.jpg","width":1200,"height":800},{"@type":"BreadcrumbList","@id":"https:\/\/infecar.es\/en\/news\/segunda-jornada-de-la-41-feria-internacional-del-atlantico\/#breadcrumb","itemListElement":[{"@type":"ListItem","position":1,"name":"Portada","item":"https:\/\/infecar.es\/en\/"},{"@type":"ListItem","position":2,"name":"Segunda jornada de la 41\u00aa Feria Internacional del Atl\u00e1ntico"}]},{"@type":"WebSite","@id":"https:\/\/infecar.es\/en\/#website","url":"https:\/\/infecar.es\/en\/","name":"Infecar","description":"Feria de Gran Canaria","publisher":{"@id":"https:\/\/infecar.es\/en\/#organization"},"potentialAction":[{"@type":"SearchAction","target":{"@type":"EntryPoint","urlTemplate":"https:\/\/infecar.es\/en\/?s={search_term_string}"},"query-input":{"@type":"PropertyValueSpecification","valueRequired":true,"valueName":"search_term_string"}}],"inLanguage":"en-US"},{"@type":"Organization","@id":"https:\/\/infecar.es\/en\/#organization","name":"Infecar","url":"https:\/\/infecar.es\/en\/","logo":{"@type":"ImageObject","inLanguage":"en-US","@id":"https:\/\/infecar.es\/en\/#\/schema\/logo\/image\/","url":"https:\/\/infecar.es\/wp-content\/uploads\/2023\/02\/logo_black.svg","contentUrl":"https:\/\/infecar.es\/wp-content\/uploads\/2023\/02\/logo_black.svg","width":1,"height":1,"caption":"Infecar"},"image":{"@id":"https:\/\/infecar.es\/en\/#\/schema\/logo\/image\/"}},{"@type":"Person","@id":"https:\/\/infecar.es\/en\/#\/schema\/person\/2411995f63ef29797d62c4fa83b3f3bb","name":"admin","image":{"@type":"ImageObject","inLanguage":"en-US","@id":"https:\/\/infecar.es\/en\/#\/schema\/person\/image\/","url":"https:\/\/secure.gravatar.com\/avatar\/75dbbd3c542520ec06d33839c25bfc19076bf1b9da837dbf8254ae63b9db48ec?s=96&d=mm&r=g","contentUrl":"https:\/\/secure.gravatar.com\/avatar\/75dbbd3c542520ec06d33839c25bfc19076bf1b9da837dbf8254ae63b9db48ec?s=96&d=mm&r=g","caption":"admin"},"sameAs":["http:\/\/infecar.2coders.com"],"url":"https:\/\/infecar.es\/en\/author\/2coders\/"}]}},"_links":{"self":[{"href":"https:\/\/infecar.es\/en\/wp-json\/wp\/v2\/posts\/5228","targetHints":{"allow":["GET"]}}],"collection":[{"href":"https:\/\/infecar.es\/en\/wp-json\/wp\/v2\/posts"}],"about":[{"href":"https:\/\/infecar.es\/en\/wp-json\/wp\/v2\/types\/post"}],"author":[{"embeddable":true,"href":"https:\/\/infecar.es\/en\/wp-json\/wp\/v2\/users\/1"}],"replies":[{"embeddable":true,"href":"https:\/\/infecar.es\/en\/wp-json\/wp\/v2\/comments?post=5228"}],"version-history":[{"count":0,"href":"https:\/\/infecar.es\/en\/wp-json\/wp\/v2\/posts\/5228\/revisions"}],"wp:featuredmedia":[{"embeddable":true,"href":"https:\/\/infecar.es\/en\/wp-json\/wp\/v2\/media\/1189"}],"wp:attachment":[{"href":"https:\/\/infecar.es\/en\/wp-json\/wp\/v2\/media?parent=5228"}],"wp:term":[{"taxonomy":"category","embeddable":true,"href":"https:\/\/infecar.es\/en\/wp-json\/wp\/v2\/categories?post=5228"},{"taxonomy":"post_tag","embeddable":true,"href":"https:\/\/infecar.es\/en\/wp-json\/wp\/v2\/tags?post=5228"}],"curies":[{"name":"wp","href":"https:\/\/api.w.org\/{rel}","templated":true}]}}