

{"id":5083,"date":"2013-12-12T10:11:16","date_gmt":"2013-12-12T10:11:16","guid":{"rendered":"https:\/\/infecar.es\/2013\/12\/12\/la-consejeria-de-juventud-e-igualdad-del-cabildo-de-gran-canaria-organiza-las-ii-jornadas-de-apoyo-al-emprendimiento-emprende-gran-canaria-joven-2\/"},"modified":"2013-12-12T10:11:16","modified_gmt":"2013-12-12T10:11:16","slug":"la-consejeria-de-juventud-e-igualdad-del-cabildo-de-gran-canaria-organiza-las-ii-jornadas-de-apoyo-al-emprendimiento-emprende-gran-canaria-joven-2","status":"publish","type":"post","link":"\/en\/news\/la-consejeria-de-juventud-e-igualdad-del-cabildo-de-gran-canaria-organiza-las-ii-jornadas-de-apoyo-al-emprendimiento-emprende-gran-canaria-joven-2","title":{"rendered":"&#8220;Hay Salida&#8221; a la Violencia contra la mujer&#8221;"},"content":{"rendered":"<p>El pasado Lunes 02 de diciembre tuvo lugar en la Sala Canarias de INFECAR &#8211; Ferias y Eventos &#8211; Cabildo de Gran Canaria La jornada &#8220;Hay Salida&#8221; a la Violencia contra la mujer, organizada por el \u00c1rea de Asuntos Sociales del Excmo. Ayuntamiento de Las Palmas de Gran Canaria, con motivo de la conmemoraci\u00f3n del D\u00eda Mundial Internacional de la Eliminaci\u00f3n de la Violencia contra la Mujer.<br \/>\n El acto cont\u00f3 con la participaci\u00f3n de m\u00e1s de 600 j\u00f3venes en edades comprendidas entre los 15 y 18 a\u00f1os.<br \/>\n La sorpresa del evento fue la invitaci\u00f3n del grupo musical Efecto Pasillo, cuyos integrantes dieron consejo a los j\u00f3venes y respondieron a las diferentes preguntas que se realizaron.<\/p>\n","protected":false},"excerpt":{"rendered":"<p>El pasado Lunes 02 de diciembre tuvo lugar en la Sala Canarias de INFECAR &#8211; Ferias y Eventos &#8211; Cabildo de Gran Canaria La jornada &#8220;Hay Salida&#8221; a la Violencia contra la mujer, organizada por el \u00c1rea de Asuntos Sociales del Excmo. Ayuntamiento de Las Palmas de Gran Canaria, con motivo de la conmemoraci\u00f3n del [&hellip;]<\/p>\n","protected":false},"author":1,"featured_media":0,"comment_status":"open","ping_status":"open","sticky":false,"template":"","format":"standard","meta":{"_acf_changed":false,"om_disable_all_campaigns":false,"_monsterinsights_skip_tracking":false,"_monsterinsights_sitenote_active":false,"_monsterinsights_sitenote_note":"","_monsterinsights_sitenote_category":0,"_uf_show_specific_survey":0,"_uf_disable_surveys":false,"_joinchat":[],"footnotes":""},"categories":[1],"tags":[],"class_list":["post-5083","post","type-post","status-publish","format-standard","hentry","category-sin-categorizar"],"acf":[],"aioseo_notices":[],"yoast_head":"<!-- This site is optimized with the Yoast SEO plugin v26.7 - https:\/\/yoast.com\/wordpress\/plugins\/seo\/ -->\n<title>&quot;Hay Salida&quot; a la Violencia contra la mujer&quot; - Infecar<\/title>\n<meta name=\"robots\" content=\"index, follow, max-snippet:-1, max-image-preview:large, max-video-preview:-1\" \/>\n<link rel=\"canonical\" href=\"https:\/\/infecar.es\/noticias\/la-consejeria-de-juventud-e-igualdad-del-cabildo-de-gran-canaria-organiza-las-ii-jornadas-de-apoyo-al-emprendimiento-emprende-gran-canaria-joven-2\/\" \/>\n<meta property=\"og:locale\" content=\"en_US\" \/>\n<meta property=\"og:type\" content=\"article\" \/>\n<meta property=\"og:title\" content=\"&quot;Hay Salida&quot; a la Violencia contra la mujer&quot; - Infecar\" \/>\n<meta property=\"og:description\" content=\"El pasado Lunes 02 de diciembre tuvo lugar en la Sala Canarias de INFECAR &#8211; Ferias y Eventos &#8211; Cabildo de Gran Canaria La jornada &#8220;Hay Salida&#8221; a la Violencia contra la mujer, organizada por el \u00c1rea de Asuntos Sociales del Excmo. Ayuntamiento de Las Palmas de Gran Canaria, con motivo de la conmemoraci\u00f3n del [&hellip;]\" \/>\n<meta property=\"og:url\" content=\"\/noticias\/la-consejeria-de-juventud-e-igualdad-del-cabildo-de-gran-canaria-organiza-las-ii-jornadas-de-apoyo-al-emprendimiento-emprende-gran-canaria-joven-2\/\" \/>\n<meta property=\"og:site_name\" content=\"Infecar\" \/>\n<meta property=\"article:published_time\" content=\"2013-12-12T10:11:16+00:00\" \/>\n<meta name=\"author\" content=\"admin\" \/>\n<meta name=\"twitter:card\" content=\"summary_large_image\" \/>\n<meta name=\"twitter:label1\" content=\"Written by\" \/>\n\t<meta name=\"twitter:data1\" content=\"admin\" \/>\n\t<meta name=\"twitter:label2\" content=\"Est. reading time\" \/>\n\t<meta name=\"twitter:data2\" content=\"1 minute\" \/>\n<script type=\"application\/ld+json\" class=\"yoast-schema-graph\">{\"@context\":\"https:\/\/schema.org\",\"@graph\":[{\"@type\":\"Article\",\"@id\":\"https:\/\/infecar.es\/noticias\/la-consejeria-de-juventud-e-igualdad-del-cabildo-de-gran-canaria-organiza-las-ii-jornadas-de-apoyo-al-emprendimiento-emprende-gran-canaria-joven-2\/#article\",\"isPartOf\":{\"@id\":\"\/noticias\/la-consejeria-de-juventud-e-igualdad-del-cabildo-de-gran-canaria-organiza-las-ii-jornadas-de-apoyo-al-emprendimiento-emprende-gran-canaria-joven-2\/\"},\"author\":{\"name\":\"admin\",\"@id\":\"https:\/\/infecar.es\/en\/#\/schema\/person\/2411995f63ef29797d62c4fa83b3f3bb\"},\"headline\":\"&#8220;Hay Salida&#8221; a la Violencia contra la mujer&#8221;\",\"datePublished\":\"2013-12-12T10:11:16+00:00\",\"mainEntityOfPage\":{\"@id\":\"\/noticias\/la-consejeria-de-juventud-e-igualdad-del-cabildo-de-gran-canaria-organiza-las-ii-jornadas-de-apoyo-al-emprendimiento-emprende-gran-canaria-joven-2\/\"},\"wordCount\":128,\"commentCount\":0,\"publisher\":{\"@id\":\"https:\/\/infecar.es\/en\/#organization\"},\"articleSection\":[\"Sin categorizar\"],\"inLanguage\":\"en-US\"},{\"@type\":\"WebPage\",\"@id\":\"\/noticias\/la-consejeria-de-juventud-e-igualdad-del-cabildo-de-gran-canaria-organiza-las-ii-jornadas-de-apoyo-al-emprendimiento-emprende-gran-canaria-joven-2\/\",\"url\":\"https:\/\/infecar.es\/noticias\/la-consejeria-de-juventud-e-igualdad-del-cabildo-de-gran-canaria-organiza-las-ii-jornadas-de-apoyo-al-emprendimiento-emprende-gran-canaria-joven-2\/\",\"name\":\"\\\"Hay Salida\\\" a la Violencia contra la mujer\\\" - Infecar\",\"isPartOf\":{\"@id\":\"https:\/\/infecar.es\/en\/#website\"},\"datePublished\":\"2013-12-12T10:11:16+00:00\",\"breadcrumb\":{\"@id\":\"https:\/\/infecar.es\/noticias\/la-consejeria-de-juventud-e-igualdad-del-cabildo-de-gran-canaria-organiza-las-ii-jornadas-de-apoyo-al-emprendimiento-emprende-gran-canaria-joven-2\/#breadcrumb\"},\"inLanguage\":\"en-US\",\"potentialAction\":[{\"@type\":\"ReadAction\",\"target\":[\"https:\/\/infecar.es\/noticias\/la-consejeria-de-juventud-e-igualdad-del-cabildo-de-gran-canaria-organiza-las-ii-jornadas-de-apoyo-al-emprendimiento-emprende-gran-canaria-joven-2\/\"]}]},{\"@type\":\"BreadcrumbList\",\"@id\":\"https:\/\/infecar.es\/noticias\/la-consejeria-de-juventud-e-igualdad-del-cabildo-de-gran-canaria-organiza-las-ii-jornadas-de-apoyo-al-emprendimiento-emprende-gran-canaria-joven-2\/#breadcrumb\",\"itemListElement\":[{\"@type\":\"ListItem\",\"position\":1,\"name\":\"Portada\",\"item\":\"https:\/\/infecar.es\/en\/\"},{\"@type\":\"ListItem\",\"position\":2,\"name\":\"\u00abHay Salida\u00bb a la Violencia contra la mujer\u00bb\"}]},{\"@type\":\"WebSite\",\"@id\":\"https:\/\/infecar.es\/en\/#website\",\"url\":\"https:\/\/infecar.es\/en\/\",\"name\":\"Infecar\",\"description\":\"Feria de Gran Canaria\",\"publisher\":{\"@id\":\"https:\/\/infecar.es\/en\/#organization\"},\"potentialAction\":[{\"@type\":\"SearchAction\",\"target\":{\"@type\":\"EntryPoint\",\"urlTemplate\":\"https:\/\/infecar.es\/en\/?s={search_term_string}\"},\"query-input\":{\"@type\":\"PropertyValueSpecification\",\"valueRequired\":true,\"valueName\":\"search_term_string\"}}],\"inLanguage\":\"en-US\"},{\"@type\":\"Organization\",\"@id\":\"https:\/\/infecar.es\/en\/#organization\",\"name\":\"Infecar\",\"url\":\"https:\/\/infecar.es\/en\/\",\"logo\":{\"@type\":\"ImageObject\",\"inLanguage\":\"en-US\",\"@id\":\"https:\/\/infecar.es\/en\/#\/schema\/logo\/image\/\",\"url\":\"https:\/\/infecar.es\/wp-content\/uploads\/2023\/02\/logo_black.svg\",\"contentUrl\":\"https:\/\/infecar.es\/wp-content\/uploads\/2023\/02\/logo_black.svg\",\"width\":1,\"height\":1,\"caption\":\"Infecar\"},\"image\":{\"@id\":\"https:\/\/infecar.es\/en\/#\/schema\/logo\/image\/\"}},{\"@type\":\"Person\",\"@id\":\"https:\/\/infecar.es\/en\/#\/schema\/person\/2411995f63ef29797d62c4fa83b3f3bb\",\"name\":\"admin\",\"image\":{\"@type\":\"ImageObject\",\"inLanguage\":\"en-US\",\"@id\":\"https:\/\/infecar.es\/en\/#\/schema\/person\/image\/\",\"url\":\"https:\/\/secure.gravatar.com\/avatar\/75dbbd3c542520ec06d33839c25bfc19076bf1b9da837dbf8254ae63b9db48ec?s=96&d=mm&r=g\",\"contentUrl\":\"https:\/\/secure.gravatar.com\/avatar\/75dbbd3c542520ec06d33839c25bfc19076bf1b9da837dbf8254ae63b9db48ec?s=96&d=mm&r=g\",\"caption\":\"admin\"},\"sameAs\":[\"http:\/\/infecar.2coders.com\"],\"url\":\"https:\/\/infecar.es\/en\/author\/2coders\/\"}]}<\/script>\n<!-- \/ Yoast SEO plugin. -->","yoast_head_json":{"title":"\"Hay Salida\" a la Violencia contra la mujer\" - Infecar","robots":{"index":"index","follow":"follow","max-snippet":"max-snippet:-1","max-image-preview":"max-image-preview:large","max-video-preview":"max-video-preview:-1"},"canonical":"https:\/\/infecar.es\/noticias\/la-consejeria-de-juventud-e-igualdad-del-cabildo-de-gran-canaria-organiza-las-ii-jornadas-de-apoyo-al-emprendimiento-emprende-gran-canaria-joven-2\/","og_locale":"en_US","og_type":"article","og_title":"\"Hay Salida\" a la Violencia contra la mujer\" - Infecar","og_description":"El pasado Lunes 02 de diciembre tuvo lugar en la Sala Canarias de INFECAR &#8211; Ferias y Eventos &#8211; Cabildo de Gran Canaria La jornada &#8220;Hay Salida&#8221; a la Violencia contra la mujer, organizada por el \u00c1rea de Asuntos Sociales del Excmo. Ayuntamiento de Las Palmas de Gran Canaria, con motivo de la conmemoraci\u00f3n del [&hellip;]","og_url":"\/noticias\/la-consejeria-de-juventud-e-igualdad-del-cabildo-de-gran-canaria-organiza-las-ii-jornadas-de-apoyo-al-emprendimiento-emprende-gran-canaria-joven-2\/","og_site_name":"Infecar","article_published_time":"2013-12-12T10:11:16+00:00","author":"admin","twitter_card":"summary_large_image","twitter_misc":{"Written by":"admin","Est. reading time":"1 minute"},"schema":{"@context":"https:\/\/schema.org","@graph":[{"@type":"Article","@id":"https:\/\/infecar.es\/noticias\/la-consejeria-de-juventud-e-igualdad-del-cabildo-de-gran-canaria-organiza-las-ii-jornadas-de-apoyo-al-emprendimiento-emprende-gran-canaria-joven-2\/#article","isPartOf":{"@id":"\/noticias\/la-consejeria-de-juventud-e-igualdad-del-cabildo-de-gran-canaria-organiza-las-ii-jornadas-de-apoyo-al-emprendimiento-emprende-gran-canaria-joven-2\/"},"author":{"name":"admin","@id":"https:\/\/infecar.es\/en\/#\/schema\/person\/2411995f63ef29797d62c4fa83b3f3bb"},"headline":"&#8220;Hay Salida&#8221; a la Violencia contra la mujer&#8221;","datePublished":"2013-12-12T10:11:16+00:00","mainEntityOfPage":{"@id":"\/noticias\/la-consejeria-de-juventud-e-igualdad-del-cabildo-de-gran-canaria-organiza-las-ii-jornadas-de-apoyo-al-emprendimiento-emprende-gran-canaria-joven-2\/"},"wordCount":128,"commentCount":0,"publisher":{"@id":"https:\/\/infecar.es\/en\/#organization"},"articleSection":["Sin categorizar"],"inLanguage":"en-US"},{"@type":"WebPage","@id":"\/noticias\/la-consejeria-de-juventud-e-igualdad-del-cabildo-de-gran-canaria-organiza-las-ii-jornadas-de-apoyo-al-emprendimiento-emprende-gran-canaria-joven-2\/","url":"https:\/\/infecar.es\/noticias\/la-consejeria-de-juventud-e-igualdad-del-cabildo-de-gran-canaria-organiza-las-ii-jornadas-de-apoyo-al-emprendimiento-emprende-gran-canaria-joven-2\/","name":"\"Hay Salida\" a la Violencia contra la mujer\" - Infecar","isPartOf":{"@id":"https:\/\/infecar.es\/en\/#website"},"datePublished":"2013-12-12T10:11:16+00:00","breadcrumb":{"@id":"https:\/\/infecar.es\/noticias\/la-consejeria-de-juventud-e-igualdad-del-cabildo-de-gran-canaria-organiza-las-ii-jornadas-de-apoyo-al-emprendimiento-emprende-gran-canaria-joven-2\/#breadcrumb"},"inLanguage":"en-US","potentialAction":[{"@type":"ReadAction","target":["https:\/\/infecar.es\/noticias\/la-consejeria-de-juventud-e-igualdad-del-cabildo-de-gran-canaria-organiza-las-ii-jornadas-de-apoyo-al-emprendimiento-emprende-gran-canaria-joven-2\/"]}]},{"@type":"BreadcrumbList","@id":"https:\/\/infecar.es\/noticias\/la-consejeria-de-juventud-e-igualdad-del-cabildo-de-gran-canaria-organiza-las-ii-jornadas-de-apoyo-al-emprendimiento-emprende-gran-canaria-joven-2\/#breadcrumb","itemListElement":[{"@type":"ListItem","position":1,"name":"Portada","item":"https:\/\/infecar.es\/en\/"},{"@type":"ListItem","position":2,"name":"\u00abHay Salida\u00bb a la Violencia contra la mujer\u00bb"}]},{"@type":"WebSite","@id":"https:\/\/infecar.es\/en\/#website","url":"https:\/\/infecar.es\/en\/","name":"Infecar","description":"Feria de Gran Canaria","publisher":{"@id":"https:\/\/infecar.es\/en\/#organization"},"potentialAction":[{"@type":"SearchAction","target":{"@type":"EntryPoint","urlTemplate":"https:\/\/infecar.es\/en\/?s={search_term_string}"},"query-input":{"@type":"PropertyValueSpecification","valueRequired":true,"valueName":"search_term_string"}}],"inLanguage":"en-US"},{"@type":"Organization","@id":"https:\/\/infecar.es\/en\/#organization","name":"Infecar","url":"https:\/\/infecar.es\/en\/","logo":{"@type":"ImageObject","inLanguage":"en-US","@id":"https:\/\/infecar.es\/en\/#\/schema\/logo\/image\/","url":"https:\/\/infecar.es\/wp-content\/uploads\/2023\/02\/logo_black.svg","contentUrl":"https:\/\/infecar.es\/wp-content\/uploads\/2023\/02\/logo_black.svg","width":1,"height":1,"caption":"Infecar"},"image":{"@id":"https:\/\/infecar.es\/en\/#\/schema\/logo\/image\/"}},{"@type":"Person","@id":"https:\/\/infecar.es\/en\/#\/schema\/person\/2411995f63ef29797d62c4fa83b3f3bb","name":"admin","image":{"@type":"ImageObject","inLanguage":"en-US","@id":"https:\/\/infecar.es\/en\/#\/schema\/person\/image\/","url":"https:\/\/secure.gravatar.com\/avatar\/75dbbd3c542520ec06d33839c25bfc19076bf1b9da837dbf8254ae63b9db48ec?s=96&d=mm&r=g","contentUrl":"https:\/\/secure.gravatar.com\/avatar\/75dbbd3c542520ec06d33839c25bfc19076bf1b9da837dbf8254ae63b9db48ec?s=96&d=mm&r=g","caption":"admin"},"sameAs":["http:\/\/infecar.2coders.com"],"url":"https:\/\/infecar.es\/en\/author\/2coders\/"}]}},"_links":{"self":[{"href":"https:\/\/infecar.es\/en\/wp-json\/wp\/v2\/posts\/5083","targetHints":{"allow":["GET"]}}],"collection":[{"href":"https:\/\/infecar.es\/en\/wp-json\/wp\/v2\/posts"}],"about":[{"href":"https:\/\/infecar.es\/en\/wp-json\/wp\/v2\/types\/post"}],"author":[{"embeddable":true,"href":"https:\/\/infecar.es\/en\/wp-json\/wp\/v2\/users\/1"}],"replies":[{"embeddable":true,"href":"https:\/\/infecar.es\/en\/wp-json\/wp\/v2\/comments?post=5083"}],"version-history":[{"count":0,"href":"https:\/\/infecar.es\/en\/wp-json\/wp\/v2\/posts\/5083\/revisions"}],"wp:attachment":[{"href":"https:\/\/infecar.es\/en\/wp-json\/wp\/v2\/media?parent=5083"}],"wp:term":[{"taxonomy":"category","embeddable":true,"href":"https:\/\/infecar.es\/en\/wp-json\/wp\/v2\/categories?post=5083"},{"taxonomy":"post_tag","embeddable":true,"href":"https:\/\/infecar.es\/en\/wp-json\/wp\/v2\/tags?post=5083"}],"curies":[{"name":"wp","href":"https:\/\/api.w.org\/{rel}","templated":true}]}}