

{"id":5079,"date":"2013-10-30T13:13:21","date_gmt":"2013-10-30T13:13:21","guid":{"rendered":"https:\/\/infecar.es\/2013\/10\/30\/festival-del-manga-de-las-palmas\/"},"modified":"2013-10-30T13:13:21","modified_gmt":"2013-10-30T13:13:21","slug":"festival-del-manga-de-las-palmas","status":"publish","type":"post","link":"\/en\/news\/festival-del-manga-de-las-palmas","title":{"rendered":"Festival del Manga de Las Palmas"},"content":{"rendered":"<p><span class=\"text_exposed_show\" style=\"display: inline; color: #333333; font-family: 'lucida grande', tahoma, verdana, arial, sans-serif; font-size: 13px; line-height: 18px;\"><span style=\"color: #000000;\">Del\u00a08 al 10 de noviembre se celebra una edici\u00f3n m\u00e1s del <strong>Festival del Manga de Las Palmas<\/strong> que se convertir\u00e1 en un punto de encuentro para todos los aficionados al anime, el manga y la cultura japonesa en general. <\/span><\/span><\/p>\n<p><span class=\"text_exposed_show\" style=\"display: inline; color: #333333; font-family: 'lucida grande', tahoma, verdana, arial, sans-serif; font-size: 13px; line-height: 18px;\"><span style=\"color: #000000;\">Durante el Festival podr\u00e1s sumergirte de lleno en el mundo otaku y participar en numerosos talleres, cantar tu canci\u00f3n favorita ante toda la audiencia, hacerte fotos con los cosplays m\u00e1s atractivos o lucir el tuyo y optar a uno de nuestros premios. <\/span><\/span><\/p>\n<p><span class=\"text_exposed_show\" style=\"display: inline; color: #333333; font-family: 'lucida grande', tahoma, verdana, arial, sans-serif; font-size: 13px; line-height: 18px;\"><span style=\"color: #000000;\">\u00a1No te lo pierdas, te esperamos en INFECAR!<\/span><\/span><\/p>\n","protected":false},"excerpt":{"rendered":"<p>Del\u00a08 al 10 de noviembre se celebra una edici\u00f3n m\u00e1s del Festival del Manga de Las Palmas que se convertir\u00e1 en un punto de encuentro para todos los aficionados al anime, el manga y la cultura japonesa en general. Durante el Festival podr\u00e1s sumergirte de lleno en el mundo otaku y participar en numerosos talleres, [&hellip;]<\/p>\n","protected":false},"author":1,"featured_media":0,"comment_status":"open","ping_status":"open","sticky":false,"template":"","format":"standard","meta":{"_acf_changed":false,"om_disable_all_campaigns":false,"_monsterinsights_skip_tracking":false,"_monsterinsights_sitenote_active":false,"_monsterinsights_sitenote_note":"","_monsterinsights_sitenote_category":0,"_uf_show_specific_survey":0,"_uf_disable_surveys":false,"_joinchat":[],"footnotes":""},"categories":[1],"tags":[],"class_list":["post-5079","post","type-post","status-publish","format-standard","hentry","category-sin-categorizar"],"acf":[],"aioseo_notices":[],"yoast_head":"<!-- This site is optimized with the Yoast SEO plugin v26.7 - https:\/\/yoast.com\/wordpress\/plugins\/seo\/ -->\n<title>Festival del Manga de Las Palmas - Infecar<\/title>\n<meta name=\"robots\" content=\"index, follow, max-snippet:-1, max-image-preview:large, max-video-preview:-1\" \/>\n<link rel=\"canonical\" href=\"https:\/\/infecar.es\/noticias\/festival-del-manga-de-las-palmas\/\" \/>\n<meta property=\"og:locale\" content=\"en_US\" \/>\n<meta property=\"og:type\" content=\"article\" \/>\n<meta property=\"og:title\" content=\"Festival del Manga de Las Palmas - Infecar\" \/>\n<meta property=\"og:description\" content=\"Del\u00a08 al 10 de noviembre se celebra una edici\u00f3n m\u00e1s del Festival del Manga de Las Palmas que se convertir\u00e1 en un punto de encuentro para todos los aficionados al anime, el manga y la cultura japonesa en general. Durante el Festival podr\u00e1s sumergirte de lleno en el mundo otaku y participar en numerosos talleres, [&hellip;]\" \/>\n<meta property=\"og:url\" content=\"\/noticias\/festival-del-manga-de-las-palmas\/\" \/>\n<meta property=\"og:site_name\" content=\"Infecar\" \/>\n<meta property=\"article:published_time\" content=\"2013-10-30T13:13:21+00:00\" \/>\n<meta name=\"author\" content=\"admin\" \/>\n<meta name=\"twitter:card\" content=\"summary_large_image\" \/>\n<meta name=\"twitter:label1\" content=\"Written by\" \/>\n\t<meta name=\"twitter:data1\" content=\"admin\" \/>\n<script type=\"application\/ld+json\" class=\"yoast-schema-graph\">{\"@context\":\"https:\/\/schema.org\",\"@graph\":[{\"@type\":\"Article\",\"@id\":\"https:\/\/infecar.es\/noticias\/festival-del-manga-de-las-palmas\/#article\",\"isPartOf\":{\"@id\":\"\/noticias\/festival-del-manga-de-las-palmas\/\"},\"author\":{\"name\":\"admin\",\"@id\":\"https:\/\/infecar.es\/en\/#\/schema\/person\/2411995f63ef29797d62c4fa83b3f3bb\"},\"headline\":\"Festival del Manga de Las Palmas\",\"datePublished\":\"2013-10-30T13:13:21+00:00\",\"mainEntityOfPage\":{\"@id\":\"\/noticias\/festival-del-manga-de-las-palmas\/\"},\"wordCount\":99,\"commentCount\":0,\"publisher\":{\"@id\":\"https:\/\/infecar.es\/en\/#organization\"},\"articleSection\":[\"Sin categorizar\"],\"inLanguage\":\"en-US\"},{\"@type\":\"WebPage\",\"@id\":\"\/noticias\/festival-del-manga-de-las-palmas\/\",\"url\":\"https:\/\/infecar.es\/noticias\/festival-del-manga-de-las-palmas\/\",\"name\":\"Festival del Manga de Las Palmas - Infecar\",\"isPartOf\":{\"@id\":\"https:\/\/infecar.es\/en\/#website\"},\"datePublished\":\"2013-10-30T13:13:21+00:00\",\"breadcrumb\":{\"@id\":\"https:\/\/infecar.es\/noticias\/festival-del-manga-de-las-palmas\/#breadcrumb\"},\"inLanguage\":\"en-US\",\"potentialAction\":[{\"@type\":\"ReadAction\",\"target\":[\"https:\/\/infecar.es\/noticias\/festival-del-manga-de-las-palmas\/\"]}]},{\"@type\":\"BreadcrumbList\",\"@id\":\"https:\/\/infecar.es\/noticias\/festival-del-manga-de-las-palmas\/#breadcrumb\",\"itemListElement\":[{\"@type\":\"ListItem\",\"position\":1,\"name\":\"Portada\",\"item\":\"https:\/\/infecar.es\/en\/\"},{\"@type\":\"ListItem\",\"position\":2,\"name\":\"Festival del Manga de Las Palmas\"}]},{\"@type\":\"WebSite\",\"@id\":\"https:\/\/infecar.es\/en\/#website\",\"url\":\"https:\/\/infecar.es\/en\/\",\"name\":\"Infecar\",\"description\":\"Feria de Gran Canaria\",\"publisher\":{\"@id\":\"https:\/\/infecar.es\/en\/#organization\"},\"potentialAction\":[{\"@type\":\"SearchAction\",\"target\":{\"@type\":\"EntryPoint\",\"urlTemplate\":\"https:\/\/infecar.es\/en\/?s={search_term_string}\"},\"query-input\":{\"@type\":\"PropertyValueSpecification\",\"valueRequired\":true,\"valueName\":\"search_term_string\"}}],\"inLanguage\":\"en-US\"},{\"@type\":\"Organization\",\"@id\":\"https:\/\/infecar.es\/en\/#organization\",\"name\":\"Infecar\",\"url\":\"https:\/\/infecar.es\/en\/\",\"logo\":{\"@type\":\"ImageObject\",\"inLanguage\":\"en-US\",\"@id\":\"https:\/\/infecar.es\/en\/#\/schema\/logo\/image\/\",\"url\":\"https:\/\/infecar.es\/wp-content\/uploads\/2023\/02\/logo_black.svg\",\"contentUrl\":\"https:\/\/infecar.es\/wp-content\/uploads\/2023\/02\/logo_black.svg\",\"width\":1,\"height\":1,\"caption\":\"Infecar\"},\"image\":{\"@id\":\"https:\/\/infecar.es\/en\/#\/schema\/logo\/image\/\"}},{\"@type\":\"Person\",\"@id\":\"https:\/\/infecar.es\/en\/#\/schema\/person\/2411995f63ef29797d62c4fa83b3f3bb\",\"name\":\"admin\",\"image\":{\"@type\":\"ImageObject\",\"inLanguage\":\"en-US\",\"@id\":\"https:\/\/infecar.es\/en\/#\/schema\/person\/image\/\",\"url\":\"https:\/\/secure.gravatar.com\/avatar\/75dbbd3c542520ec06d33839c25bfc19076bf1b9da837dbf8254ae63b9db48ec?s=96&d=mm&r=g\",\"contentUrl\":\"https:\/\/secure.gravatar.com\/avatar\/75dbbd3c542520ec06d33839c25bfc19076bf1b9da837dbf8254ae63b9db48ec?s=96&d=mm&r=g\",\"caption\":\"admin\"},\"sameAs\":[\"http:\/\/infecar.2coders.com\"],\"url\":\"https:\/\/infecar.es\/en\/author\/2coders\/\"}]}<\/script>\n<!-- \/ Yoast SEO plugin. -->","yoast_head_json":{"title":"Festival del Manga de Las Palmas - Infecar","robots":{"index":"index","follow":"follow","max-snippet":"max-snippet:-1","max-image-preview":"max-image-preview:large","max-video-preview":"max-video-preview:-1"},"canonical":"https:\/\/infecar.es\/noticias\/festival-del-manga-de-las-palmas\/","og_locale":"en_US","og_type":"article","og_title":"Festival del Manga de Las Palmas - Infecar","og_description":"Del\u00a08 al 10 de noviembre se celebra una edici\u00f3n m\u00e1s del Festival del Manga de Las Palmas que se convertir\u00e1 en un punto de encuentro para todos los aficionados al anime, el manga y la cultura japonesa en general. Durante el Festival podr\u00e1s sumergirte de lleno en el mundo otaku y participar en numerosos talleres, [&hellip;]","og_url":"\/noticias\/festival-del-manga-de-las-palmas\/","og_site_name":"Infecar","article_published_time":"2013-10-30T13:13:21+00:00","author":"admin","twitter_card":"summary_large_image","twitter_misc":{"Written by":"admin"},"schema":{"@context":"https:\/\/schema.org","@graph":[{"@type":"Article","@id":"https:\/\/infecar.es\/noticias\/festival-del-manga-de-las-palmas\/#article","isPartOf":{"@id":"\/noticias\/festival-del-manga-de-las-palmas\/"},"author":{"name":"admin","@id":"https:\/\/infecar.es\/en\/#\/schema\/person\/2411995f63ef29797d62c4fa83b3f3bb"},"headline":"Festival del Manga de Las Palmas","datePublished":"2013-10-30T13:13:21+00:00","mainEntityOfPage":{"@id":"\/noticias\/festival-del-manga-de-las-palmas\/"},"wordCount":99,"commentCount":0,"publisher":{"@id":"https:\/\/infecar.es\/en\/#organization"},"articleSection":["Sin categorizar"],"inLanguage":"en-US"},{"@type":"WebPage","@id":"\/noticias\/festival-del-manga-de-las-palmas\/","url":"https:\/\/infecar.es\/noticias\/festival-del-manga-de-las-palmas\/","name":"Festival del Manga de Las Palmas - Infecar","isPartOf":{"@id":"https:\/\/infecar.es\/en\/#website"},"datePublished":"2013-10-30T13:13:21+00:00","breadcrumb":{"@id":"https:\/\/infecar.es\/noticias\/festival-del-manga-de-las-palmas\/#breadcrumb"},"inLanguage":"en-US","potentialAction":[{"@type":"ReadAction","target":["https:\/\/infecar.es\/noticias\/festival-del-manga-de-las-palmas\/"]}]},{"@type":"BreadcrumbList","@id":"https:\/\/infecar.es\/noticias\/festival-del-manga-de-las-palmas\/#breadcrumb","itemListElement":[{"@type":"ListItem","position":1,"name":"Portada","item":"https:\/\/infecar.es\/en\/"},{"@type":"ListItem","position":2,"name":"Festival del Manga de Las Palmas"}]},{"@type":"WebSite","@id":"https:\/\/infecar.es\/en\/#website","url":"https:\/\/infecar.es\/en\/","name":"Infecar","description":"Feria de Gran Canaria","publisher":{"@id":"https:\/\/infecar.es\/en\/#organization"},"potentialAction":[{"@type":"SearchAction","target":{"@type":"EntryPoint","urlTemplate":"https:\/\/infecar.es\/en\/?s={search_term_string}"},"query-input":{"@type":"PropertyValueSpecification","valueRequired":true,"valueName":"search_term_string"}}],"inLanguage":"en-US"},{"@type":"Organization","@id":"https:\/\/infecar.es\/en\/#organization","name":"Infecar","url":"https:\/\/infecar.es\/en\/","logo":{"@type":"ImageObject","inLanguage":"en-US","@id":"https:\/\/infecar.es\/en\/#\/schema\/logo\/image\/","url":"https:\/\/infecar.es\/wp-content\/uploads\/2023\/02\/logo_black.svg","contentUrl":"https:\/\/infecar.es\/wp-content\/uploads\/2023\/02\/logo_black.svg","width":1,"height":1,"caption":"Infecar"},"image":{"@id":"https:\/\/infecar.es\/en\/#\/schema\/logo\/image\/"}},{"@type":"Person","@id":"https:\/\/infecar.es\/en\/#\/schema\/person\/2411995f63ef29797d62c4fa83b3f3bb","name":"admin","image":{"@type":"ImageObject","inLanguage":"en-US","@id":"https:\/\/infecar.es\/en\/#\/schema\/person\/image\/","url":"https:\/\/secure.gravatar.com\/avatar\/75dbbd3c542520ec06d33839c25bfc19076bf1b9da837dbf8254ae63b9db48ec?s=96&d=mm&r=g","contentUrl":"https:\/\/secure.gravatar.com\/avatar\/75dbbd3c542520ec06d33839c25bfc19076bf1b9da837dbf8254ae63b9db48ec?s=96&d=mm&r=g","caption":"admin"},"sameAs":["http:\/\/infecar.2coders.com"],"url":"https:\/\/infecar.es\/en\/author\/2coders\/"}]}},"_links":{"self":[{"href":"https:\/\/infecar.es\/en\/wp-json\/wp\/v2\/posts\/5079","targetHints":{"allow":["GET"]}}],"collection":[{"href":"https:\/\/infecar.es\/en\/wp-json\/wp\/v2\/posts"}],"about":[{"href":"https:\/\/infecar.es\/en\/wp-json\/wp\/v2\/types\/post"}],"author":[{"embeddable":true,"href":"https:\/\/infecar.es\/en\/wp-json\/wp\/v2\/users\/1"}],"replies":[{"embeddable":true,"href":"https:\/\/infecar.es\/en\/wp-json\/wp\/v2\/comments?post=5079"}],"version-history":[{"count":0,"href":"https:\/\/infecar.es\/en\/wp-json\/wp\/v2\/posts\/5079\/revisions"}],"wp:attachment":[{"href":"https:\/\/infecar.es\/en\/wp-json\/wp\/v2\/media?parent=5079"}],"wp:term":[{"taxonomy":"category","embeddable":true,"href":"https:\/\/infecar.es\/en\/wp-json\/wp\/v2\/categories?post=5079"},{"taxonomy":"post_tag","embeddable":true,"href":"https:\/\/infecar.es\/en\/wp-json\/wp\/v2\/tags?post=5079"}],"curies":[{"name":"wp","href":"https:\/\/api.w.org\/{rel}","templated":true}]}}