

{"id":5077,"date":"2013-10-11T08:23:02","date_gmt":"2013-10-11T08:23:02","guid":{"rendered":"https:\/\/infecar.es\/2013\/10\/11\/fivo-2013-feria-del-vehiculo-de-ocasion\/"},"modified":"2013-10-11T08:23:02","modified_gmt":"2013-10-11T08:23:02","slug":"fivo-2013-feria-del-vehiculo-de-ocasion","status":"publish","type":"post","link":"\/en\/news\/fivo-2013-feria-del-vehiculo-de-ocasion","title":{"rendered":"FIVO 2013, Feria del Veh\u00edculo de Ocasi\u00f3n"},"content":{"rendered":"<div id=\"HOTWordsTxt\" style=\"color: #555555; font-family: Arial, Helvetica, sans-serif; font-size: 14px; line-height: 18px;\">\n<p class=\"MsoNormal\"><strong><\/strong>\u00a0<\/p>\n<div class=\"yj6qo ajU\">\n<div id=\":19l\" class=\"ajR\" data-tooltip=\"Muestra el contenido reducido\"><img decoding=\"async\" class=\"ajT\" src=\"https:\/\/mail.google.com\/mail\/u\/0\/images\/cleardot.gif\" border=\"0\" \/><\/p>\n<p class=\"MsoNormal\" style=\"margin: 0cm 0cm 10pt; text-align: justify;\"><span style=\"color: #000000;\"><strong style=\"mso-bidi-font-weight: normal;\"><span style=\"line-height: 115%; font-family: 'Arial','sans-serif'; font-size: 12pt;\">FIVO 2013<\/span><\/strong><span style=\"line-height: 115%; font-family: 'Arial','sans-serif'; font-size: 12pt;\">, la novena edici\u00f3n de <strong style=\"mso-bidi-font-weight: normal;\">la Feria del Veh\u00edculo de Ocasi\u00f3n<\/strong>, organizada por FREDICA e INFECAR tiene como objetivo relanzar los departamentos de veh\u00edculos usados de los importadores y concesionarios oficiales miembros de la <strong>Federaci\u00f3n Regional Canaria<\/strong><span style=\"mso-bidi-font-weight: bold;\"> <strong>de Empresarios Importadores y Concesionarios de Autom\u00f3viles<\/strong><\/span>, transmitiendo al p\u00fablico como cada a\u00f1o en esta cita obligada<span style=\"mso-bidi-font-weight: bold;\">, la<\/span> seriedad y lagarant\u00eda que ofrecen los establecimientos oficiales <span style=\"mso-bidi-font-weight: bold;\">miembros de FREDICA.<\/span><\/span><\/span><\/p>\n<\/div>\n<\/div>\n<\/div>\n","protected":false},"excerpt":{"rendered":"<p>\u00a0 FIVO 2013, la novena edici\u00f3n de la Feria del Veh\u00edculo de Ocasi\u00f3n, organizada por FREDICA e INFECAR tiene como objetivo relanzar los departamentos de veh\u00edculos usados de los importadores y concesionarios oficiales miembros de la Federaci\u00f3n Regional Canaria de Empresarios Importadores y Concesionarios de Autom\u00f3viles, transmitiendo al p\u00fablico como cada a\u00f1o en esta cita [&hellip;]<\/p>\n","protected":false},"author":1,"featured_media":0,"comment_status":"open","ping_status":"open","sticky":false,"template":"","format":"standard","meta":{"_acf_changed":false,"om_disable_all_campaigns":false,"_monsterinsights_skip_tracking":false,"_monsterinsights_sitenote_active":false,"_monsterinsights_sitenote_note":"","_monsterinsights_sitenote_category":0,"_uf_show_specific_survey":0,"_uf_disable_surveys":false,"_joinchat":[],"footnotes":""},"categories":[1],"tags":[],"class_list":["post-5077","post","type-post","status-publish","format-standard","hentry","category-sin-categorizar"],"acf":[],"aioseo_notices":[],"yoast_head":"<!-- This site is optimized with the Yoast SEO plugin v26.7 - https:\/\/yoast.com\/wordpress\/plugins\/seo\/ -->\n<title>FIVO 2013, Feria del Veh\u00edculo de Ocasi\u00f3n - Infecar<\/title>\n<meta name=\"robots\" content=\"index, follow, max-snippet:-1, max-image-preview:large, max-video-preview:-1\" \/>\n<link rel=\"canonical\" href=\"https:\/\/infecar.es\/noticias\/fivo-2013-feria-del-vehiculo-de-ocasion\/\" \/>\n<meta property=\"og:locale\" content=\"en_US\" \/>\n<meta property=\"og:type\" content=\"article\" \/>\n<meta property=\"og:title\" content=\"FIVO 2013, Feria del Veh\u00edculo de Ocasi\u00f3n - Infecar\" \/>\n<meta property=\"og:description\" content=\"\u00a0 FIVO 2013, la novena edici\u00f3n de la Feria del Veh\u00edculo de Ocasi\u00f3n, organizada por FREDICA e INFECAR tiene como objetivo relanzar los departamentos de veh\u00edculos usados de los importadores y concesionarios oficiales miembros de la Federaci\u00f3n Regional Canaria de Empresarios Importadores y Concesionarios de Autom\u00f3viles, transmitiendo al p\u00fablico como cada a\u00f1o en esta cita [&hellip;]\" \/>\n<meta property=\"og:url\" content=\"\/noticias\/fivo-2013-feria-del-vehiculo-de-ocasion\/\" \/>\n<meta property=\"og:site_name\" content=\"Infecar\" \/>\n<meta property=\"article:published_time\" content=\"2013-10-11T08:23:02+00:00\" \/>\n<meta property=\"og:image\" content=\"https:\/\/mail.google.com\/mail\/u\/0\/images\/cleardot.gif\" \/>\n<meta name=\"author\" content=\"admin\" \/>\n<meta name=\"twitter:card\" content=\"summary_large_image\" \/>\n<meta name=\"twitter:label1\" content=\"Written by\" \/>\n\t<meta name=\"twitter:data1\" content=\"admin\" \/>\n<script type=\"application\/ld+json\" class=\"yoast-schema-graph\">{\"@context\":\"https:\/\/schema.org\",\"@graph\":[{\"@type\":\"Article\",\"@id\":\"https:\/\/infecar.es\/noticias\/fivo-2013-feria-del-vehiculo-de-ocasion\/#article\",\"isPartOf\":{\"@id\":\"\/noticias\/fivo-2013-feria-del-vehiculo-de-ocasion\/\"},\"author\":{\"name\":\"admin\",\"@id\":\"https:\/\/infecar.es\/en\/#\/schema\/person\/2411995f63ef29797d62c4fa83b3f3bb\"},\"headline\":\"FIVO 2013, Feria del Veh\u00edculo de Ocasi\u00f3n\",\"datePublished\":\"2013-10-11T08:23:02+00:00\",\"mainEntityOfPage\":{\"@id\":\"\/noticias\/fivo-2013-feria-del-vehiculo-de-ocasion\/\"},\"wordCount\":83,\"commentCount\":0,\"publisher\":{\"@id\":\"https:\/\/infecar.es\/en\/#organization\"},\"image\":{\"@id\":\"https:\/\/infecar.es\/noticias\/fivo-2013-feria-del-vehiculo-de-ocasion\/#primaryimage\"},\"thumbnailUrl\":\"https:\/\/mail.google.com\/mail\/u\/0\/images\/cleardot.gif\",\"articleSection\":[\"Sin categorizar\"],\"inLanguage\":\"en-US\"},{\"@type\":\"WebPage\",\"@id\":\"\/noticias\/fivo-2013-feria-del-vehiculo-de-ocasion\/\",\"url\":\"https:\/\/infecar.es\/noticias\/fivo-2013-feria-del-vehiculo-de-ocasion\/\",\"name\":\"FIVO 2013, Feria del Veh\u00edculo de Ocasi\u00f3n - Infecar\",\"isPartOf\":{\"@id\":\"https:\/\/infecar.es\/en\/#website\"},\"primaryImageOfPage\":{\"@id\":\"https:\/\/infecar.es\/noticias\/fivo-2013-feria-del-vehiculo-de-ocasion\/#primaryimage\"},\"image\":{\"@id\":\"https:\/\/infecar.es\/noticias\/fivo-2013-feria-del-vehiculo-de-ocasion\/#primaryimage\"},\"thumbnailUrl\":\"https:\/\/mail.google.com\/mail\/u\/0\/images\/cleardot.gif\",\"datePublished\":\"2013-10-11T08:23:02+00:00\",\"breadcrumb\":{\"@id\":\"https:\/\/infecar.es\/noticias\/fivo-2013-feria-del-vehiculo-de-ocasion\/#breadcrumb\"},\"inLanguage\":\"en-US\",\"potentialAction\":[{\"@type\":\"ReadAction\",\"target\":[\"https:\/\/infecar.es\/noticias\/fivo-2013-feria-del-vehiculo-de-ocasion\/\"]}]},{\"@type\":\"ImageObject\",\"inLanguage\":\"en-US\",\"@id\":\"https:\/\/infecar.es\/noticias\/fivo-2013-feria-del-vehiculo-de-ocasion\/#primaryimage\",\"url\":\"https:\/\/mail.google.com\/mail\/u\/0\/images\/cleardot.gif\",\"contentUrl\":\"https:\/\/mail.google.com\/mail\/u\/0\/images\/cleardot.gif\"},{\"@type\":\"BreadcrumbList\",\"@id\":\"https:\/\/infecar.es\/noticias\/fivo-2013-feria-del-vehiculo-de-ocasion\/#breadcrumb\",\"itemListElement\":[{\"@type\":\"ListItem\",\"position\":1,\"name\":\"Portada\",\"item\":\"https:\/\/infecar.es\/en\/\"},{\"@type\":\"ListItem\",\"position\":2,\"name\":\"FIVO 2013, Feria del Veh\u00edculo de Ocasi\u00f3n\"}]},{\"@type\":\"WebSite\",\"@id\":\"https:\/\/infecar.es\/en\/#website\",\"url\":\"https:\/\/infecar.es\/en\/\",\"name\":\"Infecar\",\"description\":\"Feria de Gran Canaria\",\"publisher\":{\"@id\":\"https:\/\/infecar.es\/en\/#organization\"},\"potentialAction\":[{\"@type\":\"SearchAction\",\"target\":{\"@type\":\"EntryPoint\",\"urlTemplate\":\"https:\/\/infecar.es\/en\/?s={search_term_string}\"},\"query-input\":{\"@type\":\"PropertyValueSpecification\",\"valueRequired\":true,\"valueName\":\"search_term_string\"}}],\"inLanguage\":\"en-US\"},{\"@type\":\"Organization\",\"@id\":\"https:\/\/infecar.es\/en\/#organization\",\"name\":\"Infecar\",\"url\":\"https:\/\/infecar.es\/en\/\",\"logo\":{\"@type\":\"ImageObject\",\"inLanguage\":\"en-US\",\"@id\":\"https:\/\/infecar.es\/en\/#\/schema\/logo\/image\/\",\"url\":\"https:\/\/infecar.es\/wp-content\/uploads\/2023\/02\/logo_black.svg\",\"contentUrl\":\"https:\/\/infecar.es\/wp-content\/uploads\/2023\/02\/logo_black.svg\",\"width\":1,\"height\":1,\"caption\":\"Infecar\"},\"image\":{\"@id\":\"https:\/\/infecar.es\/en\/#\/schema\/logo\/image\/\"}},{\"@type\":\"Person\",\"@id\":\"https:\/\/infecar.es\/en\/#\/schema\/person\/2411995f63ef29797d62c4fa83b3f3bb\",\"name\":\"admin\",\"image\":{\"@type\":\"ImageObject\",\"inLanguage\":\"en-US\",\"@id\":\"https:\/\/infecar.es\/en\/#\/schema\/person\/image\/\",\"url\":\"https:\/\/secure.gravatar.com\/avatar\/75dbbd3c542520ec06d33839c25bfc19076bf1b9da837dbf8254ae63b9db48ec?s=96&d=mm&r=g\",\"contentUrl\":\"https:\/\/secure.gravatar.com\/avatar\/75dbbd3c542520ec06d33839c25bfc19076bf1b9da837dbf8254ae63b9db48ec?s=96&d=mm&r=g\",\"caption\":\"admin\"},\"sameAs\":[\"http:\/\/infecar.2coders.com\"],\"url\":\"https:\/\/infecar.es\/en\/author\/2coders\/\"}]}<\/script>\n<!-- \/ Yoast SEO plugin. -->","yoast_head_json":{"title":"FIVO 2013, Feria del Veh\u00edculo de Ocasi\u00f3n - Infecar","robots":{"index":"index","follow":"follow","max-snippet":"max-snippet:-1","max-image-preview":"max-image-preview:large","max-video-preview":"max-video-preview:-1"},"canonical":"https:\/\/infecar.es\/noticias\/fivo-2013-feria-del-vehiculo-de-ocasion\/","og_locale":"en_US","og_type":"article","og_title":"FIVO 2013, Feria del Veh\u00edculo de Ocasi\u00f3n - Infecar","og_description":"\u00a0 FIVO 2013, la novena edici\u00f3n de la Feria del Veh\u00edculo de Ocasi\u00f3n, organizada por FREDICA e INFECAR tiene como objetivo relanzar los departamentos de veh\u00edculos usados de los importadores y concesionarios oficiales miembros de la Federaci\u00f3n Regional Canaria de Empresarios Importadores y Concesionarios de Autom\u00f3viles, transmitiendo al p\u00fablico como cada a\u00f1o en esta cita [&hellip;]","og_url":"\/noticias\/fivo-2013-feria-del-vehiculo-de-ocasion\/","og_site_name":"Infecar","article_published_time":"2013-10-11T08:23:02+00:00","og_image":[{"url":"https:\/\/mail.google.com\/mail\/u\/0\/images\/cleardot.gif","type":"","width":"","height":""}],"author":"admin","twitter_card":"summary_large_image","twitter_misc":{"Written by":"admin"},"schema":{"@context":"https:\/\/schema.org","@graph":[{"@type":"Article","@id":"https:\/\/infecar.es\/noticias\/fivo-2013-feria-del-vehiculo-de-ocasion\/#article","isPartOf":{"@id":"\/noticias\/fivo-2013-feria-del-vehiculo-de-ocasion\/"},"author":{"name":"admin","@id":"https:\/\/infecar.es\/en\/#\/schema\/person\/2411995f63ef29797d62c4fa83b3f3bb"},"headline":"FIVO 2013, Feria del Veh\u00edculo de Ocasi\u00f3n","datePublished":"2013-10-11T08:23:02+00:00","mainEntityOfPage":{"@id":"\/noticias\/fivo-2013-feria-del-vehiculo-de-ocasion\/"},"wordCount":83,"commentCount":0,"publisher":{"@id":"https:\/\/infecar.es\/en\/#organization"},"image":{"@id":"https:\/\/infecar.es\/noticias\/fivo-2013-feria-del-vehiculo-de-ocasion\/#primaryimage"},"thumbnailUrl":"https:\/\/mail.google.com\/mail\/u\/0\/images\/cleardot.gif","articleSection":["Sin categorizar"],"inLanguage":"en-US"},{"@type":"WebPage","@id":"\/noticias\/fivo-2013-feria-del-vehiculo-de-ocasion\/","url":"https:\/\/infecar.es\/noticias\/fivo-2013-feria-del-vehiculo-de-ocasion\/","name":"FIVO 2013, Feria del Veh\u00edculo de Ocasi\u00f3n - Infecar","isPartOf":{"@id":"https:\/\/infecar.es\/en\/#website"},"primaryImageOfPage":{"@id":"https:\/\/infecar.es\/noticias\/fivo-2013-feria-del-vehiculo-de-ocasion\/#primaryimage"},"image":{"@id":"https:\/\/infecar.es\/noticias\/fivo-2013-feria-del-vehiculo-de-ocasion\/#primaryimage"},"thumbnailUrl":"https:\/\/mail.google.com\/mail\/u\/0\/images\/cleardot.gif","datePublished":"2013-10-11T08:23:02+00:00","breadcrumb":{"@id":"https:\/\/infecar.es\/noticias\/fivo-2013-feria-del-vehiculo-de-ocasion\/#breadcrumb"},"inLanguage":"en-US","potentialAction":[{"@type":"ReadAction","target":["https:\/\/infecar.es\/noticias\/fivo-2013-feria-del-vehiculo-de-ocasion\/"]}]},{"@type":"ImageObject","inLanguage":"en-US","@id":"https:\/\/infecar.es\/noticias\/fivo-2013-feria-del-vehiculo-de-ocasion\/#primaryimage","url":"https:\/\/mail.google.com\/mail\/u\/0\/images\/cleardot.gif","contentUrl":"https:\/\/mail.google.com\/mail\/u\/0\/images\/cleardot.gif"},{"@type":"BreadcrumbList","@id":"https:\/\/infecar.es\/noticias\/fivo-2013-feria-del-vehiculo-de-ocasion\/#breadcrumb","itemListElement":[{"@type":"ListItem","position":1,"name":"Portada","item":"https:\/\/infecar.es\/en\/"},{"@type":"ListItem","position":2,"name":"FIVO 2013, Feria del Veh\u00edculo de Ocasi\u00f3n"}]},{"@type":"WebSite","@id":"https:\/\/infecar.es\/en\/#website","url":"https:\/\/infecar.es\/en\/","name":"Infecar","description":"Feria de Gran Canaria","publisher":{"@id":"https:\/\/infecar.es\/en\/#organization"},"potentialAction":[{"@type":"SearchAction","target":{"@type":"EntryPoint","urlTemplate":"https:\/\/infecar.es\/en\/?s={search_term_string}"},"query-input":{"@type":"PropertyValueSpecification","valueRequired":true,"valueName":"search_term_string"}}],"inLanguage":"en-US"},{"@type":"Organization","@id":"https:\/\/infecar.es\/en\/#organization","name":"Infecar","url":"https:\/\/infecar.es\/en\/","logo":{"@type":"ImageObject","inLanguage":"en-US","@id":"https:\/\/infecar.es\/en\/#\/schema\/logo\/image\/","url":"https:\/\/infecar.es\/wp-content\/uploads\/2023\/02\/logo_black.svg","contentUrl":"https:\/\/infecar.es\/wp-content\/uploads\/2023\/02\/logo_black.svg","width":1,"height":1,"caption":"Infecar"},"image":{"@id":"https:\/\/infecar.es\/en\/#\/schema\/logo\/image\/"}},{"@type":"Person","@id":"https:\/\/infecar.es\/en\/#\/schema\/person\/2411995f63ef29797d62c4fa83b3f3bb","name":"admin","image":{"@type":"ImageObject","inLanguage":"en-US","@id":"https:\/\/infecar.es\/en\/#\/schema\/person\/image\/","url":"https:\/\/secure.gravatar.com\/avatar\/75dbbd3c542520ec06d33839c25bfc19076bf1b9da837dbf8254ae63b9db48ec?s=96&d=mm&r=g","contentUrl":"https:\/\/secure.gravatar.com\/avatar\/75dbbd3c542520ec06d33839c25bfc19076bf1b9da837dbf8254ae63b9db48ec?s=96&d=mm&r=g","caption":"admin"},"sameAs":["http:\/\/infecar.2coders.com"],"url":"https:\/\/infecar.es\/en\/author\/2coders\/"}]}},"_links":{"self":[{"href":"https:\/\/infecar.es\/en\/wp-json\/wp\/v2\/posts\/5077","targetHints":{"allow":["GET"]}}],"collection":[{"href":"https:\/\/infecar.es\/en\/wp-json\/wp\/v2\/posts"}],"about":[{"href":"https:\/\/infecar.es\/en\/wp-json\/wp\/v2\/types\/post"}],"author":[{"embeddable":true,"href":"https:\/\/infecar.es\/en\/wp-json\/wp\/v2\/users\/1"}],"replies":[{"embeddable":true,"href":"https:\/\/infecar.es\/en\/wp-json\/wp\/v2\/comments?post=5077"}],"version-history":[{"count":0,"href":"https:\/\/infecar.es\/en\/wp-json\/wp\/v2\/posts\/5077\/revisions"}],"wp:attachment":[{"href":"https:\/\/infecar.es\/en\/wp-json\/wp\/v2\/media?parent=5077"}],"wp:term":[{"taxonomy":"category","embeddable":true,"href":"https:\/\/infecar.es\/en\/wp-json\/wp\/v2\/categories?post=5077"},{"taxonomy":"post_tag","embeddable":true,"href":"https:\/\/infecar.es\/en\/wp-json\/wp\/v2\/tags?post=5077"}],"curies":[{"name":"wp","href":"https:\/\/api.w.org\/{rel}","templated":true}]}}