

{"id":5076,"date":"2013-06-24T16:03:16","date_gmt":"2013-06-24T16:03:16","guid":{"rendered":"https:\/\/infecar.es\/2013\/06\/24\/29-edicion-de-la-exposicion-internacional-canina-de-las-palmas\/"},"modified":"2013-06-24T16:03:16","modified_gmt":"2013-06-24T16:03:16","slug":"29-edicion-de-la-exposicion-internacional-canina-de-las-palmas","status":"publish","type":"post","link":"\/en\/news\/29-edicion-de-la-exposicion-internacional-canina-de-las-palmas","title":{"rendered":"29 edici\u00f3n de la Exposici\u00f3n Internacional Canina de Las Palmas"},"content":{"rendered":"<div id=\"HOTWordsTxt\" style=\"color: #555555; font-family: Arial, Helvetica, sans-serif; font-size: 14px; line-height: 18px;\">\n<p style=\"padding: 0px; margin: 0px 0px 15px;\">Un<strong>\u00a0bich\u00f3n malt\u00e9s blanco<\/strong>\u00a0 se \u00b4pase\u00f3\u00b4 durante el fin de semana por las<a href=\"http:\/\/www.laprovincia.es\/las-palmas\/2013\/06\/24\/bichon-maltes-nuevo-rey-canino-infecar\/540299.html\" rel=\"nofollow\" style=\"border-bottom-width: 1px; border-bottom-style: dotted; color: #108d8c;\">instalaciones<\/a>\u00a0del recinto de Infecar, en la capital grancanaria, entre otros m\u00e1s de 400 ejemplares de las razas m\u00e1s diversas y, al final, se termin\u00f3 convirtiendo en el mejor perro de los inscritos en la\u00a0<strong>29 edici\u00f3n de la Exposici\u00f3n Internacional Canina de Las Palmas<\/strong>.<\/p>\n<\/div>\n<div id=\"HOTWordsTxt\" style=\"color: #555555; font-family: Arial, Helvetica, sans-serif; font-size: 14px; line-height: 18px;\">\n<p style=\"padding: 0px; margin: 0px 0px 15px;\">La ya tradicional cita con el mundo de los perros de raza volvi\u00f3 a gozar de\u00a0<strong>gran\u00a0<a href=\"http:\/\/www.laprovincia.es\/las-palmas\/2013\/06\/24\/bichon-maltes-nuevo-rey-canino-infecar\/540299.html\" rel=\"nofollow\" style=\"border-bottom-width: 1px; border-bottom-style: dotted; color: #108d8c; font-weight: normal;\">asistencia<\/a>\u00a0de p\u00fablic<\/strong>o; propietarios de animales y meros aficionados que \u00b4apostaban\u00b4 entre ellos acerca de cual podr\u00eda ser el mejor entre los mejores.<\/p>\n<\/div>\n<div id=\"HOTWordsTxt\" style=\"color: #555555; font-family: Arial, Helvetica, sans-serif; font-size: 14px; line-height: 18px;\">\n<p style=\"padding: 0px; margin: 0px 0px 15px;\">Junto a este ejemplar de bich\u00f3n maltes subieron al podium final otros no menos espectaculares<strong>coocker americano y bulldog<\/strong>, que ocuparon el segundo y tercer puesto de la muestra.<\/p>\n<\/div>\n<div id=\"HOTWordsTxt\" style=\"color: #555555; font-family: Arial, Helvetica, sans-serif; font-size: 14px; line-height: 18px;\">\n<p style=\"padding: 0px; margin: 0px 0px 15px;\">Pero la Exposici\u00f3n Internacional Canina de Las Palmas no s\u00f3lo dio esos tres galardones, tambi\u00e9n premi\u00f3 a un\u00a0<strong>perro majorero<\/strong>\u00a0como el mej<strong>or ejemplar en\u00a0<a href=\"http:\/\/www.laprovincia.es\/las-palmas\/2013\/06\/24\/bichon-maltes-nuevo-rey-canino-infecar\/540299.html\" rel=\"nofollow\" style=\"border-bottom-width: 1px; border-bottom-style: dotted; color: #108d8c; font-weight: normal;\">categor\u00eda<\/a>\u00a0de \u00b4razas espa\u00f1olas\u00b4, un podenco canario como el mejor \u00b4veterano\u00b4 y a un grupo de dogos canarios\u00a0<\/strong>como \u00b4mejor lote de cr\u00eda\u00b4, lo cual demuestra la calidad de las razas aut\u00f3ctonas canarias; dos ejemplares de\u00a0<strong>siberian husky<\/strong>\u00a0fueron la mejor pareja y un<strong>\u00a0bull terrier\u00a0<\/strong>miniatura el mejor cachorro.<\/p>\n<p style=\"padding: 0px; margin: 0px 0px 15px;\">(v\u00eda@canarias7)<\/p>\n<\/div>\n","protected":false},"excerpt":{"rendered":"<p>Un\u00a0bich\u00f3n malt\u00e9s blanco\u00a0 se \u00b4pase\u00f3\u00b4 durante el fin de semana por lasinstalaciones\u00a0del recinto de Infecar, en la capital grancanaria, entre otros m\u00e1s de 400 ejemplares de las razas m\u00e1s diversas y, al final, se termin\u00f3 convirtiendo en el mejor perro de los inscritos en la\u00a029 edici\u00f3n de la Exposici\u00f3n Internacional Canina de Las Palmas. La [&hellip;]<\/p>\n","protected":false},"author":1,"featured_media":0,"comment_status":"open","ping_status":"open","sticky":false,"template":"","format":"standard","meta":{"_acf_changed":false,"om_disable_all_campaigns":false,"_monsterinsights_skip_tracking":false,"_monsterinsights_sitenote_active":false,"_monsterinsights_sitenote_note":"","_monsterinsights_sitenote_category":0,"_uf_show_specific_survey":0,"_uf_disable_surveys":false,"_joinchat":[],"footnotes":""},"categories":[1],"tags":[],"class_list":["post-5076","post","type-post","status-publish","format-standard","hentry","category-sin-categorizar"],"acf":[],"aioseo_notices":[],"yoast_head":"<!-- This site is optimized with the Yoast SEO plugin v26.7 - https:\/\/yoast.com\/wordpress\/plugins\/seo\/ -->\n<title>29 edici\u00f3n de la Exposici\u00f3n Internacional Canina de Las Palmas - Infecar<\/title>\n<meta name=\"robots\" content=\"index, follow, max-snippet:-1, max-image-preview:large, max-video-preview:-1\" \/>\n<link rel=\"canonical\" href=\"https:\/\/infecar.es\/noticias\/29-edicion-de-la-exposicion-internacional-canina-de-las-palmas\/\" \/>\n<meta property=\"og:locale\" content=\"en_US\" \/>\n<meta property=\"og:type\" content=\"article\" \/>\n<meta property=\"og:title\" content=\"29 edici\u00f3n de la Exposici\u00f3n Internacional Canina de Las Palmas - Infecar\" \/>\n<meta property=\"og:description\" content=\"Un\u00a0bich\u00f3n malt\u00e9s blanco\u00a0 se \u00b4pase\u00f3\u00b4 durante el fin de semana por lasinstalaciones\u00a0del recinto de Infecar, en la capital grancanaria, entre otros m\u00e1s de 400 ejemplares de las razas m\u00e1s diversas y, al final, se termin\u00f3 convirtiendo en el mejor perro de los inscritos en la\u00a029 edici\u00f3n de la Exposici\u00f3n Internacional Canina de Las Palmas. La [&hellip;]\" \/>\n<meta property=\"og:url\" content=\"\/noticias\/29-edicion-de-la-exposicion-internacional-canina-de-las-palmas\/\" \/>\n<meta property=\"og:site_name\" content=\"Infecar\" \/>\n<meta property=\"article:published_time\" content=\"2013-06-24T16:03:16+00:00\" \/>\n<meta name=\"author\" content=\"admin\" \/>\n<meta name=\"twitter:card\" content=\"summary_large_image\" \/>\n<meta name=\"twitter:label1\" content=\"Written by\" \/>\n\t<meta name=\"twitter:data1\" content=\"admin\" \/>\n\t<meta name=\"twitter:label2\" content=\"Est. reading time\" \/>\n\t<meta name=\"twitter:data2\" content=\"1 minute\" \/>\n<script type=\"application\/ld+json\" class=\"yoast-schema-graph\">{\"@context\":\"https:\/\/schema.org\",\"@graph\":[{\"@type\":\"Article\",\"@id\":\"https:\/\/infecar.es\/noticias\/29-edicion-de-la-exposicion-internacional-canina-de-las-palmas\/#article\",\"isPartOf\":{\"@id\":\"\/noticias\/29-edicion-de-la-exposicion-internacional-canina-de-las-palmas\/\"},\"author\":{\"name\":\"admin\",\"@id\":\"https:\/\/infecar.es\/en\/#\/schema\/person\/2411995f63ef29797d62c4fa83b3f3bb\"},\"headline\":\"29 edici\u00f3n de la Exposici\u00f3n Internacional Canina de Las Palmas\",\"datePublished\":\"2013-06-24T16:03:16+00:00\",\"mainEntityOfPage\":{\"@id\":\"\/noticias\/29-edicion-de-la-exposicion-internacional-canina-de-las-palmas\/\"},\"wordCount\":228,\"commentCount\":0,\"publisher\":{\"@id\":\"https:\/\/infecar.es\/en\/#organization\"},\"articleSection\":[\"Sin categorizar\"],\"inLanguage\":\"en-US\"},{\"@type\":\"WebPage\",\"@id\":\"\/noticias\/29-edicion-de-la-exposicion-internacional-canina-de-las-palmas\/\",\"url\":\"https:\/\/infecar.es\/noticias\/29-edicion-de-la-exposicion-internacional-canina-de-las-palmas\/\",\"name\":\"29 edici\u00f3n de la Exposici\u00f3n Internacional Canina de Las Palmas - Infecar\",\"isPartOf\":{\"@id\":\"https:\/\/infecar.es\/en\/#website\"},\"datePublished\":\"2013-06-24T16:03:16+00:00\",\"breadcrumb\":{\"@id\":\"https:\/\/infecar.es\/noticias\/29-edicion-de-la-exposicion-internacional-canina-de-las-palmas\/#breadcrumb\"},\"inLanguage\":\"en-US\",\"potentialAction\":[{\"@type\":\"ReadAction\",\"target\":[\"https:\/\/infecar.es\/noticias\/29-edicion-de-la-exposicion-internacional-canina-de-las-palmas\/\"]}]},{\"@type\":\"BreadcrumbList\",\"@id\":\"https:\/\/infecar.es\/noticias\/29-edicion-de-la-exposicion-internacional-canina-de-las-palmas\/#breadcrumb\",\"itemListElement\":[{\"@type\":\"ListItem\",\"position\":1,\"name\":\"Portada\",\"item\":\"https:\/\/infecar.es\/en\/\"},{\"@type\":\"ListItem\",\"position\":2,\"name\":\"29 edici\u00f3n de la Exposici\u00f3n Internacional Canina de Las Palmas\"}]},{\"@type\":\"WebSite\",\"@id\":\"https:\/\/infecar.es\/en\/#website\",\"url\":\"https:\/\/infecar.es\/en\/\",\"name\":\"Infecar\",\"description\":\"Feria de Gran Canaria\",\"publisher\":{\"@id\":\"https:\/\/infecar.es\/en\/#organization\"},\"potentialAction\":[{\"@type\":\"SearchAction\",\"target\":{\"@type\":\"EntryPoint\",\"urlTemplate\":\"https:\/\/infecar.es\/en\/?s={search_term_string}\"},\"query-input\":{\"@type\":\"PropertyValueSpecification\",\"valueRequired\":true,\"valueName\":\"search_term_string\"}}],\"inLanguage\":\"en-US\"},{\"@type\":\"Organization\",\"@id\":\"https:\/\/infecar.es\/en\/#organization\",\"name\":\"Infecar\",\"url\":\"https:\/\/infecar.es\/en\/\",\"logo\":{\"@type\":\"ImageObject\",\"inLanguage\":\"en-US\",\"@id\":\"https:\/\/infecar.es\/en\/#\/schema\/logo\/image\/\",\"url\":\"https:\/\/infecar.es\/wp-content\/uploads\/2023\/02\/logo_black.svg\",\"contentUrl\":\"https:\/\/infecar.es\/wp-content\/uploads\/2023\/02\/logo_black.svg\",\"width\":1,\"height\":1,\"caption\":\"Infecar\"},\"image\":{\"@id\":\"https:\/\/infecar.es\/en\/#\/schema\/logo\/image\/\"}},{\"@type\":\"Person\",\"@id\":\"https:\/\/infecar.es\/en\/#\/schema\/person\/2411995f63ef29797d62c4fa83b3f3bb\",\"name\":\"admin\",\"image\":{\"@type\":\"ImageObject\",\"inLanguage\":\"en-US\",\"@id\":\"https:\/\/infecar.es\/en\/#\/schema\/person\/image\/\",\"url\":\"https:\/\/secure.gravatar.com\/avatar\/75dbbd3c542520ec06d33839c25bfc19076bf1b9da837dbf8254ae63b9db48ec?s=96&d=mm&r=g\",\"contentUrl\":\"https:\/\/secure.gravatar.com\/avatar\/75dbbd3c542520ec06d33839c25bfc19076bf1b9da837dbf8254ae63b9db48ec?s=96&d=mm&r=g\",\"caption\":\"admin\"},\"sameAs\":[\"http:\/\/infecar.2coders.com\"],\"url\":\"https:\/\/infecar.es\/en\/author\/2coders\/\"}]}<\/script>\n<!-- \/ Yoast SEO plugin. -->","yoast_head_json":{"title":"29 edici\u00f3n de la Exposici\u00f3n Internacional Canina de Las Palmas - Infecar","robots":{"index":"index","follow":"follow","max-snippet":"max-snippet:-1","max-image-preview":"max-image-preview:large","max-video-preview":"max-video-preview:-1"},"canonical":"https:\/\/infecar.es\/noticias\/29-edicion-de-la-exposicion-internacional-canina-de-las-palmas\/","og_locale":"en_US","og_type":"article","og_title":"29 edici\u00f3n de la Exposici\u00f3n Internacional Canina de Las Palmas - Infecar","og_description":"Un\u00a0bich\u00f3n malt\u00e9s blanco\u00a0 se \u00b4pase\u00f3\u00b4 durante el fin de semana por lasinstalaciones\u00a0del recinto de Infecar, en la capital grancanaria, entre otros m\u00e1s de 400 ejemplares de las razas m\u00e1s diversas y, al final, se termin\u00f3 convirtiendo en el mejor perro de los inscritos en la\u00a029 edici\u00f3n de la Exposici\u00f3n Internacional Canina de Las Palmas. La [&hellip;]","og_url":"\/noticias\/29-edicion-de-la-exposicion-internacional-canina-de-las-palmas\/","og_site_name":"Infecar","article_published_time":"2013-06-24T16:03:16+00:00","author":"admin","twitter_card":"summary_large_image","twitter_misc":{"Written by":"admin","Est. reading time":"1 minute"},"schema":{"@context":"https:\/\/schema.org","@graph":[{"@type":"Article","@id":"https:\/\/infecar.es\/noticias\/29-edicion-de-la-exposicion-internacional-canina-de-las-palmas\/#article","isPartOf":{"@id":"\/noticias\/29-edicion-de-la-exposicion-internacional-canina-de-las-palmas\/"},"author":{"name":"admin","@id":"https:\/\/infecar.es\/en\/#\/schema\/person\/2411995f63ef29797d62c4fa83b3f3bb"},"headline":"29 edici\u00f3n de la Exposici\u00f3n Internacional Canina de Las Palmas","datePublished":"2013-06-24T16:03:16+00:00","mainEntityOfPage":{"@id":"\/noticias\/29-edicion-de-la-exposicion-internacional-canina-de-las-palmas\/"},"wordCount":228,"commentCount":0,"publisher":{"@id":"https:\/\/infecar.es\/en\/#organization"},"articleSection":["Sin categorizar"],"inLanguage":"en-US"},{"@type":"WebPage","@id":"\/noticias\/29-edicion-de-la-exposicion-internacional-canina-de-las-palmas\/","url":"https:\/\/infecar.es\/noticias\/29-edicion-de-la-exposicion-internacional-canina-de-las-palmas\/","name":"29 edici\u00f3n de la Exposici\u00f3n Internacional Canina de Las Palmas - Infecar","isPartOf":{"@id":"https:\/\/infecar.es\/en\/#website"},"datePublished":"2013-06-24T16:03:16+00:00","breadcrumb":{"@id":"https:\/\/infecar.es\/noticias\/29-edicion-de-la-exposicion-internacional-canina-de-las-palmas\/#breadcrumb"},"inLanguage":"en-US","potentialAction":[{"@type":"ReadAction","target":["https:\/\/infecar.es\/noticias\/29-edicion-de-la-exposicion-internacional-canina-de-las-palmas\/"]}]},{"@type":"BreadcrumbList","@id":"https:\/\/infecar.es\/noticias\/29-edicion-de-la-exposicion-internacional-canina-de-las-palmas\/#breadcrumb","itemListElement":[{"@type":"ListItem","position":1,"name":"Portada","item":"https:\/\/infecar.es\/en\/"},{"@type":"ListItem","position":2,"name":"29 edici\u00f3n de la Exposici\u00f3n Internacional Canina de Las Palmas"}]},{"@type":"WebSite","@id":"https:\/\/infecar.es\/en\/#website","url":"https:\/\/infecar.es\/en\/","name":"Infecar","description":"Feria de Gran Canaria","publisher":{"@id":"https:\/\/infecar.es\/en\/#organization"},"potentialAction":[{"@type":"SearchAction","target":{"@type":"EntryPoint","urlTemplate":"https:\/\/infecar.es\/en\/?s={search_term_string}"},"query-input":{"@type":"PropertyValueSpecification","valueRequired":true,"valueName":"search_term_string"}}],"inLanguage":"en-US"},{"@type":"Organization","@id":"https:\/\/infecar.es\/en\/#organization","name":"Infecar","url":"https:\/\/infecar.es\/en\/","logo":{"@type":"ImageObject","inLanguage":"en-US","@id":"https:\/\/infecar.es\/en\/#\/schema\/logo\/image\/","url":"https:\/\/infecar.es\/wp-content\/uploads\/2023\/02\/logo_black.svg","contentUrl":"https:\/\/infecar.es\/wp-content\/uploads\/2023\/02\/logo_black.svg","width":1,"height":1,"caption":"Infecar"},"image":{"@id":"https:\/\/infecar.es\/en\/#\/schema\/logo\/image\/"}},{"@type":"Person","@id":"https:\/\/infecar.es\/en\/#\/schema\/person\/2411995f63ef29797d62c4fa83b3f3bb","name":"admin","image":{"@type":"ImageObject","inLanguage":"en-US","@id":"https:\/\/infecar.es\/en\/#\/schema\/person\/image\/","url":"https:\/\/secure.gravatar.com\/avatar\/75dbbd3c542520ec06d33839c25bfc19076bf1b9da837dbf8254ae63b9db48ec?s=96&d=mm&r=g","contentUrl":"https:\/\/secure.gravatar.com\/avatar\/75dbbd3c542520ec06d33839c25bfc19076bf1b9da837dbf8254ae63b9db48ec?s=96&d=mm&r=g","caption":"admin"},"sameAs":["http:\/\/infecar.2coders.com"],"url":"https:\/\/infecar.es\/en\/author\/2coders\/"}]}},"_links":{"self":[{"href":"https:\/\/infecar.es\/en\/wp-json\/wp\/v2\/posts\/5076","targetHints":{"allow":["GET"]}}],"collection":[{"href":"https:\/\/infecar.es\/en\/wp-json\/wp\/v2\/posts"}],"about":[{"href":"https:\/\/infecar.es\/en\/wp-json\/wp\/v2\/types\/post"}],"author":[{"embeddable":true,"href":"https:\/\/infecar.es\/en\/wp-json\/wp\/v2\/users\/1"}],"replies":[{"embeddable":true,"href":"https:\/\/infecar.es\/en\/wp-json\/wp\/v2\/comments?post=5076"}],"version-history":[{"count":0,"href":"https:\/\/infecar.es\/en\/wp-json\/wp\/v2\/posts\/5076\/revisions"}],"wp:attachment":[{"href":"https:\/\/infecar.es\/en\/wp-json\/wp\/v2\/media?parent=5076"}],"wp:term":[{"taxonomy":"category","embeddable":true,"href":"https:\/\/infecar.es\/en\/wp-json\/wp\/v2\/categories?post=5076"},{"taxonomy":"post_tag","embeddable":true,"href":"https:\/\/infecar.es\/en\/wp-json\/wp\/v2\/tags?post=5076"}],"curies":[{"name":"wp","href":"https:\/\/api.w.org\/{rel}","templated":true}]}}