

{"id":5073,"date":"2013-05-19T17:59:17","date_gmt":"2013-05-19T17:59:17","guid":{"rendered":"https:\/\/infecar.es\/2013\/05\/19\/clausura-de-la-1-edicion-gran-canaria-accesible-2013\/"},"modified":"2013-05-19T17:59:17","modified_gmt":"2013-05-19T17:59:17","slug":"clausura-de-la-1-edicion-gran-canaria-accesible-2013","status":"publish","type":"post","link":"\/en\/news\/clausura-de-la-1-edicion-gran-canaria-accesible-2013","title":{"rendered":"Clausura de la 1\u00aa Edici\u00f3n Gran Canaria Accesible 2013"},"content":{"rendered":"<p><span style=\"color: #333333; font-family: 'lucida grande', tahoma, verdana, arial, sans-serif; font-size: 13px; line-height: 18px;\">Alrededor de 17.500 personas se han acercado hasta el Recinto Ferial de Canarias, Infecar, a lo l<\/span><span class=\"text_exposed_show\" style=\"display: inline; color: #333333; font-family: 'lucida grande', tahoma, verdana, arial, sans-serif; font-size: 13px; line-height: 18px;\">argo de las 30 horas durante las que ha tenido lugar la I Feria Gran Canaria Accesible, organizada por la Consejer\u00eda de Pol\u00edtica Social del Cabildo de Gran Canaria y el Instituto de Atenci\u00f3n Social y Sociosanitaria de la Isla que dirige y coordina, Jos\u00e9 Miguel \u00c1lamo. El primer evento de estas caracter\u00edsticas que se pone en marcha en el Archipi\u00e9lago cierra sus puertas con la firme intenci\u00f3n de seguir trabajando por una Isla m\u00e1s accesible e inclusiva para todos los grancanarios y los numerosos turistas que nos visitan.<\/p>\n<p>Entre el jueves 16 y el s\u00e1bado 18 de mayo se han celebrado 65 acciones formativas y conferencias que han contado con una gran acogida entre el p\u00fablico presente. En las mismas se dieron cita fisioterapeutas, arquitectos, economistas, deportistas, periodistas, abogados o psic\u00f3logos que disertaron sobre las diferentes problem\u00e1ticas con las que se encuentran diariamente las personas con discapacidad y que deben ser el objeto de mejora por parte de las instituciones y de todos los estamentos relacionados con la materia.<\/p>\n<p>Esta feria de la accesibilidad ha permitido que 2.700 alumnos de Infantil, Primaria y Secundaria tuvieran una nueva visi\u00f3n sobre las personas con discapacidad. Pudieron tomar parte en las diferentes actividades deportivas que la organizaci\u00f3n puso en marcha en Infecar, y adem\u00e1s fueron testigos del \u00e9xito con el que cont\u00f3 la obra de teatro escrita expresamente para la ocasi\u00f3n por Luis Rodr\u00edguez y protagonizada por los actores Guacimara Correa, Paloma Fuentes y Mingo \u00c1vila.<\/p>\n<p>\u2018La mejor aventura de mi vida\u2019 cuenta la experiencia de una chica en silla de ruedas que vive en una profunda depresi\u00f3n hasta que un voluntario comienza a acompa\u00f1arla y le hace recobrar las ganas de vivir. Unas 4.900 personas disfrutaron de la obra de teatro que se pudo ver en siete ocasiones a lo largo de los tres d\u00edas en el sal\u00f3n de actos de Infecar.<\/p>\n<p>En la clausura de esta primera Feria Gran Canaria Accesible destacaron las conferencias \u2018La felicidad en tiempo de crisis\u2019 y \u2018Superaci\u00f3n personal y felicidad\u2019, ambas impulsadas por el instituto Coca-Cola de Felicidad, cuyos objetivos son la investigaci\u00f3n y la difusi\u00f3n de conocimientos sobre la felicidad con el fin de contribuir a mejorar la calidad de ida de los espa\u00f1oles. Alejandra Vallejo-N\u00e1gera, escritora y divulgadora cient\u00edfica, y Silvia Garc\u00eda Barnechea, licenciada en Empresariales, fueron las protagonistas de estas conferencias.<\/p>\n<p>La Feria Gran Canaria Accesible cierra este s\u00e1bado sus puertas, pero el trabajo no termina aqu\u00ed, el presidente del Cabildo de Gran Canaria, Jos\u00e9 Miguel Bravo de Laguna, afirm\u00f3 durante la presentaci\u00f3n de este evento que la feria \u201cha llegado para quedarse y consolidarse como un punto de encuentro de todos los sectores relacionados directa o indirectamente con esta materia\u201d. Por eso, la organizaci\u00f3n continuar\u00e1 trabajando con el \u00e1nimo de seguir mejorando la accesibilidad en Gran Canaria.<\/span><\/p>\n","protected":false},"excerpt":{"rendered":"<p>Alrededor de 17.500 personas se han acercado hasta el Recinto Ferial de Canarias, Infecar, a lo largo de las 30 horas durante las que ha tenido lugar la I Feria Gran Canaria Accesible, organizada por la Consejer\u00eda de Pol\u00edtica Social del Cabildo de Gran Canaria y el Instituto de Atenci\u00f3n Social y Sociosanitaria de la [&hellip;]<\/p>\n","protected":false},"author":1,"featured_media":1832,"comment_status":"open","ping_status":"open","sticky":false,"template":"","format":"standard","meta":{"_acf_changed":false,"om_disable_all_campaigns":false,"_monsterinsights_skip_tracking":false,"_monsterinsights_sitenote_active":false,"_monsterinsights_sitenote_note":"","_monsterinsights_sitenote_category":0,"_uf_show_specific_survey":0,"_uf_disable_surveys":false,"_joinchat":[],"footnotes":""},"categories":[1],"tags":[],"class_list":["post-5073","post","type-post","status-publish","format-standard","has-post-thumbnail","hentry","category-sin-categorizar"],"acf":[],"aioseo_notices":[],"yoast_head":"<!-- This site is optimized with the Yoast SEO plugin v26.7 - https:\/\/yoast.com\/wordpress\/plugins\/seo\/ -->\n<title>Clausura de la 1\u00aa Edici\u00f3n Gran Canaria Accesible 2013 - Infecar<\/title>\n<meta name=\"robots\" content=\"index, follow, max-snippet:-1, max-image-preview:large, max-video-preview:-1\" \/>\n<link rel=\"canonical\" href=\"https:\/\/infecar.es\/noticias\/clausura-de-la-1-edicion-gran-canaria-accesible-2013\/\" \/>\n<meta property=\"og:locale\" content=\"en_US\" \/>\n<meta property=\"og:type\" content=\"article\" \/>\n<meta property=\"og:title\" content=\"Clausura de la 1\u00aa Edici\u00f3n Gran Canaria Accesible 2013 - Infecar\" \/>\n<meta property=\"og:description\" content=\"Alrededor de 17.500 personas se han acercado hasta el Recinto Ferial de Canarias, Infecar, a lo largo de las 30 horas durante las que ha tenido lugar la I Feria Gran Canaria Accesible, organizada por la Consejer\u00eda de Pol\u00edtica Social del Cabildo de Gran Canaria y el Instituto de Atenci\u00f3n Social y Sociosanitaria de la [&hellip;]\" \/>\n<meta property=\"og:url\" content=\"\/noticias\/clausura-de-la-1-edicion-gran-canaria-accesible-2013\/\" \/>\n<meta property=\"og:site_name\" content=\"Infecar\" \/>\n<meta property=\"article:published_time\" content=\"2013-05-19T17:59:17+00:00\" \/>\n<meta property=\"og:image\" content=\"https:\/\/infecar.es\/wp-content\/uploads\/2023\/01\/463052dad9377fe2445d3b1bfb5f62a3.jpg\" \/>\n\t<meta property=\"og:image:width\" content=\"670\" \/>\n\t<meta property=\"og:image:height\" content=\"447\" \/>\n\t<meta property=\"og:image:type\" content=\"image\/jpeg\" \/>\n<meta name=\"author\" content=\"admin\" \/>\n<meta name=\"twitter:card\" content=\"summary_large_image\" \/>\n<meta name=\"twitter:label1\" content=\"Written by\" \/>\n\t<meta name=\"twitter:data1\" content=\"admin\" \/>\n\t<meta name=\"twitter:label2\" content=\"Est. reading time\" \/>\n\t<meta name=\"twitter:data2\" content=\"3 minutes\" \/>\n<script type=\"application\/ld+json\" class=\"yoast-schema-graph\">{\"@context\":\"https:\/\/schema.org\",\"@graph\":[{\"@type\":\"Article\",\"@id\":\"https:\/\/infecar.es\/noticias\/clausura-de-la-1-edicion-gran-canaria-accesible-2013\/#article\",\"isPartOf\":{\"@id\":\"\/noticias\/clausura-de-la-1-edicion-gran-canaria-accesible-2013\/\"},\"author\":{\"name\":\"admin\",\"@id\":\"https:\/\/infecar.es\/en\/#\/schema\/person\/2411995f63ef29797d62c4fa83b3f3bb\"},\"headline\":\"Clausura de la 1\u00aa Edici\u00f3n Gran Canaria Accesible 2013\",\"datePublished\":\"2013-05-19T17:59:17+00:00\",\"mainEntityOfPage\":{\"@id\":\"\/noticias\/clausura-de-la-1-edicion-gran-canaria-accesible-2013\/\"},\"wordCount\":514,\"commentCount\":0,\"publisher\":{\"@id\":\"https:\/\/infecar.es\/en\/#organization\"},\"image\":{\"@id\":\"https:\/\/infecar.es\/noticias\/clausura-de-la-1-edicion-gran-canaria-accesible-2013\/#primaryimage\"},\"thumbnailUrl\":\"https:\/\/infecar.es\/wp-content\/uploads\/2023\/01\/463052dad9377fe2445d3b1bfb5f62a3.jpg\",\"articleSection\":[\"Sin categorizar\"],\"inLanguage\":\"en-US\"},{\"@type\":\"WebPage\",\"@id\":\"\/noticias\/clausura-de-la-1-edicion-gran-canaria-accesible-2013\/\",\"url\":\"https:\/\/infecar.es\/noticias\/clausura-de-la-1-edicion-gran-canaria-accesible-2013\/\",\"name\":\"Clausura de la 1\u00aa Edici\u00f3n Gran Canaria Accesible 2013 - Infecar\",\"isPartOf\":{\"@id\":\"https:\/\/infecar.es\/en\/#website\"},\"primaryImageOfPage\":{\"@id\":\"https:\/\/infecar.es\/noticias\/clausura-de-la-1-edicion-gran-canaria-accesible-2013\/#primaryimage\"},\"image\":{\"@id\":\"https:\/\/infecar.es\/noticias\/clausura-de-la-1-edicion-gran-canaria-accesible-2013\/#primaryimage\"},\"thumbnailUrl\":\"https:\/\/infecar.es\/wp-content\/uploads\/2023\/01\/463052dad9377fe2445d3b1bfb5f62a3.jpg\",\"datePublished\":\"2013-05-19T17:59:17+00:00\",\"breadcrumb\":{\"@id\":\"https:\/\/infecar.es\/noticias\/clausura-de-la-1-edicion-gran-canaria-accesible-2013\/#breadcrumb\"},\"inLanguage\":\"en-US\",\"potentialAction\":[{\"@type\":\"ReadAction\",\"target\":[\"https:\/\/infecar.es\/noticias\/clausura-de-la-1-edicion-gran-canaria-accesible-2013\/\"]}]},{\"@type\":\"ImageObject\",\"inLanguage\":\"en-US\",\"@id\":\"https:\/\/infecar.es\/noticias\/clausura-de-la-1-edicion-gran-canaria-accesible-2013\/#primaryimage\",\"url\":\"https:\/\/infecar.es\/wp-content\/uploads\/2023\/01\/463052dad9377fe2445d3b1bfb5f62a3.jpg\",\"contentUrl\":\"https:\/\/infecar.es\/wp-content\/uploads\/2023\/01\/463052dad9377fe2445d3b1bfb5f62a3.jpg\",\"width\":670,\"height\":447},{\"@type\":\"BreadcrumbList\",\"@id\":\"https:\/\/infecar.es\/noticias\/clausura-de-la-1-edicion-gran-canaria-accesible-2013\/#breadcrumb\",\"itemListElement\":[{\"@type\":\"ListItem\",\"position\":1,\"name\":\"Portada\",\"item\":\"https:\/\/infecar.es\/en\/\"},{\"@type\":\"ListItem\",\"position\":2,\"name\":\"Clausura de la 1\u00aa Edici\u00f3n Gran Canaria Accesible 2013\"}]},{\"@type\":\"WebSite\",\"@id\":\"https:\/\/infecar.es\/en\/#website\",\"url\":\"https:\/\/infecar.es\/en\/\",\"name\":\"Infecar\",\"description\":\"Feria de Gran Canaria\",\"publisher\":{\"@id\":\"https:\/\/infecar.es\/en\/#organization\"},\"potentialAction\":[{\"@type\":\"SearchAction\",\"target\":{\"@type\":\"EntryPoint\",\"urlTemplate\":\"https:\/\/infecar.es\/en\/?s={search_term_string}\"},\"query-input\":{\"@type\":\"PropertyValueSpecification\",\"valueRequired\":true,\"valueName\":\"search_term_string\"}}],\"inLanguage\":\"en-US\"},{\"@type\":\"Organization\",\"@id\":\"https:\/\/infecar.es\/en\/#organization\",\"name\":\"Infecar\",\"url\":\"https:\/\/infecar.es\/en\/\",\"logo\":{\"@type\":\"ImageObject\",\"inLanguage\":\"en-US\",\"@id\":\"https:\/\/infecar.es\/en\/#\/schema\/logo\/image\/\",\"url\":\"https:\/\/infecar.es\/wp-content\/uploads\/2023\/02\/logo_black.svg\",\"contentUrl\":\"https:\/\/infecar.es\/wp-content\/uploads\/2023\/02\/logo_black.svg\",\"width\":1,\"height\":1,\"caption\":\"Infecar\"},\"image\":{\"@id\":\"https:\/\/infecar.es\/en\/#\/schema\/logo\/image\/\"}},{\"@type\":\"Person\",\"@id\":\"https:\/\/infecar.es\/en\/#\/schema\/person\/2411995f63ef29797d62c4fa83b3f3bb\",\"name\":\"admin\",\"image\":{\"@type\":\"ImageObject\",\"inLanguage\":\"en-US\",\"@id\":\"https:\/\/infecar.es\/en\/#\/schema\/person\/image\/\",\"url\":\"https:\/\/secure.gravatar.com\/avatar\/75dbbd3c542520ec06d33839c25bfc19076bf1b9da837dbf8254ae63b9db48ec?s=96&d=mm&r=g\",\"contentUrl\":\"https:\/\/secure.gravatar.com\/avatar\/75dbbd3c542520ec06d33839c25bfc19076bf1b9da837dbf8254ae63b9db48ec?s=96&d=mm&r=g\",\"caption\":\"admin\"},\"sameAs\":[\"http:\/\/infecar.2coders.com\"],\"url\":\"https:\/\/infecar.es\/en\/author\/2coders\/\"}]}<\/script>\n<!-- \/ Yoast SEO plugin. -->","yoast_head_json":{"title":"Clausura de la 1\u00aa Edici\u00f3n Gran Canaria Accesible 2013 - Infecar","robots":{"index":"index","follow":"follow","max-snippet":"max-snippet:-1","max-image-preview":"max-image-preview:large","max-video-preview":"max-video-preview:-1"},"canonical":"https:\/\/infecar.es\/noticias\/clausura-de-la-1-edicion-gran-canaria-accesible-2013\/","og_locale":"en_US","og_type":"article","og_title":"Clausura de la 1\u00aa Edici\u00f3n Gran Canaria Accesible 2013 - Infecar","og_description":"Alrededor de 17.500 personas se han acercado hasta el Recinto Ferial de Canarias, Infecar, a lo largo de las 30 horas durante las que ha tenido lugar la I Feria Gran Canaria Accesible, organizada por la Consejer\u00eda de Pol\u00edtica Social del Cabildo de Gran Canaria y el Instituto de Atenci\u00f3n Social y Sociosanitaria de la [&hellip;]","og_url":"\/noticias\/clausura-de-la-1-edicion-gran-canaria-accesible-2013\/","og_site_name":"Infecar","article_published_time":"2013-05-19T17:59:17+00:00","og_image":[{"width":670,"height":447,"url":"https:\/\/infecar.es\/wp-content\/uploads\/2023\/01\/463052dad9377fe2445d3b1bfb5f62a3.jpg","type":"image\/jpeg"}],"author":"admin","twitter_card":"summary_large_image","twitter_misc":{"Written by":"admin","Est. reading time":"3 minutes"},"schema":{"@context":"https:\/\/schema.org","@graph":[{"@type":"Article","@id":"https:\/\/infecar.es\/noticias\/clausura-de-la-1-edicion-gran-canaria-accesible-2013\/#article","isPartOf":{"@id":"\/noticias\/clausura-de-la-1-edicion-gran-canaria-accesible-2013\/"},"author":{"name":"admin","@id":"https:\/\/infecar.es\/en\/#\/schema\/person\/2411995f63ef29797d62c4fa83b3f3bb"},"headline":"Clausura de la 1\u00aa Edici\u00f3n Gran Canaria Accesible 2013","datePublished":"2013-05-19T17:59:17+00:00","mainEntityOfPage":{"@id":"\/noticias\/clausura-de-la-1-edicion-gran-canaria-accesible-2013\/"},"wordCount":514,"commentCount":0,"publisher":{"@id":"https:\/\/infecar.es\/en\/#organization"},"image":{"@id":"https:\/\/infecar.es\/noticias\/clausura-de-la-1-edicion-gran-canaria-accesible-2013\/#primaryimage"},"thumbnailUrl":"https:\/\/infecar.es\/wp-content\/uploads\/2023\/01\/463052dad9377fe2445d3b1bfb5f62a3.jpg","articleSection":["Sin categorizar"],"inLanguage":"en-US"},{"@type":"WebPage","@id":"\/noticias\/clausura-de-la-1-edicion-gran-canaria-accesible-2013\/","url":"https:\/\/infecar.es\/noticias\/clausura-de-la-1-edicion-gran-canaria-accesible-2013\/","name":"Clausura de la 1\u00aa Edici\u00f3n Gran Canaria Accesible 2013 - Infecar","isPartOf":{"@id":"https:\/\/infecar.es\/en\/#website"},"primaryImageOfPage":{"@id":"https:\/\/infecar.es\/noticias\/clausura-de-la-1-edicion-gran-canaria-accesible-2013\/#primaryimage"},"image":{"@id":"https:\/\/infecar.es\/noticias\/clausura-de-la-1-edicion-gran-canaria-accesible-2013\/#primaryimage"},"thumbnailUrl":"https:\/\/infecar.es\/wp-content\/uploads\/2023\/01\/463052dad9377fe2445d3b1bfb5f62a3.jpg","datePublished":"2013-05-19T17:59:17+00:00","breadcrumb":{"@id":"https:\/\/infecar.es\/noticias\/clausura-de-la-1-edicion-gran-canaria-accesible-2013\/#breadcrumb"},"inLanguage":"en-US","potentialAction":[{"@type":"ReadAction","target":["https:\/\/infecar.es\/noticias\/clausura-de-la-1-edicion-gran-canaria-accesible-2013\/"]}]},{"@type":"ImageObject","inLanguage":"en-US","@id":"https:\/\/infecar.es\/noticias\/clausura-de-la-1-edicion-gran-canaria-accesible-2013\/#primaryimage","url":"https:\/\/infecar.es\/wp-content\/uploads\/2023\/01\/463052dad9377fe2445d3b1bfb5f62a3.jpg","contentUrl":"https:\/\/infecar.es\/wp-content\/uploads\/2023\/01\/463052dad9377fe2445d3b1bfb5f62a3.jpg","width":670,"height":447},{"@type":"BreadcrumbList","@id":"https:\/\/infecar.es\/noticias\/clausura-de-la-1-edicion-gran-canaria-accesible-2013\/#breadcrumb","itemListElement":[{"@type":"ListItem","position":1,"name":"Portada","item":"https:\/\/infecar.es\/en\/"},{"@type":"ListItem","position":2,"name":"Clausura de la 1\u00aa Edici\u00f3n Gran Canaria Accesible 2013"}]},{"@type":"WebSite","@id":"https:\/\/infecar.es\/en\/#website","url":"https:\/\/infecar.es\/en\/","name":"Infecar","description":"Feria de Gran Canaria","publisher":{"@id":"https:\/\/infecar.es\/en\/#organization"},"potentialAction":[{"@type":"SearchAction","target":{"@type":"EntryPoint","urlTemplate":"https:\/\/infecar.es\/en\/?s={search_term_string}"},"query-input":{"@type":"PropertyValueSpecification","valueRequired":true,"valueName":"search_term_string"}}],"inLanguage":"en-US"},{"@type":"Organization","@id":"https:\/\/infecar.es\/en\/#organization","name":"Infecar","url":"https:\/\/infecar.es\/en\/","logo":{"@type":"ImageObject","inLanguage":"en-US","@id":"https:\/\/infecar.es\/en\/#\/schema\/logo\/image\/","url":"https:\/\/infecar.es\/wp-content\/uploads\/2023\/02\/logo_black.svg","contentUrl":"https:\/\/infecar.es\/wp-content\/uploads\/2023\/02\/logo_black.svg","width":1,"height":1,"caption":"Infecar"},"image":{"@id":"https:\/\/infecar.es\/en\/#\/schema\/logo\/image\/"}},{"@type":"Person","@id":"https:\/\/infecar.es\/en\/#\/schema\/person\/2411995f63ef29797d62c4fa83b3f3bb","name":"admin","image":{"@type":"ImageObject","inLanguage":"en-US","@id":"https:\/\/infecar.es\/en\/#\/schema\/person\/image\/","url":"https:\/\/secure.gravatar.com\/avatar\/75dbbd3c542520ec06d33839c25bfc19076bf1b9da837dbf8254ae63b9db48ec?s=96&d=mm&r=g","contentUrl":"https:\/\/secure.gravatar.com\/avatar\/75dbbd3c542520ec06d33839c25bfc19076bf1b9da837dbf8254ae63b9db48ec?s=96&d=mm&r=g","caption":"admin"},"sameAs":["http:\/\/infecar.2coders.com"],"url":"https:\/\/infecar.es\/en\/author\/2coders\/"}]}},"_links":{"self":[{"href":"https:\/\/infecar.es\/en\/wp-json\/wp\/v2\/posts\/5073","targetHints":{"allow":["GET"]}}],"collection":[{"href":"https:\/\/infecar.es\/en\/wp-json\/wp\/v2\/posts"}],"about":[{"href":"https:\/\/infecar.es\/en\/wp-json\/wp\/v2\/types\/post"}],"author":[{"embeddable":true,"href":"https:\/\/infecar.es\/en\/wp-json\/wp\/v2\/users\/1"}],"replies":[{"embeddable":true,"href":"https:\/\/infecar.es\/en\/wp-json\/wp\/v2\/comments?post=5073"}],"version-history":[{"count":0,"href":"https:\/\/infecar.es\/en\/wp-json\/wp\/v2\/posts\/5073\/revisions"}],"wp:featuredmedia":[{"embeddable":true,"href":"https:\/\/infecar.es\/en\/wp-json\/wp\/v2\/media\/1832"}],"wp:attachment":[{"href":"https:\/\/infecar.es\/en\/wp-json\/wp\/v2\/media?parent=5073"}],"wp:term":[{"taxonomy":"category","embeddable":true,"href":"https:\/\/infecar.es\/en\/wp-json\/wp\/v2\/categories?post=5073"},{"taxonomy":"post_tag","embeddable":true,"href":"https:\/\/infecar.es\/en\/wp-json\/wp\/v2\/tags?post=5073"}],"curies":[{"name":"wp","href":"https:\/\/api.w.org\/{rel}","templated":true}]}}