

{"id":5069,"date":"2013-05-15T13:49:53","date_gmt":"2013-05-15T13:49:53","guid":{"rendered":"https:\/\/infecar.es\/2013\/05\/15\/gran-canaria-accesible-13-2\/"},"modified":"2013-05-15T13:49:53","modified_gmt":"2013-05-15T13:49:53","slug":"gran-canaria-accesible-13-2","status":"publish","type":"post","link":"\/en\/news\/gran-canaria-accesible-13-2","title":{"rendered":"Gran Canaria Accesible 2013"},"content":{"rendered":"<p>El Cabildo de Gran Canaria, a trav\u00e9s del Instituto de Atenci\u00f3n Social y Sociosanitaria (IASS), pone en marcha la FERIA GRAN CANARIA ACCESIBLE 2013<\/p>\n<div id=\"id_51938ea0aacec9b14595106\" class=\"text_exposed_root text_exposed\">El trabajo de la sociedad con el mundo de la discapacidad y la dependencia ser\u00e1 mostrado en la Feria Gran Canaria Accesible 2013 en cuatro grandes espacios bien diferenciados e integrados entre si<\/p>\n<p> La primera FERIA GRAN CANARIA ACCESIBLE q<span class=\"text_exposed_show\">ue se celebrar\u00e1 los pr\u00f3ximos 16, 17 y 18 de mayo, en las instalaciones de INFECAR en la capital grancanaria, prev\u00e9 mostrar en cuatro grandes espacios bien diferenciados e integrados entre s\u00ed, el trabajo de la sociedad en su conjunto, con el mundo de la discapacidad y la dependencia en la Isla.<\/p>\n<p> Por tanto \u2013a partir del pr\u00f3ximo jueves, 16 de mayo- habr\u00e1 en INFECAR un primer espacio expositor de asociaciones y centros ocupacionales, un segundo espacio destinado a las instituciones p\u00fablicas y fundaciones, un tercer espacio para empresas proveedoras de bienes y servicios destinado al p\u00fablico con discapacidad y\/o dependencia en sus diferentes grados (mayores, etc), y un cuarto espacio destinado al intercambio de conocimiento, para la celebraci\u00f3n de las jornadas t\u00e9cnicas, ponencias y mesas redondas.<\/p>\n<p> En cuanto al espacio expositor de empresas, en \u00e9l tambi\u00e9n tendr\u00e1n cabida los centros de trabajo integradores de personas con discapacidad y dependencia que ofrecen bienes y servicios a la sociedad en general. Mientras que, una menci\u00f3n especial merecer\u00e1, el espacio destinado a congresos, jornadas t\u00e9cnicas, desarrollo de ponencias y mesas redondas con la discapacidad y dependencia como eje central, en el que confluyen otros sectores transversales como el tejido empresarial, sector m\u00e9dico, turismo, personas con discapacidad y dependencia, p\u00fablico en general, atenci\u00f3n primaria, obras p\u00fablicas e infraestructuras\u2026 (nuevas asociaciones, enfermedades de nueva denominaci\u00f3n, formas jur\u00eddicas de las asociaciones, problemas de accesibilidad, movilidad, servicios, pol\u00edticas sociales en ayuda de los enfermos\u2026). Se ha dise\u00f1ado as\u00ed un amplio y completo programa de actividades, con la participaci\u00f3n de m\u00e1s de 80 empresas y asociaciones vinculadas a la accesibilidad.<\/p>\n<p> La FERIA GRAN CANARIA ACCESIBLE se convertir\u00e1 as\u00ed tambi\u00e9n en un gran escaparate de negocios, una oportunidad comercial para todas las empresas proveedoras de productos y servicios al sector de la discapacidad y dependencia. Se constituir\u00e1 \u2013por tanto- como un punto de venta directo, as\u00ed como de acceso a un gran n\u00famero de clientes potenciales, tanto particulares como colectivos (asociaciones, etc.), instituciones, fundaciones, y p\u00fablico general.<\/p>\n<p> El p\u00fablico podr\u00e1 visitar un total de 58 stands de asociaciones, fundaciones e instituciones a los que desde el Instituto de Atenci\u00f3n Social y Sociosanitaria del Cabildo de Gran Canaria se les muestra as\u00ed su decidida apuesta por dar a conocer y facilitarles un punto de encuentro con los diferentes protagonistas del sector. Adem\u00e1s podr\u00e1n participar un total de 20 empresas especializadas en servicios sociosanitarios que trabajan en Gran Canaria. El Instituto IAS de Gran Canaria ha invitado a todos los centros de Atenci\u00f3n a Mayores y a Personas con Discapacidad, as\u00ed como a todos los centros educativos de los 21 municipios de la Isla.<\/p>\n<p> La FERIA GRAN CANARIA ACCESIBLE 2013 desde su desarrollo com\u00fan con los diferentes sectores protagonistas ya se erige \u2013por tanto- como un referente en s\u00ed, y en una oportunidad \u00fanica para involucrar a todas las partes implicadas en una sola f\u00f3rmula coordinada e integradora (centros sanitarios, residenciales, laboratorios farmac\u00e9uticos, proveedores de productos y servicios, sector financiero, aseguradoras, empresas de certificaci\u00f3n, etc.).<\/span><\/div>\n","protected":false},"excerpt":{"rendered":"<p>El Cabildo de Gran Canaria, a trav\u00e9s del Instituto de Atenci\u00f3n Social y Sociosanitaria (IASS), pone en marcha la FERIA GRAN CANARIA ACCESIBLE 2013 El trabajo de la sociedad con el mundo de la discapacidad y la dependencia ser\u00e1 mostrado en la Feria Gran Canaria Accesible 2013 en cuatro grandes espacios bien diferenciados e integrados [&hellip;]<\/p>\n","protected":false},"author":1,"featured_media":0,"comment_status":"open","ping_status":"open","sticky":false,"template":"","format":"standard","meta":{"_acf_changed":false,"om_disable_all_campaigns":false,"_monsterinsights_skip_tracking":false,"_monsterinsights_sitenote_active":false,"_monsterinsights_sitenote_note":"","_monsterinsights_sitenote_category":0,"_uf_show_specific_survey":0,"_uf_disable_surveys":false,"_joinchat":[],"footnotes":""},"categories":[1],"tags":[],"class_list":["post-5069","post","type-post","status-publish","format-standard","hentry","category-sin-categorizar"],"acf":[],"aioseo_notices":[],"yoast_head":"<!-- This site is optimized with the Yoast SEO plugin v26.7 - https:\/\/yoast.com\/wordpress\/plugins\/seo\/ -->\n<title>Gran Canaria Accesible 2013 - Infecar<\/title>\n<meta name=\"robots\" content=\"index, follow, max-snippet:-1, max-image-preview:large, max-video-preview:-1\" \/>\n<link rel=\"canonical\" href=\"https:\/\/infecar.es\/en\/news\/gran-canaria-accesible-13-2\/\" \/>\n<meta property=\"og:locale\" content=\"en_US\" \/>\n<meta property=\"og:type\" content=\"article\" \/>\n<meta property=\"og:title\" content=\"Gran Canaria Accesible 2013 - Infecar\" \/>\n<meta property=\"og:description\" content=\"El Cabildo de Gran Canaria, a trav\u00e9s del Instituto de Atenci\u00f3n Social y Sociosanitaria (IASS), pone en marcha la FERIA GRAN CANARIA ACCESIBLE 2013 El trabajo de la sociedad con el mundo de la discapacidad y la dependencia ser\u00e1 mostrado en la Feria Gran Canaria Accesible 2013 en cuatro grandes espacios bien diferenciados e integrados [&hellip;]\" \/>\n<meta property=\"og:url\" content=\"\/en\/news\/gran-canaria-accesible-13-2\/\" \/>\n<meta property=\"og:site_name\" content=\"Infecar\" \/>\n<meta property=\"article:published_time\" content=\"2013-05-15T13:49:53+00:00\" \/>\n<meta name=\"author\" content=\"admin\" \/>\n<meta name=\"twitter:card\" content=\"summary_large_image\" \/>\n<meta name=\"twitter:label1\" content=\"Written by\" \/>\n\t<meta name=\"twitter:data1\" content=\"admin\" \/>\n\t<meta name=\"twitter:label2\" content=\"Est. reading time\" \/>\n\t<meta name=\"twitter:data2\" content=\"3 minutes\" \/>\n<script type=\"application\/ld+json\" class=\"yoast-schema-graph\">{\"@context\":\"https:\/\/schema.org\",\"@graph\":[{\"@type\":\"Article\",\"@id\":\"https:\/\/infecar.es\/en\/news\/gran-canaria-accesible-13-2\/#article\",\"isPartOf\":{\"@id\":\"\/en\/news\/gran-canaria-accesible-13-2\/\"},\"author\":{\"name\":\"admin\",\"@id\":\"https:\/\/infecar.es\/en\/#\/schema\/person\/2411995f63ef29797d62c4fa83b3f3bb\"},\"headline\":\"Gran Canaria Accesible 2013\",\"datePublished\":\"2013-05-15T13:49:53+00:00\",\"mainEntityOfPage\":{\"@id\":\"\/en\/news\/gran-canaria-accesible-13-2\/\"},\"wordCount\":585,\"commentCount\":0,\"publisher\":{\"@id\":\"https:\/\/infecar.es\/en\/#organization\"},\"articleSection\":[\"Sin categorizar\"],\"inLanguage\":\"en-US\"},{\"@type\":\"WebPage\",\"@id\":\"\/en\/news\/gran-canaria-accesible-13-2\/\",\"url\":\"https:\/\/infecar.es\/en\/news\/gran-canaria-accesible-13-2\/\",\"name\":\"Gran Canaria Accesible 2013 - Infecar\",\"isPartOf\":{\"@id\":\"https:\/\/infecar.es\/en\/#website\"},\"datePublished\":\"2013-05-15T13:49:53+00:00\",\"breadcrumb\":{\"@id\":\"https:\/\/infecar.es\/en\/news\/gran-canaria-accesible-13-2\/#breadcrumb\"},\"inLanguage\":\"en-US\",\"potentialAction\":[{\"@type\":\"ReadAction\",\"target\":[\"https:\/\/infecar.es\/en\/news\/gran-canaria-accesible-13-2\/\"]}]},{\"@type\":\"BreadcrumbList\",\"@id\":\"https:\/\/infecar.es\/en\/news\/gran-canaria-accesible-13-2\/#breadcrumb\",\"itemListElement\":[{\"@type\":\"ListItem\",\"position\":1,\"name\":\"Portada\",\"item\":\"https:\/\/infecar.es\/en\/\"},{\"@type\":\"ListItem\",\"position\":2,\"name\":\"Gran Canaria Accesible 2013\"}]},{\"@type\":\"WebSite\",\"@id\":\"https:\/\/infecar.es\/en\/#website\",\"url\":\"https:\/\/infecar.es\/en\/\",\"name\":\"Infecar\",\"description\":\"Feria de Gran Canaria\",\"publisher\":{\"@id\":\"https:\/\/infecar.es\/en\/#organization\"},\"potentialAction\":[{\"@type\":\"SearchAction\",\"target\":{\"@type\":\"EntryPoint\",\"urlTemplate\":\"https:\/\/infecar.es\/en\/?s={search_term_string}\"},\"query-input\":{\"@type\":\"PropertyValueSpecification\",\"valueRequired\":true,\"valueName\":\"search_term_string\"}}],\"inLanguage\":\"en-US\"},{\"@type\":\"Organization\",\"@id\":\"https:\/\/infecar.es\/en\/#organization\",\"name\":\"Infecar\",\"url\":\"https:\/\/infecar.es\/en\/\",\"logo\":{\"@type\":\"ImageObject\",\"inLanguage\":\"en-US\",\"@id\":\"https:\/\/infecar.es\/en\/#\/schema\/logo\/image\/\",\"url\":\"https:\/\/infecar.es\/wp-content\/uploads\/2023\/02\/logo_black.svg\",\"contentUrl\":\"https:\/\/infecar.es\/wp-content\/uploads\/2023\/02\/logo_black.svg\",\"width\":1,\"height\":1,\"caption\":\"Infecar\"},\"image\":{\"@id\":\"https:\/\/infecar.es\/en\/#\/schema\/logo\/image\/\"}},{\"@type\":\"Person\",\"@id\":\"https:\/\/infecar.es\/en\/#\/schema\/person\/2411995f63ef29797d62c4fa83b3f3bb\",\"name\":\"admin\",\"image\":{\"@type\":\"ImageObject\",\"inLanguage\":\"en-US\",\"@id\":\"https:\/\/infecar.es\/en\/#\/schema\/person\/image\/\",\"url\":\"https:\/\/secure.gravatar.com\/avatar\/75dbbd3c542520ec06d33839c25bfc19076bf1b9da837dbf8254ae63b9db48ec?s=96&d=mm&r=g\",\"contentUrl\":\"https:\/\/secure.gravatar.com\/avatar\/75dbbd3c542520ec06d33839c25bfc19076bf1b9da837dbf8254ae63b9db48ec?s=96&d=mm&r=g\",\"caption\":\"admin\"},\"sameAs\":[\"http:\/\/infecar.2coders.com\"],\"url\":\"https:\/\/infecar.es\/en\/author\/2coders\/\"}]}<\/script>\n<!-- \/ Yoast SEO plugin. -->","yoast_head_json":{"title":"Gran Canaria Accesible 2013 - Infecar","robots":{"index":"index","follow":"follow","max-snippet":"max-snippet:-1","max-image-preview":"max-image-preview:large","max-video-preview":"max-video-preview:-1"},"canonical":"https:\/\/infecar.es\/en\/news\/gran-canaria-accesible-13-2\/","og_locale":"en_US","og_type":"article","og_title":"Gran Canaria Accesible 2013 - Infecar","og_description":"El Cabildo de Gran Canaria, a trav\u00e9s del Instituto de Atenci\u00f3n Social y Sociosanitaria (IASS), pone en marcha la FERIA GRAN CANARIA ACCESIBLE 2013 El trabajo de la sociedad con el mundo de la discapacidad y la dependencia ser\u00e1 mostrado en la Feria Gran Canaria Accesible 2013 en cuatro grandes espacios bien diferenciados e integrados [&hellip;]","og_url":"\/en\/news\/gran-canaria-accesible-13-2\/","og_site_name":"Infecar","article_published_time":"2013-05-15T13:49:53+00:00","author":"admin","twitter_card":"summary_large_image","twitter_misc":{"Written by":"admin","Est. reading time":"3 minutes"},"schema":{"@context":"https:\/\/schema.org","@graph":[{"@type":"Article","@id":"https:\/\/infecar.es\/en\/news\/gran-canaria-accesible-13-2\/#article","isPartOf":{"@id":"\/en\/news\/gran-canaria-accesible-13-2\/"},"author":{"name":"admin","@id":"https:\/\/infecar.es\/en\/#\/schema\/person\/2411995f63ef29797d62c4fa83b3f3bb"},"headline":"Gran Canaria Accesible 2013","datePublished":"2013-05-15T13:49:53+00:00","mainEntityOfPage":{"@id":"\/en\/news\/gran-canaria-accesible-13-2\/"},"wordCount":585,"commentCount":0,"publisher":{"@id":"https:\/\/infecar.es\/en\/#organization"},"articleSection":["Sin categorizar"],"inLanguage":"en-US"},{"@type":"WebPage","@id":"\/en\/news\/gran-canaria-accesible-13-2\/","url":"https:\/\/infecar.es\/en\/news\/gran-canaria-accesible-13-2\/","name":"Gran Canaria Accesible 2013 - Infecar","isPartOf":{"@id":"https:\/\/infecar.es\/en\/#website"},"datePublished":"2013-05-15T13:49:53+00:00","breadcrumb":{"@id":"https:\/\/infecar.es\/en\/news\/gran-canaria-accesible-13-2\/#breadcrumb"},"inLanguage":"en-US","potentialAction":[{"@type":"ReadAction","target":["https:\/\/infecar.es\/en\/news\/gran-canaria-accesible-13-2\/"]}]},{"@type":"BreadcrumbList","@id":"https:\/\/infecar.es\/en\/news\/gran-canaria-accesible-13-2\/#breadcrumb","itemListElement":[{"@type":"ListItem","position":1,"name":"Portada","item":"https:\/\/infecar.es\/en\/"},{"@type":"ListItem","position":2,"name":"Gran Canaria Accesible 2013"}]},{"@type":"WebSite","@id":"https:\/\/infecar.es\/en\/#website","url":"https:\/\/infecar.es\/en\/","name":"Infecar","description":"Feria de Gran Canaria","publisher":{"@id":"https:\/\/infecar.es\/en\/#organization"},"potentialAction":[{"@type":"SearchAction","target":{"@type":"EntryPoint","urlTemplate":"https:\/\/infecar.es\/en\/?s={search_term_string}"},"query-input":{"@type":"PropertyValueSpecification","valueRequired":true,"valueName":"search_term_string"}}],"inLanguage":"en-US"},{"@type":"Organization","@id":"https:\/\/infecar.es\/en\/#organization","name":"Infecar","url":"https:\/\/infecar.es\/en\/","logo":{"@type":"ImageObject","inLanguage":"en-US","@id":"https:\/\/infecar.es\/en\/#\/schema\/logo\/image\/","url":"https:\/\/infecar.es\/wp-content\/uploads\/2023\/02\/logo_black.svg","contentUrl":"https:\/\/infecar.es\/wp-content\/uploads\/2023\/02\/logo_black.svg","width":1,"height":1,"caption":"Infecar"},"image":{"@id":"https:\/\/infecar.es\/en\/#\/schema\/logo\/image\/"}},{"@type":"Person","@id":"https:\/\/infecar.es\/en\/#\/schema\/person\/2411995f63ef29797d62c4fa83b3f3bb","name":"admin","image":{"@type":"ImageObject","inLanguage":"en-US","@id":"https:\/\/infecar.es\/en\/#\/schema\/person\/image\/","url":"https:\/\/secure.gravatar.com\/avatar\/75dbbd3c542520ec06d33839c25bfc19076bf1b9da837dbf8254ae63b9db48ec?s=96&d=mm&r=g","contentUrl":"https:\/\/secure.gravatar.com\/avatar\/75dbbd3c542520ec06d33839c25bfc19076bf1b9da837dbf8254ae63b9db48ec?s=96&d=mm&r=g","caption":"admin"},"sameAs":["http:\/\/infecar.2coders.com"],"url":"https:\/\/infecar.es\/en\/author\/2coders\/"}]}},"_links":{"self":[{"href":"https:\/\/infecar.es\/en\/wp-json\/wp\/v2\/posts\/5069","targetHints":{"allow":["GET"]}}],"collection":[{"href":"https:\/\/infecar.es\/en\/wp-json\/wp\/v2\/posts"}],"about":[{"href":"https:\/\/infecar.es\/en\/wp-json\/wp\/v2\/types\/post"}],"author":[{"embeddable":true,"href":"https:\/\/infecar.es\/en\/wp-json\/wp\/v2\/users\/1"}],"replies":[{"embeddable":true,"href":"https:\/\/infecar.es\/en\/wp-json\/wp\/v2\/comments?post=5069"}],"version-history":[{"count":0,"href":"https:\/\/infecar.es\/en\/wp-json\/wp\/v2\/posts\/5069\/revisions"}],"wp:attachment":[{"href":"https:\/\/infecar.es\/en\/wp-json\/wp\/v2\/media?parent=5069"}],"wp:term":[{"taxonomy":"category","embeddable":true,"href":"https:\/\/infecar.es\/en\/wp-json\/wp\/v2\/categories?post=5069"},{"taxonomy":"post_tag","embeddable":true,"href":"https:\/\/infecar.es\/en\/wp-json\/wp\/v2\/tags?post=5069"}],"curies":[{"name":"wp","href":"https:\/\/api.w.org\/{rel}","templated":true}]}}