

{"id":5068,"date":"2011-09-09T14:29:30","date_gmt":"2011-09-09T14:29:30","guid":{"rendered":"https:\/\/infecar.es\/2011\/09\/09\/gran-canaria-accesible-13\/"},"modified":"2011-09-09T14:29:30","modified_gmt":"2011-09-09T14:29:30","slug":"gran-canaria-accesible-13","status":"publish","type":"post","link":"\/en\/news\/gran-canaria-accesible-13","title":{"rendered":"1\u00aa Edici\u00f3n Gran Canaria Accesible 2013"},"content":{"rendered":"<p>\n\tEl Cabildo de Gran Canaria, a trav\u00e9s del Instituto de Atenci\u00f3n Social y Sociosanitaria (IASS), pone en marcha la FERIA GRAN CANARIA ACCESIBLE 2013, del 16 al 18 de mayo de 2013 en INFECAR.<\/p>\n<p>\n\tEl objetivo principal de la FERIA GRAN CANARIA ACCESIBLE 2013 es, entre otros, servir como punto de encuentro de todos los sectores implicados en la atenci\u00f3n a las personas en situaci\u00f3n de discapacidad y la dependencia: Asociaciones, ONG, Empresas proveedoras de servicios y productos, Fundaciones e Instituciones P\u00fablicas.<\/p>\n<p>\n\tAdem\u00e1s, GRAN CANARIA ACCESIBLE 2013 pretende convertirse en el escenario donde poder conocer de primera mano cu\u00e1les son las nuevas necesidades de este sector y ofrecerles todos aquellos servicios y productos que contribuyan a mejorar su calidad de vida, no s\u00f3lo las de las personas en situaci\u00f3n de discapacidad y la dependencia, sino las de sus familias y cuidadores. Un gran punto de encuentro en el que se realizar\u00e1n debates, mesas redondas, talleres, ponencias, foros, presentaciones, etc., a las que acudan la poblaci\u00f3n en general.<\/p>\n<p>\n\tLA FERIA GRAN CANARIA ACCESIBLE 2013, se convierte as\u00ed en una oportunidad \u00fanica para involucrar a todas las partes implicadas (centros sanitarios, residenciales, laboratorios farmac\u00e9uticos, proveedores de productos y servicios, sector financiero, aseguradoras, empresas de certificaci\u00f3n, etc.)y colaborar estrechamente con las administraciones p\u00fablicas y colectivos, en un intento de dar una respuesta r\u00e1pida y eficaz a los retos que se nos plantea<\/p>\n","protected":false},"excerpt":{"rendered":"<p>El Cabildo de Gran Canaria, a trav\u00e9s del Instituto de Atenci\u00f3n Social y Sociosanitaria (IASS), pone en marcha la FERIA GRAN CANARIA ACCESIBLE 2013, del 16 al 18 de mayo de 2013 en INFECAR. El objetivo principal de la FERIA GRAN CANARIA ACCESIBLE 2013 es, entre otros, servir como punto de encuentro de todos los [&hellip;]<\/p>\n","protected":false},"author":1,"featured_media":0,"comment_status":"open","ping_status":"open","sticky":false,"template":"","format":"standard","meta":{"_acf_changed":false,"om_disable_all_campaigns":false,"_monsterinsights_skip_tracking":false,"_monsterinsights_sitenote_active":false,"_monsterinsights_sitenote_note":"","_monsterinsights_sitenote_category":0,"_uf_show_specific_survey":0,"_uf_disable_surveys":false,"_joinchat":[],"footnotes":""},"categories":[1],"tags":[],"class_list":["post-5068","post","type-post","status-publish","format-standard","hentry","category-sin-categorizar"],"acf":[],"aioseo_notices":[],"yoast_head":"<!-- This site is optimized with the Yoast SEO plugin v26.7 - https:\/\/yoast.com\/wordpress\/plugins\/seo\/ -->\n<title>1\u00aa Edici\u00f3n Gran Canaria Accesible 2013 - Infecar<\/title>\n<meta name=\"robots\" content=\"index, follow, max-snippet:-1, max-image-preview:large, max-video-preview:-1\" \/>\n<link rel=\"canonical\" href=\"https:\/\/infecar.es\/en\/news\/gran-canaria-accesible-13\/\" \/>\n<meta property=\"og:locale\" content=\"en_US\" \/>\n<meta property=\"og:type\" content=\"article\" \/>\n<meta property=\"og:title\" content=\"1\u00aa Edici\u00f3n Gran Canaria Accesible 2013 - Infecar\" \/>\n<meta property=\"og:description\" content=\"El Cabildo de Gran Canaria, a trav\u00e9s del Instituto de Atenci\u00f3n Social y Sociosanitaria (IASS), pone en marcha la FERIA GRAN CANARIA ACCESIBLE 2013, del 16 al 18 de mayo de 2013 en INFECAR. El objetivo principal de la FERIA GRAN CANARIA ACCESIBLE 2013 es, entre otros, servir como punto de encuentro de todos los [&hellip;]\" \/>\n<meta property=\"og:url\" content=\"\/en\/news\/gran-canaria-accesible-13\/\" \/>\n<meta property=\"og:site_name\" content=\"Infecar\" \/>\n<meta property=\"article:published_time\" content=\"2011-09-09T14:29:30+00:00\" \/>\n<meta name=\"author\" content=\"admin\" \/>\n<meta name=\"twitter:card\" content=\"summary_large_image\" \/>\n<meta name=\"twitter:label1\" content=\"Written by\" \/>\n\t<meta name=\"twitter:data1\" content=\"admin\" \/>\n\t<meta name=\"twitter:label2\" content=\"Est. reading time\" \/>\n\t<meta name=\"twitter:data2\" content=\"1 minute\" \/>\n<script type=\"application\/ld+json\" class=\"yoast-schema-graph\">{\"@context\":\"https:\/\/schema.org\",\"@graph\":[{\"@type\":\"Article\",\"@id\":\"https:\/\/infecar.es\/en\/news\/gran-canaria-accesible-13\/#article\",\"isPartOf\":{\"@id\":\"\/en\/news\/gran-canaria-accesible-13\/\"},\"author\":{\"name\":\"admin\",\"@id\":\"https:\/\/infecar.es\/en\/#\/schema\/person\/2411995f63ef29797d62c4fa83b3f3bb\"},\"headline\":\"1\u00aa Edici\u00f3n Gran Canaria Accesible 2013\",\"datePublished\":\"2011-09-09T14:29:30+00:00\",\"mainEntityOfPage\":{\"@id\":\"\/en\/news\/gran-canaria-accesible-13\/\"},\"wordCount\":243,\"commentCount\":0,\"publisher\":{\"@id\":\"https:\/\/infecar.es\/en\/#organization\"},\"articleSection\":[\"Sin categorizar\"],\"inLanguage\":\"en-US\"},{\"@type\":\"WebPage\",\"@id\":\"\/en\/news\/gran-canaria-accesible-13\/\",\"url\":\"https:\/\/infecar.es\/en\/news\/gran-canaria-accesible-13\/\",\"name\":\"1\u00aa Edici\u00f3n Gran Canaria Accesible 2013 - Infecar\",\"isPartOf\":{\"@id\":\"https:\/\/infecar.es\/en\/#website\"},\"datePublished\":\"2011-09-09T14:29:30+00:00\",\"breadcrumb\":{\"@id\":\"https:\/\/infecar.es\/en\/news\/gran-canaria-accesible-13\/#breadcrumb\"},\"inLanguage\":\"en-US\",\"potentialAction\":[{\"@type\":\"ReadAction\",\"target\":[\"https:\/\/infecar.es\/en\/news\/gran-canaria-accesible-13\/\"]}]},{\"@type\":\"BreadcrumbList\",\"@id\":\"https:\/\/infecar.es\/en\/news\/gran-canaria-accesible-13\/#breadcrumb\",\"itemListElement\":[{\"@type\":\"ListItem\",\"position\":1,\"name\":\"Portada\",\"item\":\"https:\/\/infecar.es\/en\/\"},{\"@type\":\"ListItem\",\"position\":2,\"name\":\"1\u00aa Edici\u00f3n Gran Canaria Accesible 2013\"}]},{\"@type\":\"WebSite\",\"@id\":\"https:\/\/infecar.es\/en\/#website\",\"url\":\"https:\/\/infecar.es\/en\/\",\"name\":\"Infecar\",\"description\":\"Feria de Gran Canaria\",\"publisher\":{\"@id\":\"https:\/\/infecar.es\/en\/#organization\"},\"potentialAction\":[{\"@type\":\"SearchAction\",\"target\":{\"@type\":\"EntryPoint\",\"urlTemplate\":\"https:\/\/infecar.es\/en\/?s={search_term_string}\"},\"query-input\":{\"@type\":\"PropertyValueSpecification\",\"valueRequired\":true,\"valueName\":\"search_term_string\"}}],\"inLanguage\":\"en-US\"},{\"@type\":\"Organization\",\"@id\":\"https:\/\/infecar.es\/en\/#organization\",\"name\":\"Infecar\",\"url\":\"https:\/\/infecar.es\/en\/\",\"logo\":{\"@type\":\"ImageObject\",\"inLanguage\":\"en-US\",\"@id\":\"https:\/\/infecar.es\/en\/#\/schema\/logo\/image\/\",\"url\":\"https:\/\/infecar.es\/wp-content\/uploads\/2023\/02\/logo_black.svg\",\"contentUrl\":\"https:\/\/infecar.es\/wp-content\/uploads\/2023\/02\/logo_black.svg\",\"width\":1,\"height\":1,\"caption\":\"Infecar\"},\"image\":{\"@id\":\"https:\/\/infecar.es\/en\/#\/schema\/logo\/image\/\"}},{\"@type\":\"Person\",\"@id\":\"https:\/\/infecar.es\/en\/#\/schema\/person\/2411995f63ef29797d62c4fa83b3f3bb\",\"name\":\"admin\",\"image\":{\"@type\":\"ImageObject\",\"inLanguage\":\"en-US\",\"@id\":\"https:\/\/infecar.es\/en\/#\/schema\/person\/image\/\",\"url\":\"https:\/\/secure.gravatar.com\/avatar\/75dbbd3c542520ec06d33839c25bfc19076bf1b9da837dbf8254ae63b9db48ec?s=96&d=mm&r=g\",\"contentUrl\":\"https:\/\/secure.gravatar.com\/avatar\/75dbbd3c542520ec06d33839c25bfc19076bf1b9da837dbf8254ae63b9db48ec?s=96&d=mm&r=g\",\"caption\":\"admin\"},\"sameAs\":[\"http:\/\/infecar.2coders.com\"],\"url\":\"https:\/\/infecar.es\/en\/author\/2coders\/\"}]}<\/script>\n<!-- \/ Yoast SEO plugin. -->","yoast_head_json":{"title":"1\u00aa Edici\u00f3n Gran Canaria Accesible 2013 - Infecar","robots":{"index":"index","follow":"follow","max-snippet":"max-snippet:-1","max-image-preview":"max-image-preview:large","max-video-preview":"max-video-preview:-1"},"canonical":"https:\/\/infecar.es\/en\/news\/gran-canaria-accesible-13\/","og_locale":"en_US","og_type":"article","og_title":"1\u00aa Edici\u00f3n Gran Canaria Accesible 2013 - Infecar","og_description":"El Cabildo de Gran Canaria, a trav\u00e9s del Instituto de Atenci\u00f3n Social y Sociosanitaria (IASS), pone en marcha la FERIA GRAN CANARIA ACCESIBLE 2013, del 16 al 18 de mayo de 2013 en INFECAR. El objetivo principal de la FERIA GRAN CANARIA ACCESIBLE 2013 es, entre otros, servir como punto de encuentro de todos los [&hellip;]","og_url":"\/en\/news\/gran-canaria-accesible-13\/","og_site_name":"Infecar","article_published_time":"2011-09-09T14:29:30+00:00","author":"admin","twitter_card":"summary_large_image","twitter_misc":{"Written by":"admin","Est. reading time":"1 minute"},"schema":{"@context":"https:\/\/schema.org","@graph":[{"@type":"Article","@id":"https:\/\/infecar.es\/en\/news\/gran-canaria-accesible-13\/#article","isPartOf":{"@id":"\/en\/news\/gran-canaria-accesible-13\/"},"author":{"name":"admin","@id":"https:\/\/infecar.es\/en\/#\/schema\/person\/2411995f63ef29797d62c4fa83b3f3bb"},"headline":"1\u00aa Edici\u00f3n Gran Canaria Accesible 2013","datePublished":"2011-09-09T14:29:30+00:00","mainEntityOfPage":{"@id":"\/en\/news\/gran-canaria-accesible-13\/"},"wordCount":243,"commentCount":0,"publisher":{"@id":"https:\/\/infecar.es\/en\/#organization"},"articleSection":["Sin categorizar"],"inLanguage":"en-US"},{"@type":"WebPage","@id":"\/en\/news\/gran-canaria-accesible-13\/","url":"https:\/\/infecar.es\/en\/news\/gran-canaria-accesible-13\/","name":"1\u00aa Edici\u00f3n Gran Canaria Accesible 2013 - Infecar","isPartOf":{"@id":"https:\/\/infecar.es\/en\/#website"},"datePublished":"2011-09-09T14:29:30+00:00","breadcrumb":{"@id":"https:\/\/infecar.es\/en\/news\/gran-canaria-accesible-13\/#breadcrumb"},"inLanguage":"en-US","potentialAction":[{"@type":"ReadAction","target":["https:\/\/infecar.es\/en\/news\/gran-canaria-accesible-13\/"]}]},{"@type":"BreadcrumbList","@id":"https:\/\/infecar.es\/en\/news\/gran-canaria-accesible-13\/#breadcrumb","itemListElement":[{"@type":"ListItem","position":1,"name":"Portada","item":"https:\/\/infecar.es\/en\/"},{"@type":"ListItem","position":2,"name":"1\u00aa Edici\u00f3n Gran Canaria Accesible 2013"}]},{"@type":"WebSite","@id":"https:\/\/infecar.es\/en\/#website","url":"https:\/\/infecar.es\/en\/","name":"Infecar","description":"Feria de Gran Canaria","publisher":{"@id":"https:\/\/infecar.es\/en\/#organization"},"potentialAction":[{"@type":"SearchAction","target":{"@type":"EntryPoint","urlTemplate":"https:\/\/infecar.es\/en\/?s={search_term_string}"},"query-input":{"@type":"PropertyValueSpecification","valueRequired":true,"valueName":"search_term_string"}}],"inLanguage":"en-US"},{"@type":"Organization","@id":"https:\/\/infecar.es\/en\/#organization","name":"Infecar","url":"https:\/\/infecar.es\/en\/","logo":{"@type":"ImageObject","inLanguage":"en-US","@id":"https:\/\/infecar.es\/en\/#\/schema\/logo\/image\/","url":"https:\/\/infecar.es\/wp-content\/uploads\/2023\/02\/logo_black.svg","contentUrl":"https:\/\/infecar.es\/wp-content\/uploads\/2023\/02\/logo_black.svg","width":1,"height":1,"caption":"Infecar"},"image":{"@id":"https:\/\/infecar.es\/en\/#\/schema\/logo\/image\/"}},{"@type":"Person","@id":"https:\/\/infecar.es\/en\/#\/schema\/person\/2411995f63ef29797d62c4fa83b3f3bb","name":"admin","image":{"@type":"ImageObject","inLanguage":"en-US","@id":"https:\/\/infecar.es\/en\/#\/schema\/person\/image\/","url":"https:\/\/secure.gravatar.com\/avatar\/75dbbd3c542520ec06d33839c25bfc19076bf1b9da837dbf8254ae63b9db48ec?s=96&d=mm&r=g","contentUrl":"https:\/\/secure.gravatar.com\/avatar\/75dbbd3c542520ec06d33839c25bfc19076bf1b9da837dbf8254ae63b9db48ec?s=96&d=mm&r=g","caption":"admin"},"sameAs":["http:\/\/infecar.2coders.com"],"url":"https:\/\/infecar.es\/en\/author\/2coders\/"}]}},"_links":{"self":[{"href":"https:\/\/infecar.es\/en\/wp-json\/wp\/v2\/posts\/5068","targetHints":{"allow":["GET"]}}],"collection":[{"href":"https:\/\/infecar.es\/en\/wp-json\/wp\/v2\/posts"}],"about":[{"href":"https:\/\/infecar.es\/en\/wp-json\/wp\/v2\/types\/post"}],"author":[{"embeddable":true,"href":"https:\/\/infecar.es\/en\/wp-json\/wp\/v2\/users\/1"}],"replies":[{"embeddable":true,"href":"https:\/\/infecar.es\/en\/wp-json\/wp\/v2\/comments?post=5068"}],"version-history":[{"count":0,"href":"https:\/\/infecar.es\/en\/wp-json\/wp\/v2\/posts\/5068\/revisions"}],"wp:attachment":[{"href":"https:\/\/infecar.es\/en\/wp-json\/wp\/v2\/media?parent=5068"}],"wp:term":[{"taxonomy":"category","embeddable":true,"href":"https:\/\/infecar.es\/en\/wp-json\/wp\/v2\/categories?post=5068"},{"taxonomy":"post_tag","embeddable":true,"href":"https:\/\/infecar.es\/en\/wp-json\/wp\/v2\/tags?post=5068"}],"curies":[{"name":"wp","href":"https:\/\/api.w.org\/{rel}","templated":true}]}}