

{"id":5067,"date":"2011-09-09T14:29:30","date_gmt":"2011-09-09T14:29:30","guid":{"rendered":"https:\/\/infecar.es\/2011\/09\/09\/fisaldo-13\/"},"modified":"2011-09-09T14:29:30","modified_gmt":"2011-09-09T14:29:30","slug":"fisaldo-13","status":"publish","type":"post","link":"\/en\/news\/fisaldo-13","title":{"rendered":"FISALDO 13"},"content":{"rendered":"<p>\n\t<strong>SE INICIA EL PLAZO DE COMERCIALIZACI\u00d3N PARA LA FERIA FISALDO 2013<\/strong><\/p>\n<p>\n\t<span style=\"text-decoration: underline;\">Para expositores de la edici\u00f3n 2012<\/span>: <strong>Del 28 de febrero al 01 de marzo<\/strong> para confirmar su participaci\u00f3n (no implica asegurar el espacio de ubicaci\u00f3n contratado en la edici\u00f3n anterior).<\/p>\n<p>\n\t<span style=\"text-decoration: underline;\">Para Nuevos expositores<\/span>: a partir del 4 de marzo<\/p>\n<p>\n\t<strong>FISALDO, FERIA DE SALDOS Y OPORTUNIDADES<\/strong>, es el certamen con mayor cantidad de visitantes por dia que tenemos en el calendario ferial cada a\u00f1o, dedicado a la venta de productos en liquidaci\u00f3n, ofertas y saldos, se ha convertido en uno de los eventos m\u00e1s visitados con 35.000 en la \u00faltima edici\u00f3n.<\/p>\n<p>\n\t<strong>FISALDO 13<\/strong> tiene como objetivo facilitar la reducci\u00f3n de stocks producidos por compras excesivas o err\u00f3neas, que suponen un elevado coste de almacenamiento para los comerciantes, darle oportunidad al peque\u00f1o y mediano comercio, de ofrecer al consumidor final (en un marco adecuado), todo tipo de saldos y oportunidades a los mejores precios, acompa\u00f1ados por una promoci\u00f3n y una publicidad adecuada.<\/p>\n<p>\n\tComo viene siendo habitual <strong>FISALDO 13<\/strong> se divide en varios pabellones, contaremos con el ya conocido y gran demandado<strong> Pabell\u00f3n Boulevard<\/strong>, en el cual se pueden encontrar productos de marca a precios muy competitivos, <strong>Fisaldo Veh\u00edculos de Ocasi\u00f3n\u201d<\/strong> es otro referente dentro del certamen, el cual ha ido aumentado su espacio cada a\u00f1o debido a la gran demanda que tiene este sector, y <strong>Fisaldo<\/strong> <strong>Multisectorial<\/strong> (Complementos, textil, calzado, electrodom\u00e9sticos, juguetes, libros, decoraci\u00f3n, muebles, menaje, agencias de viajes, inform\u00e1tica, m\u00fasica\u2026\u2026.)ya consolidado desde sus inicio.<\/p>\n","protected":false},"excerpt":{"rendered":"<p>SE INICIA EL PLAZO DE COMERCIALIZACI\u00d3N PARA LA FERIA FISALDO 2013 Para expositores de la edici\u00f3n 2012: Del 28 de febrero al 01 de marzo para confirmar su participaci\u00f3n (no implica asegurar el espacio de ubicaci\u00f3n contratado en la edici\u00f3n anterior). Para Nuevos expositores: a partir del 4 de marzo FISALDO, FERIA DE SALDOS Y [&hellip;]<\/p>\n","protected":false},"author":1,"featured_media":0,"comment_status":"open","ping_status":"open","sticky":false,"template":"","format":"standard","meta":{"_acf_changed":false,"om_disable_all_campaigns":false,"_monsterinsights_skip_tracking":false,"_monsterinsights_sitenote_active":false,"_monsterinsights_sitenote_note":"","_monsterinsights_sitenote_category":0,"_uf_show_specific_survey":0,"_uf_disable_surveys":false,"_joinchat":[],"footnotes":""},"categories":[1],"tags":[],"class_list":["post-5067","post","type-post","status-publish","format-standard","hentry","category-sin-categorizar"],"acf":[],"aioseo_notices":[],"yoast_head":"<!-- This site is optimized with the Yoast SEO plugin v26.7 - https:\/\/yoast.com\/wordpress\/plugins\/seo\/ -->\n<title>FISALDO 13 - Infecar<\/title>\n<meta name=\"robots\" content=\"index, follow, max-snippet:-1, max-image-preview:large, max-video-preview:-1\" \/>\n<link rel=\"canonical\" href=\"https:\/\/infecar.es\/noticias\/fisaldo-13\/\" \/>\n<meta property=\"og:locale\" content=\"en_US\" \/>\n<meta property=\"og:type\" content=\"article\" \/>\n<meta property=\"og:title\" content=\"FISALDO 13 - Infecar\" \/>\n<meta property=\"og:description\" content=\"SE INICIA EL PLAZO DE COMERCIALIZACI\u00d3N PARA LA FERIA FISALDO 2013 Para expositores de la edici\u00f3n 2012: Del 28 de febrero al 01 de marzo para confirmar su participaci\u00f3n (no implica asegurar el espacio de ubicaci\u00f3n contratado en la edici\u00f3n anterior). Para Nuevos expositores: a partir del 4 de marzo FISALDO, FERIA DE SALDOS Y [&hellip;]\" \/>\n<meta property=\"og:url\" content=\"\/noticias\/fisaldo-13\/\" \/>\n<meta property=\"og:site_name\" content=\"Infecar\" \/>\n<meta property=\"article:published_time\" content=\"2011-09-09T14:29:30+00:00\" \/>\n<meta name=\"author\" content=\"admin\" \/>\n<meta name=\"twitter:card\" content=\"summary_large_image\" \/>\n<meta name=\"twitter:label1\" content=\"Written by\" \/>\n\t<meta name=\"twitter:data1\" content=\"admin\" \/>\n\t<meta name=\"twitter:label2\" content=\"Est. reading time\" \/>\n\t<meta name=\"twitter:data2\" content=\"1 minute\" \/>\n<script type=\"application\/ld+json\" class=\"yoast-schema-graph\">{\"@context\":\"https:\/\/schema.org\",\"@graph\":[{\"@type\":\"Article\",\"@id\":\"https:\/\/infecar.es\/noticias\/fisaldo-13\/#article\",\"isPartOf\":{\"@id\":\"\/noticias\/fisaldo-13\/\"},\"author\":{\"name\":\"admin\",\"@id\":\"https:\/\/infecar.es\/en\/#\/schema\/person\/2411995f63ef29797d62c4fa83b3f3bb\"},\"headline\":\"FISALDO 13\",\"datePublished\":\"2011-09-09T14:29:30+00:00\",\"mainEntityOfPage\":{\"@id\":\"\/noticias\/fisaldo-13\/\"},\"wordCount\":260,\"commentCount\":0,\"publisher\":{\"@id\":\"https:\/\/infecar.es\/en\/#organization\"},\"articleSection\":[\"Sin categorizar\"],\"inLanguage\":\"en-US\"},{\"@type\":\"WebPage\",\"@id\":\"\/noticias\/fisaldo-13\/\",\"url\":\"https:\/\/infecar.es\/noticias\/fisaldo-13\/\",\"name\":\"FISALDO 13 - Infecar\",\"isPartOf\":{\"@id\":\"https:\/\/infecar.es\/en\/#website\"},\"datePublished\":\"2011-09-09T14:29:30+00:00\",\"breadcrumb\":{\"@id\":\"https:\/\/infecar.es\/noticias\/fisaldo-13\/#breadcrumb\"},\"inLanguage\":\"en-US\",\"potentialAction\":[{\"@type\":\"ReadAction\",\"target\":[\"https:\/\/infecar.es\/noticias\/fisaldo-13\/\"]}]},{\"@type\":\"BreadcrumbList\",\"@id\":\"https:\/\/infecar.es\/noticias\/fisaldo-13\/#breadcrumb\",\"itemListElement\":[{\"@type\":\"ListItem\",\"position\":1,\"name\":\"Portada\",\"item\":\"https:\/\/infecar.es\/en\/\"},{\"@type\":\"ListItem\",\"position\":2,\"name\":\"FISALDO 13\"}]},{\"@type\":\"WebSite\",\"@id\":\"https:\/\/infecar.es\/en\/#website\",\"url\":\"https:\/\/infecar.es\/en\/\",\"name\":\"Infecar\",\"description\":\"Feria de Gran Canaria\",\"publisher\":{\"@id\":\"https:\/\/infecar.es\/en\/#organization\"},\"potentialAction\":[{\"@type\":\"SearchAction\",\"target\":{\"@type\":\"EntryPoint\",\"urlTemplate\":\"https:\/\/infecar.es\/en\/?s={search_term_string}\"},\"query-input\":{\"@type\":\"PropertyValueSpecification\",\"valueRequired\":true,\"valueName\":\"search_term_string\"}}],\"inLanguage\":\"en-US\"},{\"@type\":\"Organization\",\"@id\":\"https:\/\/infecar.es\/en\/#organization\",\"name\":\"Infecar\",\"url\":\"https:\/\/infecar.es\/en\/\",\"logo\":{\"@type\":\"ImageObject\",\"inLanguage\":\"en-US\",\"@id\":\"https:\/\/infecar.es\/en\/#\/schema\/logo\/image\/\",\"url\":\"https:\/\/infecar.es\/wp-content\/uploads\/2023\/02\/logo_black.svg\",\"contentUrl\":\"https:\/\/infecar.es\/wp-content\/uploads\/2023\/02\/logo_black.svg\",\"width\":1,\"height\":1,\"caption\":\"Infecar\"},\"image\":{\"@id\":\"https:\/\/infecar.es\/en\/#\/schema\/logo\/image\/\"}},{\"@type\":\"Person\",\"@id\":\"https:\/\/infecar.es\/en\/#\/schema\/person\/2411995f63ef29797d62c4fa83b3f3bb\",\"name\":\"admin\",\"image\":{\"@type\":\"ImageObject\",\"inLanguage\":\"en-US\",\"@id\":\"https:\/\/infecar.es\/en\/#\/schema\/person\/image\/\",\"url\":\"https:\/\/secure.gravatar.com\/avatar\/75dbbd3c542520ec06d33839c25bfc19076bf1b9da837dbf8254ae63b9db48ec?s=96&d=mm&r=g\",\"contentUrl\":\"https:\/\/secure.gravatar.com\/avatar\/75dbbd3c542520ec06d33839c25bfc19076bf1b9da837dbf8254ae63b9db48ec?s=96&d=mm&r=g\",\"caption\":\"admin\"},\"sameAs\":[\"http:\/\/infecar.2coders.com\"],\"url\":\"https:\/\/infecar.es\/en\/author\/2coders\/\"}]}<\/script>\n<!-- \/ Yoast SEO plugin. -->","yoast_head_json":{"title":"FISALDO 13 - Infecar","robots":{"index":"index","follow":"follow","max-snippet":"max-snippet:-1","max-image-preview":"max-image-preview:large","max-video-preview":"max-video-preview:-1"},"canonical":"https:\/\/infecar.es\/noticias\/fisaldo-13\/","og_locale":"en_US","og_type":"article","og_title":"FISALDO 13 - Infecar","og_description":"SE INICIA EL PLAZO DE COMERCIALIZACI\u00d3N PARA LA FERIA FISALDO 2013 Para expositores de la edici\u00f3n 2012: Del 28 de febrero al 01 de marzo para confirmar su participaci\u00f3n (no implica asegurar el espacio de ubicaci\u00f3n contratado en la edici\u00f3n anterior). Para Nuevos expositores: a partir del 4 de marzo FISALDO, FERIA DE SALDOS Y [&hellip;]","og_url":"\/noticias\/fisaldo-13\/","og_site_name":"Infecar","article_published_time":"2011-09-09T14:29:30+00:00","author":"admin","twitter_card":"summary_large_image","twitter_misc":{"Written by":"admin","Est. reading time":"1 minute"},"schema":{"@context":"https:\/\/schema.org","@graph":[{"@type":"Article","@id":"https:\/\/infecar.es\/noticias\/fisaldo-13\/#article","isPartOf":{"@id":"\/noticias\/fisaldo-13\/"},"author":{"name":"admin","@id":"https:\/\/infecar.es\/en\/#\/schema\/person\/2411995f63ef29797d62c4fa83b3f3bb"},"headline":"FISALDO 13","datePublished":"2011-09-09T14:29:30+00:00","mainEntityOfPage":{"@id":"\/noticias\/fisaldo-13\/"},"wordCount":260,"commentCount":0,"publisher":{"@id":"https:\/\/infecar.es\/en\/#organization"},"articleSection":["Sin categorizar"],"inLanguage":"en-US"},{"@type":"WebPage","@id":"\/noticias\/fisaldo-13\/","url":"https:\/\/infecar.es\/noticias\/fisaldo-13\/","name":"FISALDO 13 - Infecar","isPartOf":{"@id":"https:\/\/infecar.es\/en\/#website"},"datePublished":"2011-09-09T14:29:30+00:00","breadcrumb":{"@id":"https:\/\/infecar.es\/noticias\/fisaldo-13\/#breadcrumb"},"inLanguage":"en-US","potentialAction":[{"@type":"ReadAction","target":["https:\/\/infecar.es\/noticias\/fisaldo-13\/"]}]},{"@type":"BreadcrumbList","@id":"https:\/\/infecar.es\/noticias\/fisaldo-13\/#breadcrumb","itemListElement":[{"@type":"ListItem","position":1,"name":"Portada","item":"https:\/\/infecar.es\/en\/"},{"@type":"ListItem","position":2,"name":"FISALDO 13"}]},{"@type":"WebSite","@id":"https:\/\/infecar.es\/en\/#website","url":"https:\/\/infecar.es\/en\/","name":"Infecar","description":"Feria de Gran Canaria","publisher":{"@id":"https:\/\/infecar.es\/en\/#organization"},"potentialAction":[{"@type":"SearchAction","target":{"@type":"EntryPoint","urlTemplate":"https:\/\/infecar.es\/en\/?s={search_term_string}"},"query-input":{"@type":"PropertyValueSpecification","valueRequired":true,"valueName":"search_term_string"}}],"inLanguage":"en-US"},{"@type":"Organization","@id":"https:\/\/infecar.es\/en\/#organization","name":"Infecar","url":"https:\/\/infecar.es\/en\/","logo":{"@type":"ImageObject","inLanguage":"en-US","@id":"https:\/\/infecar.es\/en\/#\/schema\/logo\/image\/","url":"https:\/\/infecar.es\/wp-content\/uploads\/2023\/02\/logo_black.svg","contentUrl":"https:\/\/infecar.es\/wp-content\/uploads\/2023\/02\/logo_black.svg","width":1,"height":1,"caption":"Infecar"},"image":{"@id":"https:\/\/infecar.es\/en\/#\/schema\/logo\/image\/"}},{"@type":"Person","@id":"https:\/\/infecar.es\/en\/#\/schema\/person\/2411995f63ef29797d62c4fa83b3f3bb","name":"admin","image":{"@type":"ImageObject","inLanguage":"en-US","@id":"https:\/\/infecar.es\/en\/#\/schema\/person\/image\/","url":"https:\/\/secure.gravatar.com\/avatar\/75dbbd3c542520ec06d33839c25bfc19076bf1b9da837dbf8254ae63b9db48ec?s=96&d=mm&r=g","contentUrl":"https:\/\/secure.gravatar.com\/avatar\/75dbbd3c542520ec06d33839c25bfc19076bf1b9da837dbf8254ae63b9db48ec?s=96&d=mm&r=g","caption":"admin"},"sameAs":["http:\/\/infecar.2coders.com"],"url":"https:\/\/infecar.es\/en\/author\/2coders\/"}]}},"_links":{"self":[{"href":"https:\/\/infecar.es\/en\/wp-json\/wp\/v2\/posts\/5067","targetHints":{"allow":["GET"]}}],"collection":[{"href":"https:\/\/infecar.es\/en\/wp-json\/wp\/v2\/posts"}],"about":[{"href":"https:\/\/infecar.es\/en\/wp-json\/wp\/v2\/types\/post"}],"author":[{"embeddable":true,"href":"https:\/\/infecar.es\/en\/wp-json\/wp\/v2\/users\/1"}],"replies":[{"embeddable":true,"href":"https:\/\/infecar.es\/en\/wp-json\/wp\/v2\/comments?post=5067"}],"version-history":[{"count":0,"href":"https:\/\/infecar.es\/en\/wp-json\/wp\/v2\/posts\/5067\/revisions"}],"wp:attachment":[{"href":"https:\/\/infecar.es\/en\/wp-json\/wp\/v2\/media?parent=5067"}],"wp:term":[{"taxonomy":"category","embeddable":true,"href":"https:\/\/infecar.es\/en\/wp-json\/wp\/v2\/categories?post=5067"},{"taxonomy":"post_tag","embeddable":true,"href":"https:\/\/infecar.es\/en\/wp-json\/wp\/v2\/tags?post=5067"}],"curies":[{"name":"wp","href":"https:\/\/api.w.org\/{rel}","templated":true}]}}