

{"id":14744,"date":"2026-04-29T14:56:33","date_gmt":"2026-04-29T14:56:33","guid":{"rendered":"\/noticias\/"},"modified":"2026-04-29T14:57:10","modified_gmt":"2026-04-29T14:57:10","slug":"expodeca-abre-el-periodo-de-captacion-de-expositores-para-su-gran-cita-en-otono","status":"publish","type":"post","link":"\/en\/news\/expodeca-abre-el-periodo-de-captacion-de-expositores-para-su-gran-cita-en-otono","title":{"rendered":"ExpoDeca abre el per\u00edodo de captaci\u00f3n de expositores para su gran cita en oto\u00f1o"},"content":{"rendered":"<ul>\n<li>La Feria de la Actividad F\u00edsica y del Deporte de Canarias celebra su tercera edici\u00f3n del 12 al 15 de noviembre en la Plaza Jer\u00f3nimo Saavedra, antigua Plaza de la M\u00fasica<\/li>\n<li>Firmas y centros deportivos, clubes, atletas, expertos, emprendedores y empresarios e instituciones p\u00fablicas est\u00e1n convocados en un evento pleno de actividad f\u00edsica y productos y servicios con lo mejor del sector en las islas<\/li>\n<\/ul>\n<p>ExpoDeca vuelve a Gran Canaria. La Plaza Jer\u00f3nimo Saavedra, antigua Plaza de la M\u00fasica, ser\u00e1 el escenario de la tercera edici\u00f3n de la gran Feria de la Actividad F\u00edsica y del Deporte de Canarias, que se celebrar\u00e1 del 12 al 15 del mes noviembre.<\/p>\n<p>La cita, promovida por el Gobierno de Canarias, a trav\u00e9s de la Consejer\u00eda de Educaci\u00f3n, Formaci\u00f3n Profesional, Actividad F\u00edsica y Deportes, y organizada por el Cabildo de Gran Canaria, a trav\u00e9s de Infecar, Feria de Gran Canaria, ya ha abierto su per\u00edodo de captaci\u00f3n de expositores, en lo que ser\u00e1 el gran punto de encuentro para el mundo del Deporte en el archipi\u00e9lago.<\/p>\n<p>Las firmas y entidades interesadas pueden inscribirse en la web de ExpoDeca (<a href=\"https:\/\/expodeca.es\/\">https:\/\/expodeca.es\/<\/a>), donde tienen a su disposici\u00f3n el dossier comercial del evento y el formulario correspondiente.<\/p>\n<p>Todo, con el precedente que han cimentado las dos ediciones anteriores del evento: una primera en Las Palmas de Gran Canaria (Infecar), en 2024, y la segunda, que tuvo lugar el a\u00f1o pasado en el Recinto Ferial de Santa Cruz de Tenerife. Esto es, una asistencia multitudinaria de miles de personas (17.465 visitantes en 2024 y 24.866 en 2025) y la presencia en cada entrega de cerca de un centenar de empresas, firmas deportivas, instituciones p\u00fablicas y acad\u00e9micas y diferentes agentes de todo cuanto tiene relaci\u00f3n con el universo deportivo en las islas.<\/p>\n<p><strong>Los objetivos de ExpoDeca<\/strong><\/p>\n<p>ExpoDeca se presenta ya como un acontecimiento consolidado despu\u00e9s de las primeras experiencias de a\u00f1os anteriores, perfil\u00e1ndose como un espacio com\u00fan para toda la industria del deporte en Canarias y un indispensable punto de encuentro para conectar a los principales actores del sector y ampliar lazos con la gesti\u00f3n p\u00fablica.<\/p>\n<p>Aunque en el esp\u00edritu de la feria prima la difusi\u00f3n del deporte y la actividad f\u00edsica como factores determinantes para promover la salud y el bienestar de la poblaci\u00f3n isle\u00f1a. La conexi\u00f3n entre deporte y salud, es, en efecto, uno de los valores fundacionales de la Feria de la Actividad F\u00edsica y del Deporte de Canarias, as\u00ed como el de concienciar sobre la responsabilidad social en la pr\u00e1ctica de estas actividades, de forma saludable y con verdadero esp\u00edritu deportivo.<\/p>\n<p>La organizaci\u00f3n de ExpoDeca, en definitiva, concibe este acontecimiento como una gran plataforma para animar a la poblaci\u00f3n a hacer deporte, facilitar su acceso y su pr\u00e1ctica y mostrar todas las posibilidades que tiene ante s\u00ed en el territorio regional, con la presencia de los principales operadores, firmas, especialistas y gestores.<\/p>\n<p><strong>Productos y servicios<\/strong><\/p>\n<p>En cuanto a los atractivos de la feria, hay que subrayar la participaci\u00f3n en ExpoDeca de empresas, centros deportivos y profesionales que ofrecen una amplia gama de productos y servicios en el mercado, a la que puede tener acceso el gran p\u00fablico convocado para el evento.<\/p>\n<p>Distribuidores, fabricantes, gimnasios y promotores de eventos han destacado ya en los a\u00f1os anteriores por su potente oferta en el entorno regional, lo que hace de esta cita la mejor oportunidad para conocer con m\u00e1s detalle su actividad.<\/p>\n<p><strong>Una feria activa<\/strong><\/p>\n<p>Como aliciente para los asistentes a la feria, se prepara ya un extenso programa de actos, exhibiciones e iniciativas orientadas a la pr\u00e1ctica deportiva en el lugar, con competiciones espec\u00edficas, sesiones y clases con monitores y una aut\u00e9ntica celebraci\u00f3n del ejercicio f\u00edsico y la salud activa.<\/p>\n<p>De ah\u00ed que tambi\u00e9n tengan una participaci\u00f3n destacada en esta agenda clubes y deportistas profesionales relevantes de Canarias, as\u00ed como atletas y jugadores de diferentes categor\u00edas que practican su disciplina en las islas. Todo el deporte cabe en ExpoDeca, como se ha podido corroborar en ediciones anteriores de la feria: desde el f\u00fatbol al baloncesto, el v\u00f3ley, el balonmano y otras modalidades en equipo, pasando por el atletismo, el ciclismo, el tenis y otros deportes m\u00e1s minoritarios. Y sin olvidar los deportes aut\u00f3ctonos, imprescindibles en Canarias, la n\u00e1utica o el motor, con gran tradici\u00f3n en las islas.<\/p>\n<p>Desde este mes de abril se inicia el per\u00edodo de captaci\u00f3n de expositores interesados en estar presentes en la gran cita del deporte canario desde el punto de vista empresarial, acad\u00e9mico, institucional y de posicionamiento ante el gran p\u00fablico, en la que las voces m\u00e1s autorizadas definen con su presencia el rumbo futuro del sector en el archipi\u00e9lago.<\/p>\n<p>&nbsp;<\/p>\n","protected":false},"excerpt":{"rendered":"<p>La Feria de la Actividad F\u00edsica y del Deporte de Canarias celebra su tercera edici\u00f3n del 12 al 15 de noviembre en la Plaza Jer\u00f3nimo Saavedra, antigua Plaza de la M\u00fasica Firmas y centros deportivos, clubes, atletas, expertos, emprendedores y empresarios e instituciones p\u00fablicas est\u00e1n convocados en un evento pleno de actividad f\u00edsica y productos [&hellip;]<\/p>\n","protected":false},"author":13,"featured_media":14746,"comment_status":"closed","ping_status":"closed","sticky":false,"template":"","format":"standard","meta":{"_acf_changed":false,"om_disable_all_campaigns":false,"_monsterinsights_skip_tracking":false,"_monsterinsights_sitenote_active":false,"_monsterinsights_sitenote_note":"","_monsterinsights_sitenote_category":0,"_uf_show_specific_survey":0,"_uf_disable_surveys":false,"_joinchat":[],"footnotes":""},"categories":[1],"tags":[],"class_list":["post-14744","post","type-post","status-publish","format-standard","has-post-thumbnail","hentry","category-sin-categorizar"],"acf":[],"aioseo_notices":[],"yoast_head":"<!-- This site is optimized with the Yoast SEO plugin v26.7 - https:\/\/yoast.com\/wordpress\/plugins\/seo\/ -->\n<title>ExpoDeca abre el per\u00edodo de captaci\u00f3n de expositores para su gran cita en oto\u00f1o - Infecar<\/title>\n<meta name=\"robots\" content=\"index, follow, max-snippet:-1, max-image-preview:large, max-video-preview:-1\" \/>\n<link rel=\"canonical\" href=\"https:\/\/infecar.es\/noticias\/expodeca-abre-el-periodo-de-captacion-de-expositores-para-su-gran-cita-en-otono\/\" \/>\n<meta property=\"og:locale\" content=\"en_US\" \/>\n<meta property=\"og:type\" content=\"article\" \/>\n<meta property=\"og:title\" content=\"ExpoDeca abre el per\u00edodo de captaci\u00f3n de expositores para su gran cita en oto\u00f1o - Infecar\" \/>\n<meta property=\"og:description\" content=\"La Feria de la Actividad F\u00edsica y del Deporte de Canarias celebra su tercera edici\u00f3n del 12 al 15 de noviembre en la Plaza Jer\u00f3nimo Saavedra, antigua Plaza de la M\u00fasica Firmas y centros deportivos, clubes, atletas, expertos, emprendedores y empresarios e instituciones p\u00fablicas est\u00e1n convocados en un evento pleno de actividad f\u00edsica y productos [&hellip;]\" \/>\n<meta property=\"og:url\" content=\"\/noticias\/expodeca-abre-el-periodo-de-captacion-de-expositores-para-su-gran-cita-en-otono\/\" \/>\n<meta property=\"og:site_name\" content=\"Infecar\" \/>\n<meta property=\"article:published_time\" content=\"2026-04-29T14:56:33+00:00\" \/>\n<meta property=\"article:modified_time\" content=\"2026-04-29T14:57:10+00:00\" \/>\n<meta property=\"og:image\" content=\"http:\/\/infecar.es\/wp-content\/uploads\/2026\/04\/ExpoDeca-2025-1-scaled.jpg\" \/>\n\t<meta property=\"og:image:width\" content=\"2560\" \/>\n\t<meta property=\"og:image:height\" content=\"1707\" \/>\n\t<meta property=\"og:image:type\" content=\"image\/jpeg\" \/>\n<meta name=\"author\" content=\"Patri Jorge\" \/>\n<meta name=\"twitter:card\" content=\"summary_large_image\" \/>\n<meta name=\"twitter:label1\" content=\"Written by\" \/>\n\t<meta name=\"twitter:data1\" content=\"Patri Jorge\" \/>\n\t<meta name=\"twitter:label2\" content=\"Est. reading time\" \/>\n\t<meta name=\"twitter:data2\" content=\"4 minutes\" \/>\n<script type=\"application\/ld+json\" class=\"yoast-schema-graph\">{\"@context\":\"https:\/\/schema.org\",\"@graph\":[{\"@type\":\"Article\",\"@id\":\"https:\/\/infecar.es\/noticias\/expodeca-abre-el-periodo-de-captacion-de-expositores-para-su-gran-cita-en-otono\/#article\",\"isPartOf\":{\"@id\":\"\/noticias\/expodeca-abre-el-periodo-de-captacion-de-expositores-para-su-gran-cita-en-otono\/\"},\"author\":{\"name\":\"Patri Jorge\",\"@id\":\"https:\/\/infecar.es\/#\/schema\/person\/fbd5e695b0598716102dc80aa9b3a941\"},\"headline\":\"ExpoDeca abre el per\u00edodo de captaci\u00f3n de expositores para su gran cita en oto\u00f1o\",\"datePublished\":\"2026-04-29T14:56:33+00:00\",\"dateModified\":\"2026-04-29T14:57:10+00:00\",\"mainEntityOfPage\":{\"@id\":\"\/noticias\/expodeca-abre-el-periodo-de-captacion-de-expositores-para-su-gran-cita-en-otono\/\"},\"wordCount\":845,\"publisher\":{\"@id\":\"https:\/\/infecar.es\/#organization\"},\"image\":{\"@id\":\"https:\/\/infecar.es\/noticias\/expodeca-abre-el-periodo-de-captacion-de-expositores-para-su-gran-cita-en-otono\/#primaryimage\"},\"thumbnailUrl\":\"https:\/\/infecar.es\/wp-content\/uploads\/2026\/04\/ExpoDeca-2025-1-scaled.jpg\",\"articleSection\":[\"Sin categorizar\"],\"inLanguage\":\"en-US\"},{\"@type\":\"WebPage\",\"@id\":\"\/noticias\/expodeca-abre-el-periodo-de-captacion-de-expositores-para-su-gran-cita-en-otono\/\",\"url\":\"https:\/\/infecar.es\/noticias\/expodeca-abre-el-periodo-de-captacion-de-expositores-para-su-gran-cita-en-otono\/\",\"name\":\"ExpoDeca abre el per\u00edodo de captaci\u00f3n de expositores para su gran cita en oto\u00f1o - Infecar\",\"isPartOf\":{\"@id\":\"https:\/\/infecar.es\/#website\"},\"primaryImageOfPage\":{\"@id\":\"https:\/\/infecar.es\/noticias\/expodeca-abre-el-periodo-de-captacion-de-expositores-para-su-gran-cita-en-otono\/#primaryimage\"},\"image\":{\"@id\":\"https:\/\/infecar.es\/noticias\/expodeca-abre-el-periodo-de-captacion-de-expositores-para-su-gran-cita-en-otono\/#primaryimage\"},\"thumbnailUrl\":\"https:\/\/infecar.es\/wp-content\/uploads\/2026\/04\/ExpoDeca-2025-1-scaled.jpg\",\"datePublished\":\"2026-04-29T14:56:33+00:00\",\"dateModified\":\"2026-04-29T14:57:10+00:00\",\"breadcrumb\":{\"@id\":\"https:\/\/infecar.es\/noticias\/expodeca-abre-el-periodo-de-captacion-de-expositores-para-su-gran-cita-en-otono\/#breadcrumb\"},\"inLanguage\":\"en-US\",\"potentialAction\":[{\"@type\":\"ReadAction\",\"target\":[\"https:\/\/infecar.es\/noticias\/expodeca-abre-el-periodo-de-captacion-de-expositores-para-su-gran-cita-en-otono\/\"]}]},{\"@type\":\"ImageObject\",\"inLanguage\":\"en-US\",\"@id\":\"https:\/\/infecar.es\/noticias\/expodeca-abre-el-periodo-de-captacion-de-expositores-para-su-gran-cita-en-otono\/#primaryimage\",\"url\":\"https:\/\/infecar.es\/wp-content\/uploads\/2026\/04\/ExpoDeca-2025-1-scaled.jpg\",\"contentUrl\":\"https:\/\/infecar.es\/wp-content\/uploads\/2026\/04\/ExpoDeca-2025-1-scaled.jpg\",\"width\":2560,\"height\":1707},{\"@type\":\"BreadcrumbList\",\"@id\":\"https:\/\/infecar.es\/noticias\/expodeca-abre-el-periodo-de-captacion-de-expositores-para-su-gran-cita-en-otono\/#breadcrumb\",\"itemListElement\":[{\"@type\":\"ListItem\",\"position\":1,\"name\":\"Portada\",\"item\":\"https:\/\/infecar.es\/en\/\"},{\"@type\":\"ListItem\",\"position\":2,\"name\":\"ExpoDeca abre el per\u00edodo de captaci\u00f3n de expositores para su gran cita en oto\u00f1o\"}]},{\"@type\":\"WebSite\",\"@id\":\"https:\/\/infecar.es\/#website\",\"url\":\"https:\/\/infecar.es\/\",\"name\":\"Infecar\",\"description\":\"Feria de Gran Canaria\",\"publisher\":{\"@id\":\"https:\/\/infecar.es\/#organization\"},\"potentialAction\":[{\"@type\":\"SearchAction\",\"target\":{\"@type\":\"EntryPoint\",\"urlTemplate\":\"https:\/\/infecar.es\/?s={search_term_string}\"},\"query-input\":{\"@type\":\"PropertyValueSpecification\",\"valueRequired\":true,\"valueName\":\"search_term_string\"}}],\"inLanguage\":\"en-US\"},{\"@type\":\"Organization\",\"@id\":\"https:\/\/infecar.es\/#organization\",\"name\":\"Infecar\",\"url\":\"https:\/\/infecar.es\/\",\"logo\":{\"@type\":\"ImageObject\",\"inLanguage\":\"en-US\",\"@id\":\"https:\/\/infecar.es\/#\/schema\/logo\/image\/\",\"url\":\"https:\/\/infecar.es\/wp-content\/uploads\/2023\/02\/logo_black.svg\",\"contentUrl\":\"https:\/\/infecar.es\/wp-content\/uploads\/2023\/02\/logo_black.svg\",\"width\":1,\"height\":1,\"caption\":\"Infecar\"},\"image\":{\"@id\":\"https:\/\/infecar.es\/#\/schema\/logo\/image\/\"}},{\"@type\":\"Person\",\"@id\":\"https:\/\/infecar.es\/#\/schema\/person\/fbd5e695b0598716102dc80aa9b3a941\",\"name\":\"Patri Jorge\",\"image\":{\"@type\":\"ImageObject\",\"inLanguage\":\"en-US\",\"@id\":\"https:\/\/infecar.es\/#\/schema\/person\/image\/\",\"url\":\"https:\/\/secure.gravatar.com\/avatar\/b00a32e946d71a33addf814c9cbc2c97182c6cc542f1e19191a97275a495fb74?s=96&d=mm&r=g\",\"contentUrl\":\"https:\/\/secure.gravatar.com\/avatar\/b00a32e946d71a33addf814c9cbc2c97182c6cc542f1e19191a97275a495fb74?s=96&d=mm&r=g\",\"caption\":\"Patri Jorge\"},\"url\":\"https:\/\/infecar.es\/en\/author\/patrijorge\/\"}]}<\/script>\n<!-- \/ Yoast SEO plugin. -->","yoast_head_json":{"title":"ExpoDeca abre el per\u00edodo de captaci\u00f3n de expositores para su gran cita en oto\u00f1o - Infecar","robots":{"index":"index","follow":"follow","max-snippet":"max-snippet:-1","max-image-preview":"max-image-preview:large","max-video-preview":"max-video-preview:-1"},"canonical":"https:\/\/infecar.es\/noticias\/expodeca-abre-el-periodo-de-captacion-de-expositores-para-su-gran-cita-en-otono\/","og_locale":"en_US","og_type":"article","og_title":"ExpoDeca abre el per\u00edodo de captaci\u00f3n de expositores para su gran cita en oto\u00f1o - Infecar","og_description":"La Feria de la Actividad F\u00edsica y del Deporte de Canarias celebra su tercera edici\u00f3n del 12 al 15 de noviembre en la Plaza Jer\u00f3nimo Saavedra, antigua Plaza de la M\u00fasica Firmas y centros deportivos, clubes, atletas, expertos, emprendedores y empresarios e instituciones p\u00fablicas est\u00e1n convocados en un evento pleno de actividad f\u00edsica y productos [&hellip;]","og_url":"\/noticias\/expodeca-abre-el-periodo-de-captacion-de-expositores-para-su-gran-cita-en-otono\/","og_site_name":"Infecar","article_published_time":"2026-04-29T14:56:33+00:00","article_modified_time":"2026-04-29T14:57:10+00:00","og_image":[{"width":2560,"height":1707,"url":"http:\/\/infecar.es\/wp-content\/uploads\/2026\/04\/ExpoDeca-2025-1-scaled.jpg","type":"image\/jpeg"}],"author":"Patri Jorge","twitter_card":"summary_large_image","twitter_misc":{"Written by":"Patri Jorge","Est. reading time":"4 minutes"},"schema":{"@context":"https:\/\/schema.org","@graph":[{"@type":"Article","@id":"https:\/\/infecar.es\/noticias\/expodeca-abre-el-periodo-de-captacion-de-expositores-para-su-gran-cita-en-otono\/#article","isPartOf":{"@id":"\/noticias\/expodeca-abre-el-periodo-de-captacion-de-expositores-para-su-gran-cita-en-otono\/"},"author":{"name":"Patri Jorge","@id":"https:\/\/infecar.es\/#\/schema\/person\/fbd5e695b0598716102dc80aa9b3a941"},"headline":"ExpoDeca abre el per\u00edodo de captaci\u00f3n de expositores para su gran cita en oto\u00f1o","datePublished":"2026-04-29T14:56:33+00:00","dateModified":"2026-04-29T14:57:10+00:00","mainEntityOfPage":{"@id":"\/noticias\/expodeca-abre-el-periodo-de-captacion-de-expositores-para-su-gran-cita-en-otono\/"},"wordCount":845,"publisher":{"@id":"https:\/\/infecar.es\/#organization"},"image":{"@id":"https:\/\/infecar.es\/noticias\/expodeca-abre-el-periodo-de-captacion-de-expositores-para-su-gran-cita-en-otono\/#primaryimage"},"thumbnailUrl":"https:\/\/infecar.es\/wp-content\/uploads\/2026\/04\/ExpoDeca-2025-1-scaled.jpg","articleSection":["Sin categorizar"],"inLanguage":"en-US"},{"@type":"WebPage","@id":"\/noticias\/expodeca-abre-el-periodo-de-captacion-de-expositores-para-su-gran-cita-en-otono\/","url":"https:\/\/infecar.es\/noticias\/expodeca-abre-el-periodo-de-captacion-de-expositores-para-su-gran-cita-en-otono\/","name":"ExpoDeca abre el per\u00edodo de captaci\u00f3n de expositores para su gran cita en oto\u00f1o - Infecar","isPartOf":{"@id":"https:\/\/infecar.es\/#website"},"primaryImageOfPage":{"@id":"https:\/\/infecar.es\/noticias\/expodeca-abre-el-periodo-de-captacion-de-expositores-para-su-gran-cita-en-otono\/#primaryimage"},"image":{"@id":"https:\/\/infecar.es\/noticias\/expodeca-abre-el-periodo-de-captacion-de-expositores-para-su-gran-cita-en-otono\/#primaryimage"},"thumbnailUrl":"https:\/\/infecar.es\/wp-content\/uploads\/2026\/04\/ExpoDeca-2025-1-scaled.jpg","datePublished":"2026-04-29T14:56:33+00:00","dateModified":"2026-04-29T14:57:10+00:00","breadcrumb":{"@id":"https:\/\/infecar.es\/noticias\/expodeca-abre-el-periodo-de-captacion-de-expositores-para-su-gran-cita-en-otono\/#breadcrumb"},"inLanguage":"en-US","potentialAction":[{"@type":"ReadAction","target":["https:\/\/infecar.es\/noticias\/expodeca-abre-el-periodo-de-captacion-de-expositores-para-su-gran-cita-en-otono\/"]}]},{"@type":"ImageObject","inLanguage":"en-US","@id":"https:\/\/infecar.es\/noticias\/expodeca-abre-el-periodo-de-captacion-de-expositores-para-su-gran-cita-en-otono\/#primaryimage","url":"https:\/\/infecar.es\/wp-content\/uploads\/2026\/04\/ExpoDeca-2025-1-scaled.jpg","contentUrl":"https:\/\/infecar.es\/wp-content\/uploads\/2026\/04\/ExpoDeca-2025-1-scaled.jpg","width":2560,"height":1707},{"@type":"BreadcrumbList","@id":"https:\/\/infecar.es\/noticias\/expodeca-abre-el-periodo-de-captacion-de-expositores-para-su-gran-cita-en-otono\/#breadcrumb","itemListElement":[{"@type":"ListItem","position":1,"name":"Portada","item":"https:\/\/infecar.es\/en\/"},{"@type":"ListItem","position":2,"name":"ExpoDeca abre el per\u00edodo de captaci\u00f3n de expositores para su gran cita en oto\u00f1o"}]},{"@type":"WebSite","@id":"https:\/\/infecar.es\/#website","url":"https:\/\/infecar.es\/","name":"Infecar","description":"Feria de Gran Canaria","publisher":{"@id":"https:\/\/infecar.es\/#organization"},"potentialAction":[{"@type":"SearchAction","target":{"@type":"EntryPoint","urlTemplate":"https:\/\/infecar.es\/?s={search_term_string}"},"query-input":{"@type":"PropertyValueSpecification","valueRequired":true,"valueName":"search_term_string"}}],"inLanguage":"en-US"},{"@type":"Organization","@id":"https:\/\/infecar.es\/#organization","name":"Infecar","url":"https:\/\/infecar.es\/","logo":{"@type":"ImageObject","inLanguage":"en-US","@id":"https:\/\/infecar.es\/#\/schema\/logo\/image\/","url":"https:\/\/infecar.es\/wp-content\/uploads\/2023\/02\/logo_black.svg","contentUrl":"https:\/\/infecar.es\/wp-content\/uploads\/2023\/02\/logo_black.svg","width":1,"height":1,"caption":"Infecar"},"image":{"@id":"https:\/\/infecar.es\/#\/schema\/logo\/image\/"}},{"@type":"Person","@id":"https:\/\/infecar.es\/#\/schema\/person\/fbd5e695b0598716102dc80aa9b3a941","name":"Patri Jorge","image":{"@type":"ImageObject","inLanguage":"en-US","@id":"https:\/\/infecar.es\/#\/schema\/person\/image\/","url":"https:\/\/secure.gravatar.com\/avatar\/b00a32e946d71a33addf814c9cbc2c97182c6cc542f1e19191a97275a495fb74?s=96&d=mm&r=g","contentUrl":"https:\/\/secure.gravatar.com\/avatar\/b00a32e946d71a33addf814c9cbc2c97182c6cc542f1e19191a97275a495fb74?s=96&d=mm&r=g","caption":"Patri Jorge"},"url":"https:\/\/infecar.es\/en\/author\/patrijorge\/"}]}},"_links":{"self":[{"href":"https:\/\/infecar.es\/en\/wp-json\/wp\/v2\/posts\/14744","targetHints":{"allow":["GET"]}}],"collection":[{"href":"https:\/\/infecar.es\/en\/wp-json\/wp\/v2\/posts"}],"about":[{"href":"https:\/\/infecar.es\/en\/wp-json\/wp\/v2\/types\/post"}],"author":[{"embeddable":true,"href":"https:\/\/infecar.es\/en\/wp-json\/wp\/v2\/users\/13"}],"replies":[{"embeddable":true,"href":"https:\/\/infecar.es\/en\/wp-json\/wp\/v2\/comments?post=14744"}],"version-history":[{"count":3,"href":"https:\/\/infecar.es\/en\/wp-json\/wp\/v2\/posts\/14744\/revisions"}],"predecessor-version":[{"id":14749,"href":"https:\/\/infecar.es\/en\/wp-json\/wp\/v2\/posts\/14744\/revisions\/14749"}],"wp:featuredmedia":[{"embeddable":true,"href":"https:\/\/infecar.es\/en\/wp-json\/wp\/v2\/media\/14746"}],"wp:attachment":[{"href":"https:\/\/infecar.es\/en\/wp-json\/wp\/v2\/media?parent=14744"}],"wp:term":[{"taxonomy":"category","embeddable":true,"href":"https:\/\/infecar.es\/en\/wp-json\/wp\/v2\/categories?post=14744"},{"taxonomy":"post_tag","embeddable":true,"href":"https:\/\/infecar.es\/en\/wp-json\/wp\/v2\/tags?post=14744"}],"curies":[{"name":"wp","href":"https:\/\/api.w.org\/{rel}","templated":true}]}}