

{"id":14733,"date":"2026-04-28T15:03:42","date_gmt":"2026-04-28T15:03:42","guid":{"rendered":"\/en\/news\/"},"modified":"2026-04-28T16:09:22","modified_gmt":"2026-04-28T16:09:22","slug":"gran-canaria-me-gusta-fair-prepares-for-its-13th-edition-giving-exclusive-prominence-to-canarian-professionals","status":"publish","type":"post","link":"\/en\/news\/gran-canaria-me-gusta-fair-prepares-for-its-13th-edition-giving-exclusive-prominence-to-canarian-professionals","title":{"rendered":"Gran Canaria Me Gusta Fair prepares for its 13th edition, giving exclusive prominence to Canarian professionals"},"content":{"rendered":"<ul>\n<li>This year\u2019s event reinforces its commitment to local produce, sustainability and generational renewal in Canarian gastronomy<\/li>\n<li>Tickets for the fair, which will make its debut at the Ag\u00fcimes Exhibition Centre, are now on sale at feriagrancanariamegusta.es<\/li>\n<\/ul>\n<p>Gran Canaria Me Gusta Fair is celebrating its 13th edition this year, further strengthening its position as the leading event for the primary sector, the agri-food industry and local gastronomy. This year, it also does so by prioritising local talent over nationally and internationally renowned professionals. Gran Canaria Me Gusta Fair will therefore take place from Friday 8 to Sunday 10 May at the Ag\u00fcimes Exhibition Centre, marking its debut in the south-east of Gran Canaria.<\/p>\n<p>The president of the Cabildo de Gran Canaria, Antonio Morales, stated that the fair \u201cis a platform to showcase the excellence of local and nearby produce, the produce of our land, with an increasing number of activities and experts helping to highlight artisanal production and enhance the value of local produce\u201d.<\/p>\n<p>Among these experts will be some of the professionals behind the seven Michelin stars currently held by Gran Canaria, \u201ca reflection of the sector\u2019s commitment to quality\u201d, as well as professionals from other islands. Indeed, as a new feature this year, the event \u201copens up to the rest of the archipelago, inviting other islands to contribute the cuisines of all the Canary Islands, while always maintaining the absolute prominence of Gran Canaria produce\u201d, as explained by the Councillor for Economic Development, Industry, Trade and Crafts, Minerva Alonso. She added that this decision responds to the intention of giving greater visibility to generational renewal and highlighting the quality and creativity of the archipelago\u2019s cuisine.<\/p>\n<p>Taking part in this edition of Gran Canaria Me Gusta Fair will be chefs such as Nelson P\u00e9rez, from Restaurante Nelson; Alexander Herrera, from S\u00e1bor; pastry chef Rub\u00e9n Zulay from La Palma; Pedro Nel Restrepo, from the Tenerife-based restaurant Et\u00e9reo; and Alexis Neket\u00e1n, chef at Pasteler\u00eda Neket\u00e1n, among many others.<\/p>\n<p><strong>A high-quality primary sector<\/strong><\/p>\n<p>Gran Canaria Me Gusta Fair not only seeks to facilitate the marketing of local produce, encourage local consumption and strengthen ties between producers and companies within the island\u2019s economic network; it also aims to give visibility and value to the primary sector by bringing local produce closer to the public through a gastronomic programme that includes live demonstrations, tastings and specialised workshops, while also enabling direct sales.<\/p>\n<p>The event will feature 17 municipal stands and 46 other exhibitors, as well as three annex tents dedicated to Gran Canaria meats, gastronomic demonstrations and children\u2019s workshops. The island director for Agriculture, Livestock and Fisheries of Gran Canaria, Alejandro B\u00e1ez, highlighted the fair\u2019s layout around two main activity areas, joined by a renewed Wine Area with more space for tasting sessions.<\/p>\n<p>In short, it is \u201ca design that will allow visitors to sit down and taste specific dishes where the star product is at the centre of the preparation\u201d, and in which both the Gran Canaria Meat Area and the Much More than Fishing space will highlight livestock products and artisanal fish, as well as \u201cthe importance of their direct consumption\u201d.<\/p>\n<p>In this context, he also underlined the importance of a livestock sector that is \u201cbecoming increasingly sustainable, achieving the result that more than 70% of the meat consumed in the islands passes through Gran Canaria\u2019s slaughterhouses, thanks to close work with associations and local markets\u201d.<\/p>\n<p>In addition to the prominence given to local chefs, this 13th edition of the fair also introduces other new features, such as a change in the format of the gastronomic demonstrations. Instead of the traditional two-chef cooking format, this year the &#8216;T\u00fa a t\u00fa&#8217; workshops will see renowned food journalists acting as kitchen assistants to leading chefs from across the islands.<\/p>\n<p>As in previous editions, the event will also feature an activity programme including children\u2019s workshops led by Sophie Arellano, finalist of MasterChef Junior 11, fruit art activities promoted by SPAR Gran Canaria, and tastings of craft beers and artisan cheeses, among many other attractive activities for attendees.<\/p>\n<p>There will also be a tasting and food area with food trucks, allowing visitors to take a break while enjoying local products, thus rounding out the overall fair experience.<\/p>\n<p>Ticket sales are now live on the official website, feriagrancanariamegusta.es, although tickets may also be purchased at the event box office for \u20ac1.50. The same website also provides access to the booking form for children\u2019s activities and the full programme of scheduled events.<\/p>\n<p>The fair is promoted and funded by the Cabildo de Gran Canaria and organised by Infecar, Feria de Gran Canaria. It has Cajasiete as official partner and the collaboration of the Gran Canaria Me Gusta project, the Gran Canaria Chamber of Commerce and Ag\u00fcimes Town Council. In addition, SPAR Gran Canaria is a sponsor of the fair and Equipatel is the official equipment sponsor.<\/p>\n","protected":false},"excerpt":{"rendered":"<p>This year\u2019s event reinforces its commitment to local produce, sustainability and generational renewal in Canarian gastronomy Tickets for the fair, which will make its debut at the Ag\u00fcimes Exhibition Centre, are now on sale at feriagrancanariamegusta.es Gran Canaria Me Gusta Fair is celebrating its 13th edition this year, further strengthening its position as the leading [&hellip;]<\/p>\n","protected":false},"author":13,"featured_media":14731,"comment_status":"closed","ping_status":"closed","sticky":false,"template":"","format":"standard","meta":{"_acf_changed":false,"om_disable_all_campaigns":false,"_monsterinsights_skip_tracking":false,"_monsterinsights_sitenote_active":false,"_monsterinsights_sitenote_note":"","_monsterinsights_sitenote_category":0,"_uf_show_specific_survey":0,"_uf_disable_surveys":false,"_joinchat":[],"footnotes":""},"categories":[1],"tags":[],"class_list":["post-14733","post","type-post","status-publish","format-standard","has-post-thumbnail","hentry","category-sin-categorizar"],"acf":[],"aioseo_notices":[],"yoast_head":"<!-- This site is optimized with the Yoast SEO plugin v26.7 - https:\/\/yoast.com\/wordpress\/plugins\/seo\/ -->\n<title>Gran Canaria Me Gusta Fair prepares for its 13th edition, giving exclusive prominence to Canarian professionals - Infecar<\/title>\n<meta name=\"robots\" content=\"index, follow, max-snippet:-1, max-image-preview:large, max-video-preview:-1\" \/>\n<link rel=\"canonical\" href=\"https:\/\/infecar.es\/en\/news\/gran-canaria-me-gusta-fair-prepares-for-its-13th-edition-giving-exclusive-prominence-to-canarian-professionals\/\" \/>\n<meta property=\"og:locale\" content=\"en_US\" \/>\n<meta property=\"og:type\" content=\"article\" \/>\n<meta property=\"og:title\" content=\"Gran Canaria Me Gusta Fair prepares for its 13th edition, giving exclusive prominence to Canarian professionals - Infecar\" \/>\n<meta property=\"og:description\" content=\"This year\u2019s event reinforces its commitment to local produce, sustainability and generational renewal in Canarian gastronomy Tickets for the fair, which will make its debut at the Ag\u00fcimes Exhibition Centre, are now on sale at feriagrancanariamegusta.es Gran Canaria Me Gusta Fair is celebrating its 13th edition this year, further strengthening its position as the leading [&hellip;]\" \/>\n<meta property=\"og:url\" content=\"\/en\/news\/gran-canaria-me-gusta-fair-prepares-for-its-13th-edition-giving-exclusive-prominence-to-canarian-professionals\/\" \/>\n<meta property=\"og:site_name\" content=\"Infecar\" \/>\n<meta property=\"article:published_time\" content=\"2026-04-28T15:03:42+00:00\" \/>\n<meta property=\"article:modified_time\" content=\"2026-04-28T16:09:22+00:00\" \/>\n<meta property=\"og:image\" content=\"https:\/\/infecar.es\/wp-content\/uploads\/2026\/04\/Presentacion-Feria-GC-Me-Gusta-2026-3-scaled.jpg\" \/>\n\t<meta property=\"og:image:width\" content=\"2560\" \/>\n\t<meta property=\"og:image:height\" content=\"1706\" \/>\n\t<meta property=\"og:image:type\" content=\"image\/jpeg\" \/>\n<meta name=\"author\" content=\"Patri Jorge\" \/>\n<meta name=\"twitter:card\" content=\"summary_large_image\" \/>\n<meta name=\"twitter:label1\" content=\"Written by\" \/>\n\t<meta name=\"twitter:data1\" content=\"Patri Jorge\" \/>\n\t<meta name=\"twitter:label2\" content=\"Est. reading time\" \/>\n\t<meta name=\"twitter:data2\" content=\"4 minutes\" \/>\n<script type=\"application\/ld+json\" class=\"yoast-schema-graph\">{\"@context\":\"https:\/\/schema.org\",\"@graph\":[{\"@type\":\"Article\",\"@id\":\"https:\/\/infecar.es\/en\/news\/gran-canaria-me-gusta-fair-prepares-for-its-13th-edition-giving-exclusive-prominence-to-canarian-professionals\/#article\",\"isPartOf\":{\"@id\":\"\/en\/news\/gran-canaria-me-gusta-fair-prepares-for-its-13th-edition-giving-exclusive-prominence-to-canarian-professionals\/\"},\"author\":{\"name\":\"Patri Jorge\",\"@id\":\"https:\/\/infecar.es\/#\/schema\/person\/fbd5e695b0598716102dc80aa9b3a941\"},\"headline\":\"Gran Canaria Me Gusta Fair prepares for its 13th edition, giving exclusive prominence to Canarian professionals\",\"datePublished\":\"2026-04-28T15:03:42+00:00\",\"dateModified\":\"2026-04-28T16:09:22+00:00\",\"mainEntityOfPage\":{\"@id\":\"\/en\/news\/gran-canaria-me-gusta-fair-prepares-for-its-13th-edition-giving-exclusive-prominence-to-canarian-professionals\/\"},\"wordCount\":839,\"publisher\":{\"@id\":\"https:\/\/infecar.es\/#organization\"},\"image\":{\"@id\":\"https:\/\/infecar.es\/en\/news\/gran-canaria-me-gusta-fair-prepares-for-its-13th-edition-giving-exclusive-prominence-to-canarian-professionals\/#primaryimage\"},\"thumbnailUrl\":\"https:\/\/infecar.es\/wp-content\/uploads\/2026\/04\/Presentacion-Feria-GC-Me-Gusta-2026-3-scaled.jpg\",\"articleSection\":[\"Sin categorizar\"],\"inLanguage\":\"en-US\"},{\"@type\":\"WebPage\",\"@id\":\"\/en\/news\/gran-canaria-me-gusta-fair-prepares-for-its-13th-edition-giving-exclusive-prominence-to-canarian-professionals\/\",\"url\":\"https:\/\/infecar.es\/en\/news\/gran-canaria-me-gusta-fair-prepares-for-its-13th-edition-giving-exclusive-prominence-to-canarian-professionals\/\",\"name\":\"Gran Canaria Me Gusta Fair prepares for its 13th edition, giving exclusive prominence to Canarian professionals - Infecar\",\"isPartOf\":{\"@id\":\"https:\/\/infecar.es\/#website\"},\"primaryImageOfPage\":{\"@id\":\"https:\/\/infecar.es\/en\/news\/gran-canaria-me-gusta-fair-prepares-for-its-13th-edition-giving-exclusive-prominence-to-canarian-professionals\/#primaryimage\"},\"image\":{\"@id\":\"https:\/\/infecar.es\/en\/news\/gran-canaria-me-gusta-fair-prepares-for-its-13th-edition-giving-exclusive-prominence-to-canarian-professionals\/#primaryimage\"},\"thumbnailUrl\":\"https:\/\/infecar.es\/wp-content\/uploads\/2026\/04\/Presentacion-Feria-GC-Me-Gusta-2026-3-scaled.jpg\",\"datePublished\":\"2026-04-28T15:03:42+00:00\",\"dateModified\":\"2026-04-28T16:09:22+00:00\",\"breadcrumb\":{\"@id\":\"https:\/\/infecar.es\/en\/news\/gran-canaria-me-gusta-fair-prepares-for-its-13th-edition-giving-exclusive-prominence-to-canarian-professionals\/#breadcrumb\"},\"inLanguage\":\"en-US\",\"potentialAction\":[{\"@type\":\"ReadAction\",\"target\":[\"https:\/\/infecar.es\/en\/news\/gran-canaria-me-gusta-fair-prepares-for-its-13th-edition-giving-exclusive-prominence-to-canarian-professionals\/\"]}]},{\"@type\":\"ImageObject\",\"inLanguage\":\"en-US\",\"@id\":\"https:\/\/infecar.es\/en\/news\/gran-canaria-me-gusta-fair-prepares-for-its-13th-edition-giving-exclusive-prominence-to-canarian-professionals\/#primaryimage\",\"url\":\"https:\/\/infecar.es\/wp-content\/uploads\/2026\/04\/Presentacion-Feria-GC-Me-Gusta-2026-3-scaled.jpg\",\"contentUrl\":\"https:\/\/infecar.es\/wp-content\/uploads\/2026\/04\/Presentacion-Feria-GC-Me-Gusta-2026-3-scaled.jpg\",\"width\":2560,\"height\":1706,\"caption\":\"Feria_GranCanariaMeGusta\"},{\"@type\":\"BreadcrumbList\",\"@id\":\"https:\/\/infecar.es\/en\/news\/gran-canaria-me-gusta-fair-prepares-for-its-13th-edition-giving-exclusive-prominence-to-canarian-professionals\/#breadcrumb\",\"itemListElement\":[{\"@type\":\"ListItem\",\"position\":1,\"name\":\"Portada\",\"item\":\"https:\/\/infecar.es\/en\/\"},{\"@type\":\"ListItem\",\"position\":2,\"name\":\"Gran Canaria Me Gusta Fair prepares for its 13th edition, giving exclusive prominence to Canarian professionals\"}]},{\"@type\":\"WebSite\",\"@id\":\"https:\/\/infecar.es\/#website\",\"url\":\"https:\/\/infecar.es\/\",\"name\":\"Infecar\",\"description\":\"Feria de Gran Canaria\",\"publisher\":{\"@id\":\"https:\/\/infecar.es\/#organization\"},\"potentialAction\":[{\"@type\":\"SearchAction\",\"target\":{\"@type\":\"EntryPoint\",\"urlTemplate\":\"https:\/\/infecar.es\/?s={search_term_string}\"},\"query-input\":{\"@type\":\"PropertyValueSpecification\",\"valueRequired\":true,\"valueName\":\"search_term_string\"}}],\"inLanguage\":\"en-US\"},{\"@type\":\"Organization\",\"@id\":\"https:\/\/infecar.es\/#organization\",\"name\":\"Infecar\",\"url\":\"https:\/\/infecar.es\/\",\"logo\":{\"@type\":\"ImageObject\",\"inLanguage\":\"en-US\",\"@id\":\"https:\/\/infecar.es\/#\/schema\/logo\/image\/\",\"url\":\"https:\/\/infecar.es\/wp-content\/uploads\/2023\/02\/logo_black.svg\",\"contentUrl\":\"https:\/\/infecar.es\/wp-content\/uploads\/2023\/02\/logo_black.svg\",\"width\":1,\"height\":1,\"caption\":\"Infecar\"},\"image\":{\"@id\":\"https:\/\/infecar.es\/#\/schema\/logo\/image\/\"}},{\"@type\":\"Person\",\"@id\":\"https:\/\/infecar.es\/#\/schema\/person\/fbd5e695b0598716102dc80aa9b3a941\",\"name\":\"Patri Jorge\",\"image\":{\"@type\":\"ImageObject\",\"inLanguage\":\"en-US\",\"@id\":\"https:\/\/infecar.es\/#\/schema\/person\/image\/\",\"url\":\"https:\/\/secure.gravatar.com\/avatar\/b00a32e946d71a33addf814c9cbc2c97182c6cc542f1e19191a97275a495fb74?s=96&d=mm&r=g\",\"contentUrl\":\"https:\/\/secure.gravatar.com\/avatar\/b00a32e946d71a33addf814c9cbc2c97182c6cc542f1e19191a97275a495fb74?s=96&d=mm&r=g\",\"caption\":\"Patri Jorge\"},\"url\":\"https:\/\/infecar.es\/en\/author\/patrijorge\/\"}]}<\/script>\n<!-- \/ Yoast SEO plugin. -->","yoast_head_json":{"title":"Gran Canaria Me Gusta Fair prepares for its 13th edition, giving exclusive prominence to Canarian professionals - Infecar","robots":{"index":"index","follow":"follow","max-snippet":"max-snippet:-1","max-image-preview":"max-image-preview:large","max-video-preview":"max-video-preview:-1"},"canonical":"https:\/\/infecar.es\/en\/news\/gran-canaria-me-gusta-fair-prepares-for-its-13th-edition-giving-exclusive-prominence-to-canarian-professionals\/","og_locale":"en_US","og_type":"article","og_title":"Gran Canaria Me Gusta Fair prepares for its 13th edition, giving exclusive prominence to Canarian professionals - Infecar","og_description":"This year\u2019s event reinforces its commitment to local produce, sustainability and generational renewal in Canarian gastronomy Tickets for the fair, which will make its debut at the Ag\u00fcimes Exhibition Centre, are now on sale at feriagrancanariamegusta.es Gran Canaria Me Gusta Fair is celebrating its 13th edition this year, further strengthening its position as the leading [&hellip;]","og_url":"\/en\/news\/gran-canaria-me-gusta-fair-prepares-for-its-13th-edition-giving-exclusive-prominence-to-canarian-professionals\/","og_site_name":"Infecar","article_published_time":"2026-04-28T15:03:42+00:00","article_modified_time":"2026-04-28T16:09:22+00:00","og_image":[{"width":2560,"height":1706,"url":"https:\/\/infecar.es\/wp-content\/uploads\/2026\/04\/Presentacion-Feria-GC-Me-Gusta-2026-3-scaled.jpg","type":"image\/jpeg"}],"author":"Patri Jorge","twitter_card":"summary_large_image","twitter_misc":{"Written by":"Patri Jorge","Est. reading time":"4 minutes"},"schema":{"@context":"https:\/\/schema.org","@graph":[{"@type":"Article","@id":"https:\/\/infecar.es\/en\/news\/gran-canaria-me-gusta-fair-prepares-for-its-13th-edition-giving-exclusive-prominence-to-canarian-professionals\/#article","isPartOf":{"@id":"\/en\/news\/gran-canaria-me-gusta-fair-prepares-for-its-13th-edition-giving-exclusive-prominence-to-canarian-professionals\/"},"author":{"name":"Patri Jorge","@id":"https:\/\/infecar.es\/#\/schema\/person\/fbd5e695b0598716102dc80aa9b3a941"},"headline":"Gran Canaria Me Gusta Fair prepares for its 13th edition, giving exclusive prominence to Canarian professionals","datePublished":"2026-04-28T15:03:42+00:00","dateModified":"2026-04-28T16:09:22+00:00","mainEntityOfPage":{"@id":"\/en\/news\/gran-canaria-me-gusta-fair-prepares-for-its-13th-edition-giving-exclusive-prominence-to-canarian-professionals\/"},"wordCount":839,"publisher":{"@id":"https:\/\/infecar.es\/#organization"},"image":{"@id":"https:\/\/infecar.es\/en\/news\/gran-canaria-me-gusta-fair-prepares-for-its-13th-edition-giving-exclusive-prominence-to-canarian-professionals\/#primaryimage"},"thumbnailUrl":"https:\/\/infecar.es\/wp-content\/uploads\/2026\/04\/Presentacion-Feria-GC-Me-Gusta-2026-3-scaled.jpg","articleSection":["Sin categorizar"],"inLanguage":"en-US"},{"@type":"WebPage","@id":"\/en\/news\/gran-canaria-me-gusta-fair-prepares-for-its-13th-edition-giving-exclusive-prominence-to-canarian-professionals\/","url":"https:\/\/infecar.es\/en\/news\/gran-canaria-me-gusta-fair-prepares-for-its-13th-edition-giving-exclusive-prominence-to-canarian-professionals\/","name":"Gran Canaria Me Gusta Fair prepares for its 13th edition, giving exclusive prominence to Canarian professionals - Infecar","isPartOf":{"@id":"https:\/\/infecar.es\/#website"},"primaryImageOfPage":{"@id":"https:\/\/infecar.es\/en\/news\/gran-canaria-me-gusta-fair-prepares-for-its-13th-edition-giving-exclusive-prominence-to-canarian-professionals\/#primaryimage"},"image":{"@id":"https:\/\/infecar.es\/en\/news\/gran-canaria-me-gusta-fair-prepares-for-its-13th-edition-giving-exclusive-prominence-to-canarian-professionals\/#primaryimage"},"thumbnailUrl":"https:\/\/infecar.es\/wp-content\/uploads\/2026\/04\/Presentacion-Feria-GC-Me-Gusta-2026-3-scaled.jpg","datePublished":"2026-04-28T15:03:42+00:00","dateModified":"2026-04-28T16:09:22+00:00","breadcrumb":{"@id":"https:\/\/infecar.es\/en\/news\/gran-canaria-me-gusta-fair-prepares-for-its-13th-edition-giving-exclusive-prominence-to-canarian-professionals\/#breadcrumb"},"inLanguage":"en-US","potentialAction":[{"@type":"ReadAction","target":["https:\/\/infecar.es\/en\/news\/gran-canaria-me-gusta-fair-prepares-for-its-13th-edition-giving-exclusive-prominence-to-canarian-professionals\/"]}]},{"@type":"ImageObject","inLanguage":"en-US","@id":"https:\/\/infecar.es\/en\/news\/gran-canaria-me-gusta-fair-prepares-for-its-13th-edition-giving-exclusive-prominence-to-canarian-professionals\/#primaryimage","url":"https:\/\/infecar.es\/wp-content\/uploads\/2026\/04\/Presentacion-Feria-GC-Me-Gusta-2026-3-scaled.jpg","contentUrl":"https:\/\/infecar.es\/wp-content\/uploads\/2026\/04\/Presentacion-Feria-GC-Me-Gusta-2026-3-scaled.jpg","width":2560,"height":1706,"caption":"Feria_GranCanariaMeGusta"},{"@type":"BreadcrumbList","@id":"https:\/\/infecar.es\/en\/news\/gran-canaria-me-gusta-fair-prepares-for-its-13th-edition-giving-exclusive-prominence-to-canarian-professionals\/#breadcrumb","itemListElement":[{"@type":"ListItem","position":1,"name":"Portada","item":"https:\/\/infecar.es\/en\/"},{"@type":"ListItem","position":2,"name":"Gran Canaria Me Gusta Fair prepares for its 13th edition, giving exclusive prominence to Canarian professionals"}]},{"@type":"WebSite","@id":"https:\/\/infecar.es\/#website","url":"https:\/\/infecar.es\/","name":"Infecar","description":"Feria de Gran Canaria","publisher":{"@id":"https:\/\/infecar.es\/#organization"},"potentialAction":[{"@type":"SearchAction","target":{"@type":"EntryPoint","urlTemplate":"https:\/\/infecar.es\/?s={search_term_string}"},"query-input":{"@type":"PropertyValueSpecification","valueRequired":true,"valueName":"search_term_string"}}],"inLanguage":"en-US"},{"@type":"Organization","@id":"https:\/\/infecar.es\/#organization","name":"Infecar","url":"https:\/\/infecar.es\/","logo":{"@type":"ImageObject","inLanguage":"en-US","@id":"https:\/\/infecar.es\/#\/schema\/logo\/image\/","url":"https:\/\/infecar.es\/wp-content\/uploads\/2023\/02\/logo_black.svg","contentUrl":"https:\/\/infecar.es\/wp-content\/uploads\/2023\/02\/logo_black.svg","width":1,"height":1,"caption":"Infecar"},"image":{"@id":"https:\/\/infecar.es\/#\/schema\/logo\/image\/"}},{"@type":"Person","@id":"https:\/\/infecar.es\/#\/schema\/person\/fbd5e695b0598716102dc80aa9b3a941","name":"Patri Jorge","image":{"@type":"ImageObject","inLanguage":"en-US","@id":"https:\/\/infecar.es\/#\/schema\/person\/image\/","url":"https:\/\/secure.gravatar.com\/avatar\/b00a32e946d71a33addf814c9cbc2c97182c6cc542f1e19191a97275a495fb74?s=96&d=mm&r=g","contentUrl":"https:\/\/secure.gravatar.com\/avatar\/b00a32e946d71a33addf814c9cbc2c97182c6cc542f1e19191a97275a495fb74?s=96&d=mm&r=g","caption":"Patri Jorge"},"url":"https:\/\/infecar.es\/en\/author\/patrijorge\/"}]}},"_links":{"self":[{"href":"https:\/\/infecar.es\/en\/wp-json\/wp\/v2\/posts\/14733","targetHints":{"allow":["GET"]}}],"collection":[{"href":"https:\/\/infecar.es\/en\/wp-json\/wp\/v2\/posts"}],"about":[{"href":"https:\/\/infecar.es\/en\/wp-json\/wp\/v2\/types\/post"}],"author":[{"embeddable":true,"href":"https:\/\/infecar.es\/en\/wp-json\/wp\/v2\/users\/13"}],"replies":[{"embeddable":true,"href":"https:\/\/infecar.es\/en\/wp-json\/wp\/v2\/comments?post=14733"}],"version-history":[{"count":1,"href":"https:\/\/infecar.es\/en\/wp-json\/wp\/v2\/posts\/14733\/revisions"}],"predecessor-version":[{"id":14734,"href":"https:\/\/infecar.es\/en\/wp-json\/wp\/v2\/posts\/14733\/revisions\/14734"}],"wp:featuredmedia":[{"embeddable":true,"href":"https:\/\/infecar.es\/en\/wp-json\/wp\/v2\/media\/14731"}],"wp:attachment":[{"href":"https:\/\/infecar.es\/en\/wp-json\/wp\/v2\/media?parent=14733"}],"wp:term":[{"taxonomy":"category","embeddable":true,"href":"https:\/\/infecar.es\/en\/wp-json\/wp\/v2\/categories?post=14733"},{"taxonomy":"post_tag","embeddable":true,"href":"https:\/\/infecar.es\/en\/wp-json\/wp\/v2\/tags?post=14733"}],"curies":[{"name":"wp","href":"https:\/\/api.w.org\/{rel}","templated":true}]}}