

{"id":14724,"date":"2026-04-28T14:18:20","date_gmt":"2026-04-28T14:18:20","guid":{"rendered":"\/en\/news\/"},"modified":"2026-04-28T14:23:39","modified_gmt":"2026-04-28T14:23:39","slug":"la-isla-de-mi-vida-school-festival-brings-tradition-and-the-future-into-the-classroom","status":"publish","type":"post","link":"\/en\/news\/la-isla-de-mi-vida-school-festival-brings-tradition-and-the-future-into-the-classroom","title":{"rendered":"La Isla de Mi Vida School Festival brings tradition and the future into the classroom"},"content":{"rendered":"<ul>\n<li>More than 650 students from 16 schools are rehearsing ahead of their participation in the major gathering on 22 May in Vecindario<\/li>\n<li>The President of the Cabildo, Antonio Morales, visited students and teachers today at IES P\u00e9rez Gald\u00f3s and CEIP La Vi\u00f1uela<\/li>\n<\/ul>\n<p>\u201cCome on everyone, we still have time for one more song before heading back to class.\u201d This morning, the sounds of <em>parranda<\/em> group El Palmeral, made up of students from IES P\u00e9rez Gald\u00f3s, filled the school assembly hall during rehearsals for their participation in La Isla de Mi Vida Escolar, a project that will bring together more than 650 students from 16 schools across the island in Plaza de San Rafael, Vecindario, on 22 May as part of the La Isla de Mi Vida Festival.<\/p>\n<p>The President of the Cabildo de Gran Canaria, Antonio Morales, together with the Councillor for Economic Development, Minerva Alonso, visited both IES P\u00e9rez Gald\u00f3s and CEIP La Vi\u00f1uela in Ag\u00fcimes today to attend the rehearsal sessions and thank both teachers and students for their work.<\/p>\n<p>\u201cI was moved to see their enthusiasm, the time they dedicate to preparing, and to witness that, despite stereotypes, the young people of Gran Canaria are engaging with popular culture and embracing the spirit through which the Canariona Festival has been reinvented as the La Isla de Mi Vida Festival,\u201d said Morales.<\/p>\n<p>Alma Cerpa, a second-year student at IES P\u00e9rez Gald\u00f3s, leads El Palmeral, one of the groups taking part in the 22 May event. They make time to rehearse whenever they can, driven by the enjoyment that comes from bringing together art, friendship, fun and education. When the rehearsal ends, the guitar, bass and drum fall silent. One student wheels away the loudspeaker on a trolley. Hanging in the air is the shared echo of tradition, the present and the future.<\/p>\n<p>\u201cLa Isla de Mi Vida Escolar y Familiar was born as a natural extension of the celebration of our identity, with the firm intention of placing traditional music at the heart of everyday learning,\u201d Antonio Morales also explained.<\/p>\n<p>\u201cThis initiative,\u201d he added, \u201cjoins the programme of the 2026 La Isla de Mi Vida Festival not only to highlight the Canary Islands content taught in schools, but also to turn that knowledge into a shared experience. By taking music out of the schools and into the public square, we turn folklore into a tool for social cohesion and generational pride.\u201d<\/p>\n<p>La Isla de Mi Vida Escolar will take place on 22 May from 9:00 to 13:00 in Vecindario, with free admission. In the afternoon, from 16:30 to 18:30, and also with free entry, La Isla de Mi Vida Familiar will be held, featuring performances by four municipal music bands. From 10:00 to 20:00, workshops and craft displays will take place along Avenida de Canarias in Vecindario.<\/p>\n<p>The festival\u2019s second main event will take place on 29 May in Plaza de Santa Ana in Las Palmas de Gran Canaria, also with free admission. After the parade sets off at 19:30 from Parque de San Telmo, accompanied by the Banda de Firgas and the Papahuevos, the headline event of the programme will begin at 20:30: the large-scale musical and theatrical production Attindamana (\u201cThe sound of a people, the heartbeat of an island\u201d).<\/p>\n<p>Attindamana is a large-format production involving more than 500 artists, conceived as a profound and contemporary tribute to the identity of the island\u2019s 21 municipalities. Under the direction of a collective creative team that weaves connections between different artists, the core team includes Mario Vega, Bel\u00e9n \u00c1lvarez LAJALADA, V\u00edctor Batista, Ner Su\u00e1rez, Manuel Abrante, Ruth S\u00e1nchez and Javier Cerpa.<\/p>\n<p>\u201cAttindamana is an ambitious and determined commitment to achieving a fundamental goal: building a new and lasting repertoire for Canarian popular music,\u201d Antonio Morales stressed. \u201cBeyond being a one-off event, it is an investment in future heritage: the creation of a legacy of 21 songs to become part of the songbook of our land, adding to the foundations of our popular music so they may endure over time.\u201d<\/p>\n<p>&nbsp;<\/p>\n","protected":false},"excerpt":{"rendered":"<p>More than 650 students from 16 schools are rehearsing ahead of their participation in the major gathering on 22 May in Vecindario The President of the Cabildo, Antonio Morales, visited students and teachers today at IES P\u00e9rez Gald\u00f3s and CEIP La Vi\u00f1uela \u201cCome on everyone, we still have time for one more song before heading [&hellip;]<\/p>\n","protected":false},"author":13,"featured_media":14722,"comment_status":"closed","ping_status":"closed","sticky":false,"template":"","format":"standard","meta":{"_acf_changed":false,"om_disable_all_campaigns":false,"_monsterinsights_skip_tracking":false,"_monsterinsights_sitenote_active":false,"_monsterinsights_sitenote_note":"","_monsterinsights_sitenote_category":0,"_uf_show_specific_survey":0,"_uf_disable_surveys":false,"_joinchat":[],"footnotes":""},"categories":[1],"tags":[],"class_list":["post-14724","post","type-post","status-publish","format-standard","has-post-thumbnail","hentry","category-sin-categorizar"],"acf":[],"aioseo_notices":[],"yoast_head":"<!-- This site is optimized with the Yoast SEO plugin v26.7 - https:\/\/yoast.com\/wordpress\/plugins\/seo\/ -->\n<title>La Isla de Mi Vida School Festival brings tradition and the future into the classroom - Infecar<\/title>\n<meta name=\"robots\" content=\"index, follow, max-snippet:-1, max-image-preview:large, max-video-preview:-1\" \/>\n<link rel=\"canonical\" href=\"https:\/\/infecar.es\/en\/news\/la-isla-de-mi-vida-school-festival-brings-tradition-and-the-future-into-the-classroom\/\" \/>\n<meta property=\"og:locale\" content=\"en_US\" \/>\n<meta property=\"og:type\" content=\"article\" \/>\n<meta property=\"og:title\" content=\"La Isla de Mi Vida School Festival brings tradition and the future into the classroom - Infecar\" \/>\n<meta property=\"og:description\" content=\"More than 650 students from 16 schools are rehearsing ahead of their participation in the major gathering on 22 May in Vecindario The President of the Cabildo, Antonio Morales, visited students and teachers today at IES P\u00e9rez Gald\u00f3s and CEIP La Vi\u00f1uela \u201cCome on everyone, we still have time for one more song before heading [&hellip;]\" \/>\n<meta property=\"og:url\" content=\"\/en\/news\/la-isla-de-mi-vida-school-festival-brings-tradition-and-the-future-into-the-classroom\/\" \/>\n<meta property=\"og:site_name\" content=\"Infecar\" \/>\n<meta property=\"article:published_time\" content=\"2026-04-28T14:18:20+00:00\" \/>\n<meta property=\"article:modified_time\" content=\"2026-04-28T14:23:39+00:00\" \/>\n<meta property=\"og:image\" content=\"http:\/\/infecar.es\/wp-content\/uploads\/2026\/04\/Ensayo-en-el-IES-Perez-Galdos.jpg\" \/>\n\t<meta property=\"og:image:width\" content=\"2500\" \/>\n\t<meta property=\"og:image:height\" content=\"1663\" \/>\n\t<meta property=\"og:image:type\" content=\"image\/jpeg\" \/>\n<meta name=\"author\" content=\"Patri Jorge\" \/>\n<meta name=\"twitter:card\" content=\"summary_large_image\" \/>\n<meta name=\"twitter:label1\" content=\"Written by\" \/>\n\t<meta name=\"twitter:data1\" content=\"Patri Jorge\" \/>\n\t<meta name=\"twitter:label2\" content=\"Est. reading time\" \/>\n\t<meta name=\"twitter:data2\" content=\"4 minutes\" \/>\n<script type=\"application\/ld+json\" class=\"yoast-schema-graph\">{\"@context\":\"https:\/\/schema.org\",\"@graph\":[{\"@type\":\"Article\",\"@id\":\"https:\/\/infecar.es\/en\/news\/la-isla-de-mi-vida-school-festival-brings-tradition-and-the-future-into-the-classroom\/#article\",\"isPartOf\":{\"@id\":\"\/en\/news\/la-isla-de-mi-vida-school-festival-brings-tradition-and-the-future-into-the-classroom\/\"},\"author\":{\"name\":\"Patri Jorge\",\"@id\":\"http:\/\/infecar.es\/en\/#\/schema\/person\/fbd5e695b0598716102dc80aa9b3a941\"},\"headline\":\"La Isla de Mi Vida School Festival brings tradition and the future into the classroom\",\"datePublished\":\"2026-04-28T14:18:20+00:00\",\"dateModified\":\"2026-04-28T14:23:39+00:00\",\"mainEntityOfPage\":{\"@id\":\"\/en\/news\/la-isla-de-mi-vida-school-festival-brings-tradition-and-the-future-into-the-classroom\/\"},\"wordCount\":682,\"publisher\":{\"@id\":\"http:\/\/infecar.es\/en\/#organization\"},\"image\":{\"@id\":\"https:\/\/infecar.es\/en\/news\/la-isla-de-mi-vida-school-festival-brings-tradition-and-the-future-into-the-classroom\/#primaryimage\"},\"thumbnailUrl\":\"https:\/\/infecar.es\/wp-content\/uploads\/2026\/04\/Ensayo-en-el-IES-Perez-Galdos.jpg\",\"articleSection\":[\"Sin categorizar\"],\"inLanguage\":\"en-US\"},{\"@type\":\"WebPage\",\"@id\":\"\/en\/news\/la-isla-de-mi-vida-school-festival-brings-tradition-and-the-future-into-the-classroom\/\",\"url\":\"https:\/\/infecar.es\/en\/news\/la-isla-de-mi-vida-school-festival-brings-tradition-and-the-future-into-the-classroom\/\",\"name\":\"La Isla de Mi Vida School Festival brings tradition and the future into the classroom - Infecar\",\"isPartOf\":{\"@id\":\"http:\/\/infecar.es\/en\/#website\"},\"primaryImageOfPage\":{\"@id\":\"https:\/\/infecar.es\/en\/news\/la-isla-de-mi-vida-school-festival-brings-tradition-and-the-future-into-the-classroom\/#primaryimage\"},\"image\":{\"@id\":\"https:\/\/infecar.es\/en\/news\/la-isla-de-mi-vida-school-festival-brings-tradition-and-the-future-into-the-classroom\/#primaryimage\"},\"thumbnailUrl\":\"https:\/\/infecar.es\/wp-content\/uploads\/2026\/04\/Ensayo-en-el-IES-Perez-Galdos.jpg\",\"datePublished\":\"2026-04-28T14:18:20+00:00\",\"dateModified\":\"2026-04-28T14:23:39+00:00\",\"breadcrumb\":{\"@id\":\"https:\/\/infecar.es\/en\/news\/la-isla-de-mi-vida-school-festival-brings-tradition-and-the-future-into-the-classroom\/#breadcrumb\"},\"inLanguage\":\"en-US\",\"potentialAction\":[{\"@type\":\"ReadAction\",\"target\":[\"https:\/\/infecar.es\/en\/news\/la-isla-de-mi-vida-school-festival-brings-tradition-and-the-future-into-the-classroom\/\"]}]},{\"@type\":\"ImageObject\",\"inLanguage\":\"en-US\",\"@id\":\"https:\/\/infecar.es\/en\/news\/la-isla-de-mi-vida-school-festival-brings-tradition-and-the-future-into-the-classroom\/#primaryimage\",\"url\":\"https:\/\/infecar.es\/wp-content\/uploads\/2026\/04\/Ensayo-en-el-IES-Perez-Galdos.jpg\",\"contentUrl\":\"https:\/\/infecar.es\/wp-content\/uploads\/2026\/04\/Ensayo-en-el-IES-Perez-Galdos.jpg\",\"width\":2500,\"height\":1663,\"caption\":\"IEs_P\u00e9rezGald\u00f3s\"},{\"@type\":\"BreadcrumbList\",\"@id\":\"https:\/\/infecar.es\/en\/news\/la-isla-de-mi-vida-school-festival-brings-tradition-and-the-future-into-the-classroom\/#breadcrumb\",\"itemListElement\":[{\"@type\":\"ListItem\",\"position\":1,\"name\":\"Portada\",\"item\":\"http:\/\/infecar.es\/en\/\"},{\"@type\":\"ListItem\",\"position\":2,\"name\":\"La Isla de Mi Vida School Festival brings tradition and the future into the classroom\"}]},{\"@type\":\"WebSite\",\"@id\":\"http:\/\/infecar.es\/en\/#website\",\"url\":\"http:\/\/infecar.es\/en\/\",\"name\":\"Infecar\",\"description\":\"Feria de Gran Canaria\",\"publisher\":{\"@id\":\"http:\/\/infecar.es\/en\/#organization\"},\"potentialAction\":[{\"@type\":\"SearchAction\",\"target\":{\"@type\":\"EntryPoint\",\"urlTemplate\":\"http:\/\/infecar.es\/en\/?s={search_term_string}\"},\"query-input\":{\"@type\":\"PropertyValueSpecification\",\"valueRequired\":true,\"valueName\":\"search_term_string\"}}],\"inLanguage\":\"en-US\"},{\"@type\":\"Organization\",\"@id\":\"http:\/\/infecar.es\/en\/#organization\",\"name\":\"Infecar\",\"url\":\"http:\/\/infecar.es\/en\/\",\"logo\":{\"@type\":\"ImageObject\",\"inLanguage\":\"en-US\",\"@id\":\"http:\/\/infecar.es\/en\/#\/schema\/logo\/image\/\",\"url\":\"https:\/\/infecar.es\/wp-content\/uploads\/2023\/02\/logo_black.svg\",\"contentUrl\":\"https:\/\/infecar.es\/wp-content\/uploads\/2023\/02\/logo_black.svg\",\"width\":1,\"height\":1,\"caption\":\"Infecar\"},\"image\":{\"@id\":\"http:\/\/infecar.es\/en\/#\/schema\/logo\/image\/\"}},{\"@type\":\"Person\",\"@id\":\"http:\/\/infecar.es\/en\/#\/schema\/person\/fbd5e695b0598716102dc80aa9b3a941\",\"name\":\"Patri Jorge\",\"image\":{\"@type\":\"ImageObject\",\"inLanguage\":\"en-US\",\"@id\":\"http:\/\/infecar.es\/en\/#\/schema\/person\/image\/\",\"url\":\"https:\/\/secure.gravatar.com\/avatar\/b00a32e946d71a33addf814c9cbc2c97182c6cc542f1e19191a97275a495fb74?s=96&d=mm&r=g\",\"contentUrl\":\"https:\/\/secure.gravatar.com\/avatar\/b00a32e946d71a33addf814c9cbc2c97182c6cc542f1e19191a97275a495fb74?s=96&d=mm&r=g\",\"caption\":\"Patri Jorge\"},\"url\":\"https:\/\/infecar.es\/en\/author\/patrijorge\/\"}]}<\/script>\n<!-- \/ Yoast SEO plugin. -->","yoast_head_json":{"title":"La Isla de Mi Vida School Festival brings tradition and the future into the classroom - Infecar","robots":{"index":"index","follow":"follow","max-snippet":"max-snippet:-1","max-image-preview":"max-image-preview:large","max-video-preview":"max-video-preview:-1"},"canonical":"https:\/\/infecar.es\/en\/news\/la-isla-de-mi-vida-school-festival-brings-tradition-and-the-future-into-the-classroom\/","og_locale":"en_US","og_type":"article","og_title":"La Isla de Mi Vida School Festival brings tradition and the future into the classroom - Infecar","og_description":"More than 650 students from 16 schools are rehearsing ahead of their participation in the major gathering on 22 May in Vecindario The President of the Cabildo, Antonio Morales, visited students and teachers today at IES P\u00e9rez Gald\u00f3s and CEIP La Vi\u00f1uela \u201cCome on everyone, we still have time for one more song before heading [&hellip;]","og_url":"\/en\/news\/la-isla-de-mi-vida-school-festival-brings-tradition-and-the-future-into-the-classroom\/","og_site_name":"Infecar","article_published_time":"2026-04-28T14:18:20+00:00","article_modified_time":"2026-04-28T14:23:39+00:00","og_image":[{"width":2500,"height":1663,"url":"http:\/\/infecar.es\/wp-content\/uploads\/2026\/04\/Ensayo-en-el-IES-Perez-Galdos.jpg","type":"image\/jpeg"}],"author":"Patri Jorge","twitter_card":"summary_large_image","twitter_misc":{"Written by":"Patri Jorge","Est. reading time":"4 minutes"},"schema":{"@context":"https:\/\/schema.org","@graph":[{"@type":"Article","@id":"https:\/\/infecar.es\/en\/news\/la-isla-de-mi-vida-school-festival-brings-tradition-and-the-future-into-the-classroom\/#article","isPartOf":{"@id":"\/en\/news\/la-isla-de-mi-vida-school-festival-brings-tradition-and-the-future-into-the-classroom\/"},"author":{"name":"Patri Jorge","@id":"http:\/\/infecar.es\/en\/#\/schema\/person\/fbd5e695b0598716102dc80aa9b3a941"},"headline":"La Isla de Mi Vida School Festival brings tradition and the future into the classroom","datePublished":"2026-04-28T14:18:20+00:00","dateModified":"2026-04-28T14:23:39+00:00","mainEntityOfPage":{"@id":"\/en\/news\/la-isla-de-mi-vida-school-festival-brings-tradition-and-the-future-into-the-classroom\/"},"wordCount":682,"publisher":{"@id":"http:\/\/infecar.es\/en\/#organization"},"image":{"@id":"https:\/\/infecar.es\/en\/news\/la-isla-de-mi-vida-school-festival-brings-tradition-and-the-future-into-the-classroom\/#primaryimage"},"thumbnailUrl":"https:\/\/infecar.es\/wp-content\/uploads\/2026\/04\/Ensayo-en-el-IES-Perez-Galdos.jpg","articleSection":["Sin categorizar"],"inLanguage":"en-US"},{"@type":"WebPage","@id":"\/en\/news\/la-isla-de-mi-vida-school-festival-brings-tradition-and-the-future-into-the-classroom\/","url":"https:\/\/infecar.es\/en\/news\/la-isla-de-mi-vida-school-festival-brings-tradition-and-the-future-into-the-classroom\/","name":"La Isla de Mi Vida School Festival brings tradition and the future into the classroom - Infecar","isPartOf":{"@id":"http:\/\/infecar.es\/en\/#website"},"primaryImageOfPage":{"@id":"https:\/\/infecar.es\/en\/news\/la-isla-de-mi-vida-school-festival-brings-tradition-and-the-future-into-the-classroom\/#primaryimage"},"image":{"@id":"https:\/\/infecar.es\/en\/news\/la-isla-de-mi-vida-school-festival-brings-tradition-and-the-future-into-the-classroom\/#primaryimage"},"thumbnailUrl":"https:\/\/infecar.es\/wp-content\/uploads\/2026\/04\/Ensayo-en-el-IES-Perez-Galdos.jpg","datePublished":"2026-04-28T14:18:20+00:00","dateModified":"2026-04-28T14:23:39+00:00","breadcrumb":{"@id":"https:\/\/infecar.es\/en\/news\/la-isla-de-mi-vida-school-festival-brings-tradition-and-the-future-into-the-classroom\/#breadcrumb"},"inLanguage":"en-US","potentialAction":[{"@type":"ReadAction","target":["https:\/\/infecar.es\/en\/news\/la-isla-de-mi-vida-school-festival-brings-tradition-and-the-future-into-the-classroom\/"]}]},{"@type":"ImageObject","inLanguage":"en-US","@id":"https:\/\/infecar.es\/en\/news\/la-isla-de-mi-vida-school-festival-brings-tradition-and-the-future-into-the-classroom\/#primaryimage","url":"https:\/\/infecar.es\/wp-content\/uploads\/2026\/04\/Ensayo-en-el-IES-Perez-Galdos.jpg","contentUrl":"https:\/\/infecar.es\/wp-content\/uploads\/2026\/04\/Ensayo-en-el-IES-Perez-Galdos.jpg","width":2500,"height":1663,"caption":"IEs_P\u00e9rezGald\u00f3s"},{"@type":"BreadcrumbList","@id":"https:\/\/infecar.es\/en\/news\/la-isla-de-mi-vida-school-festival-brings-tradition-and-the-future-into-the-classroom\/#breadcrumb","itemListElement":[{"@type":"ListItem","position":1,"name":"Portada","item":"http:\/\/infecar.es\/en\/"},{"@type":"ListItem","position":2,"name":"La Isla de Mi Vida School Festival brings tradition and the future into the classroom"}]},{"@type":"WebSite","@id":"http:\/\/infecar.es\/en\/#website","url":"http:\/\/infecar.es\/en\/","name":"Infecar","description":"Feria de Gran Canaria","publisher":{"@id":"http:\/\/infecar.es\/en\/#organization"},"potentialAction":[{"@type":"SearchAction","target":{"@type":"EntryPoint","urlTemplate":"http:\/\/infecar.es\/en\/?s={search_term_string}"},"query-input":{"@type":"PropertyValueSpecification","valueRequired":true,"valueName":"search_term_string"}}],"inLanguage":"en-US"},{"@type":"Organization","@id":"http:\/\/infecar.es\/en\/#organization","name":"Infecar","url":"http:\/\/infecar.es\/en\/","logo":{"@type":"ImageObject","inLanguage":"en-US","@id":"http:\/\/infecar.es\/en\/#\/schema\/logo\/image\/","url":"https:\/\/infecar.es\/wp-content\/uploads\/2023\/02\/logo_black.svg","contentUrl":"https:\/\/infecar.es\/wp-content\/uploads\/2023\/02\/logo_black.svg","width":1,"height":1,"caption":"Infecar"},"image":{"@id":"http:\/\/infecar.es\/en\/#\/schema\/logo\/image\/"}},{"@type":"Person","@id":"http:\/\/infecar.es\/en\/#\/schema\/person\/fbd5e695b0598716102dc80aa9b3a941","name":"Patri Jorge","image":{"@type":"ImageObject","inLanguage":"en-US","@id":"http:\/\/infecar.es\/en\/#\/schema\/person\/image\/","url":"https:\/\/secure.gravatar.com\/avatar\/b00a32e946d71a33addf814c9cbc2c97182c6cc542f1e19191a97275a495fb74?s=96&d=mm&r=g","contentUrl":"https:\/\/secure.gravatar.com\/avatar\/b00a32e946d71a33addf814c9cbc2c97182c6cc542f1e19191a97275a495fb74?s=96&d=mm&r=g","caption":"Patri Jorge"},"url":"https:\/\/infecar.es\/en\/author\/patrijorge\/"}]}},"_links":{"self":[{"href":"https:\/\/infecar.es\/en\/wp-json\/wp\/v2\/posts\/14724","targetHints":{"allow":["GET"]}}],"collection":[{"href":"https:\/\/infecar.es\/en\/wp-json\/wp\/v2\/posts"}],"about":[{"href":"https:\/\/infecar.es\/en\/wp-json\/wp\/v2\/types\/post"}],"author":[{"embeddable":true,"href":"https:\/\/infecar.es\/en\/wp-json\/wp\/v2\/users\/13"}],"replies":[{"embeddable":true,"href":"https:\/\/infecar.es\/en\/wp-json\/wp\/v2\/comments?post=14724"}],"version-history":[{"count":1,"href":"https:\/\/infecar.es\/en\/wp-json\/wp\/v2\/posts\/14724\/revisions"}],"predecessor-version":[{"id":14725,"href":"https:\/\/infecar.es\/en\/wp-json\/wp\/v2\/posts\/14724\/revisions\/14725"}],"wp:featuredmedia":[{"embeddable":true,"href":"https:\/\/infecar.es\/en\/wp-json\/wp\/v2\/media\/14722"}],"wp:attachment":[{"href":"https:\/\/infecar.es\/en\/wp-json\/wp\/v2\/media?parent=14724"}],"wp:term":[{"taxonomy":"category","embeddable":true,"href":"https:\/\/infecar.es\/en\/wp-json\/wp\/v2\/categories?post=14724"},{"taxonomy":"post_tag","embeddable":true,"href":"https:\/\/infecar.es\/en\/wp-json\/wp\/v2\/tags?post=14724"}],"curies":[{"name":"wp","href":"https:\/\/api.w.org\/{rel}","templated":true}]}}