

{"id":14711,"date":"2026-04-23T13:44:40","date_gmt":"2026-04-23T13:44:40","guid":{"rendered":"\/en\/news\/"},"modified":"2026-04-27T10:58:36","modified_gmt":"2026-04-27T10:58:36","slug":"the-former-canariona-event-is-being-reinvented-into-the-festival-la-isla-de-mi-vida-with-events-on-22-and-29-may","status":"publish","type":"post","link":"\/en\/news\/the-former-canariona-event-is-being-reinvented-into-the-festival-la-isla-de-mi-vida-with-events-on-22-and-29-may","title":{"rendered":"The former Canariona event is being reinvented into the Festival La Isla de Mi Vida, with events on 22 and 29 May"},"content":{"rendered":"<ul>\n<li>The major musical and theatrical production Attindamana will bring together more than 500 artists, connecting cultural roots with contemporary creation<\/li>\n<li>Hundreds of students from schools in 15 municipalities across the island will take part in the project La Isla de Mi Vida Escolar y Familiar<\/li>\n<\/ul>\n<p>The Cabildo de Gran Canaria is reinventing and expanding the spirit of the Canariona music event under the name Festival La Isla de Mi Vida, which will once again celebrate Canary Islands Day and the expression of the island\u2019s cultural diversity on 22 and 29 May, bringing together roots and contemporary vision. This was announced today during its presentation by the island president, Antonio Morales, accompanied by the Councillor for Economic Development, Minerva Alonso, and artists V\u00edctor Batista and Bel\u00e9n \u00c1lvarez, known as Lajalada.<br \/>\n\u201cThe Festival La Isla de Mi Vida will bring together most of the active groups and creators on the island of Gran Canaria in an original large-scale production,\u201d Morales said. \u201cIt will also extend to folk activity in schools and municipal music schools,\u201d he added. \u201cThis is a more complex organisation, but one that will allow the participation of the vast majority of groups, artists, teachers, families and municipalities linked to popular music,\u201d he emphasised.<\/p>\n<p>\u201cI would like to thank the teams from the Department of Economic Development, Infecar as organising body, Fedac, the Presidency Department, the production company Una Hora Menos, and the artists joining us today on behalf of the hundreds of people involved in Festival La Isla de Mi Vida,\u201d the president of the Cabildo said.<\/p>\n<p>The Festival\u2019s main event will take place on 29 May in Plaza de Santa Ana, in Las Palmas de Gran Canaria, with free admission. Following the parade, which will begin at 7:30 p.m. in Parque de San Telmo with the Banda de Firgas and the Papahuevos, the main highlight of the programme will begin at 8:30 p.m.: the musical and theatrical show Attindamana \u2014 The sound of a people, the heartbeat of an island.<br \/>\nThe president explained that Attindamana is a large-format production involving more than 500 artists, conceived \u201cas a profound and contemporary tribute to the identity of the island\u2019s 21 municipalities\u201d. The project is directed by a collective creative team working to build connections between different artists. This core team includes Mario Vega, Bel\u00e9n \u00c1lvarez LAJALADA, V\u00edctor Batista, Ner Su\u00e1rez, Manuel Abrante, Ruth S\u00e1nchez and Javier Cerpa.<br \/>\n\u201cAttindamana stands as an ambitious and determined commitment to a fundamental goal: to work on a new and lasting repertoire for Canarian popular music,\u201d Antonio Morales explained. \u201cBeyond a one-off event, it is an investment in future heritage, creating a legacy of 21 songs that will become part of the songbook of our land, adding to the foundations of our popular music so that they can endure over time,\u201d he noted.<\/p>\n<p>\u201cBy naming this show Attindamana, we are connecting our oldest roots with contemporary creation. We are saying that tradition is not a museum piece, but a living process. Attindamana laid the foundations for a new social structure in aboriginal society. Attindamana is the title this cultural milestone deserves, so that the Festival is remembered not only as a concert, but as the moment when Gran Canaria looked to its past in order to compose its future,\u201d he stated.<br \/>\nAttindamana is, ultimately, one of the largest gatherings of local artistic talent linked to an island-wide cultural event. It will involve, among others, the Gran Canaria Philharmonic Orchestra, Parranda Araguaney, Umiaya, Mujeres D, Ra\u00edces Atl\u00e1ntikas, Los Serenquenquenes, folk groups, municipal collectives and more than forty vocal and instrumental performers.<\/p>\n<p>The night of 29 May will close with the exclusive premiere of the new edition of After Hours: The Mixtape. This project is led by DJ Saot ST, a renowned producer and filmmaker who has devoted his career to promoting young talent from the islands within urban culture.<br \/>\nLa Isla de Mi Vida Escolar y Familiar<\/p>\n<p>One week earlier, on Friday 22 May, Plaza de San Rafael in Vecindario will host, also with free admission, a major celebration of children\u2019s and young people\u2019s folklore, with schools taking part in the morning and music schools in the afternoon.<br \/>\n\u201cThe project La Isla de Mi Vida Escolar y Familiar was created as a natural extension of the celebration of our identity, with the firm aim of placing traditional music at the heart of everyday learning,\u201d Antonio Morales said. The school festival will bring together more than 650 students from primary, secondary and special education schools, representing the diversity of 15 municipalities across the island.<br \/>\n\u201cThis initiative is proposed as part of the Festival La Isla de Mi Vida 2026, not only to highlight the Canarian content taught in classrooms, but also to transform that knowledge into a shared experience. By taking music out of schools and bringing it into the public square, we turn folklore into a tool for social cohesion and generational pride,\u201d he said.<\/p>\n","protected":false},"excerpt":{"rendered":"<p>The major musical and theatrical production Attindamana will bring together more than 500 artists, connecting cultural roots with contemporary creation Hundreds of students from schools in 15 municipalities across the island will take part in the project La Isla de Mi Vida Escolar y Familiar The Cabildo de Gran Canaria is reinventing and expanding the [&hellip;]<\/p>\n","protected":false},"author":13,"featured_media":14648,"comment_status":"closed","ping_status":"closed","sticky":false,"template":"","format":"standard","meta":{"_acf_changed":false,"om_disable_all_campaigns":false,"_monsterinsights_skip_tracking":false,"_monsterinsights_sitenote_active":false,"_monsterinsights_sitenote_note":"","_monsterinsights_sitenote_category":0,"_uf_show_specific_survey":0,"_uf_disable_surveys":false,"_joinchat":[],"footnotes":""},"categories":[1],"tags":[],"class_list":["post-14711","post","type-post","status-publish","format-standard","has-post-thumbnail","hentry","category-sin-categorizar"],"acf":[],"aioseo_notices":[],"yoast_head":"<!-- This site is optimized with the Yoast SEO plugin v26.7 - https:\/\/yoast.com\/wordpress\/plugins\/seo\/ -->\n<title>The former Canariona event is being reinvented into the Festival La Isla de Mi Vida, with events on 22 and 29 May - Infecar<\/title>\n<meta name=\"robots\" content=\"index, follow, max-snippet:-1, max-image-preview:large, max-video-preview:-1\" \/>\n<link rel=\"canonical\" href=\"https:\/\/infecar.es\/en\/news\/the-former-canariona-event-is-being-reinvented-into-the-festival-la-isla-de-mi-vida-with-events-on-22-and-29-may\/\" \/>\n<meta property=\"og:locale\" content=\"en_US\" \/>\n<meta property=\"og:type\" content=\"article\" \/>\n<meta property=\"og:title\" content=\"The former Canariona event is being reinvented into the Festival La Isla de Mi Vida, with events on 22 and 29 May - Infecar\" \/>\n<meta property=\"og:description\" content=\"The major musical and theatrical production Attindamana will bring together more than 500 artists, connecting cultural roots with contemporary creation Hundreds of students from schools in 15 municipalities across the island will take part in the project La Isla de Mi Vida Escolar y Familiar The Cabildo de Gran Canaria is reinventing and expanding the [&hellip;]\" \/>\n<meta property=\"og:url\" content=\"\/en\/news\/the-former-canariona-event-is-being-reinvented-into-the-festival-la-isla-de-mi-vida-with-events-on-22-and-29-may\/\" \/>\n<meta property=\"og:site_name\" content=\"Infecar\" \/>\n<meta property=\"article:published_time\" content=\"2026-04-23T13:44:40+00:00\" \/>\n<meta property=\"article:modified_time\" content=\"2026-04-27T10:58:36+00:00\" \/>\n<meta property=\"og:image\" content=\"http:\/\/infecar.es\/wp-content\/uploads\/2026\/04\/Foto-de-familia-tras-la-rueda-de-prensa.jpg\" \/>\n\t<meta property=\"og:image:width\" content=\"2500\" \/>\n\t<meta property=\"og:image:height\" content=\"1667\" \/>\n\t<meta property=\"og:image:type\" content=\"image\/jpeg\" \/>\n<meta name=\"author\" content=\"Patri Jorge\" \/>\n<meta name=\"twitter:card\" content=\"summary_large_image\" \/>\n<meta name=\"twitter:label1\" content=\"Written by\" \/>\n\t<meta name=\"twitter:data1\" content=\"Patri Jorge\" \/>\n\t<meta name=\"twitter:label2\" content=\"Est. reading time\" \/>\n\t<meta name=\"twitter:data2\" content=\"4 minutes\" \/>\n<script type=\"application\/ld+json\" class=\"yoast-schema-graph\">{\"@context\":\"https:\/\/schema.org\",\"@graph\":[{\"@type\":\"Article\",\"@id\":\"https:\/\/infecar.es\/en\/news\/the-former-canariona-event-is-being-reinvented-into-the-festival-la-isla-de-mi-vida-with-events-on-22-and-29-may\/#article\",\"isPartOf\":{\"@id\":\"\/en\/news\/the-former-canariona-event-is-being-reinvented-into-the-festival-la-isla-de-mi-vida-with-events-on-22-and-29-may\/\"},\"author\":{\"name\":\"Patri Jorge\",\"@id\":\"http:\/\/infecar.es\/en\/#\/schema\/person\/fbd5e695b0598716102dc80aa9b3a941\"},\"headline\":\"The former Canariona event is being reinvented into the Festival La Isla de Mi Vida, with events on 22 and 29 May\",\"datePublished\":\"2026-04-23T13:44:40+00:00\",\"dateModified\":\"2026-04-27T10:58:36+00:00\",\"mainEntityOfPage\":{\"@id\":\"\/en\/news\/the-former-canariona-event-is-being-reinvented-into-the-festival-la-isla-de-mi-vida-with-events-on-22-and-29-may\/\"},\"wordCount\":838,\"publisher\":{\"@id\":\"http:\/\/infecar.es\/en\/#organization\"},\"image\":{\"@id\":\"https:\/\/infecar.es\/en\/news\/the-former-canariona-event-is-being-reinvented-into-the-festival-la-isla-de-mi-vida-with-events-on-22-and-29-may\/#primaryimage\"},\"thumbnailUrl\":\"https:\/\/infecar.es\/wp-content\/uploads\/2026\/04\/Foto-de-familia-tras-la-rueda-de-prensa.jpg\",\"articleSection\":[\"Sin categorizar\"],\"inLanguage\":\"en-US\"},{\"@type\":\"WebPage\",\"@id\":\"\/en\/news\/the-former-canariona-event-is-being-reinvented-into-the-festival-la-isla-de-mi-vida-with-events-on-22-and-29-may\/\",\"url\":\"https:\/\/infecar.es\/en\/news\/the-former-canariona-event-is-being-reinvented-into-the-festival-la-isla-de-mi-vida-with-events-on-22-and-29-may\/\",\"name\":\"The former Canariona event is being reinvented into the Festival La Isla de Mi Vida, with events on 22 and 29 May - Infecar\",\"isPartOf\":{\"@id\":\"http:\/\/infecar.es\/en\/#website\"},\"primaryImageOfPage\":{\"@id\":\"https:\/\/infecar.es\/en\/news\/the-former-canariona-event-is-being-reinvented-into-the-festival-la-isla-de-mi-vida-with-events-on-22-and-29-may\/#primaryimage\"},\"image\":{\"@id\":\"https:\/\/infecar.es\/en\/news\/the-former-canariona-event-is-being-reinvented-into-the-festival-la-isla-de-mi-vida-with-events-on-22-and-29-may\/#primaryimage\"},\"thumbnailUrl\":\"https:\/\/infecar.es\/wp-content\/uploads\/2026\/04\/Foto-de-familia-tras-la-rueda-de-prensa.jpg\",\"datePublished\":\"2026-04-23T13:44:40+00:00\",\"dateModified\":\"2026-04-27T10:58:36+00:00\",\"breadcrumb\":{\"@id\":\"https:\/\/infecar.es\/en\/news\/the-former-canariona-event-is-being-reinvented-into-the-festival-la-isla-de-mi-vida-with-events-on-22-and-29-may\/#breadcrumb\"},\"inLanguage\":\"en-US\",\"potentialAction\":[{\"@type\":\"ReadAction\",\"target\":[\"https:\/\/infecar.es\/en\/news\/the-former-canariona-event-is-being-reinvented-into-the-festival-la-isla-de-mi-vida-with-events-on-22-and-29-may\/\"]}]},{\"@type\":\"ImageObject\",\"inLanguage\":\"en-US\",\"@id\":\"https:\/\/infecar.es\/en\/news\/the-former-canariona-event-is-being-reinvented-into-the-festival-la-isla-de-mi-vida-with-events-on-22-and-29-may\/#primaryimage\",\"url\":\"https:\/\/infecar.es\/wp-content\/uploads\/2026\/04\/Foto-de-familia-tras-la-rueda-de-prensa.jpg\",\"contentUrl\":\"https:\/\/infecar.es\/wp-content\/uploads\/2026\/04\/Foto-de-familia-tras-la-rueda-de-prensa.jpg\",\"width\":2500,\"height\":1667},{\"@type\":\"BreadcrumbList\",\"@id\":\"https:\/\/infecar.es\/en\/news\/the-former-canariona-event-is-being-reinvented-into-the-festival-la-isla-de-mi-vida-with-events-on-22-and-29-may\/#breadcrumb\",\"itemListElement\":[{\"@type\":\"ListItem\",\"position\":1,\"name\":\"Portada\",\"item\":\"http:\/\/infecar.es\/en\/\"},{\"@type\":\"ListItem\",\"position\":2,\"name\":\"The former Canariona event is being reinvented into the Festival La Isla de Mi Vida, with events on 22 and 29 May\"}]},{\"@type\":\"WebSite\",\"@id\":\"http:\/\/infecar.es\/en\/#website\",\"url\":\"http:\/\/infecar.es\/en\/\",\"name\":\"Infecar\",\"description\":\"Feria de Gran Canaria\",\"publisher\":{\"@id\":\"http:\/\/infecar.es\/en\/#organization\"},\"potentialAction\":[{\"@type\":\"SearchAction\",\"target\":{\"@type\":\"EntryPoint\",\"urlTemplate\":\"http:\/\/infecar.es\/en\/?s={search_term_string}\"},\"query-input\":{\"@type\":\"PropertyValueSpecification\",\"valueRequired\":true,\"valueName\":\"search_term_string\"}}],\"inLanguage\":\"en-US\"},{\"@type\":\"Organization\",\"@id\":\"http:\/\/infecar.es\/en\/#organization\",\"name\":\"Infecar\",\"url\":\"http:\/\/infecar.es\/en\/\",\"logo\":{\"@type\":\"ImageObject\",\"inLanguage\":\"en-US\",\"@id\":\"http:\/\/infecar.es\/en\/#\/schema\/logo\/image\/\",\"url\":\"https:\/\/infecar.es\/wp-content\/uploads\/2023\/02\/logo_black.svg\",\"contentUrl\":\"https:\/\/infecar.es\/wp-content\/uploads\/2023\/02\/logo_black.svg\",\"width\":1,\"height\":1,\"caption\":\"Infecar\"},\"image\":{\"@id\":\"http:\/\/infecar.es\/en\/#\/schema\/logo\/image\/\"}},{\"@type\":\"Person\",\"@id\":\"http:\/\/infecar.es\/en\/#\/schema\/person\/fbd5e695b0598716102dc80aa9b3a941\",\"name\":\"Patri Jorge\",\"image\":{\"@type\":\"ImageObject\",\"inLanguage\":\"en-US\",\"@id\":\"http:\/\/infecar.es\/en\/#\/schema\/person\/image\/\",\"url\":\"https:\/\/secure.gravatar.com\/avatar\/b00a32e946d71a33addf814c9cbc2c97182c6cc542f1e19191a97275a495fb74?s=96&d=mm&r=g\",\"contentUrl\":\"https:\/\/secure.gravatar.com\/avatar\/b00a32e946d71a33addf814c9cbc2c97182c6cc542f1e19191a97275a495fb74?s=96&d=mm&r=g\",\"caption\":\"Patri Jorge\"},\"url\":\"https:\/\/infecar.es\/en\/author\/patrijorge\/\"}]}<\/script>\n<!-- \/ Yoast SEO plugin. -->","yoast_head_json":{"title":"The former Canariona event is being reinvented into the Festival La Isla de Mi Vida, with events on 22 and 29 May - Infecar","robots":{"index":"index","follow":"follow","max-snippet":"max-snippet:-1","max-image-preview":"max-image-preview:large","max-video-preview":"max-video-preview:-1"},"canonical":"https:\/\/infecar.es\/en\/news\/the-former-canariona-event-is-being-reinvented-into-the-festival-la-isla-de-mi-vida-with-events-on-22-and-29-may\/","og_locale":"en_US","og_type":"article","og_title":"The former Canariona event is being reinvented into the Festival La Isla de Mi Vida, with events on 22 and 29 May - Infecar","og_description":"The major musical and theatrical production Attindamana will bring together more than 500 artists, connecting cultural roots with contemporary creation Hundreds of students from schools in 15 municipalities across the island will take part in the project La Isla de Mi Vida Escolar y Familiar The Cabildo de Gran Canaria is reinventing and expanding the [&hellip;]","og_url":"\/en\/news\/the-former-canariona-event-is-being-reinvented-into-the-festival-la-isla-de-mi-vida-with-events-on-22-and-29-may\/","og_site_name":"Infecar","article_published_time":"2026-04-23T13:44:40+00:00","article_modified_time":"2026-04-27T10:58:36+00:00","og_image":[{"width":2500,"height":1667,"url":"http:\/\/infecar.es\/wp-content\/uploads\/2026\/04\/Foto-de-familia-tras-la-rueda-de-prensa.jpg","type":"image\/jpeg"}],"author":"Patri Jorge","twitter_card":"summary_large_image","twitter_misc":{"Written by":"Patri Jorge","Est. reading time":"4 minutes"},"schema":{"@context":"https:\/\/schema.org","@graph":[{"@type":"Article","@id":"https:\/\/infecar.es\/en\/news\/the-former-canariona-event-is-being-reinvented-into-the-festival-la-isla-de-mi-vida-with-events-on-22-and-29-may\/#article","isPartOf":{"@id":"\/en\/news\/the-former-canariona-event-is-being-reinvented-into-the-festival-la-isla-de-mi-vida-with-events-on-22-and-29-may\/"},"author":{"name":"Patri Jorge","@id":"http:\/\/infecar.es\/en\/#\/schema\/person\/fbd5e695b0598716102dc80aa9b3a941"},"headline":"The former Canariona event is being reinvented into the Festival La Isla de Mi Vida, with events on 22 and 29 May","datePublished":"2026-04-23T13:44:40+00:00","dateModified":"2026-04-27T10:58:36+00:00","mainEntityOfPage":{"@id":"\/en\/news\/the-former-canariona-event-is-being-reinvented-into-the-festival-la-isla-de-mi-vida-with-events-on-22-and-29-may\/"},"wordCount":838,"publisher":{"@id":"http:\/\/infecar.es\/en\/#organization"},"image":{"@id":"https:\/\/infecar.es\/en\/news\/the-former-canariona-event-is-being-reinvented-into-the-festival-la-isla-de-mi-vida-with-events-on-22-and-29-may\/#primaryimage"},"thumbnailUrl":"https:\/\/infecar.es\/wp-content\/uploads\/2026\/04\/Foto-de-familia-tras-la-rueda-de-prensa.jpg","articleSection":["Sin categorizar"],"inLanguage":"en-US"},{"@type":"WebPage","@id":"\/en\/news\/the-former-canariona-event-is-being-reinvented-into-the-festival-la-isla-de-mi-vida-with-events-on-22-and-29-may\/","url":"https:\/\/infecar.es\/en\/news\/the-former-canariona-event-is-being-reinvented-into-the-festival-la-isla-de-mi-vida-with-events-on-22-and-29-may\/","name":"The former Canariona event is being reinvented into the Festival La Isla de Mi Vida, with events on 22 and 29 May - Infecar","isPartOf":{"@id":"http:\/\/infecar.es\/en\/#website"},"primaryImageOfPage":{"@id":"https:\/\/infecar.es\/en\/news\/the-former-canariona-event-is-being-reinvented-into-the-festival-la-isla-de-mi-vida-with-events-on-22-and-29-may\/#primaryimage"},"image":{"@id":"https:\/\/infecar.es\/en\/news\/the-former-canariona-event-is-being-reinvented-into-the-festival-la-isla-de-mi-vida-with-events-on-22-and-29-may\/#primaryimage"},"thumbnailUrl":"https:\/\/infecar.es\/wp-content\/uploads\/2026\/04\/Foto-de-familia-tras-la-rueda-de-prensa.jpg","datePublished":"2026-04-23T13:44:40+00:00","dateModified":"2026-04-27T10:58:36+00:00","breadcrumb":{"@id":"https:\/\/infecar.es\/en\/news\/the-former-canariona-event-is-being-reinvented-into-the-festival-la-isla-de-mi-vida-with-events-on-22-and-29-may\/#breadcrumb"},"inLanguage":"en-US","potentialAction":[{"@type":"ReadAction","target":["https:\/\/infecar.es\/en\/news\/the-former-canariona-event-is-being-reinvented-into-the-festival-la-isla-de-mi-vida-with-events-on-22-and-29-may\/"]}]},{"@type":"ImageObject","inLanguage":"en-US","@id":"https:\/\/infecar.es\/en\/news\/the-former-canariona-event-is-being-reinvented-into-the-festival-la-isla-de-mi-vida-with-events-on-22-and-29-may\/#primaryimage","url":"https:\/\/infecar.es\/wp-content\/uploads\/2026\/04\/Foto-de-familia-tras-la-rueda-de-prensa.jpg","contentUrl":"https:\/\/infecar.es\/wp-content\/uploads\/2026\/04\/Foto-de-familia-tras-la-rueda-de-prensa.jpg","width":2500,"height":1667},{"@type":"BreadcrumbList","@id":"https:\/\/infecar.es\/en\/news\/the-former-canariona-event-is-being-reinvented-into-the-festival-la-isla-de-mi-vida-with-events-on-22-and-29-may\/#breadcrumb","itemListElement":[{"@type":"ListItem","position":1,"name":"Portada","item":"http:\/\/infecar.es\/en\/"},{"@type":"ListItem","position":2,"name":"The former Canariona event is being reinvented into the Festival La Isla de Mi Vida, with events on 22 and 29 May"}]},{"@type":"WebSite","@id":"http:\/\/infecar.es\/en\/#website","url":"http:\/\/infecar.es\/en\/","name":"Infecar","description":"Feria de Gran Canaria","publisher":{"@id":"http:\/\/infecar.es\/en\/#organization"},"potentialAction":[{"@type":"SearchAction","target":{"@type":"EntryPoint","urlTemplate":"http:\/\/infecar.es\/en\/?s={search_term_string}"},"query-input":{"@type":"PropertyValueSpecification","valueRequired":true,"valueName":"search_term_string"}}],"inLanguage":"en-US"},{"@type":"Organization","@id":"http:\/\/infecar.es\/en\/#organization","name":"Infecar","url":"http:\/\/infecar.es\/en\/","logo":{"@type":"ImageObject","inLanguage":"en-US","@id":"http:\/\/infecar.es\/en\/#\/schema\/logo\/image\/","url":"https:\/\/infecar.es\/wp-content\/uploads\/2023\/02\/logo_black.svg","contentUrl":"https:\/\/infecar.es\/wp-content\/uploads\/2023\/02\/logo_black.svg","width":1,"height":1,"caption":"Infecar"},"image":{"@id":"http:\/\/infecar.es\/en\/#\/schema\/logo\/image\/"}},{"@type":"Person","@id":"http:\/\/infecar.es\/en\/#\/schema\/person\/fbd5e695b0598716102dc80aa9b3a941","name":"Patri Jorge","image":{"@type":"ImageObject","inLanguage":"en-US","@id":"http:\/\/infecar.es\/en\/#\/schema\/person\/image\/","url":"https:\/\/secure.gravatar.com\/avatar\/b00a32e946d71a33addf814c9cbc2c97182c6cc542f1e19191a97275a495fb74?s=96&d=mm&r=g","contentUrl":"https:\/\/secure.gravatar.com\/avatar\/b00a32e946d71a33addf814c9cbc2c97182c6cc542f1e19191a97275a495fb74?s=96&d=mm&r=g","caption":"Patri Jorge"},"url":"https:\/\/infecar.es\/en\/author\/patrijorge\/"}]}},"_links":{"self":[{"href":"https:\/\/infecar.es\/en\/wp-json\/wp\/v2\/posts\/14711","targetHints":{"allow":["GET"]}}],"collection":[{"href":"https:\/\/infecar.es\/en\/wp-json\/wp\/v2\/posts"}],"about":[{"href":"https:\/\/infecar.es\/en\/wp-json\/wp\/v2\/types\/post"}],"author":[{"embeddable":true,"href":"https:\/\/infecar.es\/en\/wp-json\/wp\/v2\/users\/13"}],"replies":[{"embeddable":true,"href":"https:\/\/infecar.es\/en\/wp-json\/wp\/v2\/comments?post=14711"}],"version-history":[{"count":1,"href":"https:\/\/infecar.es\/en\/wp-json\/wp\/v2\/posts\/14711\/revisions"}],"predecessor-version":[{"id":14712,"href":"https:\/\/infecar.es\/en\/wp-json\/wp\/v2\/posts\/14711\/revisions\/14712"}],"wp:featuredmedia":[{"embeddable":true,"href":"https:\/\/infecar.es\/en\/wp-json\/wp\/v2\/media\/14648"}],"wp:attachment":[{"href":"https:\/\/infecar.es\/en\/wp-json\/wp\/v2\/media?parent=14711"}],"wp:term":[{"taxonomy":"category","embeddable":true,"href":"https:\/\/infecar.es\/en\/wp-json\/wp\/v2\/categories?post=14711"},{"taxonomy":"post_tag","embeddable":true,"href":"https:\/\/infecar.es\/en\/wp-json\/wp\/v2\/tags?post=14711"}],"curies":[{"name":"wp","href":"https:\/\/api.w.org\/{rel}","templated":true}]}}