

{"id":14577,"date":"2026-04-22T13:43:21","date_gmt":"2026-04-22T13:43:21","guid":{"rendered":"\/en\/news\/"},"modified":"2026-04-27T09:34:48","modified_gmt":"2026-04-27T09:34:48","slug":"gran-canaria-me-gusta-fair-opens-registration-for-its-childrens-cooking-workshops-with-sophie-arellano","status":"publish","type":"post","link":"\/en\/news\/gran-canaria-me-gusta-fair-opens-registration-for-its-childrens-cooking-workshops-with-sophie-arellano","title":{"rendered":"Gran Canaria Me Gusta Fair opens registration for its children\u2019s cooking workshops with Sophie Arellano"},"content":{"rendered":"<ul>\n<li>The young cook, who was a finalist on MasterChef Junior 11, will share her passion for cooking with younger visitors<\/li>\n<li>Registration to take part in the workshops is now available at www.feriagrancanariamegusta.es<\/li>\n<\/ul>\n<p>Gran Canaria Me Gusta Fair has opened registration for its children\u2019s cooking workshops, one of the activities most eagerly awaited by younger audiences. On this occasion, the cook Sophie Arellano, finalist on MasterChef Junior 11, will share her passion for cooking with the boys and girls attending the fair.<\/p>\n<p>Sophie Arellano has grown up surrounded by gastronomy. Influenced especially by her father, with whom she learned to enjoy the creative process of cooking, she has continued in recent years to discover new flavours and different techniques from other chefs.<br \/>\nAt the 13th edition of Gran Canaria Me Gusta Fair, to be held from 8 to 10 May at the Ag\u00fcimes Exhibition Centre, the young cook will lead six 45-minute workshops aimed at children aged between 6 and 12. Accompanied by chef Alejandro de la Nuez, Sophie will offer a range of culinary experiences in which local produce will play a central role.<\/p>\n<p>In each workshop, designed as a dynamic, hands-on and fun activity, participants will prepare different dishes, such as rice paper rolls with vegetables, mango and semi-cured Gran Canaria cheese, dressed with soy sauce, orange and sweet mustard, or a courgette, carrot and avocado tartare with fig dressing and a cured Gran Canaria cheese foam. These are proposals that combine creativity, nutrition and local produce.<br \/>\nThe sessions will also include an interactive island mural through which children will be able to choose the locally sourced ingredients they will use to prepare one of the proposed recipes, helping them discover the quality and value of local produce. The activity will be complemented by a blind fruit tasting, an initiative designed to engage the senses and explore flavours in a fun way.<\/p>\n<p>The workshops will take place on Saturday 9 May in four sessions, at 11:00 am, 12:30 pm, 5:00 pm and 6:30 pm, and on Sunday 10 May in two sessions, at 11:00 am and 12:30 pm. Sponsored by the Gran Canaria Chamber of Commerce, the initiative is undoubtedly one of the fair\u2019s most appealing and in-demand children\u2019s activities, combining learning, leisure and values linked to healthy eating and knowledge of local produce.<\/p>\n<p>In addition to the activities for children, Gran Canaria Me Gusta Fair will offer, from Friday 8 May at 9:30 am, a wide range of gastronomic demonstrations, workshops, tastings and sampling sessions, along with other activities designed to bring local produce closer to the public. Producers, companies and the general public will once again come together, this time at the Ag\u00fcimes Exhibition Centre, to highlight the island\u2019s primary sector, as well as respect for traditions and the quality of Canarian gastronomy.<br \/>\nThose wishing to attend the fair may purchase tickets through the official website, feriagrancanariamegusta.es, or at the box office for \u20ac1.50. The same website also provides access to the booking form for the children\u2019s activities, as well as full information on exhibitors and scheduled events.<\/p>\n<p>The fair is promoted and funded by the Cabildo de Gran Canaria and organised by Infecar, Feria de Gran Canaria. Its official partner is Cajasiete; it also has the collaboration of the Gran Canaria Me Gusta initiative, the Gran Canaria Chamber of Commerce and Ag\u00fcimes Town Council; sponsorship from SPAR Gran Canaria; and Equipatel as equipment sponsor.<br \/>\nSi quieres, te la puedo dejar tambi\u00e9n en una versi\u00f3n m\u00e1s brit\u00e1nica y menos literal, para que suene m\u00e1s natural en ingl\u00e9s de nota de prensa.<\/p>\n","protected":false},"excerpt":{"rendered":"<p>The young cook, who was a finalist on MasterChef Junior 11, will share her passion for cooking with younger visitors Registration to take part in the workshops is now available at www.feriagrancanariamegusta.es Gran Canaria Me Gusta Fair has opened registration for its children\u2019s cooking workshops, one of the activities most eagerly awaited by younger audiences. [&hellip;]<\/p>\n","protected":false},"author":13,"featured_media":14575,"comment_status":"closed","ping_status":"closed","sticky":false,"template":"","format":"standard","meta":{"_acf_changed":false,"om_disable_all_campaigns":false,"_monsterinsights_skip_tracking":false,"_monsterinsights_sitenote_active":false,"_monsterinsights_sitenote_note":"","_monsterinsights_sitenote_category":0,"_uf_show_specific_survey":0,"_uf_disable_surveys":false,"_joinchat":[],"footnotes":""},"categories":[1],"tags":[],"class_list":["post-14577","post","type-post","status-publish","format-standard","has-post-thumbnail","hentry","category-sin-categorizar"],"acf":[],"aioseo_notices":[],"yoast_head":"<!-- This site is optimized with the Yoast SEO plugin v26.7 - https:\/\/yoast.com\/wordpress\/plugins\/seo\/ -->\n<title>Gran Canaria Me Gusta Fair opens registration for its children\u2019s cooking workshops with Sophie Arellano - Infecar<\/title>\n<meta name=\"robots\" content=\"index, follow, max-snippet:-1, max-image-preview:large, max-video-preview:-1\" \/>\n<link rel=\"canonical\" href=\"https:\/\/infecar.es\/en\/news\/gran-canaria-me-gusta-fair-opens-registration-for-its-childrens-cooking-workshops-with-sophie-arellano\/\" \/>\n<meta property=\"og:locale\" content=\"en_US\" \/>\n<meta property=\"og:type\" content=\"article\" \/>\n<meta property=\"og:title\" content=\"Gran Canaria Me Gusta Fair opens registration for its children\u2019s cooking workshops with Sophie Arellano - Infecar\" \/>\n<meta property=\"og:description\" content=\"The young cook, who was a finalist on MasterChef Junior 11, will share her passion for cooking with younger visitors Registration to take part in the workshops is now available at www.feriagrancanariamegusta.es Gran Canaria Me Gusta Fair has opened registration for its children\u2019s cooking workshops, one of the activities most eagerly awaited by younger audiences. [&hellip;]\" \/>\n<meta property=\"og:url\" content=\"\/en\/news\/gran-canaria-me-gusta-fair-opens-registration-for-its-childrens-cooking-workshops-with-sophie-arellano\/\" \/>\n<meta property=\"og:site_name\" content=\"Infecar\" \/>\n<meta property=\"article:published_time\" content=\"2026-04-22T13:43:21+00:00\" \/>\n<meta property=\"article:modified_time\" content=\"2026-04-27T09:34:48+00:00\" \/>\n<meta property=\"og:image\" content=\"http:\/\/infecar.es\/wp-content\/uploads\/2026\/04\/Sophie-Arellano.png\" \/>\n\t<meta property=\"og:image:width\" content=\"1493\" \/>\n\t<meta property=\"og:image:height\" content=\"1054\" \/>\n\t<meta property=\"og:image:type\" content=\"image\/png\" \/>\n<meta name=\"author\" content=\"Patri Jorge\" \/>\n<meta name=\"twitter:card\" content=\"summary_large_image\" \/>\n<meta name=\"twitter:label1\" content=\"Written by\" \/>\n\t<meta name=\"twitter:data1\" content=\"Patri Jorge\" \/>\n\t<meta name=\"twitter:label2\" content=\"Est. reading time\" \/>\n\t<meta name=\"twitter:data2\" content=\"3 minutes\" \/>\n<script type=\"application\/ld+json\" class=\"yoast-schema-graph\">{\"@context\":\"https:\/\/schema.org\",\"@graph\":[{\"@type\":\"Article\",\"@id\":\"https:\/\/infecar.es\/en\/news\/gran-canaria-me-gusta-fair-opens-registration-for-its-childrens-cooking-workshops-with-sophie-arellano\/#article\",\"isPartOf\":{\"@id\":\"\/en\/news\/gran-canaria-me-gusta-fair-opens-registration-for-its-childrens-cooking-workshops-with-sophie-arellano\/\"},\"author\":{\"name\":\"Patri Jorge\",\"@id\":\"http:\/\/infecar.es\/en\/#\/schema\/person\/fbd5e695b0598716102dc80aa9b3a941\"},\"headline\":\"Gran Canaria Me Gusta Fair opens registration for its children\u2019s cooking workshops with Sophie Arellano\",\"datePublished\":\"2026-04-22T13:43:21+00:00\",\"dateModified\":\"2026-04-27T09:34:48+00:00\",\"mainEntityOfPage\":{\"@id\":\"\/en\/news\/gran-canaria-me-gusta-fair-opens-registration-for-its-childrens-cooking-workshops-with-sophie-arellano\/\"},\"wordCount\":610,\"publisher\":{\"@id\":\"http:\/\/infecar.es\/en\/#organization\"},\"image\":{\"@id\":\"https:\/\/infecar.es\/en\/news\/gran-canaria-me-gusta-fair-opens-registration-for-its-childrens-cooking-workshops-with-sophie-arellano\/#primaryimage\"},\"thumbnailUrl\":\"https:\/\/infecar.es\/wp-content\/uploads\/2026\/04\/Sophie-Arellano.png\",\"articleSection\":[\"Sin categorizar\"],\"inLanguage\":\"en-US\"},{\"@type\":\"WebPage\",\"@id\":\"\/en\/news\/gran-canaria-me-gusta-fair-opens-registration-for-its-childrens-cooking-workshops-with-sophie-arellano\/\",\"url\":\"https:\/\/infecar.es\/en\/news\/gran-canaria-me-gusta-fair-opens-registration-for-its-childrens-cooking-workshops-with-sophie-arellano\/\",\"name\":\"Gran Canaria Me Gusta Fair opens registration for its children\u2019s cooking workshops with Sophie Arellano - Infecar\",\"isPartOf\":{\"@id\":\"http:\/\/infecar.es\/en\/#website\"},\"primaryImageOfPage\":{\"@id\":\"https:\/\/infecar.es\/en\/news\/gran-canaria-me-gusta-fair-opens-registration-for-its-childrens-cooking-workshops-with-sophie-arellano\/#primaryimage\"},\"image\":{\"@id\":\"https:\/\/infecar.es\/en\/news\/gran-canaria-me-gusta-fair-opens-registration-for-its-childrens-cooking-workshops-with-sophie-arellano\/#primaryimage\"},\"thumbnailUrl\":\"https:\/\/infecar.es\/wp-content\/uploads\/2026\/04\/Sophie-Arellano.png\",\"datePublished\":\"2026-04-22T13:43:21+00:00\",\"dateModified\":\"2026-04-27T09:34:48+00:00\",\"breadcrumb\":{\"@id\":\"https:\/\/infecar.es\/en\/news\/gran-canaria-me-gusta-fair-opens-registration-for-its-childrens-cooking-workshops-with-sophie-arellano\/#breadcrumb\"},\"inLanguage\":\"en-US\",\"potentialAction\":[{\"@type\":\"ReadAction\",\"target\":[\"https:\/\/infecar.es\/en\/news\/gran-canaria-me-gusta-fair-opens-registration-for-its-childrens-cooking-workshops-with-sophie-arellano\/\"]}]},{\"@type\":\"ImageObject\",\"inLanguage\":\"en-US\",\"@id\":\"https:\/\/infecar.es\/en\/news\/gran-canaria-me-gusta-fair-opens-registration-for-its-childrens-cooking-workshops-with-sophie-arellano\/#primaryimage\",\"url\":\"https:\/\/infecar.es\/wp-content\/uploads\/2026\/04\/Sophie-Arellano.png\",\"contentUrl\":\"https:\/\/infecar.es\/wp-content\/uploads\/2026\/04\/Sophie-Arellano.png\",\"width\":1493,\"height\":1054,\"caption\":\"Sophie Arellano\"},{\"@type\":\"BreadcrumbList\",\"@id\":\"https:\/\/infecar.es\/en\/news\/gran-canaria-me-gusta-fair-opens-registration-for-its-childrens-cooking-workshops-with-sophie-arellano\/#breadcrumb\",\"itemListElement\":[{\"@type\":\"ListItem\",\"position\":1,\"name\":\"Portada\",\"item\":\"http:\/\/infecar.es\/en\/\"},{\"@type\":\"ListItem\",\"position\":2,\"name\":\"Gran Canaria Me Gusta Fair opens registration for its children\u2019s cooking workshops with Sophie Arellano\"}]},{\"@type\":\"WebSite\",\"@id\":\"http:\/\/infecar.es\/en\/#website\",\"url\":\"http:\/\/infecar.es\/en\/\",\"name\":\"Infecar\",\"description\":\"Feria de Gran Canaria\",\"publisher\":{\"@id\":\"http:\/\/infecar.es\/en\/#organization\"},\"potentialAction\":[{\"@type\":\"SearchAction\",\"target\":{\"@type\":\"EntryPoint\",\"urlTemplate\":\"http:\/\/infecar.es\/en\/?s={search_term_string}\"},\"query-input\":{\"@type\":\"PropertyValueSpecification\",\"valueRequired\":true,\"valueName\":\"search_term_string\"}}],\"inLanguage\":\"en-US\"},{\"@type\":\"Organization\",\"@id\":\"http:\/\/infecar.es\/en\/#organization\",\"name\":\"Infecar\",\"url\":\"http:\/\/infecar.es\/en\/\",\"logo\":{\"@type\":\"ImageObject\",\"inLanguage\":\"en-US\",\"@id\":\"http:\/\/infecar.es\/en\/#\/schema\/logo\/image\/\",\"url\":\"https:\/\/infecar.es\/wp-content\/uploads\/2023\/02\/logo_black.svg\",\"contentUrl\":\"https:\/\/infecar.es\/wp-content\/uploads\/2023\/02\/logo_black.svg\",\"width\":1,\"height\":1,\"caption\":\"Infecar\"},\"image\":{\"@id\":\"http:\/\/infecar.es\/en\/#\/schema\/logo\/image\/\"}},{\"@type\":\"Person\",\"@id\":\"http:\/\/infecar.es\/en\/#\/schema\/person\/fbd5e695b0598716102dc80aa9b3a941\",\"name\":\"Patri Jorge\",\"image\":{\"@type\":\"ImageObject\",\"inLanguage\":\"en-US\",\"@id\":\"http:\/\/infecar.es\/en\/#\/schema\/person\/image\/\",\"url\":\"https:\/\/secure.gravatar.com\/avatar\/b00a32e946d71a33addf814c9cbc2c97182c6cc542f1e19191a97275a495fb74?s=96&d=mm&r=g\",\"contentUrl\":\"https:\/\/secure.gravatar.com\/avatar\/b00a32e946d71a33addf814c9cbc2c97182c6cc542f1e19191a97275a495fb74?s=96&d=mm&r=g\",\"caption\":\"Patri Jorge\"},\"url\":\"https:\/\/infecar.es\/en\/author\/patrijorge\/\"}]}<\/script>\n<!-- \/ Yoast SEO plugin. -->","yoast_head_json":{"title":"Gran Canaria Me Gusta Fair opens registration for its children\u2019s cooking workshops with Sophie Arellano - Infecar","robots":{"index":"index","follow":"follow","max-snippet":"max-snippet:-1","max-image-preview":"max-image-preview:large","max-video-preview":"max-video-preview:-1"},"canonical":"https:\/\/infecar.es\/en\/news\/gran-canaria-me-gusta-fair-opens-registration-for-its-childrens-cooking-workshops-with-sophie-arellano\/","og_locale":"en_US","og_type":"article","og_title":"Gran Canaria Me Gusta Fair opens registration for its children\u2019s cooking workshops with Sophie Arellano - Infecar","og_description":"The young cook, who was a finalist on MasterChef Junior 11, will share her passion for cooking with younger visitors Registration to take part in the workshops is now available at www.feriagrancanariamegusta.es Gran Canaria Me Gusta Fair has opened registration for its children\u2019s cooking workshops, one of the activities most eagerly awaited by younger audiences. [&hellip;]","og_url":"\/en\/news\/gran-canaria-me-gusta-fair-opens-registration-for-its-childrens-cooking-workshops-with-sophie-arellano\/","og_site_name":"Infecar","article_published_time":"2026-04-22T13:43:21+00:00","article_modified_time":"2026-04-27T09:34:48+00:00","og_image":[{"width":1493,"height":1054,"url":"http:\/\/infecar.es\/wp-content\/uploads\/2026\/04\/Sophie-Arellano.png","type":"image\/png"}],"author":"Patri Jorge","twitter_card":"summary_large_image","twitter_misc":{"Written by":"Patri Jorge","Est. reading time":"3 minutes"},"schema":{"@context":"https:\/\/schema.org","@graph":[{"@type":"Article","@id":"https:\/\/infecar.es\/en\/news\/gran-canaria-me-gusta-fair-opens-registration-for-its-childrens-cooking-workshops-with-sophie-arellano\/#article","isPartOf":{"@id":"\/en\/news\/gran-canaria-me-gusta-fair-opens-registration-for-its-childrens-cooking-workshops-with-sophie-arellano\/"},"author":{"name":"Patri Jorge","@id":"http:\/\/infecar.es\/en\/#\/schema\/person\/fbd5e695b0598716102dc80aa9b3a941"},"headline":"Gran Canaria Me Gusta Fair opens registration for its children\u2019s cooking workshops with Sophie Arellano","datePublished":"2026-04-22T13:43:21+00:00","dateModified":"2026-04-27T09:34:48+00:00","mainEntityOfPage":{"@id":"\/en\/news\/gran-canaria-me-gusta-fair-opens-registration-for-its-childrens-cooking-workshops-with-sophie-arellano\/"},"wordCount":610,"publisher":{"@id":"http:\/\/infecar.es\/en\/#organization"},"image":{"@id":"https:\/\/infecar.es\/en\/news\/gran-canaria-me-gusta-fair-opens-registration-for-its-childrens-cooking-workshops-with-sophie-arellano\/#primaryimage"},"thumbnailUrl":"https:\/\/infecar.es\/wp-content\/uploads\/2026\/04\/Sophie-Arellano.png","articleSection":["Sin categorizar"],"inLanguage":"en-US"},{"@type":"WebPage","@id":"\/en\/news\/gran-canaria-me-gusta-fair-opens-registration-for-its-childrens-cooking-workshops-with-sophie-arellano\/","url":"https:\/\/infecar.es\/en\/news\/gran-canaria-me-gusta-fair-opens-registration-for-its-childrens-cooking-workshops-with-sophie-arellano\/","name":"Gran Canaria Me Gusta Fair opens registration for its children\u2019s cooking workshops with Sophie Arellano - Infecar","isPartOf":{"@id":"http:\/\/infecar.es\/en\/#website"},"primaryImageOfPage":{"@id":"https:\/\/infecar.es\/en\/news\/gran-canaria-me-gusta-fair-opens-registration-for-its-childrens-cooking-workshops-with-sophie-arellano\/#primaryimage"},"image":{"@id":"https:\/\/infecar.es\/en\/news\/gran-canaria-me-gusta-fair-opens-registration-for-its-childrens-cooking-workshops-with-sophie-arellano\/#primaryimage"},"thumbnailUrl":"https:\/\/infecar.es\/wp-content\/uploads\/2026\/04\/Sophie-Arellano.png","datePublished":"2026-04-22T13:43:21+00:00","dateModified":"2026-04-27T09:34:48+00:00","breadcrumb":{"@id":"https:\/\/infecar.es\/en\/news\/gran-canaria-me-gusta-fair-opens-registration-for-its-childrens-cooking-workshops-with-sophie-arellano\/#breadcrumb"},"inLanguage":"en-US","potentialAction":[{"@type":"ReadAction","target":["https:\/\/infecar.es\/en\/news\/gran-canaria-me-gusta-fair-opens-registration-for-its-childrens-cooking-workshops-with-sophie-arellano\/"]}]},{"@type":"ImageObject","inLanguage":"en-US","@id":"https:\/\/infecar.es\/en\/news\/gran-canaria-me-gusta-fair-opens-registration-for-its-childrens-cooking-workshops-with-sophie-arellano\/#primaryimage","url":"https:\/\/infecar.es\/wp-content\/uploads\/2026\/04\/Sophie-Arellano.png","contentUrl":"https:\/\/infecar.es\/wp-content\/uploads\/2026\/04\/Sophie-Arellano.png","width":1493,"height":1054,"caption":"Sophie Arellano"},{"@type":"BreadcrumbList","@id":"https:\/\/infecar.es\/en\/news\/gran-canaria-me-gusta-fair-opens-registration-for-its-childrens-cooking-workshops-with-sophie-arellano\/#breadcrumb","itemListElement":[{"@type":"ListItem","position":1,"name":"Portada","item":"http:\/\/infecar.es\/en\/"},{"@type":"ListItem","position":2,"name":"Gran Canaria Me Gusta Fair opens registration for its children\u2019s cooking workshops with Sophie Arellano"}]},{"@type":"WebSite","@id":"http:\/\/infecar.es\/en\/#website","url":"http:\/\/infecar.es\/en\/","name":"Infecar","description":"Feria de Gran Canaria","publisher":{"@id":"http:\/\/infecar.es\/en\/#organization"},"potentialAction":[{"@type":"SearchAction","target":{"@type":"EntryPoint","urlTemplate":"http:\/\/infecar.es\/en\/?s={search_term_string}"},"query-input":{"@type":"PropertyValueSpecification","valueRequired":true,"valueName":"search_term_string"}}],"inLanguage":"en-US"},{"@type":"Organization","@id":"http:\/\/infecar.es\/en\/#organization","name":"Infecar","url":"http:\/\/infecar.es\/en\/","logo":{"@type":"ImageObject","inLanguage":"en-US","@id":"http:\/\/infecar.es\/en\/#\/schema\/logo\/image\/","url":"https:\/\/infecar.es\/wp-content\/uploads\/2023\/02\/logo_black.svg","contentUrl":"https:\/\/infecar.es\/wp-content\/uploads\/2023\/02\/logo_black.svg","width":1,"height":1,"caption":"Infecar"},"image":{"@id":"http:\/\/infecar.es\/en\/#\/schema\/logo\/image\/"}},{"@type":"Person","@id":"http:\/\/infecar.es\/en\/#\/schema\/person\/fbd5e695b0598716102dc80aa9b3a941","name":"Patri Jorge","image":{"@type":"ImageObject","inLanguage":"en-US","@id":"http:\/\/infecar.es\/en\/#\/schema\/person\/image\/","url":"https:\/\/secure.gravatar.com\/avatar\/b00a32e946d71a33addf814c9cbc2c97182c6cc542f1e19191a97275a495fb74?s=96&d=mm&r=g","contentUrl":"https:\/\/secure.gravatar.com\/avatar\/b00a32e946d71a33addf814c9cbc2c97182c6cc542f1e19191a97275a495fb74?s=96&d=mm&r=g","caption":"Patri Jorge"},"url":"https:\/\/infecar.es\/en\/author\/patrijorge\/"}]}},"_links":{"self":[{"href":"https:\/\/infecar.es\/en\/wp-json\/wp\/v2\/posts\/14577","targetHints":{"allow":["GET"]}}],"collection":[{"href":"https:\/\/infecar.es\/en\/wp-json\/wp\/v2\/posts"}],"about":[{"href":"https:\/\/infecar.es\/en\/wp-json\/wp\/v2\/types\/post"}],"author":[{"embeddable":true,"href":"https:\/\/infecar.es\/en\/wp-json\/wp\/v2\/users\/13"}],"replies":[{"embeddable":true,"href":"https:\/\/infecar.es\/en\/wp-json\/wp\/v2\/comments?post=14577"}],"version-history":[{"count":1,"href":"https:\/\/infecar.es\/en\/wp-json\/wp\/v2\/posts\/14577\/revisions"}],"predecessor-version":[{"id":14578,"href":"https:\/\/infecar.es\/en\/wp-json\/wp\/v2\/posts\/14577\/revisions\/14578"}],"wp:featuredmedia":[{"embeddable":true,"href":"https:\/\/infecar.es\/en\/wp-json\/wp\/v2\/media\/14575"}],"wp:attachment":[{"href":"https:\/\/infecar.es\/en\/wp-json\/wp\/v2\/media?parent=14577"}],"wp:term":[{"taxonomy":"category","embeddable":true,"href":"https:\/\/infecar.es\/en\/wp-json\/wp\/v2\/categories?post=14577"},{"taxonomy":"post_tag","embeddable":true,"href":"https:\/\/infecar.es\/en\/wp-json\/wp\/v2\/tags?post=14577"}],"curies":[{"name":"wp","href":"https:\/\/api.w.org\/{rel}","templated":true}]}}