

{"id":12855,"date":"2025-05-09T15:07:44","date_gmt":"2025-05-09T15:07:44","guid":{"rendered":"\/en\/news\/"},"modified":"2025-05-11T14:47:04","modified_gmt":"2025-05-11T14:47:04","slug":"the-12th-gran-canaria-me-gusta-fair-kicks-off-bringing-together-local-products-with-a-thriving-local-gastronomy","status":"publish","type":"post","link":"\/en\/news\/the-12th-gran-canaria-me-gusta-fair-kicks-off-bringing-together-local-products-with-a-thriving-local-gastronomy","title":{"rendered":"The 12th Gran Canaria Me Gusta Fair kicks off, bringing together local products with a thriving local gastronomy."},"content":{"rendered":"<ul>\n<li><span class=\"s3\">Dozens of activities, workshops, tastings and cooking shows for all audiences will take place throughout the weekend<\/span><\/li>\n<li><span class=\"s3\">The Fair continues tomorrow from 9:30 a.m. at Infecar, with cooking demonstrations by local chefs and Catalan chef Jordi Cruz<\/span><\/li>\n<\/ul>\n<p><span class=\"s1\">The <\/span><span class=\"s4\">Gran Canaria Me Gusta<\/span><span class=\"s1\"> Fair opened its doors today with a large turnout. On its first morning alone, over 2,500 people discovered the island\u2019s flavours through tastings and workshops \u2014 and thanks to the many producers and businesses showcasing their products all weekend in the wide exhibition area.<\/span><\/p>\n<p class=\"p1\"><span class=\"s1\">One of the fair\u2019s main goals is \u201cto promote connections between producers and sellers, and to bring together all zero-kilometre products with a local gastronomy that has seen significant growth in recent years,\u201d said Antonio Morales, President of the Cabildo of Gran Canaria, during the fair\u2019s opening.<\/span><\/p>\n<p class=\"p1\"><span class=\"s1\">With \u201cmore producers and more municipalities than ever,\u201d and with the presence of \u201call the stakeholders involved in the development of this key and strategic sector for Gran Canaria,\u201d the fair stands as an ideal platform to raise awareness and move forward in the direction of the island\u2019s food sovereignty. \u201cHere lie our roots \u2014 what keeps our identity alive as an island and as a people. We must not give that up, because we cannot depend on the outside. The more we produce locally, the more resilience we have to respond to crises, especially given the isolation that comes with being an island,\u201d said the president.<\/span><\/p>\n<p class=\"p1\"><span class=\"s1\">During his visit to the exhibition area, Morales expressed his hope that this year\u2019s edition would surpass last year\u2019s 13,000 visitors, and encouraged locals to enjoy a fair where \u201cbesides being able to buy local products at affordable prices \u2014 often directly from the producer \u2014 we are also contributing to the sustainable development of Gran Canaria\u2019s rural areas.\u201d<\/span><\/p>\n<p class=\"p1\"><span class=\"s1\">Promoted and funded by the Cabildo of Gran Canaria and organised by Infecar \u2013 Feria de Gran Canaria, this annual event, held for over a decade, is \u201can essential tool that we continue to develop with a committed and thriving sector, within the framework of a strong strategy to boost local gastronomy,\u201d added the president.<\/span><\/p>\n<p class=\"p1\"><span class=\"s3\">A Fair in Full Swing<\/span><\/p>\n<p class=\"p1\"><span class=\"s1\">This morning saw a constant flow of curious visitors and food lovers, eager to attend culinary demonstrations where top chefs and pastry chefs delighted the audience with creative, flavourful proposals.<\/span><\/p>\n<p class=\"p1\"><span class=\"s1\">Dana Joher and Jos\u00e9 Javier Rodr\u00edguez opened the cooking stage with sweet creations inspired by the island\u2019s produce. They were followed by a fusion cooking session led by Christian Ram\u00edrez, Domingo Ju\u00e1rez, and Manuel Vilari\u00f1o, blending Canarian techniques and ingredients with world cuisines. The morning concluded with a surprising dish that combined Italy and Korea through a single dough, presented by Teresa Moon with the support of Panna &amp; Pomodoro.<\/span><\/p>\n<p class=\"p1\"><span class=\"s1\">Meanwhile, the area dedicated to the primary sector hosted presentations and tastings to highlight emblematic products from Gran Canaria, such as honey, potatoes, and other fresh, zero-kilometre foods. Visitors also enjoyed guided tastings, samplings, and hands-on experiences featuring local meats, DOP wines, and artisanal fishing.<\/span><\/p>\n<p class=\"p1\"><span class=\"s1\">The first day of the fair will close this afternoon with the awards ceremony of the 19th Official Gran Canaria Honey Competition. The fair continues tomorrow at 9:30 a.m. at Infecar with more cooking demos featuring chefs like Lolo Rom\u00e1n, Adri\u00e1n Garc\u00eda, Francesca Hunt and, as the main event, Michelin-starred chef Jordi Cruz, who will offer a cooking show titled <\/span><span class=\"s4\">\u201cJordi Cruz, straight to the palate.\u201d<\/span><\/p>\n<p class=\"p1\"><span class=\"s1\">In addition to the exhibition area \u2014 where 110 producers, associations, cooperatives, and 20 municipalities will display their products and creations \u2014 many local chefs will showcase their culinary skills. Representatives from the primary sector will also host activities focused on highlighting local fruits like papaya, as well as meats, wines, cheeses, and artisanal fishing in Gran Canaria. This year also features two local artisans \u2014 Mira Cer\u00e1mica and Embarradarte \u2014 who will present their work at the FEDAC stand (the Island Fund for Ethnography and Handicraft Development).<\/span><\/p>\n<p class=\"p1\"><span class=\"s3\">Paving the Way for New Generations<\/span><\/p>\n<p class=\"p1\"><span class=\"s1\">A key new feature of this year\u2019s fair is the <\/span><span class=\"s3\">1st Employment and Gastronomy Forum<\/span><span class=\"s1\">, held today within the event. It brought together 300 students and teachers from nine educational centres, who shared ideas and aspirations with three leading professionals in the sector: chef Jos\u00e9 Luis Espino, sommelier Alba Bernal, and chef Manuel Vilari\u00f1o, who all shared their professional journeys with the students.<\/span><\/p>\n<p class=\"p1\"><span class=\"s1\">Organised by the Cabildo of Gran Canaria in collaboration with the Chamber of Commerce, Infecar \u2013 Feria de Gran Canaria, and the Innova Gastrocan Cluster, this forum is designed to create spaces where companies, professionals, and students can connect, learn, and explore new opportunities for growth.<\/span><\/p>\n<p class=\"p1\"><span class=\"s1\">Throughout the three-day event, young visitors will also enjoy a special programme with children\u2019s activities such as performances of the <\/span><span class=\"s4\">Cancionero Isle\u00f1o<\/span><span class=\"s1\"> and several workshops \u2014 including sessions led by <\/span><span class=\"s4\">MasterChef Junior 11<\/span><span class=\"s1\"> winner, Valentina Salazar.<\/span><\/p>\n<p class=\"p1\"><span class=\"s1\">Tickets to the fair can be purchased throughout the weekend at a symbolic price of \u20ac1.50 via the official website <a href=\"http:\/\/feriagrancanariamegusta.es\">feriagrancanariamegusta.es<\/a> or directly at the ticket office.<\/span><\/p>\n<p class=\"p1\"><span class=\"s1\">The fair is supported by official partner <\/span><span class=\"s3\">Cajasiete<\/span><span class=\"s1\">, along with the <\/span><span class=\"s3\">Gran Canaria Me Gusta<\/span><span class=\"s1\"> initiative and the <\/span><span class=\"s3\">Gran Canaria Chamber of Commerce<\/span><span class=\"s1\">. The 2025 edition is sponsored by <\/span><span class=\"s3\">SPAR Gran Canaria<\/span><span class=\"s1\"> and <\/span><span class=\"s3\">Hiperdino<\/span><span class=\"s1\">, with <\/span><span class=\"s3\">Comercial Naranjo<\/span><span class=\"s1\"> as the official equipment sponsor.<\/span><\/p>\n","protected":false},"excerpt":{"rendered":"<p>Dozens of activities, workshops, tastings and cooking shows for all audiences will take place throughout the weekend The Fair continues tomorrow from 9:30 a.m. at Infecar, with cooking demonstrations by local chefs and Catalan chef Jordi Cruz The Gran Canaria Me Gusta Fair opened its doors today with a large turnout. On its first morning [&hellip;]<\/p>\n","protected":false},"author":13,"featured_media":12838,"comment_status":"closed","ping_status":"closed","sticky":false,"template":"","format":"standard","meta":{"_acf_changed":false,"om_disable_all_campaigns":false,"_monsterinsights_skip_tracking":false,"_monsterinsights_sitenote_active":false,"_monsterinsights_sitenote_note":"","_monsterinsights_sitenote_category":0,"_uf_show_specific_survey":0,"_uf_disable_surveys":false,"_joinchat":[],"footnotes":""},"categories":[1],"tags":[],"class_list":["post-12855","post","type-post","status-publish","format-standard","has-post-thumbnail","hentry","category-sin-categorizar"],"acf":[],"aioseo_notices":[],"yoast_head":"<!-- This site is optimized with the Yoast SEO plugin v26.7 - https:\/\/yoast.com\/wordpress\/plugins\/seo\/ -->\n<title>The 12th Gran Canaria Me Gusta Fair kicks off, bringing together local products with a thriving local gastronomy. - Infecar<\/title>\n<meta name=\"robots\" content=\"index, follow, max-snippet:-1, max-image-preview:large, max-video-preview:-1\" \/>\n<link rel=\"canonical\" href=\"https:\/\/infecar.es\/en\/news\/the-12th-gran-canaria-me-gusta-fair-kicks-off-bringing-together-local-products-with-a-thriving-local-gastronomy\/\" \/>\n<meta property=\"og:locale\" content=\"en_US\" \/>\n<meta property=\"og:type\" content=\"article\" \/>\n<meta property=\"og:title\" content=\"The 12th Gran Canaria Me Gusta Fair kicks off, bringing together local products with a thriving local gastronomy. - Infecar\" \/>\n<meta property=\"og:description\" content=\"Dozens of activities, workshops, tastings and cooking shows for all audiences will take place throughout the weekend The Fair continues tomorrow from 9:30 a.m. at Infecar, with cooking demonstrations by local chefs and Catalan chef Jordi Cruz The Gran Canaria Me Gusta Fair opened its doors today with a large turnout. On its first morning [&hellip;]\" \/>\n<meta property=\"og:url\" content=\"\/en\/news\/the-12th-gran-canaria-me-gusta-fair-kicks-off-bringing-together-local-products-with-a-thriving-local-gastronomy\/\" \/>\n<meta property=\"og:site_name\" content=\"Infecar\" \/>\n<meta property=\"article:published_time\" content=\"2025-05-09T15:07:44+00:00\" \/>\n<meta property=\"article:modified_time\" content=\"2025-05-11T14:47:04+00:00\" \/>\n<meta property=\"og:image\" content=\"https:\/\/infecar.es\/wp-content\/uploads\/2025\/05\/54507711159_156d8a1751_o.jpg\" \/>\n\t<meta property=\"og:image:width\" content=\"2500\" \/>\n\t<meta property=\"og:image:height\" content=\"1667\" \/>\n\t<meta property=\"og:image:type\" content=\"image\/jpeg\" \/>\n<meta name=\"author\" content=\"Patri Jorge\" \/>\n<meta name=\"twitter:card\" content=\"summary_large_image\" \/>\n<meta name=\"twitter:label1\" content=\"Written by\" \/>\n\t<meta name=\"twitter:data1\" content=\"Patri Jorge\" \/>\n\t<meta name=\"twitter:label2\" content=\"Est. reading time\" \/>\n\t<meta name=\"twitter:data2\" content=\"5 minutes\" \/>\n<script type=\"application\/ld+json\" class=\"yoast-schema-graph\">{\"@context\":\"https:\/\/schema.org\",\"@graph\":[{\"@type\":\"Article\",\"@id\":\"https:\/\/infecar.es\/en\/news\/the-12th-gran-canaria-me-gusta-fair-kicks-off-bringing-together-local-products-with-a-thriving-local-gastronomy\/#article\",\"isPartOf\":{\"@id\":\"\/en\/news\/the-12th-gran-canaria-me-gusta-fair-kicks-off-bringing-together-local-products-with-a-thriving-local-gastronomy\/\"},\"author\":{\"name\":\"Patri Jorge\",\"@id\":\"http:\/\/infecar.es\/en\/#\/schema\/person\/fbd5e695b0598716102dc80aa9b3a941\"},\"headline\":\"The 12th Gran Canaria Me Gusta Fair kicks off, bringing together local products with a thriving local gastronomy.\",\"datePublished\":\"2025-05-09T15:07:44+00:00\",\"dateModified\":\"2025-05-11T14:47:04+00:00\",\"mainEntityOfPage\":{\"@id\":\"\/en\/news\/the-12th-gran-canaria-me-gusta-fair-kicks-off-bringing-together-local-products-with-a-thriving-local-gastronomy\/\"},\"wordCount\":898,\"publisher\":{\"@id\":\"http:\/\/infecar.es\/en\/#organization\"},\"image\":{\"@id\":\"https:\/\/infecar.es\/en\/news\/the-12th-gran-canaria-me-gusta-fair-kicks-off-bringing-together-local-products-with-a-thriving-local-gastronomy\/#primaryimage\"},\"thumbnailUrl\":\"https:\/\/infecar.es\/wp-content\/uploads\/2025\/05\/54507711159_156d8a1751_o.jpg\",\"articleSection\":[\"Sin categorizar\"],\"inLanguage\":\"en-US\"},{\"@type\":\"WebPage\",\"@id\":\"\/en\/news\/the-12th-gran-canaria-me-gusta-fair-kicks-off-bringing-together-local-products-with-a-thriving-local-gastronomy\/\",\"url\":\"https:\/\/infecar.es\/en\/news\/the-12th-gran-canaria-me-gusta-fair-kicks-off-bringing-together-local-products-with-a-thriving-local-gastronomy\/\",\"name\":\"The 12th Gran Canaria Me Gusta Fair kicks off, bringing together local products with a thriving local gastronomy. - Infecar\",\"isPartOf\":{\"@id\":\"http:\/\/infecar.es\/en\/#website\"},\"primaryImageOfPage\":{\"@id\":\"https:\/\/infecar.es\/en\/news\/the-12th-gran-canaria-me-gusta-fair-kicks-off-bringing-together-local-products-with-a-thriving-local-gastronomy\/#primaryimage\"},\"image\":{\"@id\":\"https:\/\/infecar.es\/en\/news\/the-12th-gran-canaria-me-gusta-fair-kicks-off-bringing-together-local-products-with-a-thriving-local-gastronomy\/#primaryimage\"},\"thumbnailUrl\":\"https:\/\/infecar.es\/wp-content\/uploads\/2025\/05\/54507711159_156d8a1751_o.jpg\",\"datePublished\":\"2025-05-09T15:07:44+00:00\",\"dateModified\":\"2025-05-11T14:47:04+00:00\",\"breadcrumb\":{\"@id\":\"https:\/\/infecar.es\/en\/news\/the-12th-gran-canaria-me-gusta-fair-kicks-off-bringing-together-local-products-with-a-thriving-local-gastronomy\/#breadcrumb\"},\"inLanguage\":\"en-US\",\"potentialAction\":[{\"@type\":\"ReadAction\",\"target\":[\"https:\/\/infecar.es\/en\/news\/the-12th-gran-canaria-me-gusta-fair-kicks-off-bringing-together-local-products-with-a-thriving-local-gastronomy\/\"]}]},{\"@type\":\"ImageObject\",\"inLanguage\":\"en-US\",\"@id\":\"https:\/\/infecar.es\/en\/news\/the-12th-gran-canaria-me-gusta-fair-kicks-off-bringing-together-local-products-with-a-thriving-local-gastronomy\/#primaryimage\",\"url\":\"https:\/\/infecar.es\/wp-content\/uploads\/2025\/05\/54507711159_156d8a1751_o.jpg\",\"contentUrl\":\"https:\/\/infecar.es\/wp-content\/uploads\/2025\/05\/54507711159_156d8a1751_o.jpg\",\"width\":2500,\"height\":1667,\"caption\":\"Feria Gran Canaria Me Gusta\"},{\"@type\":\"BreadcrumbList\",\"@id\":\"https:\/\/infecar.es\/en\/news\/the-12th-gran-canaria-me-gusta-fair-kicks-off-bringing-together-local-products-with-a-thriving-local-gastronomy\/#breadcrumb\",\"itemListElement\":[{\"@type\":\"ListItem\",\"position\":1,\"name\":\"Portada\",\"item\":\"http:\/\/infecar.es\/en\/\"},{\"@type\":\"ListItem\",\"position\":2,\"name\":\"The 12th Gran Canaria Me Gusta Fair kicks off, bringing together local products with a thriving local gastronomy.\"}]},{\"@type\":\"WebSite\",\"@id\":\"http:\/\/infecar.es\/en\/#website\",\"url\":\"http:\/\/infecar.es\/en\/\",\"name\":\"Infecar\",\"description\":\"Feria de Gran Canaria\",\"publisher\":{\"@id\":\"http:\/\/infecar.es\/en\/#organization\"},\"potentialAction\":[{\"@type\":\"SearchAction\",\"target\":{\"@type\":\"EntryPoint\",\"urlTemplate\":\"http:\/\/infecar.es\/en\/?s={search_term_string}\"},\"query-input\":{\"@type\":\"PropertyValueSpecification\",\"valueRequired\":true,\"valueName\":\"search_term_string\"}}],\"inLanguage\":\"en-US\"},{\"@type\":\"Organization\",\"@id\":\"http:\/\/infecar.es\/en\/#organization\",\"name\":\"Infecar\",\"url\":\"http:\/\/infecar.es\/en\/\",\"logo\":{\"@type\":\"ImageObject\",\"inLanguage\":\"en-US\",\"@id\":\"http:\/\/infecar.es\/en\/#\/schema\/logo\/image\/\",\"url\":\"https:\/\/infecar.es\/wp-content\/uploads\/2023\/02\/logo_black.svg\",\"contentUrl\":\"https:\/\/infecar.es\/wp-content\/uploads\/2023\/02\/logo_black.svg\",\"width\":1,\"height\":1,\"caption\":\"Infecar\"},\"image\":{\"@id\":\"http:\/\/infecar.es\/en\/#\/schema\/logo\/image\/\"}},{\"@type\":\"Person\",\"@id\":\"http:\/\/infecar.es\/en\/#\/schema\/person\/fbd5e695b0598716102dc80aa9b3a941\",\"name\":\"Patri Jorge\",\"image\":{\"@type\":\"ImageObject\",\"inLanguage\":\"en-US\",\"@id\":\"http:\/\/infecar.es\/en\/#\/schema\/person\/image\/\",\"url\":\"https:\/\/secure.gravatar.com\/avatar\/b00a32e946d71a33addf814c9cbc2c97182c6cc542f1e19191a97275a495fb74?s=96&d=mm&r=g\",\"contentUrl\":\"https:\/\/secure.gravatar.com\/avatar\/b00a32e946d71a33addf814c9cbc2c97182c6cc542f1e19191a97275a495fb74?s=96&d=mm&r=g\",\"caption\":\"Patri Jorge\"},\"url\":\"https:\/\/infecar.es\/en\/author\/patrijorge\/\"}]}<\/script>\n<!-- \/ Yoast SEO plugin. -->","yoast_head_json":{"title":"The 12th Gran Canaria Me Gusta Fair kicks off, bringing together local products with a thriving local gastronomy. - Infecar","robots":{"index":"index","follow":"follow","max-snippet":"max-snippet:-1","max-image-preview":"max-image-preview:large","max-video-preview":"max-video-preview:-1"},"canonical":"https:\/\/infecar.es\/en\/news\/the-12th-gran-canaria-me-gusta-fair-kicks-off-bringing-together-local-products-with-a-thriving-local-gastronomy\/","og_locale":"en_US","og_type":"article","og_title":"The 12th Gran Canaria Me Gusta Fair kicks off, bringing together local products with a thriving local gastronomy. - Infecar","og_description":"Dozens of activities, workshops, tastings and cooking shows for all audiences will take place throughout the weekend The Fair continues tomorrow from 9:30 a.m. at Infecar, with cooking demonstrations by local chefs and Catalan chef Jordi Cruz The Gran Canaria Me Gusta Fair opened its doors today with a large turnout. On its first morning [&hellip;]","og_url":"\/en\/news\/the-12th-gran-canaria-me-gusta-fair-kicks-off-bringing-together-local-products-with-a-thriving-local-gastronomy\/","og_site_name":"Infecar","article_published_time":"2025-05-09T15:07:44+00:00","article_modified_time":"2025-05-11T14:47:04+00:00","og_image":[{"width":2500,"height":1667,"url":"https:\/\/infecar.es\/wp-content\/uploads\/2025\/05\/54507711159_156d8a1751_o.jpg","type":"image\/jpeg"}],"author":"Patri Jorge","twitter_card":"summary_large_image","twitter_misc":{"Written by":"Patri Jorge","Est. reading time":"5 minutes"},"schema":{"@context":"https:\/\/schema.org","@graph":[{"@type":"Article","@id":"https:\/\/infecar.es\/en\/news\/the-12th-gran-canaria-me-gusta-fair-kicks-off-bringing-together-local-products-with-a-thriving-local-gastronomy\/#article","isPartOf":{"@id":"\/en\/news\/the-12th-gran-canaria-me-gusta-fair-kicks-off-bringing-together-local-products-with-a-thriving-local-gastronomy\/"},"author":{"name":"Patri Jorge","@id":"http:\/\/infecar.es\/en\/#\/schema\/person\/fbd5e695b0598716102dc80aa9b3a941"},"headline":"The 12th Gran Canaria Me Gusta Fair kicks off, bringing together local products with a thriving local gastronomy.","datePublished":"2025-05-09T15:07:44+00:00","dateModified":"2025-05-11T14:47:04+00:00","mainEntityOfPage":{"@id":"\/en\/news\/the-12th-gran-canaria-me-gusta-fair-kicks-off-bringing-together-local-products-with-a-thriving-local-gastronomy\/"},"wordCount":898,"publisher":{"@id":"http:\/\/infecar.es\/en\/#organization"},"image":{"@id":"https:\/\/infecar.es\/en\/news\/the-12th-gran-canaria-me-gusta-fair-kicks-off-bringing-together-local-products-with-a-thriving-local-gastronomy\/#primaryimage"},"thumbnailUrl":"https:\/\/infecar.es\/wp-content\/uploads\/2025\/05\/54507711159_156d8a1751_o.jpg","articleSection":["Sin categorizar"],"inLanguage":"en-US"},{"@type":"WebPage","@id":"\/en\/news\/the-12th-gran-canaria-me-gusta-fair-kicks-off-bringing-together-local-products-with-a-thriving-local-gastronomy\/","url":"https:\/\/infecar.es\/en\/news\/the-12th-gran-canaria-me-gusta-fair-kicks-off-bringing-together-local-products-with-a-thriving-local-gastronomy\/","name":"The 12th Gran Canaria Me Gusta Fair kicks off, bringing together local products with a thriving local gastronomy. - Infecar","isPartOf":{"@id":"http:\/\/infecar.es\/en\/#website"},"primaryImageOfPage":{"@id":"https:\/\/infecar.es\/en\/news\/the-12th-gran-canaria-me-gusta-fair-kicks-off-bringing-together-local-products-with-a-thriving-local-gastronomy\/#primaryimage"},"image":{"@id":"https:\/\/infecar.es\/en\/news\/the-12th-gran-canaria-me-gusta-fair-kicks-off-bringing-together-local-products-with-a-thriving-local-gastronomy\/#primaryimage"},"thumbnailUrl":"https:\/\/infecar.es\/wp-content\/uploads\/2025\/05\/54507711159_156d8a1751_o.jpg","datePublished":"2025-05-09T15:07:44+00:00","dateModified":"2025-05-11T14:47:04+00:00","breadcrumb":{"@id":"https:\/\/infecar.es\/en\/news\/the-12th-gran-canaria-me-gusta-fair-kicks-off-bringing-together-local-products-with-a-thriving-local-gastronomy\/#breadcrumb"},"inLanguage":"en-US","potentialAction":[{"@type":"ReadAction","target":["https:\/\/infecar.es\/en\/news\/the-12th-gran-canaria-me-gusta-fair-kicks-off-bringing-together-local-products-with-a-thriving-local-gastronomy\/"]}]},{"@type":"ImageObject","inLanguage":"en-US","@id":"https:\/\/infecar.es\/en\/news\/the-12th-gran-canaria-me-gusta-fair-kicks-off-bringing-together-local-products-with-a-thriving-local-gastronomy\/#primaryimage","url":"https:\/\/infecar.es\/wp-content\/uploads\/2025\/05\/54507711159_156d8a1751_o.jpg","contentUrl":"https:\/\/infecar.es\/wp-content\/uploads\/2025\/05\/54507711159_156d8a1751_o.jpg","width":2500,"height":1667,"caption":"Feria Gran Canaria Me Gusta"},{"@type":"BreadcrumbList","@id":"https:\/\/infecar.es\/en\/news\/the-12th-gran-canaria-me-gusta-fair-kicks-off-bringing-together-local-products-with-a-thriving-local-gastronomy\/#breadcrumb","itemListElement":[{"@type":"ListItem","position":1,"name":"Portada","item":"http:\/\/infecar.es\/en\/"},{"@type":"ListItem","position":2,"name":"The 12th Gran Canaria Me Gusta Fair kicks off, bringing together local products with a thriving local gastronomy."}]},{"@type":"WebSite","@id":"http:\/\/infecar.es\/en\/#website","url":"http:\/\/infecar.es\/en\/","name":"Infecar","description":"Feria de Gran Canaria","publisher":{"@id":"http:\/\/infecar.es\/en\/#organization"},"potentialAction":[{"@type":"SearchAction","target":{"@type":"EntryPoint","urlTemplate":"http:\/\/infecar.es\/en\/?s={search_term_string}"},"query-input":{"@type":"PropertyValueSpecification","valueRequired":true,"valueName":"search_term_string"}}],"inLanguage":"en-US"},{"@type":"Organization","@id":"http:\/\/infecar.es\/en\/#organization","name":"Infecar","url":"http:\/\/infecar.es\/en\/","logo":{"@type":"ImageObject","inLanguage":"en-US","@id":"http:\/\/infecar.es\/en\/#\/schema\/logo\/image\/","url":"https:\/\/infecar.es\/wp-content\/uploads\/2023\/02\/logo_black.svg","contentUrl":"https:\/\/infecar.es\/wp-content\/uploads\/2023\/02\/logo_black.svg","width":1,"height":1,"caption":"Infecar"},"image":{"@id":"http:\/\/infecar.es\/en\/#\/schema\/logo\/image\/"}},{"@type":"Person","@id":"http:\/\/infecar.es\/en\/#\/schema\/person\/fbd5e695b0598716102dc80aa9b3a941","name":"Patri Jorge","image":{"@type":"ImageObject","inLanguage":"en-US","@id":"http:\/\/infecar.es\/en\/#\/schema\/person\/image\/","url":"https:\/\/secure.gravatar.com\/avatar\/b00a32e946d71a33addf814c9cbc2c97182c6cc542f1e19191a97275a495fb74?s=96&d=mm&r=g","contentUrl":"https:\/\/secure.gravatar.com\/avatar\/b00a32e946d71a33addf814c9cbc2c97182c6cc542f1e19191a97275a495fb74?s=96&d=mm&r=g","caption":"Patri Jorge"},"url":"https:\/\/infecar.es\/en\/author\/patrijorge\/"}]}},"_links":{"self":[{"href":"https:\/\/infecar.es\/en\/wp-json\/wp\/v2\/posts\/12855","targetHints":{"allow":["GET"]}}],"collection":[{"href":"https:\/\/infecar.es\/en\/wp-json\/wp\/v2\/posts"}],"about":[{"href":"https:\/\/infecar.es\/en\/wp-json\/wp\/v2\/types\/post"}],"author":[{"embeddable":true,"href":"https:\/\/infecar.es\/en\/wp-json\/wp\/v2\/users\/13"}],"replies":[{"embeddable":true,"href":"https:\/\/infecar.es\/en\/wp-json\/wp\/v2\/comments?post=12855"}],"version-history":[{"count":1,"href":"https:\/\/infecar.es\/en\/wp-json\/wp\/v2\/posts\/12855\/revisions"}],"predecessor-version":[{"id":12856,"href":"https:\/\/infecar.es\/en\/wp-json\/wp\/v2\/posts\/12855\/revisions\/12856"}],"wp:featuredmedia":[{"embeddable":true,"href":"https:\/\/infecar.es\/en\/wp-json\/wp\/v2\/media\/12838"}],"wp:attachment":[{"href":"https:\/\/infecar.es\/en\/wp-json\/wp\/v2\/media?parent=12855"}],"wp:term":[{"taxonomy":"category","embeddable":true,"href":"https:\/\/infecar.es\/en\/wp-json\/wp\/v2\/categories?post=12855"},{"taxonomy":"post_tag","embeddable":true,"href":"https:\/\/infecar.es\/en\/wp-json\/wp\/v2\/tags?post=12855"}],"curies":[{"name":"wp","href":"https:\/\/api.w.org\/{rel}","templated":true}]}}