

{"id":11633,"date":"2024-08-14T14:16:09","date_gmt":"2024-08-14T14:16:09","guid":{"rendered":"\/en\/news\/"},"modified":"2024-08-14T14:54:50","modified_gmt":"2024-08-14T14:54:50","slug":"the-17th-gran-canaria-summer-south-crafts-fair-approaches-its-final-weekend","status":"publish","type":"post","link":"\/en\/news\/the-17th-gran-canaria-summer-south-crafts-fair-approaches-its-final-weekend","title":{"rendered":"The 17th Gran Canaria Summer South Crafts Fair approaches its final weekend"},"content":{"rendered":"<ul>\n<li>The fair enters its final stretch at the Maspalomas Lighthouse, where it will remain open to the public from 17:00 to 23:00 until Sunday, August 18th<\/li>\n<\/ul>\n<p>The Gran Canaria Summer South Crafts Fair, which opened to the public last Friday, August 9th, faces the last days of its seventeenth edition with more than sixty stands where you can find all kinds of handmade products on the island, a musical performance by Araguaney, and the final live craft demonstrations of this edition.<\/p>\n<p>The area around the Maspalomas Lighthouse has been hosting this summer gathering of tourists and locals with the island&#8217;s artisans since last Friday, August 9th, the day of its inauguration. Visitors who have already toured the 64 stands that make up the fair in this edition have been able to acquire unique products handmade in Gran Canaria. The original pieces that can be found at this fair range from silver jewellery and various recycled materials, candles, ceramic tableware, cups, fans, and patchwork to all kinds of decorative objects such as curious figures made of wood or iron, replicas of pre-Hispanic pottery pieces, miniatures, toys made of fabric and recycled materials, and clothing woven and decorated with various techniques.<\/p>\n<p>For his part, the knife maker Manuel Gonz\u00e1lez Perera will show during today&#8217;s session how his hands work to create from scratch unique pieces recognized worldwide for the complexity of their details, making him the protagonist this Wednesday of the Live Crafts space of this edition. He will be followed by daily exhibitions by Jos\u00e9 Manuel Rodr\u00edguez D\u00edaz (leather crafting), Josefa Pe\u00f1a Galv\u00e1n (embroidery), Mar\u00eda Elo\u00edsa Pe\u00f1a Galv\u00e1n (rye basketry), and Nicolasa Alem\u00e1n Sosa (openwork).<\/p>\n<p>Moreover, the last days of the Gran Canaria Summer South Crafts Fair arrive with the performance of Araguaney. This popular music group will accompany tomorrow afternoon, Thursday, August 15th, from 18:30 onwards, the visitors who come to discover the island&#8217;s craft trades and their artisans and their products, culture, and traditions with them.<\/p>\n<p>In fact, the artisan professionals participating in this edition, who represent 20 of the 87 trades that make up the Repertoire of Artisan Trades of the Canary Islands, have all participated in previous editions of this event to promote the commerce of handmade products in Gran Canaria. Many of the artisans agree that this event at the Maspalomas Lighthouse is a &#8220;very close way&#8221; to bring their creations and products to the tourists who visit Gran Canaria at this time, but also to show them &#8220;our culture&#8221; and allow them to &#8220;take a piece of it back to their homes&#8221;.<\/p>\n<p>All information regarding the artisans is available on the website www.feriasartesaniagrancanaria.es, where visitors will also find the schedule for the Live Crafts space.<\/p>\n<p>The 17th edition of the &#8216;Gran Canaria Summer South Crafts Fair&#8217;, promoted and financed by the Cabildo of Gran Canaria through Fedac and organized by Infecar with the collaboration of the City Council of the Villa de San Bartolom\u00e9 de Tirajana, will be open to the public every day from 17:00 to 23:00 until this Sunday, August 18th.<\/p>\n","protected":false},"excerpt":{"rendered":"<p>The fair enters its final stretch at the Maspalomas Lighthouse, where it will remain open to the public from 17:00 to 23:00 until Sunday, August 18th The Gran Canaria Summer South Crafts Fair, which opened to the public last Friday, August 9th, faces the last days of its seventeenth edition with more than sixty stands [&hellip;]<\/p>\n","protected":false},"author":13,"featured_media":11630,"comment_status":"closed","ping_status":"closed","sticky":false,"template":"","format":"standard","meta":{"_acf_changed":false,"om_disable_all_campaigns":false,"_monsterinsights_skip_tracking":false,"_monsterinsights_sitenote_active":false,"_monsterinsights_sitenote_note":"","_monsterinsights_sitenote_category":0,"_uf_show_specific_survey":0,"_uf_disable_surveys":false,"_joinchat":[],"footnotes":""},"categories":[1],"tags":[],"class_list":["post-11633","post","type-post","status-publish","format-standard","has-post-thumbnail","hentry","category-sin-categorizar"],"acf":[],"aioseo_notices":[],"yoast_head":"<!-- This site is optimized with the Yoast SEO plugin v26.7 - https:\/\/yoast.com\/wordpress\/plugins\/seo\/ -->\n<title>The 17th Gran Canaria Summer South Crafts Fair approaches its final weekend - Infecar<\/title>\n<meta name=\"robots\" content=\"index, follow, max-snippet:-1, max-image-preview:large, max-video-preview:-1\" \/>\n<link rel=\"canonical\" href=\"https:\/\/infecar.es\/en\/news\/the-17th-gran-canaria-summer-south-crafts-fair-approaches-its-final-weekend\/\" \/>\n<meta property=\"og:locale\" content=\"en_US\" \/>\n<meta property=\"og:type\" content=\"article\" \/>\n<meta property=\"og:title\" content=\"The 17th Gran Canaria Summer South Crafts Fair approaches its final weekend - Infecar\" \/>\n<meta property=\"og:description\" content=\"The fair enters its final stretch at the Maspalomas Lighthouse, where it will remain open to the public from 17:00 to 23:00 until Sunday, August 18th The Gran Canaria Summer South Crafts Fair, which opened to the public last Friday, August 9th, faces the last days of its seventeenth edition with more than sixty stands [&hellip;]\" \/>\n<meta property=\"og:url\" content=\"\/en\/news\/the-17th-gran-canaria-summer-south-crafts-fair-approaches-its-final-weekend\/\" \/>\n<meta property=\"og:site_name\" content=\"Infecar\" \/>\n<meta property=\"article:published_time\" content=\"2024-08-14T14:16:09+00:00\" \/>\n<meta property=\"article:modified_time\" content=\"2024-08-14T14:54:50+00:00\" \/>\n<meta property=\"og:image\" content=\"https:\/\/infecar.es\/wp-content\/uploads\/2024\/08\/240811_feria_artesania_Verano_Sur_2024-51.jpg\" \/>\n\t<meta property=\"og:image:width\" content=\"1798\" \/>\n\t<meta property=\"og:image:height\" content=\"1200\" \/>\n\t<meta property=\"og:image:type\" content=\"image\/jpeg\" \/>\n<meta name=\"author\" content=\"Patri Jorge\" \/>\n<meta name=\"twitter:card\" content=\"summary_large_image\" \/>\n<meta name=\"twitter:label1\" content=\"Written by\" \/>\n\t<meta name=\"twitter:data1\" content=\"Patri Jorge\" \/>\n\t<meta name=\"twitter:label2\" content=\"Est. reading time\" \/>\n\t<meta name=\"twitter:data2\" content=\"3 minutes\" \/>\n<script type=\"application\/ld+json\" class=\"yoast-schema-graph\">{\"@context\":\"https:\/\/schema.org\",\"@graph\":[{\"@type\":\"Article\",\"@id\":\"https:\/\/infecar.es\/en\/news\/the-17th-gran-canaria-summer-south-crafts-fair-approaches-its-final-weekend\/#article\",\"isPartOf\":{\"@id\":\"\/en\/news\/the-17th-gran-canaria-summer-south-crafts-fair-approaches-its-final-weekend\/\"},\"author\":{\"name\":\"Patri Jorge\",\"@id\":\"https:\/\/infecar.es\/#\/schema\/person\/fbd5e695b0598716102dc80aa9b3a941\"},\"headline\":\"The 17th Gran Canaria Summer South Crafts Fair approaches its final weekend\",\"datePublished\":\"2024-08-14T14:16:09+00:00\",\"dateModified\":\"2024-08-14T14:54:50+00:00\",\"mainEntityOfPage\":{\"@id\":\"\/en\/news\/the-17th-gran-canaria-summer-south-crafts-fair-approaches-its-final-weekend\/\"},\"wordCount\":524,\"publisher\":{\"@id\":\"https:\/\/infecar.es\/#organization\"},\"image\":{\"@id\":\"https:\/\/infecar.es\/en\/news\/the-17th-gran-canaria-summer-south-crafts-fair-approaches-its-final-weekend\/#primaryimage\"},\"thumbnailUrl\":\"https:\/\/infecar.es\/wp-content\/uploads\/2024\/08\/240811_feria_artesania_Verano_Sur_2024-51.jpg\",\"articleSection\":[\"Sin categorizar\"],\"inLanguage\":\"en-US\"},{\"@type\":\"WebPage\",\"@id\":\"\/en\/news\/the-17th-gran-canaria-summer-south-crafts-fair-approaches-its-final-weekend\/\",\"url\":\"https:\/\/infecar.es\/en\/news\/the-17th-gran-canaria-summer-south-crafts-fair-approaches-its-final-weekend\/\",\"name\":\"The 17th Gran Canaria Summer South Crafts Fair approaches its final weekend - Infecar\",\"isPartOf\":{\"@id\":\"https:\/\/infecar.es\/#website\"},\"primaryImageOfPage\":{\"@id\":\"https:\/\/infecar.es\/en\/news\/the-17th-gran-canaria-summer-south-crafts-fair-approaches-its-final-weekend\/#primaryimage\"},\"image\":{\"@id\":\"https:\/\/infecar.es\/en\/news\/the-17th-gran-canaria-summer-south-crafts-fair-approaches-its-final-weekend\/#primaryimage\"},\"thumbnailUrl\":\"https:\/\/infecar.es\/wp-content\/uploads\/2024\/08\/240811_feria_artesania_Verano_Sur_2024-51.jpg\",\"datePublished\":\"2024-08-14T14:16:09+00:00\",\"dateModified\":\"2024-08-14T14:54:50+00:00\",\"breadcrumb\":{\"@id\":\"https:\/\/infecar.es\/en\/news\/the-17th-gran-canaria-summer-south-crafts-fair-approaches-its-final-weekend\/#breadcrumb\"},\"inLanguage\":\"en-US\",\"potentialAction\":[{\"@type\":\"ReadAction\",\"target\":[\"https:\/\/infecar.es\/en\/news\/the-17th-gran-canaria-summer-south-crafts-fair-approaches-its-final-weekend\/\"]}]},{\"@type\":\"ImageObject\",\"inLanguage\":\"en-US\",\"@id\":\"https:\/\/infecar.es\/en\/news\/the-17th-gran-canaria-summer-south-crafts-fair-approaches-its-final-weekend\/#primaryimage\",\"url\":\"https:\/\/infecar.es\/wp-content\/uploads\/2024\/08\/240811_feria_artesania_Verano_Sur_2024-51.jpg\",\"contentUrl\":\"https:\/\/infecar.es\/wp-content\/uploads\/2024\/08\/240811_feria_artesania_Verano_Sur_2024-51.jpg\",\"width\":1798,\"height\":1200,\"caption\":\"Feria_artesania_VeranoSur\"},{\"@type\":\"BreadcrumbList\",\"@id\":\"https:\/\/infecar.es\/en\/news\/the-17th-gran-canaria-summer-south-crafts-fair-approaches-its-final-weekend\/#breadcrumb\",\"itemListElement\":[{\"@type\":\"ListItem\",\"position\":1,\"name\":\"Portada\",\"item\":\"https:\/\/infecar.es\/en\/\"},{\"@type\":\"ListItem\",\"position\":2,\"name\":\"The 17th Gran Canaria Summer South Crafts Fair approaches its final weekend\"}]},{\"@type\":\"WebSite\",\"@id\":\"https:\/\/infecar.es\/#website\",\"url\":\"https:\/\/infecar.es\/\",\"name\":\"Infecar\",\"description\":\"Feria de Gran Canaria\",\"publisher\":{\"@id\":\"https:\/\/infecar.es\/#organization\"},\"potentialAction\":[{\"@type\":\"SearchAction\",\"target\":{\"@type\":\"EntryPoint\",\"urlTemplate\":\"https:\/\/infecar.es\/?s={search_term_string}\"},\"query-input\":{\"@type\":\"PropertyValueSpecification\",\"valueRequired\":true,\"valueName\":\"search_term_string\"}}],\"inLanguage\":\"en-US\"},{\"@type\":\"Organization\",\"@id\":\"https:\/\/infecar.es\/#organization\",\"name\":\"Infecar\",\"url\":\"https:\/\/infecar.es\/\",\"logo\":{\"@type\":\"ImageObject\",\"inLanguage\":\"en-US\",\"@id\":\"https:\/\/infecar.es\/#\/schema\/logo\/image\/\",\"url\":\"https:\/\/infecar.es\/wp-content\/uploads\/2023\/02\/logo_black.svg\",\"contentUrl\":\"https:\/\/infecar.es\/wp-content\/uploads\/2023\/02\/logo_black.svg\",\"width\":1,\"height\":1,\"caption\":\"Infecar\"},\"image\":{\"@id\":\"https:\/\/infecar.es\/#\/schema\/logo\/image\/\"}},{\"@type\":\"Person\",\"@id\":\"https:\/\/infecar.es\/#\/schema\/person\/fbd5e695b0598716102dc80aa9b3a941\",\"name\":\"Patri Jorge\",\"image\":{\"@type\":\"ImageObject\",\"inLanguage\":\"en-US\",\"@id\":\"https:\/\/infecar.es\/#\/schema\/person\/image\/\",\"url\":\"https:\/\/secure.gravatar.com\/avatar\/b00a32e946d71a33addf814c9cbc2c97182c6cc542f1e19191a97275a495fb74?s=96&d=mm&r=g\",\"contentUrl\":\"https:\/\/secure.gravatar.com\/avatar\/b00a32e946d71a33addf814c9cbc2c97182c6cc542f1e19191a97275a495fb74?s=96&d=mm&r=g\",\"caption\":\"Patri Jorge\"},\"url\":\"https:\/\/infecar.es\/en\/author\/patrijorge\/\"}]}<\/script>\n<!-- \/ Yoast SEO plugin. -->","yoast_head_json":{"title":"The 17th Gran Canaria Summer South Crafts Fair approaches its final weekend - Infecar","robots":{"index":"index","follow":"follow","max-snippet":"max-snippet:-1","max-image-preview":"max-image-preview:large","max-video-preview":"max-video-preview:-1"},"canonical":"https:\/\/infecar.es\/en\/news\/the-17th-gran-canaria-summer-south-crafts-fair-approaches-its-final-weekend\/","og_locale":"en_US","og_type":"article","og_title":"The 17th Gran Canaria Summer South Crafts Fair approaches its final weekend - Infecar","og_description":"The fair enters its final stretch at the Maspalomas Lighthouse, where it will remain open to the public from 17:00 to 23:00 until Sunday, August 18th The Gran Canaria Summer South Crafts Fair, which opened to the public last Friday, August 9th, faces the last days of its seventeenth edition with more than sixty stands [&hellip;]","og_url":"\/en\/news\/the-17th-gran-canaria-summer-south-crafts-fair-approaches-its-final-weekend\/","og_site_name":"Infecar","article_published_time":"2024-08-14T14:16:09+00:00","article_modified_time":"2024-08-14T14:54:50+00:00","og_image":[{"width":1798,"height":1200,"url":"https:\/\/infecar.es\/wp-content\/uploads\/2024\/08\/240811_feria_artesania_Verano_Sur_2024-51.jpg","type":"image\/jpeg"}],"author":"Patri Jorge","twitter_card":"summary_large_image","twitter_misc":{"Written by":"Patri Jorge","Est. reading time":"3 minutes"},"schema":{"@context":"https:\/\/schema.org","@graph":[{"@type":"Article","@id":"https:\/\/infecar.es\/en\/news\/the-17th-gran-canaria-summer-south-crafts-fair-approaches-its-final-weekend\/#article","isPartOf":{"@id":"\/en\/news\/the-17th-gran-canaria-summer-south-crafts-fair-approaches-its-final-weekend\/"},"author":{"name":"Patri Jorge","@id":"https:\/\/infecar.es\/#\/schema\/person\/fbd5e695b0598716102dc80aa9b3a941"},"headline":"The 17th Gran Canaria Summer South Crafts Fair approaches its final weekend","datePublished":"2024-08-14T14:16:09+00:00","dateModified":"2024-08-14T14:54:50+00:00","mainEntityOfPage":{"@id":"\/en\/news\/the-17th-gran-canaria-summer-south-crafts-fair-approaches-its-final-weekend\/"},"wordCount":524,"publisher":{"@id":"https:\/\/infecar.es\/#organization"},"image":{"@id":"https:\/\/infecar.es\/en\/news\/the-17th-gran-canaria-summer-south-crafts-fair-approaches-its-final-weekend\/#primaryimage"},"thumbnailUrl":"https:\/\/infecar.es\/wp-content\/uploads\/2024\/08\/240811_feria_artesania_Verano_Sur_2024-51.jpg","articleSection":["Sin categorizar"],"inLanguage":"en-US"},{"@type":"WebPage","@id":"\/en\/news\/the-17th-gran-canaria-summer-south-crafts-fair-approaches-its-final-weekend\/","url":"https:\/\/infecar.es\/en\/news\/the-17th-gran-canaria-summer-south-crafts-fair-approaches-its-final-weekend\/","name":"The 17th Gran Canaria Summer South Crafts Fair approaches its final weekend - Infecar","isPartOf":{"@id":"https:\/\/infecar.es\/#website"},"primaryImageOfPage":{"@id":"https:\/\/infecar.es\/en\/news\/the-17th-gran-canaria-summer-south-crafts-fair-approaches-its-final-weekend\/#primaryimage"},"image":{"@id":"https:\/\/infecar.es\/en\/news\/the-17th-gran-canaria-summer-south-crafts-fair-approaches-its-final-weekend\/#primaryimage"},"thumbnailUrl":"https:\/\/infecar.es\/wp-content\/uploads\/2024\/08\/240811_feria_artesania_Verano_Sur_2024-51.jpg","datePublished":"2024-08-14T14:16:09+00:00","dateModified":"2024-08-14T14:54:50+00:00","breadcrumb":{"@id":"https:\/\/infecar.es\/en\/news\/the-17th-gran-canaria-summer-south-crafts-fair-approaches-its-final-weekend\/#breadcrumb"},"inLanguage":"en-US","potentialAction":[{"@type":"ReadAction","target":["https:\/\/infecar.es\/en\/news\/the-17th-gran-canaria-summer-south-crafts-fair-approaches-its-final-weekend\/"]}]},{"@type":"ImageObject","inLanguage":"en-US","@id":"https:\/\/infecar.es\/en\/news\/the-17th-gran-canaria-summer-south-crafts-fair-approaches-its-final-weekend\/#primaryimage","url":"https:\/\/infecar.es\/wp-content\/uploads\/2024\/08\/240811_feria_artesania_Verano_Sur_2024-51.jpg","contentUrl":"https:\/\/infecar.es\/wp-content\/uploads\/2024\/08\/240811_feria_artesania_Verano_Sur_2024-51.jpg","width":1798,"height":1200,"caption":"Feria_artesania_VeranoSur"},{"@type":"BreadcrumbList","@id":"https:\/\/infecar.es\/en\/news\/the-17th-gran-canaria-summer-south-crafts-fair-approaches-its-final-weekend\/#breadcrumb","itemListElement":[{"@type":"ListItem","position":1,"name":"Portada","item":"https:\/\/infecar.es\/en\/"},{"@type":"ListItem","position":2,"name":"The 17th Gran Canaria Summer South Crafts Fair approaches its final weekend"}]},{"@type":"WebSite","@id":"https:\/\/infecar.es\/#website","url":"https:\/\/infecar.es\/","name":"Infecar","description":"Feria de Gran Canaria","publisher":{"@id":"https:\/\/infecar.es\/#organization"},"potentialAction":[{"@type":"SearchAction","target":{"@type":"EntryPoint","urlTemplate":"https:\/\/infecar.es\/?s={search_term_string}"},"query-input":{"@type":"PropertyValueSpecification","valueRequired":true,"valueName":"search_term_string"}}],"inLanguage":"en-US"},{"@type":"Organization","@id":"https:\/\/infecar.es\/#organization","name":"Infecar","url":"https:\/\/infecar.es\/","logo":{"@type":"ImageObject","inLanguage":"en-US","@id":"https:\/\/infecar.es\/#\/schema\/logo\/image\/","url":"https:\/\/infecar.es\/wp-content\/uploads\/2023\/02\/logo_black.svg","contentUrl":"https:\/\/infecar.es\/wp-content\/uploads\/2023\/02\/logo_black.svg","width":1,"height":1,"caption":"Infecar"},"image":{"@id":"https:\/\/infecar.es\/#\/schema\/logo\/image\/"}},{"@type":"Person","@id":"https:\/\/infecar.es\/#\/schema\/person\/fbd5e695b0598716102dc80aa9b3a941","name":"Patri Jorge","image":{"@type":"ImageObject","inLanguage":"en-US","@id":"https:\/\/infecar.es\/#\/schema\/person\/image\/","url":"https:\/\/secure.gravatar.com\/avatar\/b00a32e946d71a33addf814c9cbc2c97182c6cc542f1e19191a97275a495fb74?s=96&d=mm&r=g","contentUrl":"https:\/\/secure.gravatar.com\/avatar\/b00a32e946d71a33addf814c9cbc2c97182c6cc542f1e19191a97275a495fb74?s=96&d=mm&r=g","caption":"Patri Jorge"},"url":"https:\/\/infecar.es\/en\/author\/patrijorge\/"}]}},"_links":{"self":[{"href":"https:\/\/infecar.es\/en\/wp-json\/wp\/v2\/posts\/11633","targetHints":{"allow":["GET"]}}],"collection":[{"href":"https:\/\/infecar.es\/en\/wp-json\/wp\/v2\/posts"}],"about":[{"href":"https:\/\/infecar.es\/en\/wp-json\/wp\/v2\/types\/post"}],"author":[{"embeddable":true,"href":"https:\/\/infecar.es\/en\/wp-json\/wp\/v2\/users\/13"}],"replies":[{"embeddable":true,"href":"https:\/\/infecar.es\/en\/wp-json\/wp\/v2\/comments?post=11633"}],"version-history":[{"count":1,"href":"https:\/\/infecar.es\/en\/wp-json\/wp\/v2\/posts\/11633\/revisions"}],"predecessor-version":[{"id":11634,"href":"https:\/\/infecar.es\/en\/wp-json\/wp\/v2\/posts\/11633\/revisions\/11634"}],"wp:featuredmedia":[{"embeddable":true,"href":"https:\/\/infecar.es\/en\/wp-json\/wp\/v2\/media\/11630"}],"wp:attachment":[{"href":"https:\/\/infecar.es\/en\/wp-json\/wp\/v2\/media?parent=11633"}],"wp:term":[{"taxonomy":"category","embeddable":true,"href":"https:\/\/infecar.es\/en\/wp-json\/wp\/v2\/categories?post=11633"},{"taxonomy":"post_tag","embeddable":true,"href":"https:\/\/infecar.es\/en\/wp-json\/wp\/v2\/tags?post=11633"}],"curies":[{"name":"wp","href":"https:\/\/api.w.org\/{rel}","templated":true}]}}