

{"id":11593,"date":"2024-08-06T18:37:06","date_gmt":"2024-08-06T18:37:06","guid":{"rendered":"\/en\/news\/"},"modified":"2024-08-06T18:59:03","modified_gmt":"2024-08-06T18:59:03","slug":"11593","status":"publish","type":"post","link":"\/en\/news\/11593","title":{"rendered":"The 17th &#8216;Gran Canaria Summer South Craft Fair&#8217; returns to Maspalomas from August 9 to 18"},"content":{"rendered":"<ul>\n<li>The event, promoted by Fedac and organized by Infecar, will feature a vast catalogue of handmade products from the island by more than sixty artisans, concerts, and other activities<\/li>\n<li>Attendees will discover live how the artisans of Gran Canaria work<\/li>\n<\/ul>\n<p>The Gran Canaria Summer South Craft Fair returns with a new edition, the seventeenth, to the Maspalomas Lighthouse. For ten days, from August 9 to 18, locals and tourists will be able to explore the largest showcase of handmade products on the island by the 64 artisans participating in this edition. The event will be accompanied by concerts and daily demonstrations of some craft works on the island.<\/p>\n<p>The Fair, promoted and financed by the Cabildo of Gran Canaria through the Fund for Ethnography and Development of Canarian Crafts (Fedac) and organized by Infecar, will open its doors on Friday, August 9, from 5:00 p.m. On this occasion, artisans representing up to 17 municipalities of Gran Canaria will be able to give visibility to and market their products in the summer showcase offered by the gardens surrounding the Maspalomas Lighthouse.<\/p>\n<p>Regarding the origin of the artisans, the municipality with the most significant representation at this Fair will be the island&#8217;s capital, with twenty artisans. Nine artisans will participate from the city of Ag\u00fcimes and six from Telde and San Bartolom\u00e9 de Tirajana; three from Valsequillo and Firgas; two from Teror, Santa Mar\u00eda de Gu\u00eda, Santa Luc\u00eda de Tirajana and Santa Br\u00edgida; and one from Agaete, Arucas, G\u00e1ldar, Mog\u00e1n and Moya. These 64 artisans will represent 21 of the 87 crafts that make up the Repertoire of Artisan Crafts of the Canary Islands, so visitors to the Fair will be able to find products and creations made of ceramics, wax, leather, ironwork, glassware and jewellery; also toys, miniatures, traditional carpentry, doll making, cigar making, fabric decoration, crochet and macram\u00e9 textiles, patchwork, and works created from paper, cardboard and recycled materials.<\/p>\n<p>Getting to know craft work first-hand<\/p>\n<p>The program of this fair, dedicated to promoting handmade products in Gran Canaria, is complemented by live demonstrations held each day by different artisans affiliated with Fedac. These exhibitions of local craftsmanship will begin on Friday, August 9, with the potter Mar\u00eda Teresa R\u00edos Santana, who will allow tourists and locals touring the Fair to enjoy and learn about part of her work processes. This will be followed by demonstrations of weaving by Ana Rosa Vega Godoy, stonework with Gustavo Manuel Santana Santana, Palm basketry with Alba Cruz Guti\u00e9rrez, wool spinning with B\u00e1rbara Su\u00e1rez Herrera; knife making with Manuel Su\u00e1rez Perera; leather work and shoemaking with Jos\u00e9 Manuel Rodr\u00edguez D\u00edaz; embroidery with Josefa Pe\u00f1a Galv\u00e1n and rye basketry with Mar\u00eda Elo\u00edsa Pe\u00f1a Galv\u00e1n. The final touch to the exhibitions will be provided by the manual dexterity of the lace maker from Ingenio, Nicolasa Alem\u00e1n Sosa. In addition, the Parranda La Polvajera and Parranda Araguaney will be in charge of livening up the evenings of Friday, August 9 and Thursday, August 15, starting at 6:30 p.m.m.<\/p>\n<p>The 17th edition of the &#8216;Gran Canaria Summer South Craft Fair&#8217;, which is promoted and financed by the Cabildo of Gran Canaria through Fedac and organized by Infecar with the collaboration of the City Council of San Bartolom\u00e9 de Tirajana, will be open to the public between August 9 and 18 from 5:00 p.m. to 11:00 p.m. We invite you to be a part of this unique cultural experience. Visitors can find all the information about the event, participating artisans, and scheduled activities on the website www.feriasartesaniagrancanaria.es<\/p>\n","protected":false},"excerpt":{"rendered":"<p>The event, promoted by Fedac and organized by Infecar, will feature a vast catalogue of handmade products from the island by more than sixty artisans, concerts, and other activities Attendees will discover live how the artisans of Gran Canaria work The Gran Canaria Summer South Craft Fair returns with a new edition, the seventeenth, to [&hellip;]<\/p>\n","protected":false},"author":13,"featured_media":11590,"comment_status":"closed","ping_status":"closed","sticky":false,"template":"","format":"standard","meta":{"_acf_changed":false,"om_disable_all_campaigns":false,"_monsterinsights_skip_tracking":false,"_monsterinsights_sitenote_active":false,"_monsterinsights_sitenote_note":"","_monsterinsights_sitenote_category":0,"_uf_show_specific_survey":0,"_uf_disable_surveys":false,"_joinchat":[],"footnotes":""},"categories":[1],"tags":[],"class_list":["post-11593","post","type-post","status-publish","format-standard","has-post-thumbnail","hentry","category-sin-categorizar"],"acf":[],"aioseo_notices":[],"yoast_head":"<!-- This site is optimized with the Yoast SEO plugin v26.7 - https:\/\/yoast.com\/wordpress\/plugins\/seo\/ -->\n<title>The 17th &#039;Gran Canaria Summer South Craft Fair&#039; returns to Maspalomas from August 9 to 18 - Infecar<\/title>\n<meta name=\"robots\" content=\"index, follow, max-snippet:-1, max-image-preview:large, max-video-preview:-1\" \/>\n<link rel=\"canonical\" href=\"https:\/\/infecar.es\/en\/news\/11593\/\" \/>\n<meta property=\"og:locale\" content=\"en_US\" \/>\n<meta property=\"og:type\" content=\"article\" \/>\n<meta property=\"og:title\" content=\"The 17th &#039;Gran Canaria Summer South Craft Fair&#039; returns to Maspalomas from August 9 to 18 - Infecar\" \/>\n<meta property=\"og:description\" content=\"The event, promoted by Fedac and organized by Infecar, will feature a vast catalogue of handmade products from the island by more than sixty artisans, concerts, and other activities Attendees will discover live how the artisans of Gran Canaria work The Gran Canaria Summer South Craft Fair returns with a new edition, the seventeenth, to [&hellip;]\" \/>\n<meta property=\"og:url\" content=\"\/en\/news\/11593\/\" \/>\n<meta property=\"og:site_name\" content=\"Infecar\" \/>\n<meta property=\"article:published_time\" content=\"2024-08-06T18:37:06+00:00\" \/>\n<meta property=\"article:modified_time\" content=\"2024-08-06T18:59:03+00:00\" \/>\n<meta property=\"og:image\" content=\"http:\/\/infecar.es\/wp-content\/uploads\/2024\/08\/Artesania-en-Vivo_2.jpg\" \/>\n\t<meta property=\"og:image:width\" content=\"1600\" \/>\n\t<meta property=\"og:image:height\" content=\"1066\" \/>\n\t<meta property=\"og:image:type\" content=\"image\/jpeg\" \/>\n<meta name=\"author\" content=\"Patri Jorge\" \/>\n<meta name=\"twitter:card\" content=\"summary_large_image\" \/>\n<meta name=\"twitter:label1\" content=\"Written by\" \/>\n\t<meta name=\"twitter:data1\" content=\"Patri Jorge\" \/>\n\t<meta name=\"twitter:label2\" content=\"Est. reading time\" \/>\n\t<meta name=\"twitter:data2\" content=\"3 minutes\" \/>\n<script type=\"application\/ld+json\" class=\"yoast-schema-graph\">{\"@context\":\"https:\/\/schema.org\",\"@graph\":[{\"@type\":\"Article\",\"@id\":\"https:\/\/infecar.es\/en\/news\/11593\/#article\",\"isPartOf\":{\"@id\":\"\/en\/news\/11593\/\"},\"author\":{\"name\":\"Patri Jorge\",\"@id\":\"https:\/\/infecar.es\/#\/schema\/person\/fbd5e695b0598716102dc80aa9b3a941\"},\"headline\":\"The 17th &#8216;Gran Canaria Summer South Craft Fair&#8217; returns to Maspalomas from August 9 to 18\",\"datePublished\":\"2024-08-06T18:37:06+00:00\",\"dateModified\":\"2024-08-06T18:59:03+00:00\",\"mainEntityOfPage\":{\"@id\":\"\/en\/news\/11593\/\"},\"wordCount\":613,\"publisher\":{\"@id\":\"https:\/\/infecar.es\/#organization\"},\"image\":{\"@id\":\"https:\/\/infecar.es\/en\/news\/11593\/#primaryimage\"},\"thumbnailUrl\":\"https:\/\/infecar.es\/wp-content\/uploads\/2024\/08\/Artesania-en-Vivo_2.jpg\",\"articleSection\":[\"Sin categorizar\"],\"inLanguage\":\"en-US\"},{\"@type\":\"WebPage\",\"@id\":\"\/en\/news\/11593\/\",\"url\":\"https:\/\/infecar.es\/en\/news\/11593\/\",\"name\":\"The 17th 'Gran Canaria Summer South Craft Fair' returns to Maspalomas from August 9 to 18 - Infecar\",\"isPartOf\":{\"@id\":\"https:\/\/infecar.es\/#website\"},\"primaryImageOfPage\":{\"@id\":\"https:\/\/infecar.es\/en\/news\/11593\/#primaryimage\"},\"image\":{\"@id\":\"https:\/\/infecar.es\/en\/news\/11593\/#primaryimage\"},\"thumbnailUrl\":\"https:\/\/infecar.es\/wp-content\/uploads\/2024\/08\/Artesania-en-Vivo_2.jpg\",\"datePublished\":\"2024-08-06T18:37:06+00:00\",\"dateModified\":\"2024-08-06T18:59:03+00:00\",\"breadcrumb\":{\"@id\":\"https:\/\/infecar.es\/en\/news\/11593\/#breadcrumb\"},\"inLanguage\":\"en-US\",\"potentialAction\":[{\"@type\":\"ReadAction\",\"target\":[\"https:\/\/infecar.es\/en\/news\/11593\/\"]}]},{\"@type\":\"ImageObject\",\"inLanguage\":\"en-US\",\"@id\":\"https:\/\/infecar.es\/en\/news\/11593\/#primaryimage\",\"url\":\"https:\/\/infecar.es\/wp-content\/uploads\/2024\/08\/Artesania-en-Vivo_2.jpg\",\"contentUrl\":\"https:\/\/infecar.es\/wp-content\/uploads\/2024\/08\/Artesania-en-Vivo_2.jpg\",\"width\":1600,\"height\":1066,\"caption\":\"Artesan\u00eda_En_Vivo\"},{\"@type\":\"BreadcrumbList\",\"@id\":\"https:\/\/infecar.es\/en\/news\/11593\/#breadcrumb\",\"itemListElement\":[{\"@type\":\"ListItem\",\"position\":1,\"name\":\"Portada\",\"item\":\"https:\/\/infecar.es\/en\/\"},{\"@type\":\"ListItem\",\"position\":2,\"name\":\"The 17th &#8216;Gran Canaria Summer South Craft Fair&#8217; returns to Maspalomas from August 9 to 18\"}]},{\"@type\":\"WebSite\",\"@id\":\"https:\/\/infecar.es\/#website\",\"url\":\"https:\/\/infecar.es\/\",\"name\":\"Infecar\",\"description\":\"Feria de Gran Canaria\",\"publisher\":{\"@id\":\"https:\/\/infecar.es\/#organization\"},\"potentialAction\":[{\"@type\":\"SearchAction\",\"target\":{\"@type\":\"EntryPoint\",\"urlTemplate\":\"https:\/\/infecar.es\/?s={search_term_string}\"},\"query-input\":{\"@type\":\"PropertyValueSpecification\",\"valueRequired\":true,\"valueName\":\"search_term_string\"}}],\"inLanguage\":\"en-US\"},{\"@type\":\"Organization\",\"@id\":\"https:\/\/infecar.es\/#organization\",\"name\":\"Infecar\",\"url\":\"https:\/\/infecar.es\/\",\"logo\":{\"@type\":\"ImageObject\",\"inLanguage\":\"en-US\",\"@id\":\"https:\/\/infecar.es\/#\/schema\/logo\/image\/\",\"url\":\"https:\/\/infecar.es\/wp-content\/uploads\/2023\/02\/logo_black.svg\",\"contentUrl\":\"https:\/\/infecar.es\/wp-content\/uploads\/2023\/02\/logo_black.svg\",\"width\":1,\"height\":1,\"caption\":\"Infecar\"},\"image\":{\"@id\":\"https:\/\/infecar.es\/#\/schema\/logo\/image\/\"}},{\"@type\":\"Person\",\"@id\":\"https:\/\/infecar.es\/#\/schema\/person\/fbd5e695b0598716102dc80aa9b3a941\",\"name\":\"Patri Jorge\",\"image\":{\"@type\":\"ImageObject\",\"inLanguage\":\"en-US\",\"@id\":\"https:\/\/infecar.es\/#\/schema\/person\/image\/\",\"url\":\"https:\/\/secure.gravatar.com\/avatar\/b00a32e946d71a33addf814c9cbc2c97182c6cc542f1e19191a97275a495fb74?s=96&d=mm&r=g\",\"contentUrl\":\"https:\/\/secure.gravatar.com\/avatar\/b00a32e946d71a33addf814c9cbc2c97182c6cc542f1e19191a97275a495fb74?s=96&d=mm&r=g\",\"caption\":\"Patri Jorge\"},\"url\":\"https:\/\/infecar.es\/en\/author\/patrijorge\/\"}]}<\/script>\n<!-- \/ Yoast SEO plugin. -->","yoast_head_json":{"title":"The 17th 'Gran Canaria Summer South Craft Fair' returns to Maspalomas from August 9 to 18 - Infecar","robots":{"index":"index","follow":"follow","max-snippet":"max-snippet:-1","max-image-preview":"max-image-preview:large","max-video-preview":"max-video-preview:-1"},"canonical":"https:\/\/infecar.es\/en\/news\/11593\/","og_locale":"en_US","og_type":"article","og_title":"The 17th 'Gran Canaria Summer South Craft Fair' returns to Maspalomas from August 9 to 18 - Infecar","og_description":"The event, promoted by Fedac and organized by Infecar, will feature a vast catalogue of handmade products from the island by more than sixty artisans, concerts, and other activities Attendees will discover live how the artisans of Gran Canaria work The Gran Canaria Summer South Craft Fair returns with a new edition, the seventeenth, to [&hellip;]","og_url":"\/en\/news\/11593\/","og_site_name":"Infecar","article_published_time":"2024-08-06T18:37:06+00:00","article_modified_time":"2024-08-06T18:59:03+00:00","og_image":[{"width":1600,"height":1066,"url":"http:\/\/infecar.es\/wp-content\/uploads\/2024\/08\/Artesania-en-Vivo_2.jpg","type":"image\/jpeg"}],"author":"Patri Jorge","twitter_card":"summary_large_image","twitter_misc":{"Written by":"Patri Jorge","Est. reading time":"3 minutes"},"schema":{"@context":"https:\/\/schema.org","@graph":[{"@type":"Article","@id":"https:\/\/infecar.es\/en\/news\/11593\/#article","isPartOf":{"@id":"\/en\/news\/11593\/"},"author":{"name":"Patri Jorge","@id":"https:\/\/infecar.es\/#\/schema\/person\/fbd5e695b0598716102dc80aa9b3a941"},"headline":"The 17th &#8216;Gran Canaria Summer South Craft Fair&#8217; returns to Maspalomas from August 9 to 18","datePublished":"2024-08-06T18:37:06+00:00","dateModified":"2024-08-06T18:59:03+00:00","mainEntityOfPage":{"@id":"\/en\/news\/11593\/"},"wordCount":613,"publisher":{"@id":"https:\/\/infecar.es\/#organization"},"image":{"@id":"https:\/\/infecar.es\/en\/news\/11593\/#primaryimage"},"thumbnailUrl":"https:\/\/infecar.es\/wp-content\/uploads\/2024\/08\/Artesania-en-Vivo_2.jpg","articleSection":["Sin categorizar"],"inLanguage":"en-US"},{"@type":"WebPage","@id":"\/en\/news\/11593\/","url":"https:\/\/infecar.es\/en\/news\/11593\/","name":"The 17th 'Gran Canaria Summer South Craft Fair' returns to Maspalomas from August 9 to 18 - Infecar","isPartOf":{"@id":"https:\/\/infecar.es\/#website"},"primaryImageOfPage":{"@id":"https:\/\/infecar.es\/en\/news\/11593\/#primaryimage"},"image":{"@id":"https:\/\/infecar.es\/en\/news\/11593\/#primaryimage"},"thumbnailUrl":"https:\/\/infecar.es\/wp-content\/uploads\/2024\/08\/Artesania-en-Vivo_2.jpg","datePublished":"2024-08-06T18:37:06+00:00","dateModified":"2024-08-06T18:59:03+00:00","breadcrumb":{"@id":"https:\/\/infecar.es\/en\/news\/11593\/#breadcrumb"},"inLanguage":"en-US","potentialAction":[{"@type":"ReadAction","target":["https:\/\/infecar.es\/en\/news\/11593\/"]}]},{"@type":"ImageObject","inLanguage":"en-US","@id":"https:\/\/infecar.es\/en\/news\/11593\/#primaryimage","url":"https:\/\/infecar.es\/wp-content\/uploads\/2024\/08\/Artesania-en-Vivo_2.jpg","contentUrl":"https:\/\/infecar.es\/wp-content\/uploads\/2024\/08\/Artesania-en-Vivo_2.jpg","width":1600,"height":1066,"caption":"Artesan\u00eda_En_Vivo"},{"@type":"BreadcrumbList","@id":"https:\/\/infecar.es\/en\/news\/11593\/#breadcrumb","itemListElement":[{"@type":"ListItem","position":1,"name":"Portada","item":"https:\/\/infecar.es\/en\/"},{"@type":"ListItem","position":2,"name":"The 17th &#8216;Gran Canaria Summer South Craft Fair&#8217; returns to Maspalomas from August 9 to 18"}]},{"@type":"WebSite","@id":"https:\/\/infecar.es\/#website","url":"https:\/\/infecar.es\/","name":"Infecar","description":"Feria de Gran Canaria","publisher":{"@id":"https:\/\/infecar.es\/#organization"},"potentialAction":[{"@type":"SearchAction","target":{"@type":"EntryPoint","urlTemplate":"https:\/\/infecar.es\/?s={search_term_string}"},"query-input":{"@type":"PropertyValueSpecification","valueRequired":true,"valueName":"search_term_string"}}],"inLanguage":"en-US"},{"@type":"Organization","@id":"https:\/\/infecar.es\/#organization","name":"Infecar","url":"https:\/\/infecar.es\/","logo":{"@type":"ImageObject","inLanguage":"en-US","@id":"https:\/\/infecar.es\/#\/schema\/logo\/image\/","url":"https:\/\/infecar.es\/wp-content\/uploads\/2023\/02\/logo_black.svg","contentUrl":"https:\/\/infecar.es\/wp-content\/uploads\/2023\/02\/logo_black.svg","width":1,"height":1,"caption":"Infecar"},"image":{"@id":"https:\/\/infecar.es\/#\/schema\/logo\/image\/"}},{"@type":"Person","@id":"https:\/\/infecar.es\/#\/schema\/person\/fbd5e695b0598716102dc80aa9b3a941","name":"Patri Jorge","image":{"@type":"ImageObject","inLanguage":"en-US","@id":"https:\/\/infecar.es\/#\/schema\/person\/image\/","url":"https:\/\/secure.gravatar.com\/avatar\/b00a32e946d71a33addf814c9cbc2c97182c6cc542f1e19191a97275a495fb74?s=96&d=mm&r=g","contentUrl":"https:\/\/secure.gravatar.com\/avatar\/b00a32e946d71a33addf814c9cbc2c97182c6cc542f1e19191a97275a495fb74?s=96&d=mm&r=g","caption":"Patri Jorge"},"url":"https:\/\/infecar.es\/en\/author\/patrijorge\/"}]}},"_links":{"self":[{"href":"https:\/\/infecar.es\/en\/wp-json\/wp\/v2\/posts\/11593","targetHints":{"allow":["GET"]}}],"collection":[{"href":"https:\/\/infecar.es\/en\/wp-json\/wp\/v2\/posts"}],"about":[{"href":"https:\/\/infecar.es\/en\/wp-json\/wp\/v2\/types\/post"}],"author":[{"embeddable":true,"href":"https:\/\/infecar.es\/en\/wp-json\/wp\/v2\/users\/13"}],"replies":[{"embeddable":true,"href":"https:\/\/infecar.es\/en\/wp-json\/wp\/v2\/comments?post=11593"}],"version-history":[{"count":2,"href":"https:\/\/infecar.es\/en\/wp-json\/wp\/v2\/posts\/11593\/revisions"}],"predecessor-version":[{"id":11597,"href":"https:\/\/infecar.es\/en\/wp-json\/wp\/v2\/posts\/11593\/revisions\/11597"}],"wp:featuredmedia":[{"embeddable":true,"href":"https:\/\/infecar.es\/en\/wp-json\/wp\/v2\/media\/11590"}],"wp:attachment":[{"href":"https:\/\/infecar.es\/en\/wp-json\/wp\/v2\/media?parent=11593"}],"wp:term":[{"taxonomy":"category","embeddable":true,"href":"https:\/\/infecar.es\/en\/wp-json\/wp\/v2\/categories?post=11593"},{"taxonomy":"post_tag","embeddable":true,"href":"https:\/\/infecar.es\/en\/wp-json\/wp\/v2\/tags?post=11593"}],"curies":[{"name":"wp","href":"https:\/\/api.w.org\/{rel}","templated":true}]}}