

{"id":11559,"date":"2024-07-23T14:18:25","date_gmt":"2024-07-23T14:18:25","guid":{"rendered":"\/en\/news\/"},"modified":"2024-07-23T14:31:32","modified_gmt":"2024-07-23T14:31:32","slug":"infecar-will-move-part-of-its-activity-to-the-aguimes-fairgrounds-during-the-renovation-works","status":"publish","type":"post","link":"\/en\/news\/infecar-will-move-part-of-its-activity-to-the-aguimes-fairgrounds-during-the-renovation-works","title":{"rendered":"Infecar will move part of its activity to the Ag\u00fcimes Fairgrounds during the renovation works"},"content":{"rendered":"<ul>\n<li>The Cabildo of Gran Canaria and the Ag\u00fcimes City Council signed an agreement to guarantee the promotion and encouragement of economic and social development on the island of Gran Canaria<\/li>\n<li>The island&#8217;s president, Antonio Morales, highlights that the agreement aims to &#8220;turn the Ag\u00fcimes venue into a space that can complement the fair activity of Gran Canaria in the southeast of the island&#8221;<\/li>\n<li>The mayor of Ag\u00fcimes, \u00d3scar Hern\u00e1ndez, emphasizes that his municipality offers &#8220;a multifunctional space, with an innovative, modern design, that allows for any type of event and fairs to be held&#8221;<\/li>\n<\/ul>\n<p>Infecar, Feria de Gran Canaria, has already started the process of renewing and transforming the entire venue to make it a competitive, multifunctional, and sustainable space. Fair activities will have to move to other locations on the island next year and during the construction period.<\/p>\n<p>For this reason, the Cabildo of Gran Canaria and the Ag\u00fcimes City Council have reached a collaboration agreement to host part of Infecar&#8217;s activities at the Ag\u00fcimes Fairgrounds, intending to maintain the promotion and encouragement of economic and social development on the island. The president of the Cabildo of Gran Canaria, Antonio Morales, and the mayor of Ag\u00fcimes, \u00d3scar Hern\u00e1ndez, presented this agreement on Tuesday, July 23, at the venue in southeast Gran Canaria.<\/p>\n<p>The president of the Cabildo of Gran Canaria, Antonio Morales, emphasized that the need for the agreement arises from the \u201cmodernization process that Infecar is going to undergo, one of the most important in its history,\u201d just as the Feria de Gran Canaria is \u201cheading towards its 60th anniversary.\u201d He recalled that among other actions included in the Infecar Master Plan, and \u201cwith a regenerative urbanism strategy,\u201d a \u201clarge pavilion as an exhibition space with an area of 7,500 square meters\u201d will be built, which will also become \u201can iconic building in Las Palmas de Gran Canaria and on the island.\u201d He added that the renewal to be carried out at Infecar will make the venue \u201cmore sustainable,\u201d with new waste management and access, and a renewal of its current pavilions and technical facilities.<\/p>\n<p>The president of the island corporation alluded to the \u201cgreat economic impact\u201d that Infecar generates in Gran Canaria.\u201d He explained that this fair activity will have to be moved \u201cin 2025 and during the duration of the construction\u201d to other locations. \u201cThis is the reason that brings us here,\u201d Morales indicated. That is, the signing of the agreement designed for the Ag\u00fcimes fairgrounds, \u201can iconic space,\u201d to develop part of the fair activity that has been held annually at Infecar.\u201d Thus, he pointed out that Ag\u00fcimes has &#8220;everything necessary\u201d to assume this agenda, with a total space of 10,000 square meters for these purposes.<\/p>\n<p>With the agreement with the City Council, Morales observed, the aim is \u201cnot only to allow the realization of an important part of Infecar&#8217;s activity, mainly popular fairs, but also to turn the Ag\u00fcimes venue into a space that can complement the fair activity of Gran Canaria in the southeast of the island.\u201d In this regard, he thanked the municipal collaboration for achieving a \u201chighly positive result for Infecar, for the southeast, and for Gran Canaria.\u201d<\/p>\n<p>On the other hand, \u00d3scar Hern\u00e1ndez, mayor of Ag\u00fcimes, recalled that &#8220;from the beginning, when we proposed this facility, we aimed to have an additional resource for the island of Gran Canaria, not just for the municipality. That was the main objective: to bring life to these facilities, regardless of the administration they belong to.&#8221; Hern\u00e1ndez pointed out that &#8220;there are people who, when events are organized in Las Palmas de Gran Canaria, do not usually travel there. Also for this reason, it is fundamental for us to activate this space.&#8221;<\/p>\n<p>The mayor indicated that the Ag\u00fcimes fairgrounds &#8220;is a multifunctional space, with an innovative, modern design, that allows for any type of event and fairs.\u201d In this vein, he added that &#8220;we have already held primary sector fairs, zero kilometre fairs, children&#8217;s fairs, and musical events.&#8221;<br \/>\nHern\u00e1ndez emphasized that &#8220;the venue serves multiple functions, has services such as parking and access, with easy connection to the rest of the island, via the GC-1. These requirements undoubtedly benefit the willingness of any administration to hold events here.\u201d<br \/>\nFinally, the mayor of the southeastern municipality of Gran Canaria particularly wanted to &#8220;thank the Cabildo of Gran Canaria for this opportunity. Also Antonio Morales, who when he was mayor here designed this work proposal. And to all the Infecar staff, and its director, Natalia Santana.\u201d He stressed that the transfer of part of the fair activity to Ag\u00fcimes &#8220;is important for generating economy and employment, and for showcasing everything we do in the municipality.&#8221;<\/p>\n<p><strong>Infecar, Feria de Gran Canaria<\/strong><\/p>\n<p>With the holding of a dozen fair events a year that generate a significant economic impact on the island of Gran Canaria, especially noticeable in its capital, Infecar constitutes a reference point in the mid-Atlantic for the celebration of economic activity and promotion meetings for the service of companies, institutions, and public organizations, both locally and nationally and internationally.<\/p>\n<p>The upcoming execution of its renovation works will represent a qualitative leap in updating its facilities in Las Palmas de Gran Canaria, providing the necessary scenario for the future growth of a venue and an institution with already consolidated activity.<\/p>\n<p><strong>The Ag\u00fcimes Fairgrounds<\/strong><\/p>\n<p>For its part, the Ag\u00fcimes Fairgrounds is currently fully equipped to carry out activities such as concerts, fairs, and all kinds of commercial, social, and cultural events. The interior space, almost 4,000 square meters, is completely open and versatile, suitable for hosting calls and activities of different types.<\/p>\n<p>The venue is strategically located at the Arinaga Crossroads, very close to the GC-1 highway and the Industrial Zone. It has large parking areas and is surrounded by gardens and green areas, right next to the Urban Park of the Arinaga Crossroads. It also stands out for the use of sustainable technical and architectural solutions, which minimize maintenance tasks and reduce energy consumption, thus contributing to the environment.<\/p>\n<p>Its architectural characteristics, its particular elliptical shape, the quality of the materials used, and its spectacular translucent roof eleven meters high make it a unique building within the urban fabric of the municipality of Ag\u00fcimes.<\/p>\n","protected":false},"excerpt":{"rendered":"<p>The Cabildo of Gran Canaria and the Ag\u00fcimes City Council signed an agreement to guarantee the promotion and encouragement of economic and social development on the island of Gran Canaria The island&#8217;s president, Antonio Morales, highlights that the agreement aims to &#8220;turn the Ag\u00fcimes venue into a space that can complement the fair activity of [&hellip;]<\/p>\n","protected":false},"author":13,"featured_media":11557,"comment_status":"closed","ping_status":"closed","sticky":false,"template":"","format":"standard","meta":{"_acf_changed":false,"om_disable_all_campaigns":false,"_monsterinsights_skip_tracking":false,"_monsterinsights_sitenote_active":false,"_monsterinsights_sitenote_note":"","_monsterinsights_sitenote_category":0,"_uf_show_specific_survey":0,"_uf_disable_surveys":false,"_joinchat":[],"footnotes":""},"categories":[1],"tags":[],"class_list":["post-11559","post","type-post","status-publish","format-standard","has-post-thumbnail","hentry","category-sin-categorizar"],"acf":[],"aioseo_notices":[],"yoast_head":"<!-- This site is optimized with the Yoast SEO plugin v26.7 - https:\/\/yoast.com\/wordpress\/plugins\/seo\/ -->\n<title>Infecar will move part of its activity to the Ag\u00fcimes Fairgrounds during the renovation works - Infecar<\/title>\n<meta name=\"robots\" content=\"index, follow, max-snippet:-1, max-image-preview:large, max-video-preview:-1\" \/>\n<link rel=\"canonical\" href=\"https:\/\/infecar.es\/en\/news\/infecar-will-move-part-of-its-activity-to-the-aguimes-fairgrounds-during-the-renovation-works\/\" \/>\n<meta property=\"og:locale\" content=\"en_US\" \/>\n<meta property=\"og:type\" content=\"article\" \/>\n<meta property=\"og:title\" content=\"Infecar will move part of its activity to the Ag\u00fcimes Fairgrounds during the renovation works - Infecar\" \/>\n<meta property=\"og:description\" content=\"The Cabildo of Gran Canaria and the Ag\u00fcimes City Council signed an agreement to guarantee the promotion and encouragement of economic and social development on the island of Gran Canaria The island&#8217;s president, Antonio Morales, highlights that the agreement aims to &#8220;turn the Ag\u00fcimes venue into a space that can complement the fair activity of [&hellip;]\" \/>\n<meta property=\"og:url\" content=\"\/en\/news\/infecar-will-move-part-of-its-activity-to-the-aguimes-fairgrounds-during-the-renovation-works\/\" \/>\n<meta property=\"og:site_name\" content=\"Infecar\" \/>\n<meta property=\"article:published_time\" content=\"2024-07-23T14:18:25+00:00\" \/>\n<meta property=\"article:modified_time\" content=\"2024-07-23T14:31:32+00:00\" \/>\n<meta property=\"og:image\" content=\"https:\/\/infecar.es\/wp-content\/uploads\/2024\/07\/230724_firma-convenio_infecar_aguimes-50-scaled.jpg\" \/>\n\t<meta property=\"og:image:width\" content=\"2560\" \/>\n\t<meta property=\"og:image:height\" content=\"1706\" \/>\n\t<meta property=\"og:image:type\" content=\"image\/jpeg\" \/>\n<meta name=\"author\" content=\"Patri Jorge\" \/>\n<meta name=\"twitter:card\" content=\"summary_large_image\" \/>\n<meta name=\"twitter:label1\" content=\"Written by\" \/>\n\t<meta name=\"twitter:data1\" content=\"Patri Jorge\" \/>\n\t<meta name=\"twitter:label2\" content=\"Est. reading time\" \/>\n\t<meta name=\"twitter:data2\" content=\"5 minutes\" \/>\n<script type=\"application\/ld+json\" class=\"yoast-schema-graph\">{\"@context\":\"https:\/\/schema.org\",\"@graph\":[{\"@type\":\"Article\",\"@id\":\"https:\/\/infecar.es\/en\/news\/infecar-will-move-part-of-its-activity-to-the-aguimes-fairgrounds-during-the-renovation-works\/#article\",\"isPartOf\":{\"@id\":\"\/en\/news\/infecar-will-move-part-of-its-activity-to-the-aguimes-fairgrounds-during-the-renovation-works\/\"},\"author\":{\"name\":\"Patri Jorge\",\"@id\":\"https:\/\/infecar.es\/#\/schema\/person\/fbd5e695b0598716102dc80aa9b3a941\"},\"headline\":\"Infecar will move part of its activity to the Ag\u00fcimes Fairgrounds during the renovation works\",\"datePublished\":\"2024-07-23T14:18:25+00:00\",\"dateModified\":\"2024-07-23T14:31:32+00:00\",\"mainEntityOfPage\":{\"@id\":\"\/en\/news\/infecar-will-move-part-of-its-activity-to-the-aguimes-fairgrounds-during-the-renovation-works\/\"},\"wordCount\":1068,\"publisher\":{\"@id\":\"https:\/\/infecar.es\/#organization\"},\"image\":{\"@id\":\"https:\/\/infecar.es\/en\/news\/infecar-will-move-part-of-its-activity-to-the-aguimes-fairgrounds-during-the-renovation-works\/#primaryimage\"},\"thumbnailUrl\":\"https:\/\/infecar.es\/wp-content\/uploads\/2024\/07\/230724_firma-convenio_infecar_aguimes-50-scaled.jpg\",\"articleSection\":[\"Sin categorizar\"],\"inLanguage\":\"en-US\"},{\"@type\":\"WebPage\",\"@id\":\"\/en\/news\/infecar-will-move-part-of-its-activity-to-the-aguimes-fairgrounds-during-the-renovation-works\/\",\"url\":\"https:\/\/infecar.es\/en\/news\/infecar-will-move-part-of-its-activity-to-the-aguimes-fairgrounds-during-the-renovation-works\/\",\"name\":\"Infecar will move part of its activity to the Ag\u00fcimes Fairgrounds during the renovation works - Infecar\",\"isPartOf\":{\"@id\":\"https:\/\/infecar.es\/#website\"},\"primaryImageOfPage\":{\"@id\":\"https:\/\/infecar.es\/en\/news\/infecar-will-move-part-of-its-activity-to-the-aguimes-fairgrounds-during-the-renovation-works\/#primaryimage\"},\"image\":{\"@id\":\"https:\/\/infecar.es\/en\/news\/infecar-will-move-part-of-its-activity-to-the-aguimes-fairgrounds-during-the-renovation-works\/#primaryimage\"},\"thumbnailUrl\":\"https:\/\/infecar.es\/wp-content\/uploads\/2024\/07\/230724_firma-convenio_infecar_aguimes-50-scaled.jpg\",\"datePublished\":\"2024-07-23T14:18:25+00:00\",\"dateModified\":\"2024-07-23T14:31:32+00:00\",\"breadcrumb\":{\"@id\":\"https:\/\/infecar.es\/en\/news\/infecar-will-move-part-of-its-activity-to-the-aguimes-fairgrounds-during-the-renovation-works\/#breadcrumb\"},\"inLanguage\":\"en-US\",\"potentialAction\":[{\"@type\":\"ReadAction\",\"target\":[\"https:\/\/infecar.es\/en\/news\/infecar-will-move-part-of-its-activity-to-the-aguimes-fairgrounds-during-the-renovation-works\/\"]}]},{\"@type\":\"ImageObject\",\"inLanguage\":\"en-US\",\"@id\":\"https:\/\/infecar.es\/en\/news\/infecar-will-move-part-of-its-activity-to-the-aguimes-fairgrounds-during-the-renovation-works\/#primaryimage\",\"url\":\"https:\/\/infecar.es\/wp-content\/uploads\/2024\/07\/230724_firma-convenio_infecar_aguimes-50-scaled.jpg\",\"contentUrl\":\"https:\/\/infecar.es\/wp-content\/uploads\/2024\/07\/230724_firma-convenio_infecar_aguimes-50-scaled.jpg\",\"width\":2560,\"height\":1706,\"caption\":\"230724 FIRMA CONVENIA INFECAR-RECINTO FERIAL AGUIMES\"},{\"@type\":\"BreadcrumbList\",\"@id\":\"https:\/\/infecar.es\/en\/news\/infecar-will-move-part-of-its-activity-to-the-aguimes-fairgrounds-during-the-renovation-works\/#breadcrumb\",\"itemListElement\":[{\"@type\":\"ListItem\",\"position\":1,\"name\":\"Portada\",\"item\":\"https:\/\/infecar.es\/en\/\"},{\"@type\":\"ListItem\",\"position\":2,\"name\":\"Infecar will move part of its activity to the Ag\u00fcimes Fairgrounds during the renovation works\"}]},{\"@type\":\"WebSite\",\"@id\":\"https:\/\/infecar.es\/#website\",\"url\":\"https:\/\/infecar.es\/\",\"name\":\"Infecar\",\"description\":\"Feria de Gran Canaria\",\"publisher\":{\"@id\":\"https:\/\/infecar.es\/#organization\"},\"potentialAction\":[{\"@type\":\"SearchAction\",\"target\":{\"@type\":\"EntryPoint\",\"urlTemplate\":\"https:\/\/infecar.es\/?s={search_term_string}\"},\"query-input\":{\"@type\":\"PropertyValueSpecification\",\"valueRequired\":true,\"valueName\":\"search_term_string\"}}],\"inLanguage\":\"en-US\"},{\"@type\":\"Organization\",\"@id\":\"https:\/\/infecar.es\/#organization\",\"name\":\"Infecar\",\"url\":\"https:\/\/infecar.es\/\",\"logo\":{\"@type\":\"ImageObject\",\"inLanguage\":\"en-US\",\"@id\":\"https:\/\/infecar.es\/#\/schema\/logo\/image\/\",\"url\":\"https:\/\/infecar.es\/wp-content\/uploads\/2023\/02\/logo_black.svg\",\"contentUrl\":\"https:\/\/infecar.es\/wp-content\/uploads\/2023\/02\/logo_black.svg\",\"width\":1,\"height\":1,\"caption\":\"Infecar\"},\"image\":{\"@id\":\"https:\/\/infecar.es\/#\/schema\/logo\/image\/\"}},{\"@type\":\"Person\",\"@id\":\"https:\/\/infecar.es\/#\/schema\/person\/fbd5e695b0598716102dc80aa9b3a941\",\"name\":\"Patri Jorge\",\"image\":{\"@type\":\"ImageObject\",\"inLanguage\":\"en-US\",\"@id\":\"https:\/\/infecar.es\/#\/schema\/person\/image\/\",\"url\":\"https:\/\/secure.gravatar.com\/avatar\/b00a32e946d71a33addf814c9cbc2c97182c6cc542f1e19191a97275a495fb74?s=96&d=mm&r=g\",\"contentUrl\":\"https:\/\/secure.gravatar.com\/avatar\/b00a32e946d71a33addf814c9cbc2c97182c6cc542f1e19191a97275a495fb74?s=96&d=mm&r=g\",\"caption\":\"Patri Jorge\"},\"url\":\"https:\/\/infecar.es\/en\/author\/patrijorge\/\"}]}<\/script>\n<!-- \/ Yoast SEO plugin. -->","yoast_head_json":{"title":"Infecar will move part of its activity to the Ag\u00fcimes Fairgrounds during the renovation works - Infecar","robots":{"index":"index","follow":"follow","max-snippet":"max-snippet:-1","max-image-preview":"max-image-preview:large","max-video-preview":"max-video-preview:-1"},"canonical":"https:\/\/infecar.es\/en\/news\/infecar-will-move-part-of-its-activity-to-the-aguimes-fairgrounds-during-the-renovation-works\/","og_locale":"en_US","og_type":"article","og_title":"Infecar will move part of its activity to the Ag\u00fcimes Fairgrounds during the renovation works - Infecar","og_description":"The Cabildo of Gran Canaria and the Ag\u00fcimes City Council signed an agreement to guarantee the promotion and encouragement of economic and social development on the island of Gran Canaria The island&#8217;s president, Antonio Morales, highlights that the agreement aims to &#8220;turn the Ag\u00fcimes venue into a space that can complement the fair activity of [&hellip;]","og_url":"\/en\/news\/infecar-will-move-part-of-its-activity-to-the-aguimes-fairgrounds-during-the-renovation-works\/","og_site_name":"Infecar","article_published_time":"2024-07-23T14:18:25+00:00","article_modified_time":"2024-07-23T14:31:32+00:00","og_image":[{"width":2560,"height":1706,"url":"https:\/\/infecar.es\/wp-content\/uploads\/2024\/07\/230724_firma-convenio_infecar_aguimes-50-scaled.jpg","type":"image\/jpeg"}],"author":"Patri Jorge","twitter_card":"summary_large_image","twitter_misc":{"Written by":"Patri Jorge","Est. reading time":"5 minutes"},"schema":{"@context":"https:\/\/schema.org","@graph":[{"@type":"Article","@id":"https:\/\/infecar.es\/en\/news\/infecar-will-move-part-of-its-activity-to-the-aguimes-fairgrounds-during-the-renovation-works\/#article","isPartOf":{"@id":"\/en\/news\/infecar-will-move-part-of-its-activity-to-the-aguimes-fairgrounds-during-the-renovation-works\/"},"author":{"name":"Patri Jorge","@id":"https:\/\/infecar.es\/#\/schema\/person\/fbd5e695b0598716102dc80aa9b3a941"},"headline":"Infecar will move part of its activity to the Ag\u00fcimes Fairgrounds during the renovation works","datePublished":"2024-07-23T14:18:25+00:00","dateModified":"2024-07-23T14:31:32+00:00","mainEntityOfPage":{"@id":"\/en\/news\/infecar-will-move-part-of-its-activity-to-the-aguimes-fairgrounds-during-the-renovation-works\/"},"wordCount":1068,"publisher":{"@id":"https:\/\/infecar.es\/#organization"},"image":{"@id":"https:\/\/infecar.es\/en\/news\/infecar-will-move-part-of-its-activity-to-the-aguimes-fairgrounds-during-the-renovation-works\/#primaryimage"},"thumbnailUrl":"https:\/\/infecar.es\/wp-content\/uploads\/2024\/07\/230724_firma-convenio_infecar_aguimes-50-scaled.jpg","articleSection":["Sin categorizar"],"inLanguage":"en-US"},{"@type":"WebPage","@id":"\/en\/news\/infecar-will-move-part-of-its-activity-to-the-aguimes-fairgrounds-during-the-renovation-works\/","url":"https:\/\/infecar.es\/en\/news\/infecar-will-move-part-of-its-activity-to-the-aguimes-fairgrounds-during-the-renovation-works\/","name":"Infecar will move part of its activity to the Ag\u00fcimes Fairgrounds during the renovation works - Infecar","isPartOf":{"@id":"https:\/\/infecar.es\/#website"},"primaryImageOfPage":{"@id":"https:\/\/infecar.es\/en\/news\/infecar-will-move-part-of-its-activity-to-the-aguimes-fairgrounds-during-the-renovation-works\/#primaryimage"},"image":{"@id":"https:\/\/infecar.es\/en\/news\/infecar-will-move-part-of-its-activity-to-the-aguimes-fairgrounds-during-the-renovation-works\/#primaryimage"},"thumbnailUrl":"https:\/\/infecar.es\/wp-content\/uploads\/2024\/07\/230724_firma-convenio_infecar_aguimes-50-scaled.jpg","datePublished":"2024-07-23T14:18:25+00:00","dateModified":"2024-07-23T14:31:32+00:00","breadcrumb":{"@id":"https:\/\/infecar.es\/en\/news\/infecar-will-move-part-of-its-activity-to-the-aguimes-fairgrounds-during-the-renovation-works\/#breadcrumb"},"inLanguage":"en-US","potentialAction":[{"@type":"ReadAction","target":["https:\/\/infecar.es\/en\/news\/infecar-will-move-part-of-its-activity-to-the-aguimes-fairgrounds-during-the-renovation-works\/"]}]},{"@type":"ImageObject","inLanguage":"en-US","@id":"https:\/\/infecar.es\/en\/news\/infecar-will-move-part-of-its-activity-to-the-aguimes-fairgrounds-during-the-renovation-works\/#primaryimage","url":"https:\/\/infecar.es\/wp-content\/uploads\/2024\/07\/230724_firma-convenio_infecar_aguimes-50-scaled.jpg","contentUrl":"https:\/\/infecar.es\/wp-content\/uploads\/2024\/07\/230724_firma-convenio_infecar_aguimes-50-scaled.jpg","width":2560,"height":1706,"caption":"230724 FIRMA CONVENIA INFECAR-RECINTO FERIAL AGUIMES"},{"@type":"BreadcrumbList","@id":"https:\/\/infecar.es\/en\/news\/infecar-will-move-part-of-its-activity-to-the-aguimes-fairgrounds-during-the-renovation-works\/#breadcrumb","itemListElement":[{"@type":"ListItem","position":1,"name":"Portada","item":"https:\/\/infecar.es\/en\/"},{"@type":"ListItem","position":2,"name":"Infecar will move part of its activity to the Ag\u00fcimes Fairgrounds during the renovation works"}]},{"@type":"WebSite","@id":"https:\/\/infecar.es\/#website","url":"https:\/\/infecar.es\/","name":"Infecar","description":"Feria de Gran Canaria","publisher":{"@id":"https:\/\/infecar.es\/#organization"},"potentialAction":[{"@type":"SearchAction","target":{"@type":"EntryPoint","urlTemplate":"https:\/\/infecar.es\/?s={search_term_string}"},"query-input":{"@type":"PropertyValueSpecification","valueRequired":true,"valueName":"search_term_string"}}],"inLanguage":"en-US"},{"@type":"Organization","@id":"https:\/\/infecar.es\/#organization","name":"Infecar","url":"https:\/\/infecar.es\/","logo":{"@type":"ImageObject","inLanguage":"en-US","@id":"https:\/\/infecar.es\/#\/schema\/logo\/image\/","url":"https:\/\/infecar.es\/wp-content\/uploads\/2023\/02\/logo_black.svg","contentUrl":"https:\/\/infecar.es\/wp-content\/uploads\/2023\/02\/logo_black.svg","width":1,"height":1,"caption":"Infecar"},"image":{"@id":"https:\/\/infecar.es\/#\/schema\/logo\/image\/"}},{"@type":"Person","@id":"https:\/\/infecar.es\/#\/schema\/person\/fbd5e695b0598716102dc80aa9b3a941","name":"Patri Jorge","image":{"@type":"ImageObject","inLanguage":"en-US","@id":"https:\/\/infecar.es\/#\/schema\/person\/image\/","url":"https:\/\/secure.gravatar.com\/avatar\/b00a32e946d71a33addf814c9cbc2c97182c6cc542f1e19191a97275a495fb74?s=96&d=mm&r=g","contentUrl":"https:\/\/secure.gravatar.com\/avatar\/b00a32e946d71a33addf814c9cbc2c97182c6cc542f1e19191a97275a495fb74?s=96&d=mm&r=g","caption":"Patri Jorge"},"url":"https:\/\/infecar.es\/en\/author\/patrijorge\/"}]}},"_links":{"self":[{"href":"https:\/\/infecar.es\/en\/wp-json\/wp\/v2\/posts\/11559","targetHints":{"allow":["GET"]}}],"collection":[{"href":"https:\/\/infecar.es\/en\/wp-json\/wp\/v2\/posts"}],"about":[{"href":"https:\/\/infecar.es\/en\/wp-json\/wp\/v2\/types\/post"}],"author":[{"embeddable":true,"href":"https:\/\/infecar.es\/en\/wp-json\/wp\/v2\/users\/13"}],"replies":[{"embeddable":true,"href":"https:\/\/infecar.es\/en\/wp-json\/wp\/v2\/comments?post=11559"}],"version-history":[{"count":1,"href":"https:\/\/infecar.es\/en\/wp-json\/wp\/v2\/posts\/11559\/revisions"}],"predecessor-version":[{"id":11560,"href":"https:\/\/infecar.es\/en\/wp-json\/wp\/v2\/posts\/11559\/revisions\/11560"}],"wp:featuredmedia":[{"embeddable":true,"href":"https:\/\/infecar.es\/en\/wp-json\/wp\/v2\/media\/11557"}],"wp:attachment":[{"href":"https:\/\/infecar.es\/en\/wp-json\/wp\/v2\/media?parent=11559"}],"wp:term":[{"taxonomy":"category","embeddable":true,"href":"https:\/\/infecar.es\/en\/wp-json\/wp\/v2\/categories?post=11559"},{"taxonomy":"post_tag","embeddable":true,"href":"https:\/\/infecar.es\/en\/wp-json\/wp\/v2\/tags?post=11559"}],"curies":[{"name":"wp","href":"https:\/\/api.w.org\/{rel}","templated":true}]}}