

{"id":11526,"date":"2024-07-11T21:19:11","date_gmt":"2024-07-11T21:19:11","guid":{"rendered":"\/en\/news\/"},"modified":"2024-07-11T21:20:30","modified_gmt":"2024-07-11T21:20:30","slug":"the-infecar-congress-palace-celebrates-three-decades-as-a-driver-of-the-socio-business-fabric-of-the-island","status":"publish","type":"post","link":"\/en\/news\/the-infecar-congress-palace-celebrates-three-decades-as-a-driver-of-the-socio-business-fabric-of-the-island","title":{"rendered":"The Infecar Congress Palace celebrates three decades as a driver of the socio-business fabric of the island"},"content":{"rendered":"<ul>\n<li>This space has seen an increase in competitiveness and business volume in the last four years, with a 132% growth in the number of events and a 793% increase in visitors.<\/li>\n<\/ul>\n<p>Gran Canaria, July 11, 2024. Thirty years have passed since July 1994, when Infecar complemented its fair activity with a congress palace that reinforced social and economic development for the islands&#8217; society and businesses. Since then, the Gran Canaria Congress Palace at Infecar has witnessed countless events, solidifying its position as a reference space in the sector in the Canary Islands.<\/p>\n<p>This Thursday, July 11, the Canarias Room hosted the celebration of these three decades in an institutional act that brought together much of the island&#8217;s business community and public institutions, suppliers, and clients of the venue.<\/p>\n<p>\u201cThe inauguration on March 15, 1966, of what was officially called the Atlantic Spanish Fair marked the beginning of Infecar&#8217;s history. At that time in Spain, our island was chosen as a commercial showcase for the newly independent African countries during the decade of decolonization of the continent,\u201d recalled the president of the Cabildo of Gran Canaria, Antonio Morales, during his speech.<\/p>\n<p>Morales pointed out that \u201cfrom that first moment, Infecar has been a space for social and economic development for the society and businesses of the islands, strengthening its ties not only with Africa but also with Latin America.\u201d<\/p>\n<p>Since its inauguration in 1994, the Gran Canaria Congress Palace has boosted Infecar&#8217;s activity and currently can accommodate more than 2,000 people. Additionally, its seven rooms are equipped with all the necessary technical means to develop any event, adapting its spaces to offer a personalized experience.<\/p>\n<p>In recent years, the increase in demand for services and spaces for fairs, congresses, business meetings, and exhibitions has made it essential to expand and remodel the venue, thus increasing its growth capacity and competitiveness in the sector.<\/p>\n<p>\u201cThe adaptation of the Gran Canaria Congress Palace&#8217;s facilities at Infecar has increased competitiveness and business volume, which has grown exponentially in recent years. From 2021 to 2024, the number of events has grown by 132% and visitors by 793%,\u201d detailed the president.<\/p>\n<p>The 30th anniversary of the Infecar Congress Palace was also commemorated by the presidents of the Spanish Fair Association (AFE), Xabier Bas\u00e1\u00f1ez, and the Spanish Congress Palaces Association (APCE), Sylvia Andr\u00e9s.<\/p>\n<p>The councillor for Economic Development, Industry, Commerce, and Crafts of the Cabildo of Gran Canaria, Minerva Alonso, thanked the presidents of these associations for their presence \u201cat this very special event for us.\u201d \u201cToday we celebrate that 30 years ago, this venue transitioned from being just a fairground to a multifunctional venue, complementing the development of the fair industry with a congress palace, allowing for the celebration of other types of events,\u201d she pointed out.<\/p>\n<p>Minerva Alonso also highlighted that \u201cthe transformation process we are immersed in at Infecar leads us to think that these 30 years we commemorate today are just the beginning of this story, which has the challenge ahead of continuing to boost the socio-business fabric of our island.\u201d<\/p>\n<p>The commemoration of this 30th anniversary also included a conference by tenor Jos\u00e9 Manuel Zapata on \u2018How to Hit the High Note,\u2019 in which he drew a parallel between the world of opera and business, highlighting arguments to explain how to create a personal brand, adapt to the audience and clients, work as a team, innovate, and understand excellence.<\/p>\n<p>At the end of the institutional act, attendees of this 30th anniversary of the Gran Canaria Congress Palace at Infecar could see firsthand the renovations carried out in all its rooms, improving their accessibility, comfort, sustainability, visibility, and functional requirements.<\/p>\n","protected":false},"excerpt":{"rendered":"<p>This space has seen an increase in competitiveness and business volume in the last four years, with a 132% growth in the number of events and a 793% increase in visitors. Gran Canaria, July 11, 2024. Thirty years have passed since July 1994, when Infecar complemented its fair activity with a congress palace that reinforced [&hellip;]<\/p>\n","protected":false},"author":13,"featured_media":11529,"comment_status":"closed","ping_status":"closed","sticky":false,"template":"","format":"standard","meta":{"_acf_changed":false,"om_disable_all_campaigns":false,"_monsterinsights_skip_tracking":false,"_monsterinsights_sitenote_active":false,"_monsterinsights_sitenote_note":"","_monsterinsights_sitenote_category":0,"_uf_show_specific_survey":0,"_uf_disable_surveys":false,"_joinchat":[],"footnotes":""},"categories":[1],"tags":[],"class_list":["post-11526","post","type-post","status-publish","format-standard","has-post-thumbnail","hentry","category-sin-categorizar"],"acf":[],"aioseo_notices":[],"yoast_head":"<!-- This site is optimized with the Yoast SEO plugin v26.7 - https:\/\/yoast.com\/wordpress\/plugins\/seo\/ -->\n<title>The Infecar Congress Palace celebrates three decades as a driver of the socio-business fabric of the island - Infecar<\/title>\n<meta name=\"robots\" content=\"index, follow, max-snippet:-1, max-image-preview:large, max-video-preview:-1\" \/>\n<link rel=\"canonical\" href=\"https:\/\/infecar.es\/noticias\/the-infecar-congress-palace-celebrates-three-decades-as-a-driver-of-the-socio-business-fabric-of-the-island\/\" \/>\n<meta property=\"og:locale\" content=\"en_US\" \/>\n<meta property=\"og:type\" content=\"article\" \/>\n<meta property=\"og:title\" content=\"The Infecar Congress Palace celebrates three decades as a driver of the socio-business fabric of the island - Infecar\" \/>\n<meta property=\"og:description\" content=\"This space has seen an increase in competitiveness and business volume in the last four years, with a 132% growth in the number of events and a 793% increase in visitors. Gran Canaria, July 11, 2024. Thirty years have passed since July 1994, when Infecar complemented its fair activity with a congress palace that reinforced [&hellip;]\" \/>\n<meta property=\"og:url\" content=\"\/noticias\/the-infecar-congress-palace-celebrates-three-decades-as-a-driver-of-the-socio-business-fabric-of-the-island\/\" \/>\n<meta property=\"og:site_name\" content=\"Infecar\" \/>\n<meta property=\"article:published_time\" content=\"2024-07-11T21:19:11+00:00\" \/>\n<meta property=\"article:modified_time\" content=\"2024-07-11T21:20:30+00:00\" \/>\n<meta property=\"og:image\" content=\"http:\/\/infecar.es\/wp-content\/uploads\/2024\/07\/53850601346_283a9d2420_o.jpg\" \/>\n\t<meta property=\"og:image:width\" content=\"2500\" \/>\n\t<meta property=\"og:image:height\" content=\"1667\" \/>\n\t<meta property=\"og:image:type\" content=\"image\/jpeg\" \/>\n<meta name=\"author\" content=\"Patri Jorge\" \/>\n<meta name=\"twitter:card\" content=\"summary_large_image\" \/>\n<meta name=\"twitter:label1\" content=\"Written by\" \/>\n\t<meta name=\"twitter:data1\" content=\"Patri Jorge\" \/>\n\t<meta name=\"twitter:label2\" content=\"Est. reading time\" \/>\n\t<meta name=\"twitter:data2\" content=\"3 minutes\" \/>\n<script type=\"application\/ld+json\" class=\"yoast-schema-graph\">{\"@context\":\"https:\/\/schema.org\",\"@graph\":[{\"@type\":\"Article\",\"@id\":\"https:\/\/infecar.es\/noticias\/the-infecar-congress-palace-celebrates-three-decades-as-a-driver-of-the-socio-business-fabric-of-the-island\/#article\",\"isPartOf\":{\"@id\":\"\/noticias\/the-infecar-congress-palace-celebrates-three-decades-as-a-driver-of-the-socio-business-fabric-of-the-island\/\"},\"author\":{\"name\":\"Patri Jorge\",\"@id\":\"https:\/\/infecar.es\/#\/schema\/person\/fbd5e695b0598716102dc80aa9b3a941\"},\"headline\":\"The Infecar Congress Palace celebrates three decades as a driver of the socio-business fabric of the island\",\"datePublished\":\"2024-07-11T21:19:11+00:00\",\"dateModified\":\"2024-07-11T21:20:30+00:00\",\"mainEntityOfPage\":{\"@id\":\"\/noticias\/the-infecar-congress-palace-celebrates-three-decades-as-a-driver-of-the-socio-business-fabric-of-the-island\/\"},\"wordCount\":610,\"publisher\":{\"@id\":\"https:\/\/infecar.es\/#organization\"},\"image\":{\"@id\":\"https:\/\/infecar.es\/noticias\/the-infecar-congress-palace-celebrates-three-decades-as-a-driver-of-the-socio-business-fabric-of-the-island\/#primaryimage\"},\"thumbnailUrl\":\"https:\/\/infecar.es\/wp-content\/uploads\/2024\/07\/53850601346_283a9d2420_o.jpg\",\"articleSection\":[\"Sin categorizar\"],\"inLanguage\":\"en-US\"},{\"@type\":\"WebPage\",\"@id\":\"\/noticias\/the-infecar-congress-palace-celebrates-three-decades-as-a-driver-of-the-socio-business-fabric-of-the-island\/\",\"url\":\"https:\/\/infecar.es\/noticias\/the-infecar-congress-palace-celebrates-three-decades-as-a-driver-of-the-socio-business-fabric-of-the-island\/\",\"name\":\"The Infecar Congress Palace celebrates three decades as a driver of the socio-business fabric of the island - Infecar\",\"isPartOf\":{\"@id\":\"https:\/\/infecar.es\/#website\"},\"primaryImageOfPage\":{\"@id\":\"https:\/\/infecar.es\/noticias\/the-infecar-congress-palace-celebrates-three-decades-as-a-driver-of-the-socio-business-fabric-of-the-island\/#primaryimage\"},\"image\":{\"@id\":\"https:\/\/infecar.es\/noticias\/the-infecar-congress-palace-celebrates-three-decades-as-a-driver-of-the-socio-business-fabric-of-the-island\/#primaryimage\"},\"thumbnailUrl\":\"https:\/\/infecar.es\/wp-content\/uploads\/2024\/07\/53850601346_283a9d2420_o.jpg\",\"datePublished\":\"2024-07-11T21:19:11+00:00\",\"dateModified\":\"2024-07-11T21:20:30+00:00\",\"breadcrumb\":{\"@id\":\"https:\/\/infecar.es\/noticias\/the-infecar-congress-palace-celebrates-three-decades-as-a-driver-of-the-socio-business-fabric-of-the-island\/#breadcrumb\"},\"inLanguage\":\"en-US\",\"potentialAction\":[{\"@type\":\"ReadAction\",\"target\":[\"https:\/\/infecar.es\/noticias\/the-infecar-congress-palace-celebrates-three-decades-as-a-driver-of-the-socio-business-fabric-of-the-island\/\"]}]},{\"@type\":\"ImageObject\",\"inLanguage\":\"en-US\",\"@id\":\"https:\/\/infecar.es\/noticias\/the-infecar-congress-palace-celebrates-three-decades-as-a-driver-of-the-socio-business-fabric-of-the-island\/#primaryimage\",\"url\":\"https:\/\/infecar.es\/wp-content\/uploads\/2024\/07\/53850601346_283a9d2420_o.jpg\",\"contentUrl\":\"https:\/\/infecar.es\/wp-content\/uploads\/2024\/07\/53850601346_283a9d2420_o.jpg\",\"width\":2500,\"height\":1667,\"caption\":\"30_aniversario\"},{\"@type\":\"BreadcrumbList\",\"@id\":\"https:\/\/infecar.es\/noticias\/the-infecar-congress-palace-celebrates-three-decades-as-a-driver-of-the-socio-business-fabric-of-the-island\/#breadcrumb\",\"itemListElement\":[{\"@type\":\"ListItem\",\"position\":1,\"name\":\"Portada\",\"item\":\"https:\/\/infecar.es\/en\/\"},{\"@type\":\"ListItem\",\"position\":2,\"name\":\"The Infecar Congress Palace celebrates three decades as a driver of the socio-business fabric of the island\"}]},{\"@type\":\"WebSite\",\"@id\":\"https:\/\/infecar.es\/#website\",\"url\":\"https:\/\/infecar.es\/\",\"name\":\"Infecar\",\"description\":\"Feria de Gran Canaria\",\"publisher\":{\"@id\":\"https:\/\/infecar.es\/#organization\"},\"potentialAction\":[{\"@type\":\"SearchAction\",\"target\":{\"@type\":\"EntryPoint\",\"urlTemplate\":\"https:\/\/infecar.es\/?s={search_term_string}\"},\"query-input\":{\"@type\":\"PropertyValueSpecification\",\"valueRequired\":true,\"valueName\":\"search_term_string\"}}],\"inLanguage\":\"en-US\"},{\"@type\":\"Organization\",\"@id\":\"https:\/\/infecar.es\/#organization\",\"name\":\"Infecar\",\"url\":\"https:\/\/infecar.es\/\",\"logo\":{\"@type\":\"ImageObject\",\"inLanguage\":\"en-US\",\"@id\":\"https:\/\/infecar.es\/#\/schema\/logo\/image\/\",\"url\":\"https:\/\/infecar.es\/wp-content\/uploads\/2023\/02\/logo_black.svg\",\"contentUrl\":\"https:\/\/infecar.es\/wp-content\/uploads\/2023\/02\/logo_black.svg\",\"width\":1,\"height\":1,\"caption\":\"Infecar\"},\"image\":{\"@id\":\"https:\/\/infecar.es\/#\/schema\/logo\/image\/\"}},{\"@type\":\"Person\",\"@id\":\"https:\/\/infecar.es\/#\/schema\/person\/fbd5e695b0598716102dc80aa9b3a941\",\"name\":\"Patri Jorge\",\"image\":{\"@type\":\"ImageObject\",\"inLanguage\":\"en-US\",\"@id\":\"https:\/\/infecar.es\/#\/schema\/person\/image\/\",\"url\":\"https:\/\/secure.gravatar.com\/avatar\/b00a32e946d71a33addf814c9cbc2c97182c6cc542f1e19191a97275a495fb74?s=96&d=mm&r=g\",\"contentUrl\":\"https:\/\/secure.gravatar.com\/avatar\/b00a32e946d71a33addf814c9cbc2c97182c6cc542f1e19191a97275a495fb74?s=96&d=mm&r=g\",\"caption\":\"Patri Jorge\"},\"url\":\"https:\/\/infecar.es\/en\/author\/patrijorge\/\"}]}<\/script>\n<!-- \/ Yoast SEO plugin. -->","yoast_head_json":{"title":"The Infecar Congress Palace celebrates three decades as a driver of the socio-business fabric of the island - Infecar","robots":{"index":"index","follow":"follow","max-snippet":"max-snippet:-1","max-image-preview":"max-image-preview:large","max-video-preview":"max-video-preview:-1"},"canonical":"https:\/\/infecar.es\/noticias\/the-infecar-congress-palace-celebrates-three-decades-as-a-driver-of-the-socio-business-fabric-of-the-island\/","og_locale":"en_US","og_type":"article","og_title":"The Infecar Congress Palace celebrates three decades as a driver of the socio-business fabric of the island - Infecar","og_description":"This space has seen an increase in competitiveness and business volume in the last four years, with a 132% growth in the number of events and a 793% increase in visitors. Gran Canaria, July 11, 2024. Thirty years have passed since July 1994, when Infecar complemented its fair activity with a congress palace that reinforced [&hellip;]","og_url":"\/noticias\/the-infecar-congress-palace-celebrates-three-decades-as-a-driver-of-the-socio-business-fabric-of-the-island\/","og_site_name":"Infecar","article_published_time":"2024-07-11T21:19:11+00:00","article_modified_time":"2024-07-11T21:20:30+00:00","og_image":[{"width":2500,"height":1667,"url":"http:\/\/infecar.es\/wp-content\/uploads\/2024\/07\/53850601346_283a9d2420_o.jpg","type":"image\/jpeg"}],"author":"Patri Jorge","twitter_card":"summary_large_image","twitter_misc":{"Written by":"Patri Jorge","Est. reading time":"3 minutes"},"schema":{"@context":"https:\/\/schema.org","@graph":[{"@type":"Article","@id":"https:\/\/infecar.es\/noticias\/the-infecar-congress-palace-celebrates-three-decades-as-a-driver-of-the-socio-business-fabric-of-the-island\/#article","isPartOf":{"@id":"\/noticias\/the-infecar-congress-palace-celebrates-three-decades-as-a-driver-of-the-socio-business-fabric-of-the-island\/"},"author":{"name":"Patri Jorge","@id":"https:\/\/infecar.es\/#\/schema\/person\/fbd5e695b0598716102dc80aa9b3a941"},"headline":"The Infecar Congress Palace celebrates three decades as a driver of the socio-business fabric of the island","datePublished":"2024-07-11T21:19:11+00:00","dateModified":"2024-07-11T21:20:30+00:00","mainEntityOfPage":{"@id":"\/noticias\/the-infecar-congress-palace-celebrates-three-decades-as-a-driver-of-the-socio-business-fabric-of-the-island\/"},"wordCount":610,"publisher":{"@id":"https:\/\/infecar.es\/#organization"},"image":{"@id":"https:\/\/infecar.es\/noticias\/the-infecar-congress-palace-celebrates-three-decades-as-a-driver-of-the-socio-business-fabric-of-the-island\/#primaryimage"},"thumbnailUrl":"https:\/\/infecar.es\/wp-content\/uploads\/2024\/07\/53850601346_283a9d2420_o.jpg","articleSection":["Sin categorizar"],"inLanguage":"en-US"},{"@type":"WebPage","@id":"\/noticias\/the-infecar-congress-palace-celebrates-three-decades-as-a-driver-of-the-socio-business-fabric-of-the-island\/","url":"https:\/\/infecar.es\/noticias\/the-infecar-congress-palace-celebrates-three-decades-as-a-driver-of-the-socio-business-fabric-of-the-island\/","name":"The Infecar Congress Palace celebrates three decades as a driver of the socio-business fabric of the island - Infecar","isPartOf":{"@id":"https:\/\/infecar.es\/#website"},"primaryImageOfPage":{"@id":"https:\/\/infecar.es\/noticias\/the-infecar-congress-palace-celebrates-three-decades-as-a-driver-of-the-socio-business-fabric-of-the-island\/#primaryimage"},"image":{"@id":"https:\/\/infecar.es\/noticias\/the-infecar-congress-palace-celebrates-three-decades-as-a-driver-of-the-socio-business-fabric-of-the-island\/#primaryimage"},"thumbnailUrl":"https:\/\/infecar.es\/wp-content\/uploads\/2024\/07\/53850601346_283a9d2420_o.jpg","datePublished":"2024-07-11T21:19:11+00:00","dateModified":"2024-07-11T21:20:30+00:00","breadcrumb":{"@id":"https:\/\/infecar.es\/noticias\/the-infecar-congress-palace-celebrates-three-decades-as-a-driver-of-the-socio-business-fabric-of-the-island\/#breadcrumb"},"inLanguage":"en-US","potentialAction":[{"@type":"ReadAction","target":["https:\/\/infecar.es\/noticias\/the-infecar-congress-palace-celebrates-three-decades-as-a-driver-of-the-socio-business-fabric-of-the-island\/"]}]},{"@type":"ImageObject","inLanguage":"en-US","@id":"https:\/\/infecar.es\/noticias\/the-infecar-congress-palace-celebrates-three-decades-as-a-driver-of-the-socio-business-fabric-of-the-island\/#primaryimage","url":"https:\/\/infecar.es\/wp-content\/uploads\/2024\/07\/53850601346_283a9d2420_o.jpg","contentUrl":"https:\/\/infecar.es\/wp-content\/uploads\/2024\/07\/53850601346_283a9d2420_o.jpg","width":2500,"height":1667,"caption":"30_aniversario"},{"@type":"BreadcrumbList","@id":"https:\/\/infecar.es\/noticias\/the-infecar-congress-palace-celebrates-three-decades-as-a-driver-of-the-socio-business-fabric-of-the-island\/#breadcrumb","itemListElement":[{"@type":"ListItem","position":1,"name":"Portada","item":"https:\/\/infecar.es\/en\/"},{"@type":"ListItem","position":2,"name":"The Infecar Congress Palace celebrates three decades as a driver of the socio-business fabric of the island"}]},{"@type":"WebSite","@id":"https:\/\/infecar.es\/#website","url":"https:\/\/infecar.es\/","name":"Infecar","description":"Feria de Gran Canaria","publisher":{"@id":"https:\/\/infecar.es\/#organization"},"potentialAction":[{"@type":"SearchAction","target":{"@type":"EntryPoint","urlTemplate":"https:\/\/infecar.es\/?s={search_term_string}"},"query-input":{"@type":"PropertyValueSpecification","valueRequired":true,"valueName":"search_term_string"}}],"inLanguage":"en-US"},{"@type":"Organization","@id":"https:\/\/infecar.es\/#organization","name":"Infecar","url":"https:\/\/infecar.es\/","logo":{"@type":"ImageObject","inLanguage":"en-US","@id":"https:\/\/infecar.es\/#\/schema\/logo\/image\/","url":"https:\/\/infecar.es\/wp-content\/uploads\/2023\/02\/logo_black.svg","contentUrl":"https:\/\/infecar.es\/wp-content\/uploads\/2023\/02\/logo_black.svg","width":1,"height":1,"caption":"Infecar"},"image":{"@id":"https:\/\/infecar.es\/#\/schema\/logo\/image\/"}},{"@type":"Person","@id":"https:\/\/infecar.es\/#\/schema\/person\/fbd5e695b0598716102dc80aa9b3a941","name":"Patri Jorge","image":{"@type":"ImageObject","inLanguage":"en-US","@id":"https:\/\/infecar.es\/#\/schema\/person\/image\/","url":"https:\/\/secure.gravatar.com\/avatar\/b00a32e946d71a33addf814c9cbc2c97182c6cc542f1e19191a97275a495fb74?s=96&d=mm&r=g","contentUrl":"https:\/\/secure.gravatar.com\/avatar\/b00a32e946d71a33addf814c9cbc2c97182c6cc542f1e19191a97275a495fb74?s=96&d=mm&r=g","caption":"Patri Jorge"},"url":"https:\/\/infecar.es\/en\/author\/patrijorge\/"}]}},"_links":{"self":[{"href":"https:\/\/infecar.es\/en\/wp-json\/wp\/v2\/posts\/11526","targetHints":{"allow":["GET"]}}],"collection":[{"href":"https:\/\/infecar.es\/en\/wp-json\/wp\/v2\/posts"}],"about":[{"href":"https:\/\/infecar.es\/en\/wp-json\/wp\/v2\/types\/post"}],"author":[{"embeddable":true,"href":"https:\/\/infecar.es\/en\/wp-json\/wp\/v2\/users\/13"}],"replies":[{"embeddable":true,"href":"https:\/\/infecar.es\/en\/wp-json\/wp\/v2\/comments?post=11526"}],"version-history":[{"count":1,"href":"https:\/\/infecar.es\/en\/wp-json\/wp\/v2\/posts\/11526\/revisions"}],"predecessor-version":[{"id":11527,"href":"https:\/\/infecar.es\/en\/wp-json\/wp\/v2\/posts\/11526\/revisions\/11527"}],"wp:featuredmedia":[{"embeddable":true,"href":"https:\/\/infecar.es\/en\/wp-json\/wp\/v2\/media\/11529"}],"wp:attachment":[{"href":"https:\/\/infecar.es\/en\/wp-json\/wp\/v2\/media?parent=11526"}],"wp:term":[{"taxonomy":"category","embeddable":true,"href":"https:\/\/infecar.es\/en\/wp-json\/wp\/v2\/categories?post=11526"},{"taxonomy":"post_tag","embeddable":true,"href":"https:\/\/infecar.es\/en\/wp-json\/wp\/v2\/tags?post=11526"}],"curies":[{"name":"wp","href":"https:\/\/api.w.org\/{rel}","templated":true}]}}