

{"id":10626,"date":"2024-02-09T11:21:01","date_gmt":"2024-02-09T11:21:01","guid":{"rendered":"\/noticias\/"},"modified":"2024-02-09T15:53:43","modified_gmt":"2024-02-09T15:53:43","slug":"infecar-galardona-como-tercera-mejor-marca-nacional-en-los-premios-aebrand","status":"publish","type":"post","link":"\/en\/news\/infecar-galardona-como-tercera-mejor-marca-nacional-en-los-premios-aebrand","title":{"rendered":"Infecar, galardonada como tercera mejor marca nacional en los Premios Aebrand"},"content":{"rendered":"<ul>\n<li>El proyecto de Clarel, desarrollado por la agencia Baud, consigui\u00f3 el oro, mientras que LALIGA, de Gr\u00e1vita, obtuvo la plata<\/li>\n<\/ul>\n<p>El reposicionamiento de marca de Infecar se hizo anoche con el tercer premio a nivel nacional en los Premios Aebrand, De esta manera, la Asociaci\u00f3n Espa\u00f1ola de Branding reconoce frente a otros 40 proyectos de su categor\u00eda el trabajo desarrollado por Infecar, Feria de Gran Canaria, de manera conjunta con la agencia Una Hora Menos, y que hace ahora justo un a\u00f1o realiz\u00f3 una transformaci\u00f3n 360\u00ba de su marca.<\/p>\n<p>El acto de entrega de premios, celebrado en el Auditorio Rafael del Pino de Madrid, fue conducido por Cristina Vicedo, presidenta de Aebrand, y Mar Morillas, vicepresidente. Vicedo valor\u00f3 el \u201cbuen nivel\u201d de los proyectos presentados entre todas las categor\u00edas para esta edici\u00f3n y que \u201cponen de relieve el gran trabajo que se est\u00e1 realizando en nuestro pa\u00eds en este sector\u201d.<\/p>\n<p>Natalia Santana, directora general de Infecar, Feria de Gran Canaria, Idaira Santana, responsable de Marketing y Comunicaci\u00f3n del recinto, y Acaymo C\u00e1ceres, director de Una Hora Menos, fueron los encargados de recoger el galard\u00f3n.<\/p>\n<p>Finalmente, el proyecto de Clarel, desarrollado por la agencia Baud, consigui\u00f3 hacerse con el oro, mientras que la renovaci\u00f3n de LALIGA, a cargo de Gr\u00e1vita, obtuvo la plata. El cuarto puesto fue para Europastry de Espluga y Associates.<\/p>\n<p><strong>Impulsamos lo que nos une<\/strong><\/p>\n<p>Infecar present\u00f3 el 16 de febrero del pasado a\u00f1o la renovaci\u00f3n de su imagen y su nueva hoja de ruta como espacio impulsor de negocios, experiencias y conocimiento. Este reposicionamiento ha ido acompa\u00f1ado de un cambio en su denominaci\u00f3n por Infecar Feria de Gran Canaria y un eslogan, <em>Impulsamos lo que nos une<\/em>, que sintetiza el nuevo posicionamiento y establece el punto de partida de la narrativa de marca.<\/p>\n<p>En relaci\u00f3n con la imagen de marca, Infecar muestra un aire m\u00e1s atemporal y con actitud digital, apto para adaptarse a cualquier escala y formato. El punto de la \u201ci\u201d refleja el impulso, el movimiento donde todo ocurre. En cuanto a la gama crom\u00e1tica, los colores principales que visten la nueva identidad visual de Infecar son el blanco y el negro, que consiguen un equilibrio perfecto y son capaces de trasmitir su parte m\u00e1s especialista y elegante, y que se complementan a la perfecci\u00f3n con el verde Infecar, que refleja su lado m\u00e1s en\u00e9rgico y vibrante.<\/p>\n<p>El resultado es una marca en tendencia con impacto local y alcance global, capaz de trascender. Conformada por c\u00f3digos conceptuales, formales, relevantes y aspiracionales. Una propuesta que permite a Infecar ser m\u00e1s competitiva a nivel local y nacional y, en definitiva, todo lo que hac\u00eda falta para convertir a la Feria de Gran Canaria en un espacio impulsor de experiencias.<\/p>\n<p><strong>Sobre Aebrand<\/strong><\/p>\n<p>Aebrand es una asociaci\u00f3n sin \u00e1nimo de lucro que naci\u00f3 en 2010 para presentar, promover, posicionar y defender la actividad del branding y las marcas como disciplina profesional, como activo intangible de enorme valor, como ventaja competitiva, como factor de innovaci\u00f3n y de futuro para las empresas y la econom\u00eda nacional.<\/p>\n<p>Estos Premios Aebrand reconocen la excelencia y las mejores pr\u00e1cticas de branding en Espa\u00f1a e Iberoam\u00e9rica, con un jurado integrado por profesionales de reconocida trayectoria profesional de los \u00e1mbitos empresarial, institucional y acad\u00e9mico.<\/p>\n<p>El palmar\u00e9s completo de esta segunda edici\u00f3n de los Premios Aebrand se puede consultar en este <a href=\"https:\/\/premios.aebrand.org\/conoce-a-los-ganadores-de-los-ii-premios-aebrand\/\">enlace.<\/a><\/p>\n","protected":false},"excerpt":{"rendered":"<p>El proyecto de Clarel, desarrollado por la agencia Baud, consigui\u00f3 el oro, mientras que LALIGA, de Gr\u00e1vita, obtuvo la plata El reposicionamiento de marca de Infecar se hizo anoche con el tercer premio a nivel nacional en los Premios Aebrand, De esta manera, la Asociaci\u00f3n Espa\u00f1ola de Branding reconoce frente a otros 40 proyectos de [&hellip;]<\/p>\n","protected":false},"author":13,"featured_media":10627,"comment_status":"closed","ping_status":"closed","sticky":false,"template":"","format":"standard","meta":{"_acf_changed":false,"om_disable_all_campaigns":false,"_monsterinsights_skip_tracking":false,"_monsterinsights_sitenote_active":false,"_monsterinsights_sitenote_note":"","_monsterinsights_sitenote_category":0,"_uf_show_specific_survey":0,"_uf_disable_surveys":false,"_joinchat":[],"footnotes":""},"categories":[1],"tags":[],"class_list":["post-10626","post","type-post","status-publish","format-standard","has-post-thumbnail","hentry","category-sin-categorizar"],"acf":[],"aioseo_notices":[],"yoast_head":"<!-- This site is optimized with the Yoast SEO plugin v26.7 - https:\/\/yoast.com\/wordpress\/plugins\/seo\/ -->\n<title>Infecar, galardonada como tercera mejor marca nacional en los Premios Aebrand - Infecar<\/title>\n<meta name=\"description\" content=\"El reposicionamiento de marca de Infecar se hizo anoche con el tercer premio a nivel nacional en los Premios Aebrand, De esta manera, la Asociaci\u00f3n Espa\u00f1ola de Branding reconoce frente a otros 40 proyectos de su categor\u00eda el trabajo desarrollado por Infecar, Feria de Gran Canaria, de manera conjunta con la agencia Una Hora Menos, y que hace ahora justo un a\u00f1o realiz\u00f3 una transformaci\u00f3n 360\u00ba de su marca.\" \/>\n<meta name=\"robots\" content=\"index, follow, max-snippet:-1, max-image-preview:large, max-video-preview:-1\" \/>\n<link rel=\"canonical\" href=\"https:\/\/infecar.es\/noticias\/infecar-galardona-como-tercera-mejor-marca-nacional-en-los-premios-aebrand\/\" \/>\n<meta property=\"og:locale\" content=\"en_US\" \/>\n<meta property=\"og:type\" content=\"article\" \/>\n<meta property=\"og:title\" content=\"Infecar, galardonada como tercera mejor marca nacional en los Premios Aebrand - Infecar\" \/>\n<meta property=\"og:description\" content=\"El reposicionamiento de marca de Infecar se hizo anoche con el tercer premio a nivel nacional en los Premios Aebrand, De esta manera, la Asociaci\u00f3n Espa\u00f1ola de Branding reconoce frente a otros 40 proyectos de su categor\u00eda el trabajo desarrollado por Infecar, Feria de Gran Canaria, de manera conjunta con la agencia Una Hora Menos, y que hace ahora justo un a\u00f1o realiz\u00f3 una transformaci\u00f3n 360\u00ba de su marca.\" \/>\n<meta property=\"og:url\" content=\"\/noticias\/infecar-galardona-como-tercera-mejor-marca-nacional-en-los-premios-aebrand\/\" \/>\n<meta property=\"og:site_name\" content=\"Infecar\" \/>\n<meta property=\"article:published_time\" content=\"2024-02-09T11:21:01+00:00\" \/>\n<meta property=\"article:modified_time\" content=\"2024-02-09T15:53:43+00:00\" \/>\n<meta property=\"og:image\" content=\"https:\/\/infecar.es\/wp-content\/uploads\/2024\/02\/AEBRAND_Infecar_Cabildo_Una_Hora-Menos-scaled.jpg\" \/>\n\t<meta property=\"og:image:width\" content=\"2560\" \/>\n\t<meta property=\"og:image:height\" content=\"1705\" \/>\n\t<meta property=\"og:image:type\" content=\"image\/jpeg\" \/>\n<meta name=\"author\" content=\"Patri Jorge\" \/>\n<meta name=\"twitter:card\" content=\"summary_large_image\" \/>\n<meta name=\"twitter:label1\" content=\"Written by\" \/>\n\t<meta name=\"twitter:data1\" content=\"Patri Jorge\" \/>\n\t<meta name=\"twitter:label2\" content=\"Est. reading time\" \/>\n\t<meta name=\"twitter:data2\" content=\"3 minutes\" \/>\n<script type=\"application\/ld+json\" class=\"yoast-schema-graph\">{\"@context\":\"https:\/\/schema.org\",\"@graph\":[{\"@type\":\"Article\",\"@id\":\"https:\/\/infecar.es\/noticias\/infecar-galardona-como-tercera-mejor-marca-nacional-en-los-premios-aebrand\/#article\",\"isPartOf\":{\"@id\":\"\/noticias\/infecar-galardona-como-tercera-mejor-marca-nacional-en-los-premios-aebrand\/\"},\"author\":{\"name\":\"Patri Jorge\",\"@id\":\"https:\/\/infecar.es\/#\/schema\/person\/fbd5e695b0598716102dc80aa9b3a941\"},\"headline\":\"Infecar, galardonada como tercera mejor marca nacional en los Premios Aebrand\",\"datePublished\":\"2024-02-09T11:21:01+00:00\",\"dateModified\":\"2024-02-09T15:53:43+00:00\",\"mainEntityOfPage\":{\"@id\":\"\/noticias\/infecar-galardona-como-tercera-mejor-marca-nacional-en-los-premios-aebrand\/\"},\"wordCount\":599,\"publisher\":{\"@id\":\"https:\/\/infecar.es\/#organization\"},\"image\":{\"@id\":\"https:\/\/infecar.es\/noticias\/infecar-galardona-como-tercera-mejor-marca-nacional-en-los-premios-aebrand\/#primaryimage\"},\"thumbnailUrl\":\"https:\/\/infecar.es\/wp-content\/uploads\/2024\/02\/AEBRAND_Infecar_Cabildo_Una_Hora-Menos-scaled.jpg\",\"articleSection\":[\"Sin categorizar\"],\"inLanguage\":\"en-US\"},{\"@type\":\"WebPage\",\"@id\":\"\/noticias\/infecar-galardona-como-tercera-mejor-marca-nacional-en-los-premios-aebrand\/\",\"url\":\"https:\/\/infecar.es\/noticias\/infecar-galardona-como-tercera-mejor-marca-nacional-en-los-premios-aebrand\/\",\"name\":\"Infecar, galardonada como tercera mejor marca nacional en los Premios Aebrand - Infecar\",\"isPartOf\":{\"@id\":\"https:\/\/infecar.es\/#website\"},\"primaryImageOfPage\":{\"@id\":\"https:\/\/infecar.es\/noticias\/infecar-galardona-como-tercera-mejor-marca-nacional-en-los-premios-aebrand\/#primaryimage\"},\"image\":{\"@id\":\"https:\/\/infecar.es\/noticias\/infecar-galardona-como-tercera-mejor-marca-nacional-en-los-premios-aebrand\/#primaryimage\"},\"thumbnailUrl\":\"https:\/\/infecar.es\/wp-content\/uploads\/2024\/02\/AEBRAND_Infecar_Cabildo_Una_Hora-Menos-scaled.jpg\",\"datePublished\":\"2024-02-09T11:21:01+00:00\",\"dateModified\":\"2024-02-09T15:53:43+00:00\",\"description\":\"El reposicionamiento de marca de Infecar se hizo anoche con el tercer premio a nivel nacional en los Premios Aebrand, De esta manera, la Asociaci\u00f3n Espa\u00f1ola de Branding reconoce frente a otros 40 proyectos de su categor\u00eda el trabajo desarrollado por Infecar, Feria de Gran Canaria, de manera conjunta con la agencia Una Hora Menos, y que hace ahora justo un a\u00f1o realiz\u00f3 una transformaci\u00f3n 360\u00ba de su marca.\",\"breadcrumb\":{\"@id\":\"https:\/\/infecar.es\/noticias\/infecar-galardona-como-tercera-mejor-marca-nacional-en-los-premios-aebrand\/#breadcrumb\"},\"inLanguage\":\"en-US\",\"potentialAction\":[{\"@type\":\"ReadAction\",\"target\":[\"https:\/\/infecar.es\/noticias\/infecar-galardona-como-tercera-mejor-marca-nacional-en-los-premios-aebrand\/\"]}]},{\"@type\":\"ImageObject\",\"inLanguage\":\"en-US\",\"@id\":\"https:\/\/infecar.es\/noticias\/infecar-galardona-como-tercera-mejor-marca-nacional-en-los-premios-aebrand\/#primaryimage\",\"url\":\"https:\/\/infecar.es\/wp-content\/uploads\/2024\/02\/AEBRAND_Infecar_Cabildo_Una_Hora-Menos-scaled.jpg\",\"contentUrl\":\"https:\/\/infecar.es\/wp-content\/uploads\/2024\/02\/AEBRAND_Infecar_Cabildo_Una_Hora-Menos-scaled.jpg\",\"width\":2560,\"height\":1705,\"caption\":\"Premios_AeBrand\"},{\"@type\":\"BreadcrumbList\",\"@id\":\"https:\/\/infecar.es\/noticias\/infecar-galardona-como-tercera-mejor-marca-nacional-en-los-premios-aebrand\/#breadcrumb\",\"itemListElement\":[{\"@type\":\"ListItem\",\"position\":1,\"name\":\"Portada\",\"item\":\"https:\/\/infecar.es\/en\/\"},{\"@type\":\"ListItem\",\"position\":2,\"name\":\"Infecar, galardonada como tercera mejor marca nacional en los Premios Aebrand\"}]},{\"@type\":\"WebSite\",\"@id\":\"https:\/\/infecar.es\/#website\",\"url\":\"https:\/\/infecar.es\/\",\"name\":\"Infecar\",\"description\":\"Feria de Gran Canaria\",\"publisher\":{\"@id\":\"https:\/\/infecar.es\/#organization\"},\"potentialAction\":[{\"@type\":\"SearchAction\",\"target\":{\"@type\":\"EntryPoint\",\"urlTemplate\":\"https:\/\/infecar.es\/?s={search_term_string}\"},\"query-input\":{\"@type\":\"PropertyValueSpecification\",\"valueRequired\":true,\"valueName\":\"search_term_string\"}}],\"inLanguage\":\"en-US\"},{\"@type\":\"Organization\",\"@id\":\"https:\/\/infecar.es\/#organization\",\"name\":\"Infecar\",\"url\":\"https:\/\/infecar.es\/\",\"logo\":{\"@type\":\"ImageObject\",\"inLanguage\":\"en-US\",\"@id\":\"https:\/\/infecar.es\/#\/schema\/logo\/image\/\",\"url\":\"https:\/\/infecar.es\/wp-content\/uploads\/2023\/02\/logo_black.svg\",\"contentUrl\":\"https:\/\/infecar.es\/wp-content\/uploads\/2023\/02\/logo_black.svg\",\"width\":1,\"height\":1,\"caption\":\"Infecar\"},\"image\":{\"@id\":\"https:\/\/infecar.es\/#\/schema\/logo\/image\/\"}},{\"@type\":\"Person\",\"@id\":\"https:\/\/infecar.es\/#\/schema\/person\/fbd5e695b0598716102dc80aa9b3a941\",\"name\":\"Patri Jorge\",\"image\":{\"@type\":\"ImageObject\",\"inLanguage\":\"en-US\",\"@id\":\"https:\/\/infecar.es\/#\/schema\/person\/image\/\",\"url\":\"https:\/\/secure.gravatar.com\/avatar\/b00a32e946d71a33addf814c9cbc2c97182c6cc542f1e19191a97275a495fb74?s=96&d=mm&r=g\",\"contentUrl\":\"https:\/\/secure.gravatar.com\/avatar\/b00a32e946d71a33addf814c9cbc2c97182c6cc542f1e19191a97275a495fb74?s=96&d=mm&r=g\",\"caption\":\"Patri Jorge\"},\"url\":\"https:\/\/infecar.es\/en\/author\/patrijorge\/\"}]}<\/script>\n<!-- \/ Yoast SEO plugin. -->","yoast_head_json":{"title":"Infecar, galardonada como tercera mejor marca nacional en los Premios Aebrand - Infecar","description":"El reposicionamiento de marca de Infecar se hizo anoche con el tercer premio a nivel nacional en los Premios Aebrand, De esta manera, la Asociaci\u00f3n Espa\u00f1ola de Branding reconoce frente a otros 40 proyectos de su categor\u00eda el trabajo desarrollado por Infecar, Feria de Gran Canaria, de manera conjunta con la agencia Una Hora Menos, y que hace ahora justo un a\u00f1o realiz\u00f3 una transformaci\u00f3n 360\u00ba de su marca.","robots":{"index":"index","follow":"follow","max-snippet":"max-snippet:-1","max-image-preview":"max-image-preview:large","max-video-preview":"max-video-preview:-1"},"canonical":"https:\/\/infecar.es\/noticias\/infecar-galardona-como-tercera-mejor-marca-nacional-en-los-premios-aebrand\/","og_locale":"en_US","og_type":"article","og_title":"Infecar, galardonada como tercera mejor marca nacional en los Premios Aebrand - Infecar","og_description":"El reposicionamiento de marca de Infecar se hizo anoche con el tercer premio a nivel nacional en los Premios Aebrand, De esta manera, la Asociaci\u00f3n Espa\u00f1ola de Branding reconoce frente a otros 40 proyectos de su categor\u00eda el trabajo desarrollado por Infecar, Feria de Gran Canaria, de manera conjunta con la agencia Una Hora Menos, y que hace ahora justo un a\u00f1o realiz\u00f3 una transformaci\u00f3n 360\u00ba de su marca.","og_url":"\/noticias\/infecar-galardona-como-tercera-mejor-marca-nacional-en-los-premios-aebrand\/","og_site_name":"Infecar","article_published_time":"2024-02-09T11:21:01+00:00","article_modified_time":"2024-02-09T15:53:43+00:00","og_image":[{"width":2560,"height":1705,"url":"https:\/\/infecar.es\/wp-content\/uploads\/2024\/02\/AEBRAND_Infecar_Cabildo_Una_Hora-Menos-scaled.jpg","type":"image\/jpeg"}],"author":"Patri Jorge","twitter_card":"summary_large_image","twitter_misc":{"Written by":"Patri Jorge","Est. reading time":"3 minutes"},"schema":{"@context":"https:\/\/schema.org","@graph":[{"@type":"Article","@id":"https:\/\/infecar.es\/noticias\/infecar-galardona-como-tercera-mejor-marca-nacional-en-los-premios-aebrand\/#article","isPartOf":{"@id":"\/noticias\/infecar-galardona-como-tercera-mejor-marca-nacional-en-los-premios-aebrand\/"},"author":{"name":"Patri Jorge","@id":"https:\/\/infecar.es\/#\/schema\/person\/fbd5e695b0598716102dc80aa9b3a941"},"headline":"Infecar, galardonada como tercera mejor marca nacional en los Premios Aebrand","datePublished":"2024-02-09T11:21:01+00:00","dateModified":"2024-02-09T15:53:43+00:00","mainEntityOfPage":{"@id":"\/noticias\/infecar-galardona-como-tercera-mejor-marca-nacional-en-los-premios-aebrand\/"},"wordCount":599,"publisher":{"@id":"https:\/\/infecar.es\/#organization"},"image":{"@id":"https:\/\/infecar.es\/noticias\/infecar-galardona-como-tercera-mejor-marca-nacional-en-los-premios-aebrand\/#primaryimage"},"thumbnailUrl":"https:\/\/infecar.es\/wp-content\/uploads\/2024\/02\/AEBRAND_Infecar_Cabildo_Una_Hora-Menos-scaled.jpg","articleSection":["Sin categorizar"],"inLanguage":"en-US"},{"@type":"WebPage","@id":"\/noticias\/infecar-galardona-como-tercera-mejor-marca-nacional-en-los-premios-aebrand\/","url":"https:\/\/infecar.es\/noticias\/infecar-galardona-como-tercera-mejor-marca-nacional-en-los-premios-aebrand\/","name":"Infecar, galardonada como tercera mejor marca nacional en los Premios Aebrand - Infecar","isPartOf":{"@id":"https:\/\/infecar.es\/#website"},"primaryImageOfPage":{"@id":"https:\/\/infecar.es\/noticias\/infecar-galardona-como-tercera-mejor-marca-nacional-en-los-premios-aebrand\/#primaryimage"},"image":{"@id":"https:\/\/infecar.es\/noticias\/infecar-galardona-como-tercera-mejor-marca-nacional-en-los-premios-aebrand\/#primaryimage"},"thumbnailUrl":"https:\/\/infecar.es\/wp-content\/uploads\/2024\/02\/AEBRAND_Infecar_Cabildo_Una_Hora-Menos-scaled.jpg","datePublished":"2024-02-09T11:21:01+00:00","dateModified":"2024-02-09T15:53:43+00:00","description":"El reposicionamiento de marca de Infecar se hizo anoche con el tercer premio a nivel nacional en los Premios Aebrand, De esta manera, la Asociaci\u00f3n Espa\u00f1ola de Branding reconoce frente a otros 40 proyectos de su categor\u00eda el trabajo desarrollado por Infecar, Feria de Gran Canaria, de manera conjunta con la agencia Una Hora Menos, y que hace ahora justo un a\u00f1o realiz\u00f3 una transformaci\u00f3n 360\u00ba de su marca.","breadcrumb":{"@id":"https:\/\/infecar.es\/noticias\/infecar-galardona-como-tercera-mejor-marca-nacional-en-los-premios-aebrand\/#breadcrumb"},"inLanguage":"en-US","potentialAction":[{"@type":"ReadAction","target":["https:\/\/infecar.es\/noticias\/infecar-galardona-como-tercera-mejor-marca-nacional-en-los-premios-aebrand\/"]}]},{"@type":"ImageObject","inLanguage":"en-US","@id":"https:\/\/infecar.es\/noticias\/infecar-galardona-como-tercera-mejor-marca-nacional-en-los-premios-aebrand\/#primaryimage","url":"https:\/\/infecar.es\/wp-content\/uploads\/2024\/02\/AEBRAND_Infecar_Cabildo_Una_Hora-Menos-scaled.jpg","contentUrl":"https:\/\/infecar.es\/wp-content\/uploads\/2024\/02\/AEBRAND_Infecar_Cabildo_Una_Hora-Menos-scaled.jpg","width":2560,"height":1705,"caption":"Premios_AeBrand"},{"@type":"BreadcrumbList","@id":"https:\/\/infecar.es\/noticias\/infecar-galardona-como-tercera-mejor-marca-nacional-en-los-premios-aebrand\/#breadcrumb","itemListElement":[{"@type":"ListItem","position":1,"name":"Portada","item":"https:\/\/infecar.es\/en\/"},{"@type":"ListItem","position":2,"name":"Infecar, galardonada como tercera mejor marca nacional en los Premios Aebrand"}]},{"@type":"WebSite","@id":"https:\/\/infecar.es\/#website","url":"https:\/\/infecar.es\/","name":"Infecar","description":"Feria de Gran Canaria","publisher":{"@id":"https:\/\/infecar.es\/#organization"},"potentialAction":[{"@type":"SearchAction","target":{"@type":"EntryPoint","urlTemplate":"https:\/\/infecar.es\/?s={search_term_string}"},"query-input":{"@type":"PropertyValueSpecification","valueRequired":true,"valueName":"search_term_string"}}],"inLanguage":"en-US"},{"@type":"Organization","@id":"https:\/\/infecar.es\/#organization","name":"Infecar","url":"https:\/\/infecar.es\/","logo":{"@type":"ImageObject","inLanguage":"en-US","@id":"https:\/\/infecar.es\/#\/schema\/logo\/image\/","url":"https:\/\/infecar.es\/wp-content\/uploads\/2023\/02\/logo_black.svg","contentUrl":"https:\/\/infecar.es\/wp-content\/uploads\/2023\/02\/logo_black.svg","width":1,"height":1,"caption":"Infecar"},"image":{"@id":"https:\/\/infecar.es\/#\/schema\/logo\/image\/"}},{"@type":"Person","@id":"https:\/\/infecar.es\/#\/schema\/person\/fbd5e695b0598716102dc80aa9b3a941","name":"Patri Jorge","image":{"@type":"ImageObject","inLanguage":"en-US","@id":"https:\/\/infecar.es\/#\/schema\/person\/image\/","url":"https:\/\/secure.gravatar.com\/avatar\/b00a32e946d71a33addf814c9cbc2c97182c6cc542f1e19191a97275a495fb74?s=96&d=mm&r=g","contentUrl":"https:\/\/secure.gravatar.com\/avatar\/b00a32e946d71a33addf814c9cbc2c97182c6cc542f1e19191a97275a495fb74?s=96&d=mm&r=g","caption":"Patri Jorge"},"url":"https:\/\/infecar.es\/en\/author\/patrijorge\/"}]}},"_links":{"self":[{"href":"https:\/\/infecar.es\/en\/wp-json\/wp\/v2\/posts\/10626","targetHints":{"allow":["GET"]}}],"collection":[{"href":"https:\/\/infecar.es\/en\/wp-json\/wp\/v2\/posts"}],"about":[{"href":"https:\/\/infecar.es\/en\/wp-json\/wp\/v2\/types\/post"}],"author":[{"embeddable":true,"href":"https:\/\/infecar.es\/en\/wp-json\/wp\/v2\/users\/13"}],"replies":[{"embeddable":true,"href":"https:\/\/infecar.es\/en\/wp-json\/wp\/v2\/comments?post=10626"}],"version-history":[{"count":2,"href":"https:\/\/infecar.es\/en\/wp-json\/wp\/v2\/posts\/10626\/revisions"}],"predecessor-version":[{"id":10633,"href":"https:\/\/infecar.es\/en\/wp-json\/wp\/v2\/posts\/10626\/revisions\/10633"}],"wp:featuredmedia":[{"embeddable":true,"href":"https:\/\/infecar.es\/en\/wp-json\/wp\/v2\/media\/10627"}],"wp:attachment":[{"href":"https:\/\/infecar.es\/en\/wp-json\/wp\/v2\/media?parent=10626"}],"wp:term":[{"taxonomy":"category","embeddable":true,"href":"https:\/\/infecar.es\/en\/wp-json\/wp\/v2\/categories?post=10626"},{"taxonomy":"post_tag","embeddable":true,"href":"https:\/\/infecar.es\/en\/wp-json\/wp\/v2\/tags?post=10626"}],"curies":[{"name":"wp","href":"https:\/\/api.w.org\/{rel}","templated":true}]}}