

{"id":8113,"date":"2023-02-01T12:37:36","date_gmt":"2023-02-01T12:37:36","guid":{"rendered":"\/en\/news\/"},"modified":"2023-03-03T11:07:29","modified_gmt":"2023-03-03T11:07:29","slug":"gran-canaria-convention-center-theatrical-carnival-and-musical-stage-for-the-first-month-of-2023","status":"publish","type":"post","link":"\/en\/news\/gran-canaria-convention-center-theatrical-carnival-and-musical-stage-for-the-first-month-of-2023","title":{"rendered":"Gran Canaria Convention Center: theatrical, carnival and musical stage for the first month of 2023"},"content":{"rendered":"<p>Theater, carnival and music have been some of the main protagonists of January at Infecar&#8217;s Gran Canaria Convention Center, which continues its upward trend and foresees a busy 2023.<\/p>\n<p>Thus, the month began with the National Market Presentation, a professional day in which the technical team of Gran Canaria Tourism analyzed the results of the actions carried out during 2022 and presented the forecasts for this year.<\/p>\n<p>We also hosted in the Sala Canarias the play &#8216;M\u00e9nage \u00e0 trois&#8217;, a didactic, funny and spicy show starring the actor Rafa Blanca, the psychologist Patri Psic\u00f3loga and the scientist and popularizer Pere Estupiny\u00e0.<\/p>\n<p>This same stage was chosen by the murga Los Twitty&#8217;s for the Gala presentation of its 25th anniversary, with the participation of La Trova, Gerson Galv\u00e1n and Drag Vulcano, among other artists.<\/p>\n<p>Halfway through the month of January, computer science students and companies from the new technologies sector met at Conecta TIC, a meeting promoted by the Economic Promotion Society of Gran Canaria to generate new job opportunities.<\/p>\n<p>The World Rock Music group gave us an extraordinary tribute to the greatest bands in the history of rock music. The audience enjoyed the music of the official bands of Bryan Adams, The Police, Dire Straits, U2, Guns N&#8217; Roses and AC\/DC.<\/p>\n<p>Many thanks to the companies and institutions that have trusted in the Palacio de Congresos Gran Canaria for the celebration of their events.<\/p>\n<p>We will continue with more activity during the month of February, we are waiting for you!<\/p>\n","protected":false},"excerpt":{"rendered":"<p>Theater, carnival and music have been some of the main protagonists of January at Infecar&#8217;s Gran Canaria Convention Center, which continues its upward trend and foresees a busy 2023. Thus, the month began with the National Market Presentation, a professional day in which the technical team of Gran Canaria Tourism analyzed the results of the [&hellip;]<\/p>\n","protected":false},"author":4,"featured_media":7450,"comment_status":"closed","ping_status":"closed","sticky":false,"template":"","format":"standard","meta":{"_acf_changed":false,"om_disable_all_campaigns":false,"_monsterinsights_skip_tracking":false,"_monsterinsights_sitenote_active":false,"_monsterinsights_sitenote_note":"","_monsterinsights_sitenote_category":0,"_uf_show_specific_survey":0,"_uf_disable_surveys":false,"_joinchat":[],"footnotes":""},"categories":[1],"tags":[53,37,51,38,52],"class_list":["post-8113","post","type-post","status-publish","format-standard","has-post-thumbnail","hentry","category-sin-categorizar","tag-evnets","tag-gran-canaria-en","tag-gran-canaria-convention-center","tag-infecar-en","tag-palacio-de-congresos"],"acf":[],"aioseo_notices":[],"yoast_head":"<!-- This site is optimized with the Yoast SEO plugin v26.7 - https:\/\/yoast.com\/wordpress\/plugins\/seo\/ -->\n<title>Gran Canaria Convention Center: theatrical, carnival and musical stage for the first month of 2023 - Infecar<\/title>\n<meta name=\"robots\" content=\"index, follow, max-snippet:-1, max-image-preview:large, max-video-preview:-1\" \/>\n<link rel=\"canonical\" href=\"http:\/\/infecar.es\/en\/news\/gran-canaria-convention-center-theatrical-carnival-and-musical-stage-for-the-first-month-of-2023\/\" \/>\n<meta property=\"og:locale\" content=\"en_US\" \/>\n<meta property=\"og:type\" content=\"article\" \/>\n<meta property=\"og:title\" content=\"Gran Canaria Convention Center: theatrical, carnival and musical stage for the first month of 2023 - Infecar\" \/>\n<meta property=\"og:description\" content=\"Theater, carnival and music have been some of the main protagonists of January at Infecar&#8217;s Gran Canaria Convention Center, which continues its upward trend and foresees a busy 2023. Thus, the month began with the National Market Presentation, a professional day in which the technical team of Gran Canaria Tourism analyzed the results of the [&hellip;]\" \/>\n<meta property=\"og:url\" content=\"\/en\/news\/gran-canaria-convention-center-theatrical-carnival-and-musical-stage-for-the-first-month-of-2023\/\" \/>\n<meta property=\"og:site_name\" content=\"Infecar\" \/>\n<meta property=\"article:published_time\" content=\"2023-02-01T12:37:36+00:00\" \/>\n<meta property=\"article:modified_time\" content=\"2023-03-03T11:07:29+00:00\" \/>\n<meta property=\"og:image\" content=\"https:\/\/infecar.es\/wp-content\/uploads\/2023\/02\/731a6dc4318cf751dad3c115902032ed_L.jpeg\" \/>\n\t<meta property=\"og:image:width\" content=\"1024\" \/>\n\t<meta property=\"og:image:height\" content=\"807\" \/>\n\t<meta property=\"og:image:type\" content=\"image\/jpeg\" \/>\n<meta name=\"author\" content=\"Ana de Le\u00f3n\" \/>\n<meta name=\"twitter:card\" content=\"summary_large_image\" \/>\n<meta name=\"twitter:label1\" content=\"Written by\" \/>\n\t<meta name=\"twitter:data1\" content=\"Ana de Le\u00f3n\" \/>\n\t<meta name=\"twitter:label2\" content=\"Est. reading time\" \/>\n\t<meta name=\"twitter:data2\" content=\"2 minutes\" \/>\n<script type=\"application\/ld+json\" class=\"yoast-schema-graph\">{\"@context\":\"https:\/\/schema.org\",\"@graph\":[{\"@type\":\"Article\",\"@id\":\"http:\/\/infecar.es\/en\/news\/gran-canaria-convention-center-theatrical-carnival-and-musical-stage-for-the-first-month-of-2023\/#article\",\"isPartOf\":{\"@id\":\"\/en\/news\/gran-canaria-convention-center-theatrical-carnival-and-musical-stage-for-the-first-month-of-2023\/\"},\"author\":{\"name\":\"Ana de Le\u00f3n\",\"@id\":\"https:\/\/infecar.es\/#\/schema\/person\/66fe042ff4fefdd8bf516d36de8db408\"},\"headline\":\"Gran Canaria Convention Center: theatrical, carnival and musical stage for the first month of 2023\",\"datePublished\":\"2023-02-01T12:37:36+00:00\",\"dateModified\":\"2023-03-03T11:07:29+00:00\",\"mainEntityOfPage\":{\"@id\":\"\/en\/news\/gran-canaria-convention-center-theatrical-carnival-and-musical-stage-for-the-first-month-of-2023\/\"},\"wordCount\":265,\"publisher\":{\"@id\":\"https:\/\/infecar.es\/#organization\"},\"image\":{\"@id\":\"http:\/\/infecar.es\/en\/news\/gran-canaria-convention-center-theatrical-carnival-and-musical-stage-for-the-first-month-of-2023\/#primaryimage\"},\"thumbnailUrl\":\"http:\/\/infecar.es\/wp-content\/uploads\/2023\/02\/731a6dc4318cf751dad3c115902032ed_L.jpeg\",\"keywords\":[\"Evnets\",\"Gran Canaria\",\"Gran Canaria Convention Center\",\"Infecar\",\"Palacio de Congresos\"],\"articleSection\":[\"Sin categorizar\"],\"inLanguage\":\"en-US\"},{\"@type\":\"WebPage\",\"@id\":\"\/en\/news\/gran-canaria-convention-center-theatrical-carnival-and-musical-stage-for-the-first-month-of-2023\/\",\"url\":\"http:\/\/infecar.es\/en\/news\/gran-canaria-convention-center-theatrical-carnival-and-musical-stage-for-the-first-month-of-2023\/\",\"name\":\"Gran Canaria Convention Center: theatrical, carnival and musical stage for the first month of 2023 - Infecar\",\"isPartOf\":{\"@id\":\"https:\/\/infecar.es\/#website\"},\"primaryImageOfPage\":{\"@id\":\"http:\/\/infecar.es\/en\/news\/gran-canaria-convention-center-theatrical-carnival-and-musical-stage-for-the-first-month-of-2023\/#primaryimage\"},\"image\":{\"@id\":\"http:\/\/infecar.es\/en\/news\/gran-canaria-convention-center-theatrical-carnival-and-musical-stage-for-the-first-month-of-2023\/#primaryimage\"},\"thumbnailUrl\":\"http:\/\/infecar.es\/wp-content\/uploads\/2023\/02\/731a6dc4318cf751dad3c115902032ed_L.jpeg\",\"datePublished\":\"2023-02-01T12:37:36+00:00\",\"dateModified\":\"2023-03-03T11:07:29+00:00\",\"breadcrumb\":{\"@id\":\"http:\/\/infecar.es\/en\/news\/gran-canaria-convention-center-theatrical-carnival-and-musical-stage-for-the-first-month-of-2023\/#breadcrumb\"},\"inLanguage\":\"en-US\",\"potentialAction\":[{\"@type\":\"ReadAction\",\"target\":[\"http:\/\/infecar.es\/en\/news\/gran-canaria-convention-center-theatrical-carnival-and-musical-stage-for-the-first-month-of-2023\/\"]}]},{\"@type\":\"ImageObject\",\"inLanguage\":\"en-US\",\"@id\":\"http:\/\/infecar.es\/en\/news\/gran-canaria-convention-center-theatrical-carnival-and-musical-stage-for-the-first-month-of-2023\/#primaryimage\",\"url\":\"http:\/\/infecar.es\/wp-content\/uploads\/2023\/02\/731a6dc4318cf751dad3c115902032ed_L.jpeg\",\"contentUrl\":\"http:\/\/infecar.es\/wp-content\/uploads\/2023\/02\/731a6dc4318cf751dad3c115902032ed_L.jpeg\",\"width\":1024,\"height\":807},{\"@type\":\"BreadcrumbList\",\"@id\":\"http:\/\/infecar.es\/en\/news\/gran-canaria-convention-center-theatrical-carnival-and-musical-stage-for-the-first-month-of-2023\/#breadcrumb\",\"itemListElement\":[{\"@type\":\"ListItem\",\"position\":1,\"name\":\"Portada\",\"item\":\"https:\/\/infecar.es\/en\/\"},{\"@type\":\"ListItem\",\"position\":2,\"name\":\"Gran Canaria Convention Center: theatrical, carnival and musical stage for the first month of 2023\"}]},{\"@type\":\"WebSite\",\"@id\":\"https:\/\/infecar.es\/#website\",\"url\":\"https:\/\/infecar.es\/\",\"name\":\"Infecar\",\"description\":\"Feria de Gran Canaria\",\"publisher\":{\"@id\":\"https:\/\/infecar.es\/#organization\"},\"potentialAction\":[{\"@type\":\"SearchAction\",\"target\":{\"@type\":\"EntryPoint\",\"urlTemplate\":\"https:\/\/infecar.es\/?s={search_term_string}\"},\"query-input\":{\"@type\":\"PropertyValueSpecification\",\"valueRequired\":true,\"valueName\":\"search_term_string\"}}],\"inLanguage\":\"en-US\"},{\"@type\":\"Organization\",\"@id\":\"https:\/\/infecar.es\/#organization\",\"name\":\"Infecar\",\"url\":\"https:\/\/infecar.es\/\",\"logo\":{\"@type\":\"ImageObject\",\"inLanguage\":\"en-US\",\"@id\":\"https:\/\/infecar.es\/#\/schema\/logo\/image\/\",\"url\":\"https:\/\/infecar.es\/wp-content\/uploads\/2023\/02\/logo_black.svg\",\"contentUrl\":\"https:\/\/infecar.es\/wp-content\/uploads\/2023\/02\/logo_black.svg\",\"width\":1,\"height\":1,\"caption\":\"Infecar\"},\"image\":{\"@id\":\"https:\/\/infecar.es\/#\/schema\/logo\/image\/\"}},{\"@type\":\"Person\",\"@id\":\"https:\/\/infecar.es\/#\/schema\/person\/66fe042ff4fefdd8bf516d36de8db408\",\"name\":\"Ana de Le\u00f3n\",\"image\":{\"@type\":\"ImageObject\",\"inLanguage\":\"en-US\",\"@id\":\"https:\/\/infecar.es\/#\/schema\/person\/image\/\",\"url\":\"https:\/\/secure.gravatar.com\/avatar\/adab726764ddc22e7ab996c202cc101fe22732b71f5533aaa3c9550603d8aaf4?s=96&d=mm&r=g\",\"contentUrl\":\"https:\/\/secure.gravatar.com\/avatar\/adab726764ddc22e7ab996c202cc101fe22732b71f5533aaa3c9550603d8aaf4?s=96&d=mm&r=g\",\"caption\":\"Ana de Le\u00f3n\"},\"url\":\"http:\/\/infecar.es\/en\/author\/anadeleon\/\"}]}<\/script>\n<!-- \/ Yoast SEO plugin. -->","yoast_head_json":{"title":"Gran Canaria Convention Center: theatrical, carnival and musical stage for the first month of 2023 - Infecar","robots":{"index":"index","follow":"follow","max-snippet":"max-snippet:-1","max-image-preview":"max-image-preview:large","max-video-preview":"max-video-preview:-1"},"canonical":"http:\/\/infecar.es\/en\/news\/gran-canaria-convention-center-theatrical-carnival-and-musical-stage-for-the-first-month-of-2023\/","og_locale":"en_US","og_type":"article","og_title":"Gran Canaria Convention Center: theatrical, carnival and musical stage for the first month of 2023 - Infecar","og_description":"Theater, carnival and music have been some of the main protagonists of January at Infecar&#8217;s Gran Canaria Convention Center, which continues its upward trend and foresees a busy 2023. Thus, the month began with the National Market Presentation, a professional day in which the technical team of Gran Canaria Tourism analyzed the results of the [&hellip;]","og_url":"\/en\/news\/gran-canaria-convention-center-theatrical-carnival-and-musical-stage-for-the-first-month-of-2023\/","og_site_name":"Infecar","article_published_time":"2023-02-01T12:37:36+00:00","article_modified_time":"2023-03-03T11:07:29+00:00","og_image":[{"width":1024,"height":807,"url":"https:\/\/infecar.es\/wp-content\/uploads\/2023\/02\/731a6dc4318cf751dad3c115902032ed_L.jpeg","type":"image\/jpeg"}],"author":"Ana de Le\u00f3n","twitter_card":"summary_large_image","twitter_misc":{"Written by":"Ana de Le\u00f3n","Est. reading time":"2 minutes"},"schema":{"@context":"https:\/\/schema.org","@graph":[{"@type":"Article","@id":"http:\/\/infecar.es\/en\/news\/gran-canaria-convention-center-theatrical-carnival-and-musical-stage-for-the-first-month-of-2023\/#article","isPartOf":{"@id":"\/en\/news\/gran-canaria-convention-center-theatrical-carnival-and-musical-stage-for-the-first-month-of-2023\/"},"author":{"name":"Ana de Le\u00f3n","@id":"https:\/\/infecar.es\/#\/schema\/person\/66fe042ff4fefdd8bf516d36de8db408"},"headline":"Gran Canaria Convention Center: theatrical, carnival and musical stage for the first month of 2023","datePublished":"2023-02-01T12:37:36+00:00","dateModified":"2023-03-03T11:07:29+00:00","mainEntityOfPage":{"@id":"\/en\/news\/gran-canaria-convention-center-theatrical-carnival-and-musical-stage-for-the-first-month-of-2023\/"},"wordCount":265,"publisher":{"@id":"https:\/\/infecar.es\/#organization"},"image":{"@id":"http:\/\/infecar.es\/en\/news\/gran-canaria-convention-center-theatrical-carnival-and-musical-stage-for-the-first-month-of-2023\/#primaryimage"},"thumbnailUrl":"http:\/\/infecar.es\/wp-content\/uploads\/2023\/02\/731a6dc4318cf751dad3c115902032ed_L.jpeg","keywords":["Evnets","Gran Canaria","Gran Canaria Convention Center","Infecar","Palacio de Congresos"],"articleSection":["Sin categorizar"],"inLanguage":"en-US"},{"@type":"WebPage","@id":"\/en\/news\/gran-canaria-convention-center-theatrical-carnival-and-musical-stage-for-the-first-month-of-2023\/","url":"http:\/\/infecar.es\/en\/news\/gran-canaria-convention-center-theatrical-carnival-and-musical-stage-for-the-first-month-of-2023\/","name":"Gran Canaria Convention Center: theatrical, carnival and musical stage for the first month of 2023 - Infecar","isPartOf":{"@id":"https:\/\/infecar.es\/#website"},"primaryImageOfPage":{"@id":"http:\/\/infecar.es\/en\/news\/gran-canaria-convention-center-theatrical-carnival-and-musical-stage-for-the-first-month-of-2023\/#primaryimage"},"image":{"@id":"http:\/\/infecar.es\/en\/news\/gran-canaria-convention-center-theatrical-carnival-and-musical-stage-for-the-first-month-of-2023\/#primaryimage"},"thumbnailUrl":"http:\/\/infecar.es\/wp-content\/uploads\/2023\/02\/731a6dc4318cf751dad3c115902032ed_L.jpeg","datePublished":"2023-02-01T12:37:36+00:00","dateModified":"2023-03-03T11:07:29+00:00","breadcrumb":{"@id":"http:\/\/infecar.es\/en\/news\/gran-canaria-convention-center-theatrical-carnival-and-musical-stage-for-the-first-month-of-2023\/#breadcrumb"},"inLanguage":"en-US","potentialAction":[{"@type":"ReadAction","target":["http:\/\/infecar.es\/en\/news\/gran-canaria-convention-center-theatrical-carnival-and-musical-stage-for-the-first-month-of-2023\/"]}]},{"@type":"ImageObject","inLanguage":"en-US","@id":"http:\/\/infecar.es\/en\/news\/gran-canaria-convention-center-theatrical-carnival-and-musical-stage-for-the-first-month-of-2023\/#primaryimage","url":"http:\/\/infecar.es\/wp-content\/uploads\/2023\/02\/731a6dc4318cf751dad3c115902032ed_L.jpeg","contentUrl":"http:\/\/infecar.es\/wp-content\/uploads\/2023\/02\/731a6dc4318cf751dad3c115902032ed_L.jpeg","width":1024,"height":807},{"@type":"BreadcrumbList","@id":"http:\/\/infecar.es\/en\/news\/gran-canaria-convention-center-theatrical-carnival-and-musical-stage-for-the-first-month-of-2023\/#breadcrumb","itemListElement":[{"@type":"ListItem","position":1,"name":"Portada","item":"https:\/\/infecar.es\/en\/"},{"@type":"ListItem","position":2,"name":"Gran Canaria Convention Center: theatrical, carnival and musical stage for the first month of 2023"}]},{"@type":"WebSite","@id":"https:\/\/infecar.es\/#website","url":"https:\/\/infecar.es\/","name":"Infecar","description":"Feria de Gran Canaria","publisher":{"@id":"https:\/\/infecar.es\/#organization"},"potentialAction":[{"@type":"SearchAction","target":{"@type":"EntryPoint","urlTemplate":"https:\/\/infecar.es\/?s={search_term_string}"},"query-input":{"@type":"PropertyValueSpecification","valueRequired":true,"valueName":"search_term_string"}}],"inLanguage":"en-US"},{"@type":"Organization","@id":"https:\/\/infecar.es\/#organization","name":"Infecar","url":"https:\/\/infecar.es\/","logo":{"@type":"ImageObject","inLanguage":"en-US","@id":"https:\/\/infecar.es\/#\/schema\/logo\/image\/","url":"https:\/\/infecar.es\/wp-content\/uploads\/2023\/02\/logo_black.svg","contentUrl":"https:\/\/infecar.es\/wp-content\/uploads\/2023\/02\/logo_black.svg","width":1,"height":1,"caption":"Infecar"},"image":{"@id":"https:\/\/infecar.es\/#\/schema\/logo\/image\/"}},{"@type":"Person","@id":"https:\/\/infecar.es\/#\/schema\/person\/66fe042ff4fefdd8bf516d36de8db408","name":"Ana de Le\u00f3n","image":{"@type":"ImageObject","inLanguage":"en-US","@id":"https:\/\/infecar.es\/#\/schema\/person\/image\/","url":"https:\/\/secure.gravatar.com\/avatar\/adab726764ddc22e7ab996c202cc101fe22732b71f5533aaa3c9550603d8aaf4?s=96&d=mm&r=g","contentUrl":"https:\/\/secure.gravatar.com\/avatar\/adab726764ddc22e7ab996c202cc101fe22732b71f5533aaa3c9550603d8aaf4?s=96&d=mm&r=g","caption":"Ana de Le\u00f3n"},"url":"http:\/\/infecar.es\/en\/author\/anadeleon\/"}]}},"_links":{"self":[{"href":"http:\/\/infecar.es\/en\/wp-json\/wp\/v2\/posts\/8113","targetHints":{"allow":["GET"]}}],"collection":[{"href":"http:\/\/infecar.es\/en\/wp-json\/wp\/v2\/posts"}],"about":[{"href":"http:\/\/infecar.es\/en\/wp-json\/wp\/v2\/types\/post"}],"author":[{"embeddable":true,"href":"http:\/\/infecar.es\/en\/wp-json\/wp\/v2\/users\/4"}],"replies":[{"embeddable":true,"href":"http:\/\/infecar.es\/en\/wp-json\/wp\/v2\/comments?post=8113"}],"version-history":[{"count":1,"href":"http:\/\/infecar.es\/en\/wp-json\/wp\/v2\/posts\/8113\/revisions"}],"predecessor-version":[{"id":8114,"href":"http:\/\/infecar.es\/en\/wp-json\/wp\/v2\/posts\/8113\/revisions\/8114"}],"wp:featuredmedia":[{"embeddable":true,"href":"http:\/\/infecar.es\/en\/wp-json\/wp\/v2\/media\/7450"}],"wp:attachment":[{"href":"http:\/\/infecar.es\/en\/wp-json\/wp\/v2\/media?parent=8113"}],"wp:term":[{"taxonomy":"category","embeddable":true,"href":"http:\/\/infecar.es\/en\/wp-json\/wp\/v2\/categories?post=8113"},{"taxonomy":"post_tag","embeddable":true,"href":"http:\/\/infecar.es\/en\/wp-json\/wp\/v2\/tags?post=8113"}],"curies":[{"name":"wp","href":"https:\/\/api.w.org\/{rel}","templated":true}]}}